{"id":50674,"date":"2025-03-27T11:49:29","date_gmt":"2025-03-27T10:49:29","guid":{"rendered":"https:\/\/www.alveus.eu\/?p=50674"},"modified":"2025-06-18T08:06:58","modified_gmt":"2025-06-18T07:06:58","slug":"interview-daniel-trenk","status":"publish","type":"post","link":"https:\/\/www.alveus.eu\/de\/blog\/interview-daniel-trenk\/","title":{"rendered":"Die Vision hinter Alveus: ein Interview mit CEO Daniel Trenk"},"content":{"rendered":"\t\t<div data-elementor-type=\"wp-post\" data-elementor-id=\"50674\" class=\"elementor elementor-50674 elementor-50631\" data-elementor-post-type=\"post\">\n\t\t\t\t<div class=\"elementor-element elementor-element-41a2d465 e-con-full e-flex e-con e-parent\" data-id=\"41a2d465\" data-element_type=\"container\" data-e-type=\"container\">\n\t\t\t\t<div class=\"elementor-element elementor-element-19e7ee55 elementor-widget elementor-widget-text-editor\" data-id=\"19e7ee55\" data-element_type=\"widget\" data-e-type=\"widget\" data-widget_type=\"text-editor.default\">\n\t\t\t\t<div class=\"elementor-widget-container\">\n\t\t\t\t\t\t\t\t\t<p>In der Welt des Tees, in der Tradition und Innovation in stetigem Zusammenspiel stehen, hat sich Alveus nicht nur wegen seiner herausragenden Qualit\u00e4t, sondern auch wegen seines Engagements f\u00fcr Nachhaltigkeit, Kundenorientierung und Innovation als f\u00fchrendes Unternehmen positioniert.<\/p><p>Aus bescheidenen Anf\u00e4ngen heraus ist es dem Unternehmen gelungen, den europ\u00e4ischen Teemarkt zu revolutionieren und zum Synonym f\u00fcr Exzellenz und Leidenschaft im Bereich der Teekunst zu werden.<\/p><p>Heute haben wir das Privileg, mit Daniel Trenk, dem Gr\u00fcnder und der treibenden Kraft hinter Alveus, zu sprechen. In diesem Interview erfahren wir mehr \u00fcber seine Vision f\u00fcr die Zukunft des Tees, die Herausforderungen, denen er sich beim Aufbau der Marke stellen musste, und wie Alveus es geschafft hat, in einem so wettbewerbsintensiven Sektor an der Spitze zu bleiben.<\/p><p>Begleiten Sie uns auf dieser Reise durch die Geschichte von Alveus und erfahren Sie aus erster Hand von den Beweggr\u00fcnden und Prinzipien, die das Unternehmen dazu gebracht haben, zum f\u00fchrenden europ\u00e4ischen Premium- und Bioteelieferanten zu werden. <\/p>\t\t\t\t\t\t\t\t<\/div>\n\t\t\t\t<\/div>\n\t\t\t\t<div class=\"elementor-element elementor-element-9464e5a elementor-widget elementor-widget-image\" data-id=\"9464e5a\" data-element_type=\"widget\" data-e-type=\"widget\" data-widget_type=\"image.default\">\n\t\t\t\t<div class=\"elementor-widget-container\">\n\t\t\t\t\t\t\t\t\t\t\t\t\t\t\t<img fetchpriority=\"high\" decoding=\"async\" width=\"900\" height=\"600\" src=\"https:\/\/www.alveus.eu\/wp-content\/uploads\/069-b.jpg\" class=\"attachment-large size-large wp-image-50645\" alt=\"Daniel Trenk\" srcset=\"https:\/\/www.alveus.eu\/wp-content\/uploads\/069-b.jpg 900w, https:\/\/www.alveus.eu\/wp-content\/uploads\/069-b-300x200.jpg 300w, https:\/\/www.alveus.eu\/wp-content\/uploads\/069-b-768x512.jpg 768w\" sizes=\"(max-width: 900px) 100vw, 900px\" \/>\t\t\t\t\t\t\t\t\t\t\t\t\t\t\t<\/div>\n\t\t\t\t<\/div>\n\t\t\t\t<div class=\"elementor-element elementor-element-49a89da1 elementor-widget elementor-widget-text-editor\" data-id=\"49a89da1\" data-element_type=\"widget\" data-e-type=\"widget\" data-widget_type=\"text-editor.default\">\n\t\t\t\t<div class=\"elementor-widget-container\">\n\t\t\t\t\t\t\t\t\t<p><strong>Was hat Sie dazu inspiriert, Alveus zu gr\u00fcnden, und wie kam es zu der Idee, die Teeindustrie zu revolutionieren?<\/strong><\/p><p><em>Ich habe schon immer gerne Tee getrunken und stundenlang in Teel\u00e4den gest\u00f6bert, fasziniert von den vielen Aromen und der gro\u00dfen Vielfalt der Produkte aus praktisch allen Ecken der Welt.<\/em><\/p><p><em>Gerade in den stressigsten Phasen meines Studiums wurde mir bewusst, wie wohltuend eine Tasse Tee sein kann und welche Kraft im Genuss der einzelnen Inhaltsstoffe liegt.<\/em><\/p><p><em>Also begann ich, dieses Produkt zu recherchieren und als Student der internationalen BWL den europ\u00e4ischen Teemarkt genauer zu analysieren.<\/em><\/p><p><em>Ich bekam das Gef\u00fchl, dass man mit diesem wunderbaren Produkt mehr machen k\u00f6nnte: mehr Abwechslung und Kreativit\u00e4t bei den Mischungen, die Verwendung von biologischen und hochwertigeren Zutaten und eine moderne und mutigere Art der Vermarktung dieses gesunden und immer beliebteren Produkts.<\/em><\/p><p><em>Kurzum, ich dachte, dass ein junger, kreativer Unternehmer, der bereit ist, neue Wege zu gehen, dem traditionellen Teehandel gut tun k\u00f6nnte&#8230; Und so wurde die Idee von Alveus geboren.<\/em><\/p>\t\t\t\t\t\t\t\t<\/div>\n\t\t\t\t<\/div>\n\t\t\t\t<div class=\"elementor-element elementor-element-2ed2e77 elementor-widget elementor-widget-text-editor\" data-id=\"2ed2e77\" data-element_type=\"widget\" data-e-type=\"widget\" data-widget_type=\"text-editor.default\">\n\t\t\t\t<div class=\"elementor-widget-container\">\n\t\t\t\t\t\t\t\t\t<p><strong>Was waren die gr\u00f6\u00dften Herausforderungen auf dem Weg zum Erfolg, und wie haben Sie diese gemeistert?<\/strong><\/p><p><em>Als junges Unternehmen mit begrenzten finanziellen Mitteln und einem kleinen Team waren unsere ersten Kunden zun\u00e4chst recht skeptisch, einem unbekannten Unternehmen zu vertrauen.<\/em><\/p><p><em>Am Anfang erforderte es daher viel M\u00fche, \u00dcberzeugungsarbeit und Begeisterung. Aber wir haben unseren Kunden wirklich zugeh\u00f6rt und nicht gez\u00f6gert, gemeinsam mit ihnen neue Tees zu entwickeln, selbst bei kleinen Bestellungen. Wir haben viel von unseren Kunden gelernt, die im Gegenzug unsere Flexibilit\u00e4t zu sch\u00e4tzen wussten.<\/em><\/p><p><em>Au\u00dferdem hat uns die Tatsache, dass wir von Anfang an auf BIO-Produkte gesetzt haben, sehr geholfen, da dieser Aspekt f\u00fcr unsere Kunden immer wichtiger wurde und bei anderen Gro\u00dfh\u00e4ndlern nicht im Vordergrund stand.<\/em><\/p><p><em>Eine weitere Herausforderung war nat\u00fcrlich die Beschaffung der Rohstoffe. Ein Netz von Lieferanten aufzubauen ist nicht einfach, wenn man anfangs nur kleine Mengen abnehmen kann. Auch hier war eine Menge \u00dcberzeugungsarbeit n\u00f6tig.<\/em><\/p>\t\t\t\t\t\t\t\t<\/div>\n\t\t\t\t<\/div>\n\t\t\t\t<div class=\"elementor-element elementor-element-0ad08bb elementor-widget elementor-widget-image\" data-id=\"0ad08bb\" data-element_type=\"widget\" data-e-type=\"widget\" data-widget_type=\"image.default\">\n\t\t\t\t<div class=\"elementor-widget-container\">\n\t\t\t\t\t\t\t\t\t\t\t\t\t\t\t<img decoding=\"async\" width=\"900\" height=\"600\" src=\"https:\/\/www.alveus.eu\/wp-content\/uploads\/069-c.jpg\" class=\"attachment-large size-large wp-image-50640\" alt=\"Daniel Trenk\" srcset=\"https:\/\/www.alveus.eu\/wp-content\/uploads\/069-c.jpg 900w, https:\/\/www.alveus.eu\/wp-content\/uploads\/069-c-300x200.jpg 300w, https:\/\/www.alveus.eu\/wp-content\/uploads\/069-c-768x512.jpg 768w\" sizes=\"(max-width: 900px) 100vw, 900px\" \/>\t\t\t\t\t\t\t\t\t\t\t\t\t\t\t<\/div>\n\t\t\t\t<\/div>\n\t\t\t\t<div class=\"elementor-element elementor-element-3d39017 elementor-widget elementor-widget-text-editor\" data-id=\"3d39017\" data-element_type=\"widget\" data-e-type=\"widget\" data-widget_type=\"text-editor.default\">\n\t\t\t\t<div class=\"elementor-widget-container\">\n\t\t\t\t\t\t\t\t\t<p><strong>Der Teemarkt hat sich in den letzten Jahren stark ver\u00e4ndert. Wie haben Sie diesen Wandel erlebt und wie hat sich Alveus an diese Trends angepasst?<\/strong><\/p><p><em>Die wichtigste Ver\u00e4nderung in den letzten Jahren war der anhaltende Erfolg der Themen BIO und Gesundheit. Tee, insbesondere BIO-Tee, ist zu einem echten Lifestyle-Produkt geworden, und die Verbraucher in ganz Europa sind zunehmend bereit, f\u00fcr Premium-Qualit\u00e4t einen fairen Preis zu zahlen. Das kommt uns zugute.<\/em><\/p><p><em>Dar\u00fcber hinaus erwarten die Verbraucher zunehmend Vielfalt und Innovation, vor allem in Fachgesch\u00e4ften. Sie wollen mit Neuheiten und Nischenprodukten \u00fcberrascht werden und, wenn m\u00f6glich, die Geschichte dahinter kennenlernen. Deshalb haben wir ganz intensiv darauf hingearbeitet, eine unglaubliche Anzahl neuer und innovativer Teesorten auf den Markt zu bringen, und das immer in Premiumqualit\u00e4t.<\/em><\/p>\t\t\t\t\t\t\t\t<\/div>\n\t\t\t\t<\/div>\n\t\t\t\t<div class=\"elementor-element elementor-element-5967272 elementor-widget elementor-widget-text-editor\" data-id=\"5967272\" data-element_type=\"widget\" data-e-type=\"widget\" data-widget_type=\"text-editor.default\">\n\t\t\t\t<div class=\"elementor-widget-container\">\n\t\t\t\t\t\t\t\t\t<p><strong>Alveus ist ein Pionier auf dem Markt f\u00fcr BIO-Tee. Warum, glauben Sie, hat das Unternehmen so viel Erfolg und welche Rolle spielt die Nachhaltigkeit in der Vision von Alveus?<\/strong><\/p><p><em>Neben dem allgemeinen BIO-Boom der letzten 20 Jahre in Europa geht der Trend im Teesektor noch einen Schritt weiter. Teeliebhaber sind eine Gruppe von Verbrauchern, die viel Wert auf Gesundheit und Nachhaltigkeit legen. Sie besuchen ein Teegesch\u00e4ft gew\u00f6hnlich mit der bewussten Absicht, etwas Gesundes zu kaufen und Positives f\u00fcr ihr Wohlbefinden zu tun. In diesem Zusammenhang ist es f\u00fcr die Landwirte praktisch ein Muss, sich f\u00fcr BIO-Produkte zu entscheiden und auf Pestizide zu verzichten.<\/em><\/p><p><em>Einem solchen Kundenstamm sind auch die Bedingungen wichtig, unter denen die Produkte hergestellt werden.<\/em><\/p><p><em>Tee ist zudem ein recht erschwingliches, weil ergiebiges Produkt: Aus 100 g Tee lassen sich eine Menge Tassen zubereiten.<\/em><\/p><p><em>Immer mehr Verbraucher wollen dieses Produkt mit ruhigem Gewissen genie\u00dfen und nehmen daf\u00fcr einen etwas h\u00f6heren Preis in Kauf. Wir sind daher unerm\u00fcdlich bestrebt, mehr und mehr Nachhaltigkeit in unsere Firmenphilosophie zu integrieren.<\/em><\/p>\t\t\t\t\t\t\t\t<\/div>\n\t\t\t\t<\/div>\n\t\t\t\t<div class=\"elementor-element elementor-element-0c66252 elementor-widget elementor-widget-text-editor\" data-id=\"0c66252\" data-element_type=\"widget\" data-e-type=\"widget\" data-widget_type=\"text-editor.default\">\n\t\t\t\t<div class=\"elementor-widget-container\">\n\t\t\t\t\t\t\t\t\t<p><strong>Das Team von Alveus ist entscheidend f\u00fcr den Erfolg des Unternehmens. Wie schaffen Sie eine Unternehmenskultur, die Innovation und Leidenschaft f\u00fcr den Tee beg\u00fcnstigt?<\/strong><\/p><p><em>Um jedes Jahr zahlreiche Tee-Innovationen auf den Markt zu bringen, ist die Zusammenarbeit vieler Menschen aus verschiedenen Abteilungen und Nationalit\u00e4ten unerl\u00e4sslich. Die Entwicklung neuer Tees erfordert eine effiziente Kommunikation und eine gute Organisation innerhalb eines gro\u00dfen Teams.<\/em><\/p><p><em>Zun\u00e4chst einmal m\u00fcssen wir das Kundenfeedback bestm\u00f6glich sammeln und auswerten. Au\u00dferdem h\u00e4ngt die Herstellung neuer Tees in hohem Ma\u00dfe von der Verf\u00fcgbarkeit der Rohstoffe und der Einhaltung gesetzlicher Vorschriften ab. Die Qualit\u00e4t muss langfristig gew\u00e4hrleistet und die Logistik gut organisiert sein.<\/em><\/p><p><em>Im Kern geht es jedoch um Ideen und Kreativit\u00e4t. Um dies zu erreichen, ist es notwendig, Talente zu f\u00f6rdern und flexible Organisationsstrukturen zu schaffen. Letztlich ist Erfolg der beste Indikator, und die besten Ideen kommen oft von Menschen, die neu in der Branche sind, aber eine echte Leidenschaft f\u00fcr die Entwicklung neuer Rezepte haben und in ihrer Freizeit zum Beispiel einfach gerne kochen oder backen.<\/em><\/p>\t\t\t\t\t\t\t\t<\/div>\n\t\t\t\t<\/div>\n\t\t\t\t<div class=\"elementor-element elementor-element-cfbe814 elementor-widget elementor-widget-image\" data-id=\"cfbe814\" data-element_type=\"widget\" data-e-type=\"widget\" data-widget_type=\"image.default\">\n\t\t\t\t<div class=\"elementor-widget-container\">\n\t\t\t\t\t\t\t\t\t\t\t\t\t\t\t<img decoding=\"async\" width=\"900\" height=\"600\" src=\"https:\/\/www.alveus.eu\/wp-content\/uploads\/069-d.jpg\" class=\"attachment-large size-large wp-image-50635\" alt=\"Daniel Trenk\" srcset=\"https:\/\/www.alveus.eu\/wp-content\/uploads\/069-d.jpg 900w, https:\/\/www.alveus.eu\/wp-content\/uploads\/069-d-300x200.jpg 300w, https:\/\/www.alveus.eu\/wp-content\/uploads\/069-d-768x512.jpg 768w\" sizes=\"(max-width: 900px) 100vw, 900px\" \/>\t\t\t\t\t\t\t\t\t\t\t\t\t\t\t<\/div>\n\t\t\t\t<\/div>\n\t\t\t\t<div class=\"elementor-element elementor-element-62e4673a elementor-widget elementor-widget-text-editor\" data-id=\"62e4673a\" data-element_type=\"widget\" data-e-type=\"widget\" data-widget_type=\"text-editor.default\">\n\t\t\t\t<div class=\"elementor-widget-container\">\n\t\t\t\t\t\t\t\t\t<p><strong>Alveus bietet derzeit mehr als 1500 Teesorten an. Was ist das Geheimnis, um ein so umfangreiches Angebot aufrechtzuerhalten und gleichzeitig eine hohe Qualit\u00e4t der einzelnen Tees zu gew\u00e4hrleisten?<\/strong><\/p><p><em>Die Tatsache, dass 1.500 Teesorten vorproduziert und umgehend lieferbar sind, mag manchen verr\u00fcckt erscheinen, aber es war ein Entwicklungsprozess, der sich im Laufe der Zeit als gro\u00dfer Erfolg erwiesen hat. Mit einer Exportquote von \u00fcber 85 % und Lieferungen in mehr als 70 L\u00e4nder auf der ganzen Welt ist eine gro\u00dfe Auswahl definitiv ein Vorteil.<\/em><\/p><p><em>Jedes Land bzw. jeder Teemarkt hat seine eigenen Bed\u00fcrfnisse und Traditionen, und wir bem\u00fchen uns, die meisten von ihnen abzudecken. Auf diese Weise haben Kunden in aller Welt die M\u00f6glichkeit, Tees zu probieren, die urspr\u00fcnglich f\u00fcr andere L\u00e4nder kreiert wurden und die oft auch auf ihren eigenen M\u00e4rkten erfolgreich sind.<\/em><\/p><p><em>Die Herausforderung, f\u00fcr so viele L\u00e4nder zu produzieren, motiviert und inspiriert uns, und wir sind stolz darauf, weiterhin Tees zu entwickeln, die dann in verschiedenen Teilen der Welt erfolgreich sind. Schlie\u00dflich ist es auch von Vorteil, dass Alveus inzwischen eine Gr\u00f6\u00dfe erreicht hat, die es erlaubt, eine gro\u00dfe Vielfalt an Tees in optimalen Mengen zu mischen und immer frisch zu liefern.<\/em><\/p>\t\t\t\t\t\t\t\t<\/div>\n\t\t\t\t<\/div>\n\t\t\t\t<div class=\"elementor-element elementor-element-2e504d9 elementor-widget elementor-widget-text-editor\" data-id=\"2e504d9\" data-element_type=\"widget\" data-e-type=\"widget\" data-widget_type=\"text-editor.default\">\n\t\t\t\t<div class=\"elementor-widget-container\">\n\t\t\t\t\t\t\t\t\t<p><strong>Mit welchen Trends k\u00f6nnen wir in den n\u00e4chsten Jahren auf dem Teemarkt rechnen?<\/strong><\/p><p><em>Die Vorhersage von Trends ist immer schwierig. In der Welt des Tees gehen die Ver\u00e4nderungen jedoch eher schrittweise vonstatten, und ich glaube, dass sich viele der aktuellen Trends weiterentwickeln werden. Tees sollten noch ges\u00fcnder sein und die spezifischen Vorteile noch klarer dargelegt werden.<\/em><\/p><p><em>Die Verbraucher suchen zunehmend nach Nischenprodukten mit einer spannenden Geschichte und gleichzeitig Transparenz. Sie wollen genau wissen, wer einen Tee hergestellt hat, unter welchen Bedingungen und mit welcher Motivation. Handelt es sich um einen innovativen und zukunftsweisenden Tee? Kommt er aus einem exotischen Land? Kann ich mit dem Kauf dieses Tees einen guten Zweck unterst\u00fctzen und etwas Positives tun? Gibt es eine M\u00f6glichkeit, klare Informationen \u00fcber seine Herkunft zu erhalten? Kann ich meinem Teelieferanten vertrauen und jederzeit Fragen stellen?<\/em><\/p>\t\t\t\t\t\t\t\t<\/div>\n\t\t\t\t<\/div>\n\t\t<div class=\"elementor-element elementor-element-5047ebf e-flex e-con-boxed e-con e-child\" data-id=\"5047ebf\" data-element_type=\"container\" data-e-type=\"container\" data-settings=\"{&quot;background_background&quot;:&quot;classic&quot;}\">\n\t\t\t\t\t<div class=\"e-con-inner\">\n\t\t\t\t<div class=\"elementor-element elementor-element-3f8f8cc elementor-widget__width-initial elementor-widget-mobile__width-inherit elementor-view-default elementor-widget elementor-widget-icon\" data-id=\"3f8f8cc\" data-element_type=\"widget\" data-e-type=\"widget\" data-widget_type=\"icon.default\">\n\t\t\t\t<div class=\"elementor-widget-container\">\n\t\t\t\t\t\t\t<div class=\"elementor-icon-wrapper\">\n\t\t\t<div class=\"elementor-icon\">\n\t\t\t<svg xmlns=\"http:\/\/www.w3.org\/2000\/svg\" id=\"Layer_2\" data-name=\"Layer 2\" viewBox=\"0 0 192 192\"><defs><style> .cls-1 { fill: none; } .cls-2 { fill: #1d1d1b; } <\/style><\/defs><g id=\"medida\"><g><rect class=\"cls-1\" width=\"192\" height=\"192\"><\/rect><g><path class=\"cls-2\" d=\"M50.98,81.76h-15.81c-1.93,0-3.5,1.57-3.5,3.5s1.57,3.5,3.5,3.5h15.81c1.93,0,3.5-1.57,3.5-3.5s-1.57-3.5-3.5-3.5Z\"><\/path><path class=\"cls-2\" d=\"M64.9,53.79c1.37-1.37,1.37-3.58,0-4.95l-10.12-10.12c-1.37-1.37-3.58-1.37-4.95,0-1.37,1.37-1.37,3.58,0,4.95l10.12,10.12c.68,.68,1.58,1.03,2.47,1.03s1.79-.34,2.47-1.03Z\"><\/path><path class=\"cls-2\" d=\"M145.27,38.72c-1.37-1.37-3.58-1.37-4.95,0l-10.12,10.12c-1.37,1.37-1.37,3.58,0,4.95,.68,.68,1.58,1.03,2.47,1.03s1.79-.34,2.47-1.03l10.12-10.12c1.37-1.37,1.37-3.58,0-4.95Z\"><\/path><path class=\"cls-2\" d=\"M97.75,42c1.93,0,3.5-1.57,3.5-3.5v-14.15c0-1.93-1.57-3.5-3.5-3.5s-3.5,1.57-3.5,3.5v14.15c0,1.93,1.57,3.5,3.5,3.5Z\"><\/path><path class=\"cls-2\" d=\"M156.83,81.76h-14.03c-1.93,0-3.5,1.57-3.5,3.5s1.57,3.5,3.5,3.5h14.03c1.93,0,3.5-1.57,3.5-3.5s-1.57-3.5-3.5-3.5Z\"><\/path><path class=\"cls-2\" d=\"M97.75,48.42c-19.84,0-35.98,16.14-35.98,35.98,0,5.06,.99,9.78,3.03,14.44,.96,2.2,2.35,4.65,3.82,7.25,2.14,3.78,4.57,8.07,5.66,11.69,5.01,16.67,2.59,32.29,2.56,32.45l-.05,.56c0,11.22,9.13,20.36,20.36,20.36s20.36-9.13,20.36-20.36l-.04-.56c-.01-.09-.83-5.44-.21-13.48,.08-.29,.13-.58,.13-.89,0-.1-.02-.19-.03-.29,.48-5.16,1.55-11.3,3.76-17.81,1.37-4.04,4.12-8.95,6.55-13.28,1.09-1.95,2.12-3.79,2.96-5.44,2.75-5.36,3.12-10.41,3.12-14.64,0-19.84-16.14-35.98-35.98-35.98Zm12.3,90.94c-.16,4.07,0,7.32,.19,9.41h-26.18c.21-2.1,.44-5.36,.39-9.41h25.6Zm-12.91,24.79c-5.6,0-10.4-3.48-12.38-8.38h24.76c-1.98,4.9-6.78,8.38-12.38,8.38Zm27.24-68.3c-.79,1.54-1.79,3.32-2.84,5.21-2.57,4.6-5.49,9.8-7.07,14.45-2.06,6.07-3.23,11.82-3.85,16.86h-9.68c.34-.54,.54-1.17,.54-1.86v-19.97c5.79-1.55,10.07-6.82,10.07-13.1,0-1.93-1.57-3.5-3.5-3.5s-3.5,1.57-3.5,3.5c0,3.62-2.95,6.57-6.57,6.57s-6.57-2.95-6.57-6.57c0-1.93-1.57-3.5-3.5-3.5s-3.5,1.57-3.5,3.5c0,6.27,4.28,11.55,10.07,13.1v19.97c0,.68,.2,1.32,.54,1.86h-10.93c-.44-5.05-1.37-10.74-3.14-16.6-1.31-4.37-3.95-9.02-6.27-13.12-1.38-2.44-2.68-4.74-3.5-6.6-1.64-3.76-2.44-7.56-2.44-11.64,0-15.98,13-28.98,28.98-28.98s28.98,13,28.98,28.98c0,4.87-.68,8.19-2.35,11.45Z\"><\/path><\/g><\/g><\/g><\/svg>\t\t\t<\/div>\n\t\t<\/div>\n\t\t\t\t\t\t<\/div>\n\t\t\t\t<\/div>\n\t\t\t\t<div class=\"elementor-element elementor-element-ec4e110 elementor-widget__width-inherit elementor-widget elementor-widget-heading\" data-id=\"ec4e110\" data-element_type=\"widget\" data-e-type=\"widget\" data-widget_type=\"heading.default\">\n\t\t\t\t<div class=\"elementor-widget-container\">\n\t\t\t\t\t<span class=\"elementor-heading-title elementor-size-default\">Qualit\u00e4t wird auch in Zukunft der entscheidende Faktor sein, um sich von einem Markt der Masse, des Mittelma\u00dfes und der niedrigen Margen abzuheben. Es wird immer mehr Geld in echte Qualit\u00e4tsprodukte investiert werden.<\/span>\t\t\t\t<\/div>\n\t\t\t\t<\/div>\n\t\t\t\t\t<\/div>\n\t\t\t\t<\/div>\n\t\t\t\t<div class=\"elementor-element elementor-element-3b1f382 elementor-widget elementor-widget-text-editor\" data-id=\"3b1f382\" data-element_type=\"widget\" data-e-type=\"widget\" data-widget_type=\"text-editor.default\">\n\t\t\t\t<div class=\"elementor-widget-container\">\n\t\t\t\t\t\t\t\t\t<p><strong>Welchen Rat w\u00fcrden Sie den Tee-Unternehmern geben, die dieses Interview lesen, um weiter zu wachsen und sich auf dem Markt zu differenzieren?<\/strong><\/p><p><em>Eine schwierige Frage, aber ich werde versuchen, sie zu beantworten.<\/em><\/p><p><em>Ich denke, das Wichtigste ist, gut positioniert zu sein, um die Frage klar beantworten zu k\u00f6nnen, warum Sie anders sind und was Ihr einzigartiges Wertversprechen in Ihrem Markt und Ihrer Region ist. Nur so k\u00f6nnen Sie Interesse wecken, eine Marke aufbauen und angemessene Preise festlegen.<\/em><\/p><p><em>Wie in vielen anderen Bereichen gibt es auch auf dem Teemarkt bereits gute Anbieter. Wir sind jedoch \u00fcberzeugt, dass&#8230;<\/em> <\/p>\t\t\t\t\t\t\t\t<\/div>\n\t\t\t\t<\/div>\n\t\t<div class=\"elementor-element elementor-element-0e8887f e-flex e-con-boxed e-con e-child\" data-id=\"0e8887f\" data-element_type=\"container\" data-e-type=\"container\" data-settings=\"{&quot;background_background&quot;:&quot;classic&quot;}\">\n\t\t\t\t\t<div class=\"e-con-inner\">\n\t\t\t\t<div class=\"elementor-element elementor-element-e2dc7e5 elementor-widget__width-initial elementor-widget-mobile__width-inherit elementor-view-default elementor-widget elementor-widget-icon\" data-id=\"e2dc7e5\" data-element_type=\"widget\" data-e-type=\"widget\" data-widget_type=\"icon.default\">\n\t\t\t\t<div class=\"elementor-widget-container\">\n\t\t\t\t\t\t\t<div class=\"elementor-icon-wrapper\">\n\t\t\t<div class=\"elementor-icon\">\n\t\t\t<svg xmlns=\"http:\/\/www.w3.org\/2000\/svg\" id=\"Layer_2\" data-name=\"Layer 2\" viewBox=\"0 0 192 192\"><defs><style> .cls-1 { fill: none; } .cls-2 { fill: #1d1d1b; } <\/style><\/defs><g id=\"medida\"><g><rect class=\"cls-1\" width=\"192\" height=\"192\"><\/rect><g><path class=\"cls-2\" d=\"M50.98,81.76h-15.81c-1.93,0-3.5,1.57-3.5,3.5s1.57,3.5,3.5,3.5h15.81c1.93,0,3.5-1.57,3.5-3.5s-1.57-3.5-3.5-3.5Z\"><\/path><path class=\"cls-2\" d=\"M64.9,53.79c1.37-1.37,1.37-3.58,0-4.95l-10.12-10.12c-1.37-1.37-3.58-1.37-4.95,0-1.37,1.37-1.37,3.58,0,4.95l10.12,10.12c.68,.68,1.58,1.03,2.47,1.03s1.79-.34,2.47-1.03Z\"><\/path><path class=\"cls-2\" d=\"M145.27,38.72c-1.37-1.37-3.58-1.37-4.95,0l-10.12,10.12c-1.37,1.37-1.37,3.58,0,4.95,.68,.68,1.58,1.03,2.47,1.03s1.79-.34,2.47-1.03l10.12-10.12c1.37-1.37,1.37-3.58,0-4.95Z\"><\/path><path class=\"cls-2\" d=\"M97.75,42c1.93,0,3.5-1.57,3.5-3.5v-14.15c0-1.93-1.57-3.5-3.5-3.5s-3.5,1.57-3.5,3.5v14.15c0,1.93,1.57,3.5,3.5,3.5Z\"><\/path><path class=\"cls-2\" d=\"M156.83,81.76h-14.03c-1.93,0-3.5,1.57-3.5,3.5s1.57,3.5,3.5,3.5h14.03c1.93,0,3.5-1.57,3.5-3.5s-1.57-3.5-3.5-3.5Z\"><\/path><path class=\"cls-2\" d=\"M97.75,48.42c-19.84,0-35.98,16.14-35.98,35.98,0,5.06,.99,9.78,3.03,14.44,.96,2.2,2.35,4.65,3.82,7.25,2.14,3.78,4.57,8.07,5.66,11.69,5.01,16.67,2.59,32.29,2.56,32.45l-.05,.56c0,11.22,9.13,20.36,20.36,20.36s20.36-9.13,20.36-20.36l-.04-.56c-.01-.09-.83-5.44-.21-13.48,.08-.29,.13-.58,.13-.89,0-.1-.02-.19-.03-.29,.48-5.16,1.55-11.3,3.76-17.81,1.37-4.04,4.12-8.95,6.55-13.28,1.09-1.95,2.12-3.79,2.96-5.44,2.75-5.36,3.12-10.41,3.12-14.64,0-19.84-16.14-35.98-35.98-35.98Zm12.3,90.94c-.16,4.07,0,7.32,.19,9.41h-26.18c.21-2.1,.44-5.36,.39-9.41h25.6Zm-12.91,24.79c-5.6,0-10.4-3.48-12.38-8.38h24.76c-1.98,4.9-6.78,8.38-12.38,8.38Zm27.24-68.3c-.79,1.54-1.79,3.32-2.84,5.21-2.57,4.6-5.49,9.8-7.07,14.45-2.06,6.07-3.23,11.82-3.85,16.86h-9.68c.34-.54,.54-1.17,.54-1.86v-19.97c5.79-1.55,10.07-6.82,10.07-13.1,0-1.93-1.57-3.5-3.5-3.5s-3.5,1.57-3.5,3.5c0,3.62-2.95,6.57-6.57,6.57s-6.57-2.95-6.57-6.57c0-1.93-1.57-3.5-3.5-3.5s-3.5,1.57-3.5,3.5c0,6.27,4.28,11.55,10.07,13.1v19.97c0,.68,.2,1.32,.54,1.86h-10.93c-.44-5.05-1.37-10.74-3.14-16.6-1.31-4.37-3.95-9.02-6.27-13.12-1.38-2.44-2.68-4.74-3.5-6.6-1.64-3.76-2.44-7.56-2.44-11.64,0-15.98,13-28.98,28.98-28.98s28.98,13,28.98,28.98c0,4.87-.68,8.19-2.35,11.45Z\"><\/path><\/g><\/g><\/g><\/svg>\t\t\t<\/div>\n\t\t<\/div>\n\t\t\t\t\t\t<\/div>\n\t\t\t\t<\/div>\n\t\t\t\t<div class=\"elementor-element elementor-element-9b6800e elementor-widget__width-inherit elementor-widget elementor-widget-heading\" data-id=\"9b6800e\" data-element_type=\"widget\" data-e-type=\"widget\" data-widget_type=\"heading.default\">\n\t\t\t\t<div class=\"elementor-widget-container\">\n\t\t\t\t\t<span class=\"elementor-heading-title elementor-size-default\">...ein sorgf\u00e4ltig zusammengestelltes Sortiment, solides Marketing und kompromisslose Premium-Qualit\u00e4t immer neue Chancen er\u00f6ffnen und den Erfolg nahezu vorprogrammieren.<\/span>\t\t\t\t<\/div>\n\t\t\t\t<\/div>\n\t\t\t\t\t<\/div>\n\t\t\t\t<\/div>\n\t\t\t\t<div class=\"elementor-element elementor-element-49737d2 elementor-widget elementor-widget-text-editor\" data-id=\"49737d2\" data-element_type=\"widget\" data-e-type=\"widget\" data-widget_type=\"text-editor.default\">\n\t\t\t\t<div class=\"elementor-widget-container\">\n\t\t\t\t\t\t\t\t\t<p><em>Dar\u00fcber hinaus ist digitales Fachwissen ein gro\u00dfer Vorteil. Heutzutage gibt es unz\u00e4hlige M\u00f6glichkeiten, ein gutes Produkt mit einer \u00fcberzeugenden Geschichte und einer treffenden Marketingstrategie \u00fcber digitale Kan\u00e4le zu vermarkten.<\/em><\/p>\t\t\t\t\t\t\t\t<\/div>\n\t\t\t\t<\/div>\n\t\t\t\t<\/div>\n\t\t\t\t<\/div>\n\t\t","protected":false},"excerpt":{"rendered":"<p>Zwischen Tradition und Innovation: Die Reise von Alveus in der Welt des Premium-Tees.<\/p>\n","protected":false},"author":11,"featured_media":50650,"comment_status":"open","ping_status":"open","sticky":false,"template":"","format":"standard","meta":{"_acf_changed":false,"footnotes":""},"categories":[109],"tags":[],"class_list":["post-50674","post","type-post","status-publish","format-standard","has-post-thumbnail","hentry","category-teefachhandel"],"acf":[],"yoast_head":"<!-- This site is optimized with the Yoast SEO Premium plugin v27.4 (Yoast SEO v27.4) - https:\/\/yoast.com\/product\/yoast-seo-premium-wordpress\/ -->\n<title>Alveus Vision: ein Interview mit CEO Daniel Trenk | Alveus<\/title>\n<meta name=\"description\" content=\"Entdecken Sie in diesem Gespr\u00e4ch, das wir mit CEO Daniel Trenk gef\u00fchrt haben, die Vision und treibende Kraft hinter Alveus.\" \/>\n<meta name=\"robots\" content=\"index, follow, max-snippet:-1, max-image-preview:large, max-video-preview:-1\" \/>\n<link rel=\"canonical\" href=\"https:\/\/www.alveus.eu\/de\/blog\/interview-daniel-trenk\/\" \/>\n<meta property=\"og:locale\" content=\"de_DE\" \/>\n<meta property=\"og:type\" content=\"article\" \/>\n<meta property=\"og:title\" content=\"Die Vision hinter Alveus: ein Interview mit CEO Daniel Trenk\" \/>\n<meta property=\"og:description\" content=\"Entdecken Sie in diesem Gespr\u00e4ch, das wir mit CEO Daniel Trenk gef\u00fchrt haben, die Vision und treibende Kraft hinter Alveus.\" \/>\n<meta property=\"og:url\" content=\"https:\/\/www.alveus.eu\/de\/blog\/interview-daniel-trenk\/\" \/>\n<meta property=\"og:site_name\" content=\"Alveus\" \/>\n<meta property=\"article:publisher\" content=\"https:\/\/www.facebook.com\/alveusinternational\/\" \/>\n<meta property=\"article:published_time\" content=\"2025-03-27T10:49:29+00:00\" \/>\n<meta property=\"article:modified_time\" content=\"2025-06-18T07:06:58+00:00\" \/>\n<meta property=\"og:image\" content=\"https:\/\/www.alveus.eu\/wp-content\/uploads\/069-a.jpg\" \/>\n\t<meta property=\"og:image:width\" content=\"900\" \/>\n\t<meta property=\"og:image:height\" content=\"600\" \/>\n\t<meta property=\"og:image:type\" content=\"image\/jpeg\" \/>\n<meta name=\"author\" content=\"Alveus Blog Team\" \/>\n<meta name=\"twitter:card\" content=\"summary_large_image\" \/>\n<meta name=\"twitter:label1\" content=\"Verfasst von\" \/>\n\t<meta name=\"twitter:data1\" content=\"Alveus Blog Team\" \/>\n\t<meta name=\"twitter:label2\" content=\"Gesch\u00e4tzte Lesezeit\" \/>\n\t<meta name=\"twitter:data2\" content=\"8\u00a0Minuten\" \/>\n<script type=\"application\/ld+json\" class=\"yoast-schema-graph\">{\"@context\":\"https:\\\/\\\/schema.org\",\"@graph\":[{\"@type\":\"Article\",\"@id\":\"https:\\\/\\\/www.alveus.eu\\\/de\\\/blog\\\/interview-daniel-trenk\\\/#article\",\"isPartOf\":{\"@id\":\"https:\\\/\\\/www.alveus.eu\\\/de\\\/blog\\\/interview-daniel-trenk\\\/\"},\"author\":{\"name\":\"Alveus Blog Team\",\"@id\":\"https:\\\/\\\/www.alveus.eu\\\/de#\\\/schema\\\/person\\\/6864b22051c6c128b3c72edaeac35855\"},\"headline\":\"Die Vision hinter Alveus: ein Interview mit CEO Daniel Trenk\",\"datePublished\":\"2025-03-27T10:49:29+00:00\",\"dateModified\":\"2025-06-18T07:06:58+00:00\",\"mainEntityOfPage\":{\"@id\":\"https:\\\/\\\/www.alveus.eu\\\/de\\\/blog\\\/interview-daniel-trenk\\\/\"},\"wordCount\":1547,\"commentCount\":0,\"publisher\":{\"@id\":\"https:\\\/\\\/www.alveus.eu\\\/de#organization\"},\"image\":{\"@id\":\"https:\\\/\\\/www.alveus.eu\\\/de\\\/blog\\\/interview-daniel-trenk\\\/#primaryimage\"},\"thumbnailUrl\":\"https:\\\/\\\/www.alveus.eu\\\/wp-content\\\/uploads\\\/069-a.jpg\",\"articleSection\":[\"Teefachhandel\"],\"inLanguage\":\"de\",\"potentialAction\":[{\"@type\":\"CommentAction\",\"name\":\"Comment\",\"target\":[\"https:\\\/\\\/www.alveus.eu\\\/de\\\/blog\\\/interview-daniel-trenk\\\/#respond\"]}]},{\"@type\":\"WebPage\",\"@id\":\"https:\\\/\\\/www.alveus.eu\\\/de\\\/blog\\\/interview-daniel-trenk\\\/\",\"url\":\"https:\\\/\\\/www.alveus.eu\\\/de\\\/blog\\\/interview-daniel-trenk\\\/\",\"name\":\"Alveus Vision: ein Interview mit CEO Daniel Trenk | Alveus\",\"isPartOf\":{\"@id\":\"https:\\\/\\\/www.alveus.eu\\\/de#website\"},\"primaryImageOfPage\":{\"@id\":\"https:\\\/\\\/www.alveus.eu\\\/de\\\/blog\\\/interview-daniel-trenk\\\/#primaryimage\"},\"image\":{\"@id\":\"https:\\\/\\\/www.alveus.eu\\\/de\\\/blog\\\/interview-daniel-trenk\\\/#primaryimage\"},\"thumbnailUrl\":\"https:\\\/\\\/www.alveus.eu\\\/wp-content\\\/uploads\\\/069-a.jpg\",\"datePublished\":\"2025-03-27T10:49:29+00:00\",\"dateModified\":\"2025-06-18T07:06:58+00:00\",\"description\":\"Entdecken Sie in diesem Gespr\u00e4ch, das wir mit CEO Daniel Trenk gef\u00fchrt haben, die Vision und treibende Kraft hinter Alveus.\",\"breadcrumb\":{\"@id\":\"https:\\\/\\\/www.alveus.eu\\\/de\\\/blog\\\/interview-daniel-trenk\\\/#breadcrumb\"},\"inLanguage\":\"de\",\"potentialAction\":[{\"@type\":\"ReadAction\",\"target\":[\"https:\\\/\\\/www.alveus.eu\\\/de\\\/blog\\\/interview-daniel-trenk\\\/\"]}]},{\"@type\":\"ImageObject\",\"inLanguage\":\"de\",\"@id\":\"https:\\\/\\\/www.alveus.eu\\\/de\\\/blog\\\/interview-daniel-trenk\\\/#primaryimage\",\"url\":\"https:\\\/\\\/www.alveus.eu\\\/wp-content\\\/uploads\\\/069-a.jpg\",\"contentUrl\":\"https:\\\/\\\/www.alveus.eu\\\/wp-content\\\/uploads\\\/069-a.jpg\",\"width\":900,\"height\":600,\"caption\":\"Daniel Trenk\"},{\"@type\":\"BreadcrumbList\",\"@id\":\"https:\\\/\\\/www.alveus.eu\\\/de\\\/blog\\\/interview-daniel-trenk\\\/#breadcrumb\",\"itemListElement\":[{\"@type\":\"ListItem\",\"position\":1,\"name\":\"Home\",\"item\":\"https:\\\/\\\/www.alveus.eu\\\/de\"},{\"@type\":\"ListItem\",\"position\":2,\"name\":\"Teefachhandel\",\"item\":\"https:\\\/\\\/www.alveus.eu\\\/de\\\/blog\\\/category\\\/teefachhandel\\\/\"},{\"@type\":\"ListItem\",\"position\":3,\"name\":\"Die Vision hinter Alveus: ein Interview mit CEO Daniel Trenk\"}]},{\"@type\":\"WebSite\",\"@id\":\"https:\\\/\\\/www.alveus.eu\\\/de#website\",\"url\":\"https:\\\/\\\/www.alveus.eu\\\/de\",\"name\":\"Alveus\",\"description\":\"\",\"publisher\":{\"@id\":\"https:\\\/\\\/www.alveus.eu\\\/de#organization\"},\"potentialAction\":[{\"@type\":\"SearchAction\",\"target\":{\"@type\":\"EntryPoint\",\"urlTemplate\":\"https:\\\/\\\/www.alveus.eu\\\/de?s={search_term_string}\"},\"query-input\":{\"@type\":\"PropertyValueSpecification\",\"valueRequired\":true,\"valueName\":\"search_term_string\"}}],\"inLanguage\":\"de\"},{\"@type\":\"Organization\",\"@id\":\"https:\\\/\\\/www.alveus.eu\\\/de#organization\",\"name\":\"Alveus\",\"alternateName\":\"Alveus Premium Teas\",\"url\":\"https:\\\/\\\/www.alveus.eu\\\/de\",\"logo\":{\"@type\":\"ImageObject\",\"inLanguage\":\"de\",\"@id\":\"https:\\\/\\\/www.alveus.eu\\\/de#\\\/schema\\\/logo\\\/image\\\/\",\"url\":\"https:\\\/\\\/www.alveus.eu\\\/wp-content\\\/uploads\\\/2023\\\/07\\\/alveus-logo-primary.png\",\"contentUrl\":\"https:\\\/\\\/www.alveus.eu\\\/wp-content\\\/uploads\\\/2023\\\/07\\\/alveus-logo-primary.png\",\"width\":248,\"height\":248,\"caption\":\"Alveus\"},\"image\":{\"@id\":\"https:\\\/\\\/www.alveus.eu\\\/de#\\\/schema\\\/logo\\\/image\\\/\"},\"sameAs\":[\"https:\\\/\\\/www.facebook.com\\\/alveusinternational\\\/\",\"https:\\\/\\\/www.instagram.com\\\/alveustea\\\/\",\"https:\\\/\\\/de.linkedin.com\\\/company\\\/alveustea\"]},{\"@type\":\"Person\",\"@id\":\"https:\\\/\\\/www.alveus.eu\\\/de#\\\/schema\\\/person\\\/6864b22051c6c128b3c72edaeac35855\",\"name\":\"Alveus Blog Team\",\"image\":{\"@type\":\"ImageObject\",\"inLanguage\":\"de\",\"@id\":\"https:\\\/\\\/secure.gravatar.com\\\/avatar\\\/f951c832a9809c8d01d2ce4fa8bb10716ac4997c3cf93244fa19413f7d28b08e?s=96&d=mm&r=g\",\"url\":\"https:\\\/\\\/secure.gravatar.com\\\/avatar\\\/f951c832a9809c8d01d2ce4fa8bb10716ac4997c3cf93244fa19413f7d28b08e?s=96&d=mm&r=g\",\"contentUrl\":\"https:\\\/\\\/secure.gravatar.com\\\/avatar\\\/f951c832a9809c8d01d2ce4fa8bb10716ac4997c3cf93244fa19413f7d28b08e?s=96&d=mm&r=g\",\"caption\":\"Alveus Blog Team\"},\"description\":\"Editorial team formed by tea professionals from different countries. We are driven by our passion for tea and the dissemination of its culture.\",\"sameAs\":[\"https:\\\/\\\/www.alveus.eu\\\/\"]}]}<\/script>\n<!-- \/ Yoast SEO Premium plugin. -->","yoast_head_json":{"title":"Alveus Vision: ein Interview mit CEO Daniel Trenk | Alveus","description":"Entdecken Sie in diesem Gespr\u00e4ch, das wir mit CEO Daniel Trenk gef\u00fchrt haben, die Vision und treibende Kraft hinter Alveus.","robots":{"index":"index","follow":"follow","max-snippet":"max-snippet:-1","max-image-preview":"max-image-preview:large","max-video-preview":"max-video-preview:-1"},"canonical":"https:\/\/www.alveus.eu\/de\/blog\/interview-daniel-trenk\/","og_locale":"de_DE","og_type":"article","og_title":"Die Vision hinter Alveus: ein Interview mit CEO Daniel Trenk","og_description":"Entdecken Sie in diesem Gespr\u00e4ch, das wir mit CEO Daniel Trenk gef\u00fchrt haben, die Vision und treibende Kraft hinter Alveus.","og_url":"https:\/\/www.alveus.eu\/de\/blog\/interview-daniel-trenk\/","og_site_name":"Alveus","article_publisher":"https:\/\/www.facebook.com\/alveusinternational\/","article_published_time":"2025-03-27T10:49:29+00:00","article_modified_time":"2025-06-18T07:06:58+00:00","og_image":[{"width":900,"height":600,"url":"https:\/\/www.alveus.eu\/wp-content\/uploads\/069-a.jpg","type":"image\/jpeg"}],"author":"Alveus Blog Team","twitter_card":"summary_large_image","twitter_misc":{"Verfasst von":"Alveus Blog Team","Gesch\u00e4tzte Lesezeit":"8\u00a0Minuten"},"schema":{"@context":"https:\/\/schema.org","@graph":[{"@type":"Article","@id":"https:\/\/www.alveus.eu\/de\/blog\/interview-daniel-trenk\/#article","isPartOf":{"@id":"https:\/\/www.alveus.eu\/de\/blog\/interview-daniel-trenk\/"},"author":{"name":"Alveus Blog Team","@id":"https:\/\/www.alveus.eu\/de#\/schema\/person\/6864b22051c6c128b3c72edaeac35855"},"headline":"Die Vision hinter Alveus: ein Interview mit CEO Daniel Trenk","datePublished":"2025-03-27T10:49:29+00:00","dateModified":"2025-06-18T07:06:58+00:00","mainEntityOfPage":{"@id":"https:\/\/www.alveus.eu\/de\/blog\/interview-daniel-trenk\/"},"wordCount":1547,"commentCount":0,"publisher":{"@id":"https:\/\/www.alveus.eu\/de#organization"},"image":{"@id":"https:\/\/www.alveus.eu\/de\/blog\/interview-daniel-trenk\/#primaryimage"},"thumbnailUrl":"https:\/\/www.alveus.eu\/wp-content\/uploads\/069-a.jpg","articleSection":["Teefachhandel"],"inLanguage":"de","potentialAction":[{"@type":"CommentAction","name":"Comment","target":["https:\/\/www.alveus.eu\/de\/blog\/interview-daniel-trenk\/#respond"]}]},{"@type":"WebPage","@id":"https:\/\/www.alveus.eu\/de\/blog\/interview-daniel-trenk\/","url":"https:\/\/www.alveus.eu\/de\/blog\/interview-daniel-trenk\/","name":"Alveus Vision: ein Interview mit CEO Daniel Trenk | Alveus","isPartOf":{"@id":"https:\/\/www.alveus.eu\/de#website"},"primaryImageOfPage":{"@id":"https:\/\/www.alveus.eu\/de\/blog\/interview-daniel-trenk\/#primaryimage"},"image":{"@id":"https:\/\/www.alveus.eu\/de\/blog\/interview-daniel-trenk\/#primaryimage"},"thumbnailUrl":"https:\/\/www.alveus.eu\/wp-content\/uploads\/069-a.jpg","datePublished":"2025-03-27T10:49:29+00:00","dateModified":"2025-06-18T07:06:58+00:00","description":"Entdecken Sie in diesem Gespr\u00e4ch, das wir mit CEO Daniel Trenk gef\u00fchrt haben, die Vision und treibende Kraft hinter Alveus.","breadcrumb":{"@id":"https:\/\/www.alveus.eu\/de\/blog\/interview-daniel-trenk\/#breadcrumb"},"inLanguage":"de","potentialAction":[{"@type":"ReadAction","target":["https:\/\/www.alveus.eu\/de\/blog\/interview-daniel-trenk\/"]}]},{"@type":"ImageObject","inLanguage":"de","@id":"https:\/\/www.alveus.eu\/de\/blog\/interview-daniel-trenk\/#primaryimage","url":"https:\/\/www.alveus.eu\/wp-content\/uploads\/069-a.jpg","contentUrl":"https:\/\/www.alveus.eu\/wp-content\/uploads\/069-a.jpg","width":900,"height":600,"caption":"Daniel Trenk"},{"@type":"BreadcrumbList","@id":"https:\/\/www.alveus.eu\/de\/blog\/interview-daniel-trenk\/#breadcrumb","itemListElement":[{"@type":"ListItem","position":1,"name":"Home","item":"https:\/\/www.alveus.eu\/de"},{"@type":"ListItem","position":2,"name":"Teefachhandel","item":"https:\/\/www.alveus.eu\/de\/blog\/category\/teefachhandel\/"},{"@type":"ListItem","position":3,"name":"Die Vision hinter Alveus: ein Interview mit CEO Daniel Trenk"}]},{"@type":"WebSite","@id":"https:\/\/www.alveus.eu\/de#website","url":"https:\/\/www.alveus.eu\/de","name":"Alveus","description":"","publisher":{"@id":"https:\/\/www.alveus.eu\/de#organization"},"potentialAction":[{"@type":"SearchAction","target":{"@type":"EntryPoint","urlTemplate":"https:\/\/www.alveus.eu\/de?s={search_term_string}"},"query-input":{"@type":"PropertyValueSpecification","valueRequired":true,"valueName":"search_term_string"}}],"inLanguage":"de"},{"@type":"Organization","@id":"https:\/\/www.alveus.eu\/de#organization","name":"Alveus","alternateName":"Alveus Premium Teas","url":"https:\/\/www.alveus.eu\/de","logo":{"@type":"ImageObject","inLanguage":"de","@id":"https:\/\/www.alveus.eu\/de#\/schema\/logo\/image\/","url":"https:\/\/www.alveus.eu\/wp-content\/uploads\/2023\/07\/alveus-logo-primary.png","contentUrl":"https:\/\/www.alveus.eu\/wp-content\/uploads\/2023\/07\/alveus-logo-primary.png","width":248,"height":248,"caption":"Alveus"},"image":{"@id":"https:\/\/www.alveus.eu\/de#\/schema\/logo\/image\/"},"sameAs":["https:\/\/www.facebook.com\/alveusinternational\/","https:\/\/www.instagram.com\/alveustea\/","https:\/\/de.linkedin.com\/company\/alveustea"]},{"@type":"Person","@id":"https:\/\/www.alveus.eu\/de#\/schema\/person\/6864b22051c6c128b3c72edaeac35855","name":"Alveus Blog Team","image":{"@type":"ImageObject","inLanguage":"de","@id":"https:\/\/secure.gravatar.com\/avatar\/f951c832a9809c8d01d2ce4fa8bb10716ac4997c3cf93244fa19413f7d28b08e?s=96&d=mm&r=g","url":"https:\/\/secure.gravatar.com\/avatar\/f951c832a9809c8d01d2ce4fa8bb10716ac4997c3cf93244fa19413f7d28b08e?s=96&d=mm&r=g","contentUrl":"https:\/\/secure.gravatar.com\/avatar\/f951c832a9809c8d01d2ce4fa8bb10716ac4997c3cf93244fa19413f7d28b08e?s=96&d=mm&r=g","caption":"Alveus Blog Team"},"description":"Editorial team formed by tea professionals from different countries. We are driven by our passion for tea and the dissemination of its culture.","sameAs":["https:\/\/www.alveus.eu\/"]}]}},"_links":{"self":[{"href":"https:\/\/www.alveus.eu\/de\/wp-json\/wp\/v2\/posts\/50674","targetHints":{"allow":["GET"]}}],"collection":[{"href":"https:\/\/www.alveus.eu\/de\/wp-json\/wp\/v2\/posts"}],"about":[{"href":"https:\/\/www.alveus.eu\/de\/wp-json\/wp\/v2\/types\/post"}],"author":[{"embeddable":true,"href":"https:\/\/www.alveus.eu\/de\/wp-json\/wp\/v2\/users\/11"}],"replies":[{"embeddable":true,"href":"https:\/\/www.alveus.eu\/de\/wp-json\/wp\/v2\/comments?post=50674"}],"version-history":[{"count":4,"href":"https:\/\/www.alveus.eu\/de\/wp-json\/wp\/v2\/posts\/50674\/revisions"}],"predecessor-version":[{"id":51722,"href":"https:\/\/www.alveus.eu\/de\/wp-json\/wp\/v2\/posts\/50674\/revisions\/51722"}],"wp:featuredmedia":[{"embeddable":true,"href":"https:\/\/www.alveus.eu\/de\/wp-json\/wp\/v2\/media\/50650"}],"wp:attachment":[{"href":"https:\/\/www.alveus.eu\/de\/wp-json\/wp\/v2\/media?parent=50674"}],"wp:term":[{"taxonomy":"category","embeddable":true,"href":"https:\/\/www.alveus.eu\/de\/wp-json\/wp\/v2\/categories?post=50674"},{"taxonomy":"post_tag","embeddable":true,"href":"https:\/\/www.alveus.eu\/de\/wp-json\/wp\/v2\/tags?post=50674"}],"curies":[{"name":"wp","href":"https:\/\/api.w.org\/{rel}","templated":true}]}}