{"id":59808,"date":"2026-01-28T15:45:09","date_gmt":"2026-01-28T14:45:09","guid":{"rendered":"https:\/\/www.alveus.eu\/?p=59808"},"modified":"2026-01-28T15:49:23","modified_gmt":"2026-01-28T14:49:23","slug":"bio-wintertees","status":"publish","type":"post","link":"https:\/\/www.alveus.eu\/de\/blog\/bio-wintertees\/","title":{"rendered":"Die beliebtesten funktionellen Bio-Tees f\u00fcr den Winter"},"content":{"rendered":"\t\t<div data-elementor-type=\"wp-post\" data-elementor-id=\"59808\" class=\"elementor elementor-59808 elementor-59744\" data-elementor-post-type=\"post\">\n\t\t\t\t<div class=\"elementor-element elementor-element-41a2d465 e-con-full e-flex e-con e-parent\" data-id=\"41a2d465\" data-element_type=\"container\" data-e-type=\"container\">\n\t\t\t\t<div class=\"elementor-element elementor-element-19e7ee55 elementor-widget elementor-widget-text-editor\" data-id=\"19e7ee55\" data-element_type=\"widget\" data-e-type=\"widget\" data-widget_type=\"text-editor.default\">\n\t\t\t\t<div class=\"elementor-widget-container\">\n\t\t\t\t\t\t\t\t\t<p><span style=\"font-weight: 400;\">Der Winter ver\u00e4ndert den Rhythmus des Teekonsums. Die Kunden suchen nach etwas, das sie innerlich w\u00e4rmt und gleichzeitig zu ihrem Alltag passt.\u00a0<\/span><\/p><p><span style=\"font-weight: 400;\">In physischen Gesch\u00e4ften und E-Commerce-Shops f\u00fcr Tee <\/span><b>nehmen die Besuche und Nachbestellungen zu<\/b><span style=\"font-weight: 400;\">. Es ist eine Zeit mit weniger Impulsk\u00e4ufen oder Probierk\u00e4ufen und daf\u00fcr mit mehr Wiederholungsk\u00e4ufen bew\u00e4hrter Geschmacksrichtungen.<\/span><\/p><p><span style=\"font-weight: 400;\">Der beste Verkauf im Winter basiert in der Regel auf drei sehr einfachen Faktoren: einem erkennbaren Aromaprofil, einer leicht zu erz\u00e4hlenden Geschichte und einem Geschmackserlebnis, das zur Wiederholung einl\u00e4dt.\u00a0<\/span><\/p><p><span style=\"font-weight: 400;\">Bei Alveus beobachten wir dies jede Saison, da wir mit Tausenden von Fachleuten zusammenarbeiten, die t\u00e4glich ihren Lagerbestand rotieren und ihre Auswahl entsprechend ihren Verkaufszahlen verfeinern. Da <\/span><b>wir \u00fcber einen umfangreichen Katalog und das breiteste Bio-Sortiment auf dem Markt verf\u00fcgen<\/b><span style=\"font-weight: 400;\">, ist der Spielraum f\u00fcr die Zusammenstellung eines stimmigen Wintersortiments enorm.\u00a0<\/span><\/p><p><span style=\"font-weight: 400;\">Im Folgenden gehen wir auf die Zutaten ein, die in Wintermischungen am h\u00e4ufigsten vorkommen, und gehen dann n\u00e4her auf einige der Bio-Tees ein, die bei unseren Kunden in dieser Jahreszeit besonders gefragt sind. <\/span><\/p>\t\t\t\t\t\t\t\t<\/div>\n\t\t\t\t<\/div>\n\t\t\t\t<div class=\"elementor-element elementor-element-2e5d0e86 elementor-toc--minimized-on-tablet elementor-widget elementor-widget-table-of-contents\" data-id=\"2e5d0e86\" data-element_type=\"widget\" data-e-type=\"widget\" data-settings=\"{&quot;headings_by_tags&quot;:[&quot;h2&quot;],&quot;exclude_headings_by_selector&quot;:&quot;.elementor-grid .elementor-heading-title&quot;,&quot;no_headings_message&quot;:&quot;No headings were found on this page.&quot;,&quot;marker_view&quot;:&quot;numbers&quot;,&quot;minimize_box&quot;:&quot;yes&quot;,&quot;minimized_on&quot;:&quot;tablet&quot;,&quot;hierarchical_view&quot;:&quot;yes&quot;,&quot;min_height&quot;:{&quot;unit&quot;:&quot;px&quot;,&quot;size&quot;:&quot;&quot;,&quot;sizes&quot;:[]},&quot;min_height_tablet&quot;:{&quot;unit&quot;:&quot;px&quot;,&quot;size&quot;:&quot;&quot;,&quot;sizes&quot;:[]},&quot;min_height_mobile&quot;:{&quot;unit&quot;:&quot;px&quot;,&quot;size&quot;:&quot;&quot;,&quot;sizes&quot;:[]}}\" data-widget_type=\"table-of-contents.default\">\n\t\t\t\t<div class=\"elementor-widget-container\">\n\t\t\t\t\t\t\t\t\t<div class=\"elementor-toc__header\">\n\t\t\t\t\t\t<div class=\"elementor-toc__header-title\">\n\t\t\t\tInhalt\t\t\t<\/div>\n\t\t\t\t\t\t\t\t\t\t<div class=\"elementor-toc__toggle-button elementor-toc__toggle-button--expand\" role=\"button\" tabindex=\"0\" aria-controls=\"elementor-toc__2e5d0e86\" aria-expanded=\"true\" aria-label=\"Inhaltsverzeichnis \u00f6ffnen\"><i aria-hidden=\"true\" class=\"alveus alveus-arrow\"><\/i><\/div>\n\t\t\t\t<div class=\"elementor-toc__toggle-button elementor-toc__toggle-button--collapse\" role=\"button\" tabindex=\"0\" aria-controls=\"elementor-toc__2e5d0e86\" aria-expanded=\"true\" aria-label=\"Inhaltsverzeichnis schlie\u00dfen\"><i aria-hidden=\"true\" class=\"alveus alveus-close\"><\/i><\/div>\n\t\t\t\t\t<\/div>\n\t\t\t\t<div id=\"elementor-toc__2e5d0e86\" class=\"elementor-toc__body\">\n\t\t\t<div class=\"elementor-toc__spinner-container\">\n\t\t\t\t<i class=\"elementor-toc__spinner eicon-animation-spin eicon-loading\" aria-hidden=\"true\"><\/i>\t\t\t<\/div>\n\t\t<\/div>\n\t\t\t\t\t\t<\/div>\n\t\t\t\t<\/div>\n\t\t\t\t<div class=\"elementor-element elementor-element-2bc12f47 elementor-widget elementor-widget-heading\" data-id=\"2bc12f47\" data-element_type=\"widget\" data-e-type=\"widget\" data-widget_type=\"heading.default\">\n\t\t\t\t<div class=\"elementor-widget-container\">\n\t\t\t\t\t<h2 class=\"elementor-heading-title elementor-size-default\">Die gefragtesten Zutaten im Winter \u2013 und warum sie sich besonders gut verkaufen<\/h2>\t\t\t\t<\/div>\n\t\t\t\t<\/div>\n\t\t\t\t<div class=\"elementor-element elementor-element-49a89da1 elementor-widget elementor-widget-text-editor\" data-id=\"49a89da1\" data-element_type=\"widget\" data-e-type=\"widget\" data-widget_type=\"text-editor.default\">\n\t\t\t\t<div class=\"elementor-widget-container\">\n\t\t\t\t\t\t\t\t\t<p><b>Im Winter tendiert der Gaumen eher zu w\u00e4rmeren und \u201evollmundigeren\u201d Aromen<\/b><span style=\"font-weight: 400;\">. Es werden <\/span><b>intensive, ger\u00f6stete<\/b><span style=\"font-weight: 400;\"> und <\/span><b>w\u00fcrzige Geschmacksprofile<\/b><span style=\"font-weight: 400;\"> gesucht und runde, lang anhaltende Geschmacksrichtungen werden gegen\u00fcber sehr frischen oder sauren Noten bevorzugt. Aus diesem Grund kommen bestimmte Zutaten in dieser Jahreszeit so h\u00e4ufig vor.<\/span><\/p><p><b>W\u00e4rmende Gew\u00fcrze <\/b><span style=\"font-weight: 400;\">(z.B. Ingwer, Kardamom, Nelken, Pfeffer) funktionieren, weil sie dem Tee Volumen und ein Gef\u00fchl von \u201eW\u00e4rme\u201d verleihen. Au\u00dferdem ist das Wort \u201eGew\u00fcrze\u201d im Regal sofort verst\u00e4ndlich: Der Kunde wei\u00df schon vor dem Riechen des Produkts, was ihn erwartet.<\/span><\/p><p><b>Anis und Lakritz <\/b><span style=\"font-weight: 400;\">sind hingegen ein Winter-Allrounder. Sie verleihen nat\u00fcrliche S\u00fc\u00dfe, mildern Kr\u00e4utermischungen mit balsamischen Noten und erm\u00f6glichen es, angenehme Tees anzubieten, ohne auf allzu auff\u00e4llige Aromen zur\u00fcckgreifen zu m\u00fcssen. In M\u00e4rkten, in denen das Publikum den \u201etraditionellen\u201d Geschmack sch\u00e4tzt, sind sie eine sichere Wahl.<\/span><\/p>\t\t\t\t\t\t\t\t<\/div>\n\t\t\t\t<\/div>\n\t\t\t\t<div class=\"elementor-element elementor-element-d1de66c elementor-widget elementor-widget-shortcode\" data-id=\"d1de66c\" data-element_type=\"widget\" data-e-type=\"widget\" data-widget_type=\"shortcode.default\">\n\t\t\t\t<div class=\"elementor-widget-container\">\n\t\t\t\t\t\t\t<div class=\"elementor-shortcode\">\t\t<div data-elementor-type=\"section\" data-elementor-id=\"51138\" class=\"elementor elementor-51138 elementor-51052 elementor-51052\" data-elementor-post-type=\"elementor_library\">\n\t\t\t<div class=\"elementor-element elementor-element-3039963 e-con-full e-flex e-con e-parent\" data-id=\"3039963\" data-element_type=\"container\" data-e-type=\"container\" data-settings=\"{&quot;background_background&quot;:&quot;classic&quot;}\">\n\t\t<div class=\"elementor-element elementor-element-4351092 e-con-full e-flex e-con e-child\" data-id=\"4351092\" data-element_type=\"container\" data-e-type=\"container\">\n\t\t\t\t<div class=\"elementor-element elementor-element-2090423 elementor-widget elementor-widget-heading\" data-id=\"2090423\" data-element_type=\"widget\" data-e-type=\"widget\" data-widget_type=\"heading.default\">\n\t\t\t\t<div class=\"elementor-widget-container\">\n\t\t\t\t\t<p class=\"elementor-heading-title elementor-size-default\">Sichern Sie sich 10 Gratisproben<\/p>\t\t\t\t<\/div>\n\t\t\t\t<\/div>\n\t\t\t\t<div class=\"elementor-element elementor-element-1b4106c elementor-widget elementor-widget-heading\" data-id=\"1b4106c\" data-element_type=\"widget\" data-e-type=\"widget\" data-widget_type=\"heading.default\">\n\t\t\t\t<div class=\"elementor-widget-container\">\n\t\t\t\t\t<p class=\"elementor-heading-title elementor-size-default\">Exklusiv f\u00fcr Tee-Profis<\/p>\t\t\t\t<\/div>\n\t\t\t\t<\/div>\n\t\t\t\t<div class=\"elementor-element elementor-element-c6cc423 elementor-align-left elementor-widget elementor-widget-button\" data-id=\"c6cc423\" data-element_type=\"widget\" data-e-type=\"widget\" data-widget_type=\"button.default\">\n\t\t\t\t<div class=\"elementor-widget-container\">\n\t\t\t\t\t\t\t\t\t<div class=\"elementor-button-wrapper\">\n\t\t\t\t\t<a class=\"elementor-button elementor-button-link elementor-size-sm\" href=\"#request-catalogue\">\n\t\t\t\t\t\t<span class=\"elementor-button-content-wrapper\">\n\t\t\t\t\t\t\t\t\t<span class=\"elementor-button-text\">KATALOG BESTELLEN<\/span>\n\t\t\t\t\t<\/span>\n\t\t\t\t\t<\/a>\n\t\t\t\t<\/div>\n\t\t\t\t\t\t\t\t<\/div>\n\t\t\t\t<\/div>\n\t\t\t\t<\/div>\n\t\t<div class=\"elementor-element elementor-element-92c569c e-con-full e-flex e-con e-child\" data-id=\"92c569c\" data-element_type=\"container\" data-e-type=\"container\">\n\t\t\t\t<div class=\"elementor-element elementor-element-82c5156 elementor-widget elementor-widget-image\" data-id=\"82c5156\" data-element_type=\"widget\" data-e-type=\"widget\" data-widget_type=\"image.default\">\n\t\t\t\t<div class=\"elementor-widget-container\">\n\t\t\t\t\t\t\t\t\t\t\t\t\t\t\t<img fetchpriority=\"high\" decoding=\"async\" width=\"863\" height=\"343\" src=\"https:\/\/www.alveus.eu\/wp-content\/uploads\/cta-catalogues.png\" class=\"attachment-large size-large wp-image-51122\" alt=\"\" srcset=\"https:\/\/www.alveus.eu\/wp-content\/uploads\/cta-catalogues.png 863w, https:\/\/www.alveus.eu\/wp-content\/uploads\/cta-catalogues-300x119.png 300w, https:\/\/www.alveus.eu\/wp-content\/uploads\/cta-catalogues-768x305.png 768w\" sizes=\"(max-width: 863px) 100vw, 863px\" \/>\t\t\t\t\t\t\t\t\t\t\t\t\t\t\t<\/div>\n\t\t\t\t<\/div>\n\t\t\t\t<\/div>\n\t\t\t\t<\/div>\n\t\t\t\t<\/div>\n\t\t<\/div>\n\t\t\t\t\t\t<\/div>\n\t\t\t\t<\/div>\n\t\t\t\t<div class=\"elementor-element elementor-element-887c29d elementor-widget elementor-widget-text-editor\" data-id=\"887c29d\" data-element_type=\"widget\" data-e-type=\"widget\" data-widget_type=\"text-editor.default\">\n\t\t\t\t<div class=\"elementor-widget-container\">\n\t\t\t\t\t\t\t\t\t<p><b>Minze und Eukalyptus <\/b><span style=\"font-weight: 400;\">kommen h\u00e4ufig zum Einsatz, wenn sich die Temperaturen \u00e4ndern. Traditionell werden sie mit einem Gef\u00fchl von freiem Atem und Frische im Mund assoziiert, etwas, das viele Verbraucher zu dieser Jahreszeit suchen.<\/span><\/p><p><b>Blumen wie Lindenbl\u00fcten, Ringelblumen, Lavendel oder Kornblumen <\/b><span style=\"font-weight: 400;\">f\u00fcgen eine emotionale Komponente hinzu: Bezeichnungen wie \u201eruhige Tasse\u201c, \u201eSofa-Tasse\u201c oder \u201eAbendtasse\u201c funktionieren im Handel, da sie klar auf einen Tagesmoment verweisen und eine einfache, leicht verst\u00e4ndliche Geschichte erz\u00e4hlen.<\/span><\/p><p><span style=\"font-weight: 400;\">Und schlie\u00dflich gibt es noch die <\/span><b>Winterfr\u00fcchte<\/b><span style=\"font-weight: 400;\">: Apfel, Hibiskus, Hagebutte, Zitrusfr\u00fcchte&#8230; Sie sorgen f\u00fcr eine angenehme S\u00e4ure, intensive Farbe und eine Art \u201eDessert in der Tasse\u201c, was auch im Gastgewerbe und beim Impulskauf sehr hilfreich ist, insbesondere wenn eine Duftprobe angeboten oder in einer Glaskanne serviert wird.<\/span><\/p><p><span style=\"font-weight: 400;\">In diesem Sinne gehen wir nun nacheinander die Produkte durch, die in Winterbestellungen am h\u00e4ufigsten vorkommen.<\/span><\/p>\t\t\t\t\t\t\t\t<\/div>\n\t\t\t\t<\/div>\n\t\t\t\t<div class=\"elementor-element elementor-element-74afd73 elementor-widget elementor-widget-heading\" data-id=\"74afd73\" data-element_type=\"widget\" data-e-type=\"widget\" data-widget_type=\"heading.default\">\n\t\t\t\t<div class=\"elementor-widget-container\">\n\t\t\t\t\t<h2 class=\"elementor-heading-title elementor-size-default\">Schwarzer Tee: Winter Love BIO<\/h2>\t\t\t\t<\/div>\n\t\t\t\t<\/div>\n\t\t\t\t<div class=\"elementor-element elementor-element-c8dafb7 elementor-widget elementor-widget-image\" data-id=\"c8dafb7\" data-element_type=\"widget\" data-e-type=\"widget\" data-widget_type=\"image.default\">\n\t\t\t\t<div class=\"elementor-widget-container\">\n\t\t\t\t\t\t\t\t\t\t\t\t\t\t\t<img decoding=\"async\" width=\"900\" height=\"600\" src=\"https:\/\/www.alveus.eu\/wp-content\/uploads\/109_b.jpg\" class=\"attachment-large size-large wp-image-59754\" alt=\"winter love bio\" srcset=\"https:\/\/www.alveus.eu\/wp-content\/uploads\/109_b.jpg 900w, https:\/\/www.alveus.eu\/wp-content\/uploads\/109_b-300x200.jpg 300w, https:\/\/www.alveus.eu\/wp-content\/uploads\/109_b-768x512.jpg 768w\" sizes=\"(max-width: 900px) 100vw, 900px\" \/>\t\t\t\t\t\t\t\t\t\t\t\t\t\t\t<\/div>\n\t\t\t\t<\/div>\n\t\t\t\t<div class=\"elementor-element elementor-element-ae478b7 elementor-widget elementor-widget-text-editor\" data-id=\"ae478b7\" data-element_type=\"widget\" data-e-type=\"widget\" data-widget_type=\"text-editor.default\">\n\t\t\t\t<div class=\"elementor-widget-container\">\n\t\t\t\t\t\t\t\t\t<p style=\"text-align: center;\"><a href=\"https:\/\/b2b.alveus.eu\/de\/winter-love-bio-ref-85601.html\" target=\"_blank\" rel=\"noopener\"><b>In unserem B2B-Shop entdecken<\/b><\/a><\/p><p><b>Zutaten<\/b><span style=\"font-weight: 400;\">: <\/span><i><span style=\"font-weight: 400;\">Assam-Schwarztee*, S\u00fcdindien*, Ingwer*, S\u00fc\u00dfholzwurzel*, rosa Pfeffer*, Kardamom*, Nelken*, gemahlener Ingwer*, gemahlener Kardamom*, gemahlene Nelken*, Guarana*. *Aus kontrolliert biologischem Anbau.<\/span><\/i><\/p><p><span style=\"font-weight: 400;\">Winter Love BIO schmeckt aus einem ganz einfachen Grund: Es ist ein klassischer Chai mit Zutaten, die ihm einen \u201ew\u00e4rmeren\u201d Geschmack verleihen.\u00a0<\/span><\/p><p><span style=\"font-weight: 400;\">Die Basis aus schwarzem Tee sorgt f\u00fcr K\u00f6rper und Struktur. Ingwer und das Trio Kardamom-Nelke-Rosa Pfeffer bilden ein elegantes Gew\u00fcrzprofil mit einer prickelnden Note. Und S\u00fc\u00dfholz rundet das Ganze ab: Es macht den ersten Schluck angenehm und sorgt f\u00fcr einen leicht s\u00fc\u00dfen Nachgeschmack, was im Laden eventuelle Hemmungen vor stark gew\u00fcrzten Mischungen erheblich verringert.<\/span><\/p><p><span style=\"font-weight: 400;\">F\u00fcr den Fachmann hat dieser Tee den kommerziellen Vorteil, dass er sich von selbst verkauft. Er eignet sich als Alternative zu Chai, wenn der Kunde Gew\u00fcrze m\u00f6chte, aber nicht das milchige Profil oder den dominanten Zimtgeschmack sucht, der f\u00fcr andere Rezepte typisch ist.\u00a0<\/span><\/p>\t\t\t\t\t\t\t\t<\/div>\n\t\t\t\t<\/div>\n\t\t<div class=\"elementor-element elementor-element-169caae e-flex e-con-boxed e-con e-child\" data-id=\"169caae\" data-element_type=\"container\" data-e-type=\"container\" data-settings=\"{&quot;background_background&quot;:&quot;classic&quot;}\">\n\t\t\t\t\t<div class=\"e-con-inner\">\n\t\t\t\t<div class=\"elementor-element elementor-element-ae29a75 elementor-widget__width-initial elementor-widget-mobile__width-inherit elementor-view-default elementor-widget elementor-widget-icon\" data-id=\"ae29a75\" data-element_type=\"widget\" data-e-type=\"widget\" data-widget_type=\"icon.default\">\n\t\t\t\t<div class=\"elementor-widget-container\">\n\t\t\t\t\t\t\t<div class=\"elementor-icon-wrapper\">\n\t\t\t<div class=\"elementor-icon\">\n\t\t\t<svg xmlns=\"http:\/\/www.w3.org\/2000\/svg\" id=\"Layer_2\" data-name=\"Layer 2\" viewBox=\"0 0 192 192\"><defs><style> .cls-1 { fill: none; } .cls-2 { fill: #1d1d1b; } <\/style><\/defs><g id=\"medida\"><g><rect class=\"cls-1\" width=\"192\" height=\"192\"><\/rect><g><path class=\"cls-2\" d=\"M50.98,81.76h-15.81c-1.93,0-3.5,1.57-3.5,3.5s1.57,3.5,3.5,3.5h15.81c1.93,0,3.5-1.57,3.5-3.5s-1.57-3.5-3.5-3.5Z\"><\/path><path class=\"cls-2\" d=\"M64.9,53.79c1.37-1.37,1.37-3.58,0-4.95l-10.12-10.12c-1.37-1.37-3.58-1.37-4.95,0-1.37,1.37-1.37,3.58,0,4.95l10.12,10.12c.68,.68,1.58,1.03,2.47,1.03s1.79-.34,2.47-1.03Z\"><\/path><path class=\"cls-2\" d=\"M145.27,38.72c-1.37-1.37-3.58-1.37-4.95,0l-10.12,10.12c-1.37,1.37-1.37,3.58,0,4.95,.68,.68,1.58,1.03,2.47,1.03s1.79-.34,2.47-1.03l10.12-10.12c1.37-1.37,1.37-3.58,0-4.95Z\"><\/path><path class=\"cls-2\" d=\"M97.75,42c1.93,0,3.5-1.57,3.5-3.5v-14.15c0-1.93-1.57-3.5-3.5-3.5s-3.5,1.57-3.5,3.5v14.15c0,1.93,1.57,3.5,3.5,3.5Z\"><\/path><path class=\"cls-2\" d=\"M156.83,81.76h-14.03c-1.93,0-3.5,1.57-3.5,3.5s1.57,3.5,3.5,3.5h14.03c1.93,0,3.5-1.57,3.5-3.5s-1.57-3.5-3.5-3.5Z\"><\/path><path class=\"cls-2\" d=\"M97.75,48.42c-19.84,0-35.98,16.14-35.98,35.98,0,5.06,.99,9.78,3.03,14.44,.96,2.2,2.35,4.65,3.82,7.25,2.14,3.78,4.57,8.07,5.66,11.69,5.01,16.67,2.59,32.29,2.56,32.45l-.05,.56c0,11.22,9.13,20.36,20.36,20.36s20.36-9.13,20.36-20.36l-.04-.56c-.01-.09-.83-5.44-.21-13.48,.08-.29,.13-.58,.13-.89,0-.1-.02-.19-.03-.29,.48-5.16,1.55-11.3,3.76-17.81,1.37-4.04,4.12-8.95,6.55-13.28,1.09-1.95,2.12-3.79,2.96-5.44,2.75-5.36,3.12-10.41,3.12-14.64,0-19.84-16.14-35.98-35.98-35.98Zm12.3,90.94c-.16,4.07,0,7.32,.19,9.41h-26.18c.21-2.1,.44-5.36,.39-9.41h25.6Zm-12.91,24.79c-5.6,0-10.4-3.48-12.38-8.38h24.76c-1.98,4.9-6.78,8.38-12.38,8.38Zm27.24-68.3c-.79,1.54-1.79,3.32-2.84,5.21-2.57,4.6-5.49,9.8-7.07,14.45-2.06,6.07-3.23,11.82-3.85,16.86h-9.68c.34-.54,.54-1.17,.54-1.86v-19.97c5.79-1.55,10.07-6.82,10.07-13.1,0-1.93-1.57-3.5-3.5-3.5s-3.5,1.57-3.5,3.5c0,3.62-2.95,6.57-6.57,6.57s-6.57-2.95-6.57-6.57c0-1.93-1.57-3.5-3.5-3.5s-3.5,1.57-3.5,3.5c0,6.27,4.28,11.55,10.07,13.1v19.97c0,.68,.2,1.32,.54,1.86h-10.93c-.44-5.05-1.37-10.74-3.14-16.6-1.31-4.37-3.95-9.02-6.27-13.12-1.38-2.44-2.68-4.74-3.5-6.6-1.64-3.76-2.44-7.56-2.44-11.64,0-15.98,13-28.98,28.98-28.98s28.98,13,28.98,28.98c0,4.87-.68,8.19-2.35,11.45Z\"><\/path><\/g><\/g><\/g><\/svg>\t\t\t<\/div>\n\t\t<\/div>\n\t\t\t\t\t\t<\/div>\n\t\t\t\t<\/div>\n\t\t\t\t<div class=\"elementor-element elementor-element-02070b7 elementor-widget__width-inherit elementor-widget elementor-widget-heading\" data-id=\"02070b7\" data-element_type=\"widget\" data-e-type=\"widget\" data-widget_type=\"heading.default\">\n\t\t\t\t<div class=\"elementor-widget-container\">\n\t\t\t\t\t<span class=\"elementor-heading-title elementor-size-default\">Ein Detail, das ebenfalls die Nachfrage erkl\u00e4rt, ist Guarana, das es erm\u00f6glicht, den Tee als Schwarztee \u201ef\u00fcr lange Tage\u201d oder \u201ef\u00fcr den Start in den Nachmittag\u201d zu pr\u00e4sentieren. Im Winter, wenn es weniger Licht gibt und man sich m\u00fcder f\u00fchlt, verkauft sich dieser Ansatz gut.<\/span>\t\t\t\t<\/div>\n\t\t\t\t<\/div>\n\t\t\t\t\t<\/div>\n\t\t\t\t<\/div>\n\t\t\t\t<div class=\"elementor-element elementor-element-c4ed619 elementor-widget elementor-widget-heading\" data-id=\"c4ed619\" data-element_type=\"widget\" data-e-type=\"widget\" data-widget_type=\"heading.default\">\n\t\t\t\t<div class=\"elementor-widget-container\">\n\t\t\t\t\t<h2 class=\"elementor-heading-title elementor-size-default\">Gr\u00fcner Tee: Hojicha BIO<\/h2>\t\t\t\t<\/div>\n\t\t\t\t<\/div>\n\t\t\t\t<div class=\"elementor-element elementor-element-11a9484 elementor-widget elementor-widget-image\" data-id=\"11a9484\" data-element_type=\"widget\" data-e-type=\"widget\" data-widget_type=\"image.default\">\n\t\t\t\t<div class=\"elementor-widget-container\">\n\t\t\t\t\t\t\t\t\t\t\t\t\t\t\t<img decoding=\"async\" width=\"900\" height=\"600\" src=\"https:\/\/www.alveus.eu\/wp-content\/uploads\/109_c.jpg\" class=\"attachment-large size-large wp-image-59759\" alt=\"Bio-Hojicha\" srcset=\"https:\/\/www.alveus.eu\/wp-content\/uploads\/109_c.jpg 900w, https:\/\/www.alveus.eu\/wp-content\/uploads\/109_c-300x200.jpg 300w, https:\/\/www.alveus.eu\/wp-content\/uploads\/109_c-768x512.jpg 768w\" sizes=\"(max-width: 900px) 100vw, 900px\" \/>\t\t\t\t\t\t\t\t\t\t\t\t\t\t\t<\/div>\n\t\t\t\t<\/div>\n\t\t\t\t<div class=\"elementor-element elementor-element-a908ec1 elementor-widget elementor-widget-text-editor\" data-id=\"a908ec1\" data-element_type=\"widget\" data-e-type=\"widget\" data-widget_type=\"text-editor.default\">\n\t\t\t\t<div class=\"elementor-widget-container\">\n\t\t\t\t\t\t\t\t\t<p style=\"text-align: center;\"><a href=\"https:\/\/b2b.alveus.eu\/de\/hojicha-bio-ref-89019.html\"><b>In unserem B2B-Shop entdecken<\/b><\/a><\/p><p><span style=\"font-weight: 400;\">Hojicha ist eines dieser Produkte, das, wenn es richtig eingef\u00fchrt wird, innerhalb einer einzigen Saison von einer \u201ejapanischen Rarit\u00e4t\u201d zu einem \u201eGrundnahrungsmittel\u201d wird.\u00a0<\/span><\/p><p><span style=\"font-weight: 400;\">Sein Hauptunterscheidungsmerkmal ist die R\u00f6stung. Dieser Gr\u00fcntee verliert das Konzept des \u201egr\u00fcnen Gem\u00fcses\u201d und wird zu einem ger\u00f6steten, milden Tee mit Noten, die an Getreide, N\u00fcsse oder leicht ger\u00f6stetes Brot erinnern.\u00a0<\/span><\/p><p><span style=\"font-weight: 400;\">Hojicha ist ein im Vergleich zu anderen Teesorten koffeinarmer Tee. Im Winter steigt sein Konsum, weshalb dieser Tee immer h\u00e4ufiger bestellt wird.\u00a0<\/span><\/p><p><span style=\"font-weight: 400;\">Am Nachmittag und am Abend wird wieder etwas Warmes zubereitet, aber nicht jeder m\u00f6chte zu diesen Zeiten Koffein zu sich nehmen. Hojicha bietet das Teeerlebnis mit einem moderateren Koffeingehalt und eignet sich daher f\u00fcr den t\u00e4glichen Konsum, ohne dass der Kunde das Gef\u00fchl hat, auf etwas verzichten zu m\u00fcssen.<\/span><\/p>\t\t\t\t\t\t\t\t<\/div>\n\t\t\t\t<\/div>\n\t\t<div class=\"elementor-element elementor-element-4db91a0 e-flex e-con-boxed e-con e-child\" data-id=\"4db91a0\" data-element_type=\"container\" data-e-type=\"container\" data-settings=\"{&quot;background_background&quot;:&quot;classic&quot;}\">\n\t\t\t\t\t<div class=\"e-con-inner\">\n\t\t\t\t<div class=\"elementor-element elementor-element-dd04410 elementor-widget__width-initial elementor-widget-mobile__width-inherit elementor-view-default elementor-widget elementor-widget-icon\" data-id=\"dd04410\" data-element_type=\"widget\" data-e-type=\"widget\" data-widget_type=\"icon.default\">\n\t\t\t\t<div class=\"elementor-widget-container\">\n\t\t\t\t\t\t\t<div class=\"elementor-icon-wrapper\">\n\t\t\t<div class=\"elementor-icon\">\n\t\t\t<svg xmlns=\"http:\/\/www.w3.org\/2000\/svg\" id=\"Layer_2\" data-name=\"Layer 2\" viewBox=\"0 0 192 192\"><defs><style> .cls-1 { fill: none; } .cls-2 { fill: #1d1d1b; } <\/style><\/defs><g id=\"medida\"><g><rect class=\"cls-1\" width=\"192\" height=\"192\"><\/rect><g><path class=\"cls-2\" d=\"M50.98,81.76h-15.81c-1.93,0-3.5,1.57-3.5,3.5s1.57,3.5,3.5,3.5h15.81c1.93,0,3.5-1.57,3.5-3.5s-1.57-3.5-3.5-3.5Z\"><\/path><path class=\"cls-2\" d=\"M64.9,53.79c1.37-1.37,1.37-3.58,0-4.95l-10.12-10.12c-1.37-1.37-3.58-1.37-4.95,0-1.37,1.37-1.37,3.58,0,4.95l10.12,10.12c.68,.68,1.58,1.03,2.47,1.03s1.79-.34,2.47-1.03Z\"><\/path><path class=\"cls-2\" d=\"M145.27,38.72c-1.37-1.37-3.58-1.37-4.95,0l-10.12,10.12c-1.37,1.37-1.37,3.58,0,4.95,.68,.68,1.58,1.03,2.47,1.03s1.79-.34,2.47-1.03l10.12-10.12c1.37-1.37,1.37-3.58,0-4.95Z\"><\/path><path class=\"cls-2\" d=\"M97.75,42c1.93,0,3.5-1.57,3.5-3.5v-14.15c0-1.93-1.57-3.5-3.5-3.5s-3.5,1.57-3.5,3.5v14.15c0,1.93,1.57,3.5,3.5,3.5Z\"><\/path><path class=\"cls-2\" d=\"M156.83,81.76h-14.03c-1.93,0-3.5,1.57-3.5,3.5s1.57,3.5,3.5,3.5h14.03c1.93,0,3.5-1.57,3.5-3.5s-1.57-3.5-3.5-3.5Z\"><\/path><path class=\"cls-2\" d=\"M97.75,48.42c-19.84,0-35.98,16.14-35.98,35.98,0,5.06,.99,9.78,3.03,14.44,.96,2.2,2.35,4.65,3.82,7.25,2.14,3.78,4.57,8.07,5.66,11.69,5.01,16.67,2.59,32.29,2.56,32.45l-.05,.56c0,11.22,9.13,20.36,20.36,20.36s20.36-9.13,20.36-20.36l-.04-.56c-.01-.09-.83-5.44-.21-13.48,.08-.29,.13-.58,.13-.89,0-.1-.02-.19-.03-.29,.48-5.16,1.55-11.3,3.76-17.81,1.37-4.04,4.12-8.95,6.55-13.28,1.09-1.95,2.12-3.79,2.96-5.44,2.75-5.36,3.12-10.41,3.12-14.64,0-19.84-16.14-35.98-35.98-35.98Zm12.3,90.94c-.16,4.07,0,7.32,.19,9.41h-26.18c.21-2.1,.44-5.36,.39-9.41h25.6Zm-12.91,24.79c-5.6,0-10.4-3.48-12.38-8.38h24.76c-1.98,4.9-6.78,8.38-12.38,8.38Zm27.24-68.3c-.79,1.54-1.79,3.32-2.84,5.21-2.57,4.6-5.49,9.8-7.07,14.45-2.06,6.07-3.23,11.82-3.85,16.86h-9.68c.34-.54,.54-1.17,.54-1.86v-19.97c5.79-1.55,10.07-6.82,10.07-13.1,0-1.93-1.57-3.5-3.5-3.5s-3.5,1.57-3.5,3.5c0,3.62-2.95,6.57-6.57,6.57s-6.57-2.95-6.57-6.57c0-1.93-1.57-3.5-3.5-3.5s-3.5,1.57-3.5,3.5c0,6.27,4.28,11.55,10.07,13.1v19.97c0,.68,.2,1.32,.54,1.86h-10.93c-.44-5.05-1.37-10.74-3.14-16.6-1.31-4.37-3.95-9.02-6.27-13.12-1.38-2.44-2.68-4.74-3.5-6.6-1.64-3.76-2.44-7.56-2.44-11.64,0-15.98,13-28.98,28.98-28.98s28.98,13,28.98,28.98c0,4.87-.68,8.19-2.35,11.45Z\"><\/path><\/g><\/g><\/g><\/svg>\t\t\t<\/div>\n\t\t<\/div>\n\t\t\t\t\t\t<\/div>\n\t\t\t\t<\/div>\n\t\t\t\t<div class=\"elementor-element elementor-element-0be78f3 elementor-widget__width-inherit elementor-widget elementor-widget-heading\" data-id=\"0be78f3\" data-element_type=\"widget\" data-e-type=\"widget\" data-widget_type=\"heading.default\">\n\t\t\t\t<div class=\"elementor-widget-container\">\n\t\t\t\t\t<span class=\"elementor-heading-title elementor-size-default\">F\u00fcr Ihr Gesch\u00e4ft ist er au\u00dferdem ein Mittel, um den durchschnittlichen Warenkorbwert auf nat\u00fcrliche Weise zu erh\u00f6hen. Wer einen Sencha f\u00fcr den Morgen kauft, dem k\u00f6nnen Sie einen Hojicha f\u00fcr den Nachmittag empfehlen.<\/span>\t\t\t\t<\/div>\n\t\t\t\t<\/div>\n\t\t\t\t\t<\/div>\n\t\t\t\t<\/div>\n\t\t\t\t<div class=\"elementor-element elementor-element-60faf85 elementor-widget elementor-widget-heading\" data-id=\"60faf85\" data-element_type=\"widget\" data-e-type=\"widget\" data-widget_type=\"heading.default\">\n\t\t\t\t<div class=\"elementor-widget-container\">\n\t\t\t\t\t<h2 class=\"elementor-heading-title elementor-size-default\">Kr\u00e4utertee: Anis \u2013 Minze BIO<\/h2>\t\t\t\t<\/div>\n\t\t\t\t<\/div>\n\t\t\t\t<div class=\"elementor-element elementor-element-96eb821 elementor-widget elementor-widget-image\" data-id=\"96eb821\" data-element_type=\"widget\" data-e-type=\"widget\" data-widget_type=\"image.default\">\n\t\t\t\t<div class=\"elementor-widget-container\">\n\t\t\t\t\t\t\t\t\t\t\t\t\t\t\t<img loading=\"lazy\" decoding=\"async\" width=\"900\" height=\"600\" src=\"https:\/\/www.alveus.eu\/wp-content\/uploads\/109_d.jpg\" class=\"attachment-large size-large wp-image-59764\" alt=\"Anis \u2013 Bio-Minze\" srcset=\"https:\/\/www.alveus.eu\/wp-content\/uploads\/109_d.jpg 900w, https:\/\/www.alveus.eu\/wp-content\/uploads\/109_d-300x200.jpg 300w, https:\/\/www.alveus.eu\/wp-content\/uploads\/109_d-768x512.jpg 768w\" sizes=\"(max-width: 900px) 100vw, 900px\" \/>\t\t\t\t\t\t\t\t\t\t\t\t\t\t\t<\/div>\n\t\t\t\t<\/div>\n\t\t\t\t<div class=\"elementor-element elementor-element-f0ec753 elementor-widget elementor-widget-text-editor\" data-id=\"f0ec753\" data-element_type=\"widget\" data-e-type=\"widget\" data-widget_type=\"text-editor.default\">\n\t\t\t\t<div class=\"elementor-widget-container\">\n\t\t\t\t\t\t\t\t\t<p style=\"text-align: center;\"><a href=\"https:\/\/b2b.alveus.eu\/de\/anis-minze-bio-ref-82614.html\"><b>In unserem B2B-Shop entdecken<\/b><\/a><\/p><p><b>Zutaten<\/b><span style=\"font-weight: 400;\">: <\/span><i><span style=\"font-weight: 400;\">Anis* (46 %), Lindenbl\u00fcten*, Pfefferminze* (11 %), Hagebutten*, S\u00fc\u00dfholzwurzel*, Thymian*, Eukalyptus*, gr\u00fcne Minze* (5 %), Sternanis* (4 %), Ringelblume*. *Aus kontrolliert biologischem Anbau.<\/span><\/i><\/p><p><span style=\"font-weight: 400;\">Anis-Minze BIO ist in kommerzieller Hinsicht eine sehr dankbare Mischung: aromatisch, wiedererkennbar und mit einem Profil, das man schon beim ersten Riechen versteht. Anis spielt die Hauptrolle (und das zu Recht, mit 46 %), und das macht den Unterschied: Es ist kein \u201eKr\u00e4utertee mit einem Hauch von Anis\u201d, sondern ein gut komponierter Anis-Kr\u00e4utertee.<\/span><\/p><p><span style=\"font-weight: 400;\">Pfefferminze und Eukalyptus sorgen f\u00fcr das frische Gef\u00fchl, das der Verbraucher normalerweise mit dem Winter assoziiert, insbesondere in Zeiten pl\u00f6tzlicher Temperaturschwankungen. Thymian verst\u00e4rkt die Kr\u00e4uternote und Lindenbl\u00fcten sorgen f\u00fcr eine mildere Note, perfekt als \u201eNachmittagstee\u201d. S\u00fc\u00dfholz und Hagebutten runden die Mischung ab, sodass diese angenehm mild bleibt..<\/span><\/p><p><span style=\"font-weight: 400;\">Warum ist er so gefragt? Weil er sich f\u00fcr den t\u00e4glichen Gebrauch eignet: nach dem Essen, zwischendurch oder abends, wenn der Kunde etwas Kr\u00e4uteriges mit einem klaren Geschmack und einer leicht balsamischen Note m\u00f6chte.<\/span><\/p>\t\t\t\t\t\t\t\t<\/div>\n\t\t\t\t<\/div>\n\t\t<div class=\"elementor-element elementor-element-9df6204 e-flex e-con-boxed e-con e-child\" data-id=\"9df6204\" data-element_type=\"container\" data-e-type=\"container\" data-settings=\"{&quot;background_background&quot;:&quot;classic&quot;}\">\n\t\t\t\t\t<div class=\"e-con-inner\">\n\t\t\t\t<div class=\"elementor-element elementor-element-27f730a elementor-widget__width-initial elementor-widget-mobile__width-inherit elementor-view-default elementor-widget elementor-widget-icon\" data-id=\"27f730a\" data-element_type=\"widget\" data-e-type=\"widget\" data-widget_type=\"icon.default\">\n\t\t\t\t<div class=\"elementor-widget-container\">\n\t\t\t\t\t\t\t<div class=\"elementor-icon-wrapper\">\n\t\t\t<div class=\"elementor-icon\">\n\t\t\t<svg xmlns=\"http:\/\/www.w3.org\/2000\/svg\" id=\"Layer_2\" data-name=\"Layer 2\" viewBox=\"0 0 192 192\"><defs><style> .cls-1 { fill: none; } .cls-2 { fill: #1d1d1b; } <\/style><\/defs><g id=\"medida\"><g><rect class=\"cls-1\" width=\"192\" height=\"192\"><\/rect><g><path class=\"cls-2\" d=\"M50.98,81.76h-15.81c-1.93,0-3.5,1.57-3.5,3.5s1.57,3.5,3.5,3.5h15.81c1.93,0,3.5-1.57,3.5-3.5s-1.57-3.5-3.5-3.5Z\"><\/path><path class=\"cls-2\" d=\"M64.9,53.79c1.37-1.37,1.37-3.58,0-4.95l-10.12-10.12c-1.37-1.37-3.58-1.37-4.95,0-1.37,1.37-1.37,3.58,0,4.95l10.12,10.12c.68,.68,1.58,1.03,2.47,1.03s1.79-.34,2.47-1.03Z\"><\/path><path class=\"cls-2\" d=\"M145.27,38.72c-1.37-1.37-3.58-1.37-4.95,0l-10.12,10.12c-1.37,1.37-1.37,3.58,0,4.95,.68,.68,1.58,1.03,2.47,1.03s1.79-.34,2.47-1.03l10.12-10.12c1.37-1.37,1.37-3.58,0-4.95Z\"><\/path><path class=\"cls-2\" d=\"M97.75,42c1.93,0,3.5-1.57,3.5-3.5v-14.15c0-1.93-1.57-3.5-3.5-3.5s-3.5,1.57-3.5,3.5v14.15c0,1.93,1.57,3.5,3.5,3.5Z\"><\/path><path class=\"cls-2\" d=\"M156.83,81.76h-14.03c-1.93,0-3.5,1.57-3.5,3.5s1.57,3.5,3.5,3.5h14.03c1.93,0,3.5-1.57,3.5-3.5s-1.57-3.5-3.5-3.5Z\"><\/path><path class=\"cls-2\" d=\"M97.75,48.42c-19.84,0-35.98,16.14-35.98,35.98,0,5.06,.99,9.78,3.03,14.44,.96,2.2,2.35,4.65,3.82,7.25,2.14,3.78,4.57,8.07,5.66,11.69,5.01,16.67,2.59,32.29,2.56,32.45l-.05,.56c0,11.22,9.13,20.36,20.36,20.36s20.36-9.13,20.36-20.36l-.04-.56c-.01-.09-.83-5.44-.21-13.48,.08-.29,.13-.58,.13-.89,0-.1-.02-.19-.03-.29,.48-5.16,1.55-11.3,3.76-17.81,1.37-4.04,4.12-8.95,6.55-13.28,1.09-1.95,2.12-3.79,2.96-5.44,2.75-5.36,3.12-10.41,3.12-14.64,0-19.84-16.14-35.98-35.98-35.98Zm12.3,90.94c-.16,4.07,0,7.32,.19,9.41h-26.18c.21-2.1,.44-5.36,.39-9.41h25.6Zm-12.91,24.79c-5.6,0-10.4-3.48-12.38-8.38h24.76c-1.98,4.9-6.78,8.38-12.38,8.38Zm27.24-68.3c-.79,1.54-1.79,3.32-2.84,5.21-2.57,4.6-5.49,9.8-7.07,14.45-2.06,6.07-3.23,11.82-3.85,16.86h-9.68c.34-.54,.54-1.17,.54-1.86v-19.97c5.79-1.55,10.07-6.82,10.07-13.1,0-1.93-1.57-3.5-3.5-3.5s-3.5,1.57-3.5,3.5c0,3.62-2.95,6.57-6.57,6.57s-6.57-2.95-6.57-6.57c0-1.93-1.57-3.5-3.5-3.5s-3.5,1.57-3.5,3.5c0,6.27,4.28,11.55,10.07,13.1v19.97c0,.68,.2,1.32,.54,1.86h-10.93c-.44-5.05-1.37-10.74-3.14-16.6-1.31-4.37-3.95-9.02-6.27-13.12-1.38-2.44-2.68-4.74-3.5-6.6-1.64-3.76-2.44-7.56-2.44-11.64,0-15.98,13-28.98,28.98-28.98s28.98,13,28.98,28.98c0,4.87-.68,8.19-2.35,11.45Z\"><\/path><\/g><\/g><\/g><\/svg>\t\t\t<\/div>\n\t\t<\/div>\n\t\t\t\t\t\t<\/div>\n\t\t\t\t<\/div>\n\t\t\t\t<div class=\"elementor-element elementor-element-c6c47af elementor-widget__width-inherit elementor-widget elementor-widget-heading\" data-id=\"c6c47af\" data-element_type=\"widget\" data-e-type=\"widget\" data-widget_type=\"heading.default\">\n\t\t\t\t<div class=\"elementor-widget-container\">\n\t\t\t\t\t<span class=\"elementor-heading-title elementor-size-default\">Diese Mischung \u00fcberzeugt sowohl Kunden, die traditionelle Geschmacksrichtungen (Anis, Thymian, Lindenbl\u00fcte) bevorzugen, als auch diejenigen, die eine \u201efrischere\u201d Note (Minze, Eukalyptus) suchen. Diese doppelte Auslegung sorgt daf\u00fcr, dass sie in vielen L\u00e4ndern und Formaten gut angenommen wird.<\/span>\t\t\t\t<\/div>\n\t\t\t\t<\/div>\n\t\t\t\t\t<\/div>\n\t\t\t\t<\/div>\n\t\t\t\t<div class=\"elementor-element elementor-element-1e7436ba elementor-widget elementor-widget-heading\" data-id=\"1e7436ba\" data-element_type=\"widget\" data-e-type=\"widget\" data-widget_type=\"heading.default\">\n\t\t\t\t<div class=\"elementor-widget-container\">\n\t\t\t\t\t<h2 class=\"elementor-heading-title elementor-size-default\">Kr\u00e4utertee: Bergtr\u00e4umerei BIO\n<\/h2>\t\t\t\t<\/div>\n\t\t\t\t<\/div>\n\t\t\t\t<div class=\"elementor-element elementor-element-4e22a1f elementor-widget elementor-widget-image\" data-id=\"4e22a1f\" data-element_type=\"widget\" data-e-type=\"widget\" data-widget_type=\"image.default\">\n\t\t\t\t<div class=\"elementor-widget-container\">\n\t\t\t\t\t\t\t\t\t\t\t\t\t\t\t<img loading=\"lazy\" decoding=\"async\" width=\"900\" height=\"600\" src=\"https:\/\/www.alveus.eu\/wp-content\/uploads\/109_e.jpg\" class=\"attachment-large size-large wp-image-59769\" alt=\"Bio-Berg-Traum\" srcset=\"https:\/\/www.alveus.eu\/wp-content\/uploads\/109_e.jpg 900w, https:\/\/www.alveus.eu\/wp-content\/uploads\/109_e-300x200.jpg 300w, https:\/\/www.alveus.eu\/wp-content\/uploads\/109_e-768x512.jpg 768w\" sizes=\"(max-width: 900px) 100vw, 900px\" \/>\t\t\t\t\t\t\t\t\t\t\t\t\t\t\t<\/div>\n\t\t\t\t<\/div>\n\t\t\t\t<div class=\"elementor-element elementor-element-d2327cb elementor-widget elementor-widget-text-editor\" data-id=\"d2327cb\" data-element_type=\"widget\" data-e-type=\"widget\" data-widget_type=\"text-editor.default\">\n\t\t\t\t<div class=\"elementor-widget-container\">\n\t\t\t\t\t\t\t\t\t<p style=\"text-align: center;\"><a href=\"https:\/\/b2b.alveus.eu\/de\/bergtraumerei-bio-ref-82326.html\" target=\"_blank\" rel=\"noopener\"><b>In unserem B2B-Shop entdecken<\/b><\/a><\/p><p><b>Zutaten<\/b><span style=\"font-weight: 400;\">: <\/span><i><span style=\"font-weight: 400;\">Apfel*, Melisse*, Lindenbl\u00fcten*, Holunderbeeren*, Frauenmantel*, Thymian*, Tausendg\u00fcldenkraut*, Purpursonnenhutkraut*, Kornblume blau*, Salbei*. *Aus kontrolliert biologischem Anbau.<\/span><\/i><\/p><p><span style=\"font-weight: 400;\">Bergtr\u00e4umerei BIO ist eine unserer meistverkauften Mischungen im Winter. Sein Aroma, sowohl unaufgegossen als auch in der Tasse, erinnert an die Frische der Natur. Diese Frische wird beim Trinken zu einem wahrlich wohltuenden Gef\u00fchl.\u00a0<\/span><\/p><p><span style=\"font-weight: 400;\">Diese Zutaten werden traditionell zur Linderung von Halsbeschwerden und zur Entspannung bei Erk\u00e4ltungen verwendet.\u00a0<\/span><\/p><p><span style=\"font-weight: 400;\">Der Apfel sorgt f\u00fcr eine milde und leicht s\u00fc\u00dfliche Basis. Melisse und Lindenbl\u00fcten versetzen die Mischung in eine ruhige Nachmittagsstimmung. Die \u00fcbrigen Kr\u00e4uter und Bl\u00fcten bilden ein komplexeres Profil mit gr\u00fcnen und blumigen Noten, die sich im Laufe des Genusses entfalten.<\/span><\/p>\t\t\t\t\t\t\t\t<\/div>\n\t\t\t\t<\/div>\n\t\t<div class=\"elementor-element elementor-element-86a9f7f e-flex e-con-boxed e-con e-child\" data-id=\"86a9f7f\" data-element_type=\"container\" data-e-type=\"container\" data-settings=\"{&quot;background_background&quot;:&quot;classic&quot;}\">\n\t\t\t\t\t<div class=\"e-con-inner\">\n\t\t\t\t<div class=\"elementor-element elementor-element-2041013 elementor-widget__width-initial elementor-widget-mobile__width-inherit elementor-view-default elementor-widget elementor-widget-icon\" data-id=\"2041013\" data-element_type=\"widget\" data-e-type=\"widget\" data-widget_type=\"icon.default\">\n\t\t\t\t<div class=\"elementor-widget-container\">\n\t\t\t\t\t\t\t<div class=\"elementor-icon-wrapper\">\n\t\t\t<div class=\"elementor-icon\">\n\t\t\t<svg xmlns=\"http:\/\/www.w3.org\/2000\/svg\" id=\"Layer_2\" data-name=\"Layer 2\" viewBox=\"0 0 192 192\"><defs><style> .cls-1 { fill: none; } .cls-2 { fill: #1d1d1b; } <\/style><\/defs><g id=\"medida\"><g><rect class=\"cls-1\" width=\"192\" height=\"192\"><\/rect><g><path class=\"cls-2\" d=\"M50.98,81.76h-15.81c-1.93,0-3.5,1.57-3.5,3.5s1.57,3.5,3.5,3.5h15.81c1.93,0,3.5-1.57,3.5-3.5s-1.57-3.5-3.5-3.5Z\"><\/path><path class=\"cls-2\" d=\"M64.9,53.79c1.37-1.37,1.37-3.58,0-4.95l-10.12-10.12c-1.37-1.37-3.58-1.37-4.95,0-1.37,1.37-1.37,3.58,0,4.95l10.12,10.12c.68,.68,1.58,1.03,2.47,1.03s1.79-.34,2.47-1.03Z\"><\/path><path class=\"cls-2\" d=\"M145.27,38.72c-1.37-1.37-3.58-1.37-4.95,0l-10.12,10.12c-1.37,1.37-1.37,3.58,0,4.95,.68,.68,1.58,1.03,2.47,1.03s1.79-.34,2.47-1.03l10.12-10.12c1.37-1.37,1.37-3.58,0-4.95Z\"><\/path><path class=\"cls-2\" d=\"M97.75,42c1.93,0,3.5-1.57,3.5-3.5v-14.15c0-1.93-1.57-3.5-3.5-3.5s-3.5,1.57-3.5,3.5v14.15c0,1.93,1.57,3.5,3.5,3.5Z\"><\/path><path class=\"cls-2\" d=\"M156.83,81.76h-14.03c-1.93,0-3.5,1.57-3.5,3.5s1.57,3.5,3.5,3.5h14.03c1.93,0,3.5-1.57,3.5-3.5s-1.57-3.5-3.5-3.5Z\"><\/path><path class=\"cls-2\" d=\"M97.75,48.42c-19.84,0-35.98,16.14-35.98,35.98,0,5.06,.99,9.78,3.03,14.44,.96,2.2,2.35,4.65,3.82,7.25,2.14,3.78,4.57,8.07,5.66,11.69,5.01,16.67,2.59,32.29,2.56,32.45l-.05,.56c0,11.22,9.13,20.36,20.36,20.36s20.36-9.13,20.36-20.36l-.04-.56c-.01-.09-.83-5.44-.21-13.48,.08-.29,.13-.58,.13-.89,0-.1-.02-.19-.03-.29,.48-5.16,1.55-11.3,3.76-17.81,1.37-4.04,4.12-8.95,6.55-13.28,1.09-1.95,2.12-3.79,2.96-5.44,2.75-5.36,3.12-10.41,3.12-14.64,0-19.84-16.14-35.98-35.98-35.98Zm12.3,90.94c-.16,4.07,0,7.32,.19,9.41h-26.18c.21-2.1,.44-5.36,.39-9.41h25.6Zm-12.91,24.79c-5.6,0-10.4-3.48-12.38-8.38h24.76c-1.98,4.9-6.78,8.38-12.38,8.38Zm27.24-68.3c-.79,1.54-1.79,3.32-2.84,5.21-2.57,4.6-5.49,9.8-7.07,14.45-2.06,6.07-3.23,11.82-3.85,16.86h-9.68c.34-.54,.54-1.17,.54-1.86v-19.97c5.79-1.55,10.07-6.82,10.07-13.1,0-1.93-1.57-3.5-3.5-3.5s-3.5,1.57-3.5,3.5c0,3.62-2.95,6.57-6.57,6.57s-6.57-2.95-6.57-6.57c0-1.93-1.57-3.5-3.5-3.5s-3.5,1.57-3.5,3.5c0,6.27,4.28,11.55,10.07,13.1v19.97c0,.68,.2,1.32,.54,1.86h-10.93c-.44-5.05-1.37-10.74-3.14-16.6-1.31-4.37-3.95-9.02-6.27-13.12-1.38-2.44-2.68-4.74-3.5-6.6-1.64-3.76-2.44-7.56-2.44-11.64,0-15.98,13-28.98,28.98-28.98s28.98,13,28.98,28.98c0,4.87-.68,8.19-2.35,11.45Z\"><\/path><\/g><\/g><\/g><\/svg>\t\t\t<\/div>\n\t\t<\/div>\n\t\t\t\t\t\t<\/div>\n\t\t\t\t<\/div>\n\t\t\t\t<div class=\"elementor-element elementor-element-dd078a7 elementor-widget__width-inherit elementor-widget elementor-widget-heading\" data-id=\"dd078a7\" data-element_type=\"widget\" data-e-type=\"widget\" data-widget_type=\"heading.default\">\n\t\t\t\t<div class=\"elementor-widget-container\">\n\t\t\t\t\t<span class=\"elementor-heading-title elementor-size-default\">Im Winter ist diese Art von Kr\u00e4utertee besonders gefragt, da die Verbraucher dann eher f\u00fcr Rituale empf\u00e4nglich sind: einen Tee \u201emit Absicht\u201d zubereiten, sich hinsetzen, entschleunigen. \n<\/span>\t\t\t\t<\/div>\n\t\t\t\t<\/div>\n\t\t\t\t\t<\/div>\n\t\t\t\t<\/div>\n\t\t\t\t<div class=\"elementor-element elementor-element-fa10e61 elementor-widget elementor-widget-heading\" data-id=\"fa10e61\" data-element_type=\"widget\" data-e-type=\"widget\" data-widget_type=\"heading.default\">\n\t\t\t\t<div class=\"elementor-widget-container\">\n\t\t\t\t\t<h2 class=\"elementor-heading-title elementor-size-default\">Kr\u00e4utertee: Winterelixier BIO\n<\/h2>\t\t\t\t<\/div>\n\t\t\t\t<\/div>\n\t\t\t\t<div class=\"elementor-element elementor-element-7b9ba8b elementor-widget elementor-widget-image\" data-id=\"7b9ba8b\" data-element_type=\"widget\" data-e-type=\"widget\" data-widget_type=\"image.default\">\n\t\t\t\t<div class=\"elementor-widget-container\">\n\t\t\t\t\t\t\t\t\t\t\t\t\t\t\t<img loading=\"lazy\" decoding=\"async\" width=\"900\" height=\"600\" src=\"https:\/\/www.alveus.eu\/wp-content\/uploads\/109_f.jpg\" class=\"attachment-large size-large wp-image-59774\" alt=\"Bio-Winterelixier-Kr\u00e4utertee\" srcset=\"https:\/\/www.alveus.eu\/wp-content\/uploads\/109_f.jpg 900w, https:\/\/www.alveus.eu\/wp-content\/uploads\/109_f-300x200.jpg 300w, https:\/\/www.alveus.eu\/wp-content\/uploads\/109_f-768x512.jpg 768w\" sizes=\"(max-width: 900px) 100vw, 900px\" \/>\t\t\t\t\t\t\t\t\t\t\t\t\t\t\t<\/div>\n\t\t\t\t<\/div>\n\t\t\t\t<div class=\"elementor-element elementor-element-6a52104 elementor-widget elementor-widget-text-editor\" data-id=\"6a52104\" data-element_type=\"widget\" data-e-type=\"widget\" data-widget_type=\"text-editor.default\">\n\t\t\t\t<div class=\"elementor-widget-container\">\n\t\t\t\t\t\t\t\t\t<p style=\"text-align: center;\"><a href=\"https:\/\/b2b.alveus.eu\/de\/winterelixier-bio-ref-82428.html\"><b>In unserem B2B-Shop entdecken<\/b><\/a><\/p><p><b>Zutaten<\/b><span style=\"font-weight: 400;\">: <\/span><i><span style=\"font-weight: 400;\">Sideritis species*, Anis*, Zitronenschale*, Lindenbl\u00fcten*, Holunderbeeren*, Holunderbl\u00fcten*, Thymian*. *Aus kontrolliert biologischem Anbau.<\/span><\/i><\/p><p><span style=\"font-weight: 400;\">Der Winterelixier BIO hat ein f\u00fcr den europ\u00e4ischen Winter sehr typisches Profil, kr\u00e4uterig und leicht zitrusartig, mit einer w\u00fcrzigen Note, die W\u00e4rme verleiht, ohne schwer zu wirken.\u00a0<\/span><\/p><p><span style=\"font-weight: 400;\">Sideritis, vielerorts als \u201eBergtee\u201d bekannt, verleiht ihm Charakter und eine kr\u00e4uterige Basis mit Identit\u00e4t. Anis mildert und rundet ab, w\u00e4hrend Zitrone f\u00fcr einen Hauch von Frische sorgt, damit die Mischung nicht zu \u201egr\u00fcn\u201d wird.\u00a0<\/span><\/p><p><span style=\"font-weight: 400;\">Die Kombination aus Lindenbl\u00fcte, Thymian und Holunder rundet das Ganze ab und ergibt eine Mischung, die der Verbraucher als perfekt f\u00fcr die kalte Jahreszeit empfindet.<\/span><\/p>\t\t\t\t\t\t\t\t<\/div>\n\t\t\t\t<\/div>\n\t\t\t\t<div class=\"elementor-element elementor-element-dea900f elementor-widget elementor-widget-heading\" data-id=\"dea900f\" data-element_type=\"widget\" data-e-type=\"widget\" data-widget_type=\"heading.default\">\n\t\t\t\t<div class=\"elementor-widget-container\">\n\t\t\t\t\t<h2 class=\"elementor-heading-title elementor-size-default\">Rooibos: Leicht wie der Wind BIO\n<\/h2>\t\t\t\t<\/div>\n\t\t\t\t<\/div>\n\t\t\t\t<div class=\"elementor-element elementor-element-9a9a395 elementor-widget elementor-widget-image\" data-id=\"9a9a395\" data-element_type=\"widget\" data-e-type=\"widget\" data-widget_type=\"image.default\">\n\t\t\t\t<div class=\"elementor-widget-container\">\n\t\t\t\t\t\t\t\t\t\t\t\t\t\t\t<img loading=\"lazy\" decoding=\"async\" width=\"900\" height=\"600\" src=\"https:\/\/www.alveus.eu\/wp-content\/uploads\/109_g.jpg\" class=\"attachment-large size-large wp-image-59786\" alt=\"Rooibos Leicht wie der Wind BIO\" srcset=\"https:\/\/www.alveus.eu\/wp-content\/uploads\/109_g.jpg 900w, https:\/\/www.alveus.eu\/wp-content\/uploads\/109_g-300x200.jpg 300w, https:\/\/www.alveus.eu\/wp-content\/uploads\/109_g-768x512.jpg 768w\" sizes=\"(max-width: 900px) 100vw, 900px\" \/>\t\t\t\t\t\t\t\t\t\t\t\t\t\t\t<\/div>\n\t\t\t\t<\/div>\n\t\t\t\t<div class=\"elementor-element elementor-element-1ce0911 elementor-widget elementor-widget-text-editor\" data-id=\"1ce0911\" data-element_type=\"widget\" data-e-type=\"widget\" data-widget_type=\"text-editor.default\">\n\t\t\t\t<div class=\"elementor-widget-container\">\n\t\t\t\t\t\t\t\t\t<p style=\"text-align: center;\"><a href=\"https:\/\/b2b.alveus.eu\/de\/leicht-wie-der-wind-bio-ref-87093.html\" target=\"_blank\" rel=\"noopener\"><b>In unserem B2B-Shop entdecken<\/b><\/a><\/p><p><b>Zutaten<\/b><span style=\"font-weight: 400;\">: <\/span><i><span style=\"font-weight: 400;\">Rooibos Natur*, Rooibos Natur*, Fenchel*, Anis*, Pfefferminze*, Lindenbl\u00fcten*, nat\u00fcrliches Pfefferminzaroma, Ringelblume*, Rosenbl\u00fcten*. *Aus kontrolliert biologischem Anbau<\/span><\/i><\/p><p><span style=\"font-weight: 400;\">Rooibos ist eine Basis, die sich auf allen Kan\u00e4len sehr gut verkauft, da sie einem breiten Konsum entspricht. Sie ist auch beliebt bei Menschen, die Koffein meiden. Hier wurde jedoch nicht die typische \u201eVanille-Karamell\u201d-Note gew\u00e4hlt, die in so vielen Rezepten dominiert, sondern ein eher kr\u00e4uteriges und frisches Profil.<\/span><\/p><p><span style=\"font-weight: 400;\">Fenchel und Anis sorgen f\u00fcr ein rundes Geschmacksbild mit einer sanften S\u00fc\u00dfe. Minze verleiht Leichtigkeit. Die Bl\u00fcten (Lindenbl\u00fcten, Ringelblume, Rosenbl\u00fcten) sorgen f\u00fcr ein zartes, fast \u201ereines\u201d Gef\u00fchl, das einen sch\u00f6nen Kontrast zu den typischen Exzessen der Saison (reichhaltige Mahlzeiten, S\u00fc\u00dfigkeiten, l\u00e4ngere Abendessen) bildet.<\/span><\/p>\t\t\t\t\t\t\t\t<\/div>\n\t\t\t\t<\/div>\n\t\t<div class=\"elementor-element elementor-element-432c6a7 e-flex e-con-boxed e-con e-child\" data-id=\"432c6a7\" data-element_type=\"container\" data-e-type=\"container\" data-settings=\"{&quot;background_background&quot;:&quot;classic&quot;}\">\n\t\t\t\t\t<div class=\"e-con-inner\">\n\t\t\t\t<div class=\"elementor-element elementor-element-22688ba elementor-widget__width-initial elementor-widget-mobile__width-inherit elementor-view-default elementor-widget elementor-widget-icon\" data-id=\"22688ba\" data-element_type=\"widget\" data-e-type=\"widget\" data-widget_type=\"icon.default\">\n\t\t\t\t<div class=\"elementor-widget-container\">\n\t\t\t\t\t\t\t<div class=\"elementor-icon-wrapper\">\n\t\t\t<div class=\"elementor-icon\">\n\t\t\t<svg xmlns=\"http:\/\/www.w3.org\/2000\/svg\" id=\"Layer_2\" data-name=\"Layer 2\" viewBox=\"0 0 192 192\"><defs><style> .cls-1 { fill: none; } .cls-2 { fill: #1d1d1b; } <\/style><\/defs><g id=\"medida\"><g><rect class=\"cls-1\" width=\"192\" height=\"192\"><\/rect><g><path class=\"cls-2\" d=\"M50.98,81.76h-15.81c-1.93,0-3.5,1.57-3.5,3.5s1.57,3.5,3.5,3.5h15.81c1.93,0,3.5-1.57,3.5-3.5s-1.57-3.5-3.5-3.5Z\"><\/path><path class=\"cls-2\" d=\"M64.9,53.79c1.37-1.37,1.37-3.58,0-4.95l-10.12-10.12c-1.37-1.37-3.58-1.37-4.95,0-1.37,1.37-1.37,3.58,0,4.95l10.12,10.12c.68,.68,1.58,1.03,2.47,1.03s1.79-.34,2.47-1.03Z\"><\/path><path class=\"cls-2\" d=\"M145.27,38.72c-1.37-1.37-3.58-1.37-4.95,0l-10.12,10.12c-1.37,1.37-1.37,3.58,0,4.95,.68,.68,1.58,1.03,2.47,1.03s1.79-.34,2.47-1.03l10.12-10.12c1.37-1.37,1.37-3.58,0-4.95Z\"><\/path><path class=\"cls-2\" d=\"M97.75,42c1.93,0,3.5-1.57,3.5-3.5v-14.15c0-1.93-1.57-3.5-3.5-3.5s-3.5,1.57-3.5,3.5v14.15c0,1.93,1.57,3.5,3.5,3.5Z\"><\/path><path class=\"cls-2\" d=\"M156.83,81.76h-14.03c-1.93,0-3.5,1.57-3.5,3.5s1.57,3.5,3.5,3.5h14.03c1.93,0,3.5-1.57,3.5-3.5s-1.57-3.5-3.5-3.5Z\"><\/path><path class=\"cls-2\" d=\"M97.75,48.42c-19.84,0-35.98,16.14-35.98,35.98,0,5.06,.99,9.78,3.03,14.44,.96,2.2,2.35,4.65,3.82,7.25,2.14,3.78,4.57,8.07,5.66,11.69,5.01,16.67,2.59,32.29,2.56,32.45l-.05,.56c0,11.22,9.13,20.36,20.36,20.36s20.36-9.13,20.36-20.36l-.04-.56c-.01-.09-.83-5.44-.21-13.48,.08-.29,.13-.58,.13-.89,0-.1-.02-.19-.03-.29,.48-5.16,1.55-11.3,3.76-17.81,1.37-4.04,4.12-8.95,6.55-13.28,1.09-1.95,2.12-3.79,2.96-5.44,2.75-5.36,3.12-10.41,3.12-14.64,0-19.84-16.14-35.98-35.98-35.98Zm12.3,90.94c-.16,4.07,0,7.32,.19,9.41h-26.18c.21-2.1,.44-5.36,.39-9.41h25.6Zm-12.91,24.79c-5.6,0-10.4-3.48-12.38-8.38h24.76c-1.98,4.9-6.78,8.38-12.38,8.38Zm27.24-68.3c-.79,1.54-1.79,3.32-2.84,5.21-2.57,4.6-5.49,9.8-7.07,14.45-2.06,6.07-3.23,11.82-3.85,16.86h-9.68c.34-.54,.54-1.17,.54-1.86v-19.97c5.79-1.55,10.07-6.82,10.07-13.1,0-1.93-1.57-3.5-3.5-3.5s-3.5,1.57-3.5,3.5c0,3.62-2.95,6.57-6.57,6.57s-6.57-2.95-6.57-6.57c0-1.93-1.57-3.5-3.5-3.5s-3.5,1.57-3.5,3.5c0,6.27,4.28,11.55,10.07,13.1v19.97c0,.68,.2,1.32,.54,1.86h-10.93c-.44-5.05-1.37-10.74-3.14-16.6-1.31-4.37-3.95-9.02-6.27-13.12-1.38-2.44-2.68-4.74-3.5-6.6-1.64-3.76-2.44-7.56-2.44-11.64,0-15.98,13-28.98,28.98-28.98s28.98,13,28.98,28.98c0,4.87-.68,8.19-2.35,11.45Z\"><\/path><\/g><\/g><\/g><\/svg>\t\t\t<\/div>\n\t\t<\/div>\n\t\t\t\t\t\t<\/div>\n\t\t\t\t<\/div>\n\t\t\t\t<div class=\"elementor-element elementor-element-4d75811 elementor-widget__width-inherit elementor-widget elementor-widget-heading\" data-id=\"4d75811\" data-element_type=\"widget\" data-e-type=\"widget\" data-widget_type=\"heading.default\">\n\t\t\t\t<div class=\"elementor-widget-container\">\n\t\t\t\t\t<span class=\"elementor-heading-title elementor-size-default\">Bieten Sie es Ihren Kunden an, um ihnen zu helfen, K\u00f6rper und Geist auf die Ruhephase vorzubereiten. Auch als gute Option nach dem Essen oder zur Unterst\u00fctzung der Verdauung.<\/span>\t\t\t\t<\/div>\n\t\t\t\t<\/div>\n\t\t\t\t\t<\/div>\n\t\t\t\t<\/div>\n\t\t\t\t<div class=\"elementor-element elementor-element-17195f0 elementor-widget elementor-widget-heading\" data-id=\"17195f0\" data-element_type=\"widget\" data-e-type=\"widget\" data-widget_type=\"heading.default\">\n\t\t\t\t<div class=\"elementor-widget-container\">\n\t\t\t\t\t<h2 class=\"elementor-heading-title elementor-size-default\">Fr\u00fcchtetee: Cool Winter BIO\n<\/h2>\t\t\t\t<\/div>\n\t\t\t\t<\/div>\n\t\t\t\t<div class=\"elementor-element elementor-element-c51770c elementor-widget elementor-widget-image\" data-id=\"c51770c\" data-element_type=\"widget\" data-e-type=\"widget\" data-widget_type=\"image.default\">\n\t\t\t\t<div class=\"elementor-widget-container\">\n\t\t\t\t\t\t\t\t\t\t\t\t\t\t\t<img loading=\"lazy\" decoding=\"async\" width=\"900\" height=\"600\" src=\"https:\/\/www.alveus.eu\/wp-content\/uploads\/109_h.jpg\" class=\"attachment-large size-large wp-image-59791\" alt=\"Kr\u00e4utertee Cool Winter BIO\" srcset=\"https:\/\/www.alveus.eu\/wp-content\/uploads\/109_h.jpg 900w, https:\/\/www.alveus.eu\/wp-content\/uploads\/109_h-300x200.jpg 300w, https:\/\/www.alveus.eu\/wp-content\/uploads\/109_h-768x512.jpg 768w\" sizes=\"(max-width: 900px) 100vw, 900px\" \/>\t\t\t\t\t\t\t\t\t\t\t\t\t\t\t<\/div>\n\t\t\t\t<\/div>\n\t\t\t\t<div class=\"elementor-element elementor-element-d29af8a elementor-widget elementor-widget-text-editor\" data-id=\"d29af8a\" data-element_type=\"widget\" data-e-type=\"widget\" data-widget_type=\"text-editor.default\">\n\t\t\t\t<div class=\"elementor-widget-container\">\n\t\t\t\t\t\t\t\t\t<p style=\"text-align: center;\"><a href=\"https:\/\/b2b.alveus.eu\/de\/cool-winter-bio-ref-86064.html\" target=\"_blank\" rel=\"noopener\"><b>In unserem B2B-Shop entdecken<\/b><\/a><\/p><p><b>Zutaten<\/b><span style=\"font-weight: 400;\">: <\/span><i><span style=\"font-weight: 400;\">Apfel*, Hibiskus*, Anis*, gr\u00fcne Minze*, Hagebutte*, Orangenschalen*, Apfelecken*, Gojibeere*, Verbena ganz*, nat\u00fcrliches Anis Aroma, Kornblume blau*. *Aus kontrolliert biologischem Anbau.<\/span><\/i><\/p><p><span style=\"font-weight: 400;\">Cool Winter BIO ist das perfekte Beispiel daf\u00fcr, dass Fr\u00fcchtetees nicht nur \u201eetwas f\u00fcr den Sommer\u201d sind. Im Winter wird ein gut zusammengestellter Fr\u00fcchtetee zu einem alkoholfreien Punsch mit intensiver Farbe, unverkennbarem Aroma und einem Gef\u00fchl, das die Tasse erf\u00fcllt.<\/span><\/p><p><span style=\"font-weight: 400;\">Hier sorgen Apfel und Hibiskus f\u00fcr K\u00f6rper und eine ausgewogene S\u00e4ure, w\u00e4hrend Anis und Minze das Mundgef\u00fchl v\u00f6llig ver\u00e4ndern. Es ist eine frische Mischung mit einer s\u00fc\u00dfen Note, in der dank des aromatischen Bouquets und des Anis ein Hauch von Lakritz zu erkennen ist.\u00a0<\/span><\/p><p><span style=\"font-weight: 400;\">Die Orangenschale verst\u00e4rkt den winterlichen Charakter und die Verbene f\u00fcgt eine klare Note hinzu, die verhindert, dass der Aufguss schwer wirkt. Goji-Beeren sorgen zudem f\u00fcr eine attraktive optische Nuance und ein kleines Story-Element, das viele Gesch\u00e4fte in ihrer Beschreibung nutzen.<\/span><\/p>\t\t\t\t\t\t\t\t<\/div>\n\t\t\t\t<\/div>\n\t\t<div class=\"elementor-element elementor-element-76526dc e-flex e-con-boxed e-con e-child\" data-id=\"76526dc\" data-element_type=\"container\" data-e-type=\"container\" data-settings=\"{&quot;background_background&quot;:&quot;classic&quot;}\">\n\t\t\t\t\t<div class=\"e-con-inner\">\n\t\t\t\t<div class=\"elementor-element elementor-element-9b2a42f elementor-widget__width-initial elementor-widget-mobile__width-inherit elementor-view-default elementor-widget elementor-widget-icon\" data-id=\"9b2a42f\" data-element_type=\"widget\" data-e-type=\"widget\" data-widget_type=\"icon.default\">\n\t\t\t\t<div class=\"elementor-widget-container\">\n\t\t\t\t\t\t\t<div class=\"elementor-icon-wrapper\">\n\t\t\t<div class=\"elementor-icon\">\n\t\t\t<svg xmlns=\"http:\/\/www.w3.org\/2000\/svg\" id=\"Layer_2\" data-name=\"Layer 2\" viewBox=\"0 0 192 192\"><defs><style> .cls-1 { fill: none; } .cls-2 { fill: #1d1d1b; } <\/style><\/defs><g id=\"medida\"><g><rect class=\"cls-1\" width=\"192\" height=\"192\"><\/rect><g><path class=\"cls-2\" d=\"M50.98,81.76h-15.81c-1.93,0-3.5,1.57-3.5,3.5s1.57,3.5,3.5,3.5h15.81c1.93,0,3.5-1.57,3.5-3.5s-1.57-3.5-3.5-3.5Z\"><\/path><path class=\"cls-2\" d=\"M64.9,53.79c1.37-1.37,1.37-3.58,0-4.95l-10.12-10.12c-1.37-1.37-3.58-1.37-4.95,0-1.37,1.37-1.37,3.58,0,4.95l10.12,10.12c.68,.68,1.58,1.03,2.47,1.03s1.79-.34,2.47-1.03Z\"><\/path><path class=\"cls-2\" d=\"M145.27,38.72c-1.37-1.37-3.58-1.37-4.95,0l-10.12,10.12c-1.37,1.37-1.37,3.58,0,4.95,.68,.68,1.58,1.03,2.47,1.03s1.79-.34,2.47-1.03l10.12-10.12c1.37-1.37,1.37-3.58,0-4.95Z\"><\/path><path class=\"cls-2\" d=\"M97.75,42c1.93,0,3.5-1.57,3.5-3.5v-14.15c0-1.93-1.57-3.5-3.5-3.5s-3.5,1.57-3.5,3.5v14.15c0,1.93,1.57,3.5,3.5,3.5Z\"><\/path><path class=\"cls-2\" d=\"M156.83,81.76h-14.03c-1.93,0-3.5,1.57-3.5,3.5s1.57,3.5,3.5,3.5h14.03c1.93,0,3.5-1.57,3.5-3.5s-1.57-3.5-3.5-3.5Z\"><\/path><path class=\"cls-2\" d=\"M97.75,48.42c-19.84,0-35.98,16.14-35.98,35.98,0,5.06,.99,9.78,3.03,14.44,.96,2.2,2.35,4.65,3.82,7.25,2.14,3.78,4.57,8.07,5.66,11.69,5.01,16.67,2.59,32.29,2.56,32.45l-.05,.56c0,11.22,9.13,20.36,20.36,20.36s20.36-9.13,20.36-20.36l-.04-.56c-.01-.09-.83-5.44-.21-13.48,.08-.29,.13-.58,.13-.89,0-.1-.02-.19-.03-.29,.48-5.16,1.55-11.3,3.76-17.81,1.37-4.04,4.12-8.95,6.55-13.28,1.09-1.95,2.12-3.79,2.96-5.44,2.75-5.36,3.12-10.41,3.12-14.64,0-19.84-16.14-35.98-35.98-35.98Zm12.3,90.94c-.16,4.07,0,7.32,.19,9.41h-26.18c.21-2.1,.44-5.36,.39-9.41h25.6Zm-12.91,24.79c-5.6,0-10.4-3.48-12.38-8.38h24.76c-1.98,4.9-6.78,8.38-12.38,8.38Zm27.24-68.3c-.79,1.54-1.79,3.32-2.84,5.21-2.57,4.6-5.49,9.8-7.07,14.45-2.06,6.07-3.23,11.82-3.85,16.86h-9.68c.34-.54,.54-1.17,.54-1.86v-19.97c5.79-1.55,10.07-6.82,10.07-13.1,0-1.93-1.57-3.5-3.5-3.5s-3.5,1.57-3.5,3.5c0,3.62-2.95,6.57-6.57,6.57s-6.57-2.95-6.57-6.57c0-1.93-1.57-3.5-3.5-3.5s-3.5,1.57-3.5,3.5c0,6.27,4.28,11.55,10.07,13.1v19.97c0,.68,.2,1.32,.54,1.86h-10.93c-.44-5.05-1.37-10.74-3.14-16.6-1.31-4.37-3.95-9.02-6.27-13.12-1.38-2.44-2.68-4.74-3.5-6.6-1.64-3.76-2.44-7.56-2.44-11.64,0-15.98,13-28.98,28.98-28.98s28.98,13,28.98,28.98c0,4.87-.68,8.19-2.35,11.45Z\"><\/path><\/g><\/g><\/g><\/svg>\t\t\t<\/div>\n\t\t<\/div>\n\t\t\t\t\t\t<\/div>\n\t\t\t\t<\/div>\n\t\t\t\t<div class=\"elementor-element elementor-element-be810c3 elementor-widget__width-inherit elementor-widget elementor-widget-heading\" data-id=\"be810c3\" data-element_type=\"widget\" data-e-type=\"widget\" data-widget_type=\"heading.default\">\n\t\t\t\t<div class=\"elementor-widget-container\">\n\t\t\t\t\t<span class=\"elementor-heading-title elementor-size-default\">In der Gastronomie besticht sie durch ihre leuchtende Farbe aus Hibiskus und kommt besonders gut in einer Glaskanne zur Geltung.<\/span>\t\t\t\t<\/div>\n\t\t\t\t<\/div>\n\t\t\t\t\t<\/div>\n\t\t\t\t<\/div>\n\t\t\t\t<\/div>\n\t\t\t\t<\/div>\n\t\t","protected":false},"excerpt":{"rendered":"<p>Praktischer Leitfaden f\u00fcr Fachleute: Die besten Bio-Produkte f\u00fcr den Winter in Bezug auf Geschmack, Zeitpunkt und Kundenprofil.<\/p>\n","protected":false},"author":11,"featured_media":59749,"comment_status":"open","ping_status":"open","sticky":false,"template":"","format":"standard","meta":{"_acf_changed":false,"footnotes":""},"categories":[112],"tags":[],"class_list":["post-59808","post","type-post","status-publish","format-standard","has-post-thumbnail","hentry","category-teewissen"],"acf":[],"yoast_head":"<!-- This site is optimized with the Yoast SEO Premium plugin v27.5 (Yoast SEO v27.5) - https:\/\/yoast.com\/product\/yoast-seo-premium-wordpress\/ -->\n<title>Die beliebtesten funktionellen Bio-Tees f\u00fcr den Winter | Alveus<\/title>\n<meta name=\"description\" content=\"Die meistverkauften Bio-Wintertees und Mischungen \u2013 eine \u00dcbersicht nach Geschmack, Tageszeit des Konsums und Kundenprofil.\" \/>\n<meta name=\"robots\" content=\"index, follow, max-snippet:-1, max-image-preview:large, max-video-preview:-1\" \/>\n<link rel=\"canonical\" href=\"https:\/\/www.alveus.eu\/de\/blog\/bio-wintertees\/\" \/>\n<meta property=\"og:locale\" content=\"de_DE\" \/>\n<meta property=\"og:type\" content=\"article\" \/>\n<meta property=\"og:title\" content=\"Die beliebtesten funktionellen Bio-Tees f\u00fcr den Winter\" \/>\n<meta property=\"og:description\" content=\"Die meistverkauften Bio-Wintertees und Mischungen \u2013 eine \u00dcbersicht nach Geschmack, Tageszeit des Konsums und Kundenprofil.\" \/>\n<meta property=\"og:url\" content=\"https:\/\/www.alveus.eu\/de\/blog\/bio-wintertees\/\" \/>\n<meta property=\"og:site_name\" content=\"Alveus\" \/>\n<meta property=\"article:publisher\" content=\"https:\/\/www.facebook.com\/alveusinternational\/\" \/>\n<meta property=\"article:published_time\" content=\"2026-01-28T14:45:09+00:00\" \/>\n<meta property=\"article:modified_time\" content=\"2026-01-28T14:49:23+00:00\" \/>\n<meta property=\"og:image\" content=\"https:\/\/www.alveus.eu\/wp-content\/uploads\/109_a.jpg\" \/>\n\t<meta property=\"og:image:width\" content=\"900\" \/>\n\t<meta property=\"og:image:height\" content=\"600\" \/>\n\t<meta property=\"og:image:type\" content=\"image\/jpeg\" \/>\n<meta name=\"author\" content=\"Alveus Blog Team\" \/>\n<meta name=\"twitter:card\" content=\"summary_large_image\" \/>\n<meta name=\"twitter:label1\" content=\"Verfasst von\" \/>\n\t<meta name=\"twitter:data1\" content=\"Alveus Blog Team\" \/>\n\t<meta name=\"twitter:label2\" content=\"Gesch\u00e4tzte Lesezeit\" \/>\n\t<meta name=\"twitter:data2\" content=\"9\u00a0Minuten\" \/>\n<script type=\"application\/ld+json\" class=\"yoast-schema-graph\">{\"@context\":\"https:\\\/\\\/schema.org\",\"@graph\":[{\"@type\":\"Article\",\"@id\":\"https:\\\/\\\/www.alveus.eu\\\/de\\\/blog\\\/bio-wintertees\\\/#article\",\"isPartOf\":{\"@id\":\"https:\\\/\\\/www.alveus.eu\\\/de\\\/blog\\\/bio-wintertees\\\/\"},\"author\":{\"name\":\"Alveus Blog Team\",\"@id\":\"https:\\\/\\\/www.alveus.eu\\\/de#\\\/schema\\\/person\\\/6864b22051c6c128b3c72edaeac35855\"},\"headline\":\"Die beliebtesten funktionellen Bio-Tees f\u00fcr den Winter\",\"datePublished\":\"2026-01-28T14:45:09+00:00\",\"dateModified\":\"2026-01-28T14:49:23+00:00\",\"mainEntityOfPage\":{\"@id\":\"https:\\\/\\\/www.alveus.eu\\\/de\\\/blog\\\/bio-wintertees\\\/\"},\"wordCount\":1764,\"commentCount\":0,\"publisher\":{\"@id\":\"https:\\\/\\\/www.alveus.eu\\\/de#organization\"},\"image\":{\"@id\":\"https:\\\/\\\/www.alveus.eu\\\/de\\\/blog\\\/bio-wintertees\\\/#primaryimage\"},\"thumbnailUrl\":\"https:\\\/\\\/www.alveus.eu\\\/wp-content\\\/uploads\\\/109_a.jpg\",\"articleSection\":[\"Teewissen\"],\"inLanguage\":\"de\",\"potentialAction\":[{\"@type\":\"CommentAction\",\"name\":\"Comment\",\"target\":[\"https:\\\/\\\/www.alveus.eu\\\/de\\\/blog\\\/bio-wintertees\\\/#respond\"]}]},{\"@type\":\"WebPage\",\"@id\":\"https:\\\/\\\/www.alveus.eu\\\/de\\\/blog\\\/bio-wintertees\\\/\",\"url\":\"https:\\\/\\\/www.alveus.eu\\\/de\\\/blog\\\/bio-wintertees\\\/\",\"name\":\"Die beliebtesten funktionellen Bio-Tees f\u00fcr den Winter | Alveus\",\"isPartOf\":{\"@id\":\"https:\\\/\\\/www.alveus.eu\\\/de#website\"},\"primaryImageOfPage\":{\"@id\":\"https:\\\/\\\/www.alveus.eu\\\/de\\\/blog\\\/bio-wintertees\\\/#primaryimage\"},\"image\":{\"@id\":\"https:\\\/\\\/www.alveus.eu\\\/de\\\/blog\\\/bio-wintertees\\\/#primaryimage\"},\"thumbnailUrl\":\"https:\\\/\\\/www.alveus.eu\\\/wp-content\\\/uploads\\\/109_a.jpg\",\"datePublished\":\"2026-01-28T14:45:09+00:00\",\"dateModified\":\"2026-01-28T14:49:23+00:00\",\"description\":\"Die meistverkauften Bio-Wintertees und Mischungen \u2013 eine \u00dcbersicht nach Geschmack, Tageszeit des Konsums und Kundenprofil.\",\"breadcrumb\":{\"@id\":\"https:\\\/\\\/www.alveus.eu\\\/de\\\/blog\\\/bio-wintertees\\\/#breadcrumb\"},\"inLanguage\":\"de\",\"potentialAction\":[{\"@type\":\"ReadAction\",\"target\":[\"https:\\\/\\\/www.alveus.eu\\\/de\\\/blog\\\/bio-wintertees\\\/\"]}]},{\"@type\":\"ImageObject\",\"inLanguage\":\"de\",\"@id\":\"https:\\\/\\\/www.alveus.eu\\\/de\\\/blog\\\/bio-wintertees\\\/#primaryimage\",\"url\":\"https:\\\/\\\/www.alveus.eu\\\/wp-content\\\/uploads\\\/109_a.jpg\",\"contentUrl\":\"https:\\\/\\\/www.alveus.eu\\\/wp-content\\\/uploads\\\/109_a.jpg\",\"width\":900,\"height\":600,\"caption\":\"Fassade eines Teeladens im Winter\"},{\"@type\":\"BreadcrumbList\",\"@id\":\"https:\\\/\\\/www.alveus.eu\\\/de\\\/blog\\\/bio-wintertees\\\/#breadcrumb\",\"itemListElement\":[{\"@type\":\"ListItem\",\"position\":1,\"name\":\"Home\",\"item\":\"https:\\\/\\\/www.alveus.eu\\\/de\"},{\"@type\":\"ListItem\",\"position\":2,\"name\":\"Teewissen\",\"item\":\"https:\\\/\\\/www.alveus.eu\\\/de\\\/blog\\\/category\\\/teewissen\\\/\"},{\"@type\":\"ListItem\",\"position\":3,\"name\":\"Die beliebtesten funktionellen Bio-Tees f\u00fcr den Winter\"}]},{\"@type\":\"WebSite\",\"@id\":\"https:\\\/\\\/www.alveus.eu\\\/de#website\",\"url\":\"https:\\\/\\\/www.alveus.eu\\\/de\",\"name\":\"Alveus\",\"description\":\"\",\"publisher\":{\"@id\":\"https:\\\/\\\/www.alveus.eu\\\/de#organization\"},\"potentialAction\":[{\"@type\":\"SearchAction\",\"target\":{\"@type\":\"EntryPoint\",\"urlTemplate\":\"https:\\\/\\\/www.alveus.eu\\\/de?s={search_term_string}\"},\"query-input\":{\"@type\":\"PropertyValueSpecification\",\"valueRequired\":true,\"valueName\":\"search_term_string\"}}],\"inLanguage\":\"de\"},{\"@type\":\"Organization\",\"@id\":\"https:\\\/\\\/www.alveus.eu\\\/de#organization\",\"name\":\"Alveus\",\"alternateName\":\"Alveus Premium Teas\",\"url\":\"https:\\\/\\\/www.alveus.eu\\\/de\",\"logo\":{\"@type\":\"ImageObject\",\"inLanguage\":\"de\",\"@id\":\"https:\\\/\\\/www.alveus.eu\\\/de#\\\/schema\\\/logo\\\/image\\\/\",\"url\":\"https:\\\/\\\/www.alveus.eu\\\/wp-content\\\/uploads\\\/2023\\\/07\\\/alveus-logo-primary.png\",\"contentUrl\":\"https:\\\/\\\/www.alveus.eu\\\/wp-content\\\/uploads\\\/2023\\\/07\\\/alveus-logo-primary.png\",\"width\":248,\"height\":248,\"caption\":\"Alveus\"},\"image\":{\"@id\":\"https:\\\/\\\/www.alveus.eu\\\/de#\\\/schema\\\/logo\\\/image\\\/\"},\"sameAs\":[\"https:\\\/\\\/www.facebook.com\\\/alveusinternational\\\/\",\"https:\\\/\\\/www.instagram.com\\\/alveustea\\\/\",\"https:\\\/\\\/de.linkedin.com\\\/company\\\/alveustea\"]},{\"@type\":\"Person\",\"@id\":\"https:\\\/\\\/www.alveus.eu\\\/de#\\\/schema\\\/person\\\/6864b22051c6c128b3c72edaeac35855\",\"name\":\"Alveus Blog Team\",\"image\":{\"@type\":\"ImageObject\",\"inLanguage\":\"de\",\"@id\":\"https:\\\/\\\/secure.gravatar.com\\\/avatar\\\/f951c832a9809c8d01d2ce4fa8bb10716ac4997c3cf93244fa19413f7d28b08e?s=96&d=mm&r=g\",\"url\":\"https:\\\/\\\/secure.gravatar.com\\\/avatar\\\/f951c832a9809c8d01d2ce4fa8bb10716ac4997c3cf93244fa19413f7d28b08e?s=96&d=mm&r=g\",\"contentUrl\":\"https:\\\/\\\/secure.gravatar.com\\\/avatar\\\/f951c832a9809c8d01d2ce4fa8bb10716ac4997c3cf93244fa19413f7d28b08e?s=96&d=mm&r=g\",\"caption\":\"Alveus Blog Team\"},\"description\":\"Editorial team formed by tea professionals from different countries. We are driven by our passion for tea and the dissemination of its culture.\",\"sameAs\":[\"https:\\\/\\\/www.alveus.eu\\\/\"]}]}<\/script>\n<!-- \/ Yoast SEO Premium plugin. -->","yoast_head_json":{"title":"Die beliebtesten funktionellen Bio-Tees f\u00fcr den Winter | Alveus","description":"Die meistverkauften Bio-Wintertees und Mischungen \u2013 eine \u00dcbersicht nach Geschmack, Tageszeit des Konsums und Kundenprofil.","robots":{"index":"index","follow":"follow","max-snippet":"max-snippet:-1","max-image-preview":"max-image-preview:large","max-video-preview":"max-video-preview:-1"},"canonical":"https:\/\/www.alveus.eu\/de\/blog\/bio-wintertees\/","og_locale":"de_DE","og_type":"article","og_title":"Die beliebtesten funktionellen Bio-Tees f\u00fcr den Winter","og_description":"Die meistverkauften Bio-Wintertees und Mischungen \u2013 eine \u00dcbersicht nach Geschmack, Tageszeit des Konsums und Kundenprofil.","og_url":"https:\/\/www.alveus.eu\/de\/blog\/bio-wintertees\/","og_site_name":"Alveus","article_publisher":"https:\/\/www.facebook.com\/alveusinternational\/","article_published_time":"2026-01-28T14:45:09+00:00","article_modified_time":"2026-01-28T14:49:23+00:00","og_image":[{"width":900,"height":600,"url":"https:\/\/www.alveus.eu\/wp-content\/uploads\/109_a.jpg","type":"image\/jpeg"}],"author":"Alveus Blog Team","twitter_card":"summary_large_image","twitter_misc":{"Verfasst von":"Alveus Blog Team","Gesch\u00e4tzte Lesezeit":"9\u00a0Minuten"},"schema":{"@context":"https:\/\/schema.org","@graph":[{"@type":"Article","@id":"https:\/\/www.alveus.eu\/de\/blog\/bio-wintertees\/#article","isPartOf":{"@id":"https:\/\/www.alveus.eu\/de\/blog\/bio-wintertees\/"},"author":{"name":"Alveus Blog Team","@id":"https:\/\/www.alveus.eu\/de#\/schema\/person\/6864b22051c6c128b3c72edaeac35855"},"headline":"Die beliebtesten funktionellen Bio-Tees f\u00fcr den Winter","datePublished":"2026-01-28T14:45:09+00:00","dateModified":"2026-01-28T14:49:23+00:00","mainEntityOfPage":{"@id":"https:\/\/www.alveus.eu\/de\/blog\/bio-wintertees\/"},"wordCount":1764,"commentCount":0,"publisher":{"@id":"https:\/\/www.alveus.eu\/de#organization"},"image":{"@id":"https:\/\/www.alveus.eu\/de\/blog\/bio-wintertees\/#primaryimage"},"thumbnailUrl":"https:\/\/www.alveus.eu\/wp-content\/uploads\/109_a.jpg","articleSection":["Teewissen"],"inLanguage":"de","potentialAction":[{"@type":"CommentAction","name":"Comment","target":["https:\/\/www.alveus.eu\/de\/blog\/bio-wintertees\/#respond"]}]},{"@type":"WebPage","@id":"https:\/\/www.alveus.eu\/de\/blog\/bio-wintertees\/","url":"https:\/\/www.alveus.eu\/de\/blog\/bio-wintertees\/","name":"Die beliebtesten funktionellen Bio-Tees f\u00fcr den Winter | Alveus","isPartOf":{"@id":"https:\/\/www.alveus.eu\/de#website"},"primaryImageOfPage":{"@id":"https:\/\/www.alveus.eu\/de\/blog\/bio-wintertees\/#primaryimage"},"image":{"@id":"https:\/\/www.alveus.eu\/de\/blog\/bio-wintertees\/#primaryimage"},"thumbnailUrl":"https:\/\/www.alveus.eu\/wp-content\/uploads\/109_a.jpg","datePublished":"2026-01-28T14:45:09+00:00","dateModified":"2026-01-28T14:49:23+00:00","description":"Die meistverkauften Bio-Wintertees und Mischungen \u2013 eine \u00dcbersicht nach Geschmack, Tageszeit des Konsums und Kundenprofil.","breadcrumb":{"@id":"https:\/\/www.alveus.eu\/de\/blog\/bio-wintertees\/#breadcrumb"},"inLanguage":"de","potentialAction":[{"@type":"ReadAction","target":["https:\/\/www.alveus.eu\/de\/blog\/bio-wintertees\/"]}]},{"@type":"ImageObject","inLanguage":"de","@id":"https:\/\/www.alveus.eu\/de\/blog\/bio-wintertees\/#primaryimage","url":"https:\/\/www.alveus.eu\/wp-content\/uploads\/109_a.jpg","contentUrl":"https:\/\/www.alveus.eu\/wp-content\/uploads\/109_a.jpg","width":900,"height":600,"caption":"Fassade eines Teeladens im Winter"},{"@type":"BreadcrumbList","@id":"https:\/\/www.alveus.eu\/de\/blog\/bio-wintertees\/#breadcrumb","itemListElement":[{"@type":"ListItem","position":1,"name":"Home","item":"https:\/\/www.alveus.eu\/de"},{"@type":"ListItem","position":2,"name":"Teewissen","item":"https:\/\/www.alveus.eu\/de\/blog\/category\/teewissen\/"},{"@type":"ListItem","position":3,"name":"Die beliebtesten funktionellen Bio-Tees f\u00fcr den Winter"}]},{"@type":"WebSite","@id":"https:\/\/www.alveus.eu\/de#website","url":"https:\/\/www.alveus.eu\/de","name":"Alveus","description":"","publisher":{"@id":"https:\/\/www.alveus.eu\/de#organization"},"potentialAction":[{"@type":"SearchAction","target":{"@type":"EntryPoint","urlTemplate":"https:\/\/www.alveus.eu\/de?s={search_term_string}"},"query-input":{"@type":"PropertyValueSpecification","valueRequired":true,"valueName":"search_term_string"}}],"inLanguage":"de"},{"@type":"Organization","@id":"https:\/\/www.alveus.eu\/de#organization","name":"Alveus","alternateName":"Alveus Premium Teas","url":"https:\/\/www.alveus.eu\/de","logo":{"@type":"ImageObject","inLanguage":"de","@id":"https:\/\/www.alveus.eu\/de#\/schema\/logo\/image\/","url":"https:\/\/www.alveus.eu\/wp-content\/uploads\/2023\/07\/alveus-logo-primary.png","contentUrl":"https:\/\/www.alveus.eu\/wp-content\/uploads\/2023\/07\/alveus-logo-primary.png","width":248,"height":248,"caption":"Alveus"},"image":{"@id":"https:\/\/www.alveus.eu\/de#\/schema\/logo\/image\/"},"sameAs":["https:\/\/www.facebook.com\/alveusinternational\/","https:\/\/www.instagram.com\/alveustea\/","https:\/\/de.linkedin.com\/company\/alveustea"]},{"@type":"Person","@id":"https:\/\/www.alveus.eu\/de#\/schema\/person\/6864b22051c6c128b3c72edaeac35855","name":"Alveus Blog Team","image":{"@type":"ImageObject","inLanguage":"de","@id":"https:\/\/secure.gravatar.com\/avatar\/f951c832a9809c8d01d2ce4fa8bb10716ac4997c3cf93244fa19413f7d28b08e?s=96&d=mm&r=g","url":"https:\/\/secure.gravatar.com\/avatar\/f951c832a9809c8d01d2ce4fa8bb10716ac4997c3cf93244fa19413f7d28b08e?s=96&d=mm&r=g","contentUrl":"https:\/\/secure.gravatar.com\/avatar\/f951c832a9809c8d01d2ce4fa8bb10716ac4997c3cf93244fa19413f7d28b08e?s=96&d=mm&r=g","caption":"Alveus Blog Team"},"description":"Editorial team formed by tea professionals from different countries. We are driven by our passion for tea and the dissemination of its culture.","sameAs":["https:\/\/www.alveus.eu\/"]}]}},"_links":{"self":[{"href":"https:\/\/www.alveus.eu\/de\/wp-json\/wp\/v2\/posts\/59808","targetHints":{"allow":["GET"]}}],"collection":[{"href":"https:\/\/www.alveus.eu\/de\/wp-json\/wp\/v2\/posts"}],"about":[{"href":"https:\/\/www.alveus.eu\/de\/wp-json\/wp\/v2\/types\/post"}],"author":[{"embeddable":true,"href":"https:\/\/www.alveus.eu\/de\/wp-json\/wp\/v2\/users\/11"}],"replies":[{"embeddable":true,"href":"https:\/\/www.alveus.eu\/de\/wp-json\/wp\/v2\/comments?post=59808"}],"version-history":[{"count":4,"href":"https:\/\/www.alveus.eu\/de\/wp-json\/wp\/v2\/posts\/59808\/revisions"}],"predecessor-version":[{"id":59826,"href":"https:\/\/www.alveus.eu\/de\/wp-json\/wp\/v2\/posts\/59808\/revisions\/59826"}],"wp:featuredmedia":[{"embeddable":true,"href":"https:\/\/www.alveus.eu\/de\/wp-json\/wp\/v2\/media\/59749"}],"wp:attachment":[{"href":"https:\/\/www.alveus.eu\/de\/wp-json\/wp\/v2\/media?parent=59808"}],"wp:term":[{"taxonomy":"category","embeddable":true,"href":"https:\/\/www.alveus.eu\/de\/wp-json\/wp\/v2\/categories?post=59808"},{"taxonomy":"post_tag","embeddable":true,"href":"https:\/\/www.alveus.eu\/de\/wp-json\/wp\/v2\/tags?post=59808"}],"curies":[{"name":"wp","href":"https:\/\/api.w.org\/{rel}","templated":true}]}}