{"id":60050,"date":"2026-02-20T12:57:05","date_gmt":"2026-02-20T11:57:05","guid":{"rendered":"https:\/\/www.alveus.eu\/?p=60050"},"modified":"2026-02-20T12:57:45","modified_gmt":"2026-02-20T11:57:45","slug":"was-ist-kardamom","status":"publish","type":"post","link":"https:\/\/www.alveus.eu\/de\/blog\/was-ist-kardamom\/","title":{"rendered":"Kardamom: das Gew\u00fcrz, das Teemischungen verfeinert"},"content":{"rendered":"\t\t<div data-elementor-type=\"wp-post\" data-elementor-id=\"60050\" class=\"elementor elementor-60050 elementor-60007\" data-elementor-post-type=\"post\">\n\t\t\t\t<div class=\"elementor-element elementor-element-ec48546 e-con-full e-flex e-con e-parent\" data-id=\"ec48546\" data-element_type=\"container\" data-e-type=\"container\">\n\t\t\t\t<div class=\"elementor-element elementor-element-5629397 elementor-widget elementor-widget-text-editor\" data-id=\"5629397\" data-element_type=\"widget\" data-e-type=\"widget\" data-widget_type=\"text-editor.default\">\n\t\t\t\t<div class=\"elementor-widget-container\">\n\t\t\t\t\t\t\t\t\t<p><span style=\"font-weight: 400;\">Kardamom geh\u00f6rt zu den weltweit von Teeliebhabern besonders gesch\u00e4tzten Gew\u00fcrzen. Seine Nachfrage ist dank seiner Vielseitigkeit, seines einzigartigen Aromaprofiles und seiner F\u00e4higkeit, jede Mischung aus Tee, Kr\u00e4utern und Gew\u00fcrzen zu verwandeln, stetig gestiegen.\u00a0<\/span><\/p><p><span style=\"font-weight: 400;\">In diesem Leitfaden werden wir seinen Ursprung, seine botanischen Eigenschaften, seine am h\u00e4ufigsten verwendeten Sorten, seinen Geschmack und seine Verwendung in Mischungen untersuchen.<\/span><\/p>\t\t\t\t\t\t\t\t<\/div>\n\t\t\t\t<\/div>\n\t\t\t\t<div class=\"elementor-element elementor-element-81850a7 elementor-toc--minimized-on-tablet elementor-widget elementor-widget-table-of-contents\" data-id=\"81850a7\" data-element_type=\"widget\" data-e-type=\"widget\" data-settings=\"{&quot;headings_by_tags&quot;:[&quot;h2&quot;],&quot;exclude_headings_by_selector&quot;:&quot;.elementor-grid .elementor-heading-title&quot;,&quot;no_headings_message&quot;:&quot;No headings were found on this page.&quot;,&quot;marker_view&quot;:&quot;numbers&quot;,&quot;minimize_box&quot;:&quot;yes&quot;,&quot;minimized_on&quot;:&quot;tablet&quot;,&quot;hierarchical_view&quot;:&quot;yes&quot;,&quot;min_height&quot;:{&quot;unit&quot;:&quot;px&quot;,&quot;size&quot;:&quot;&quot;,&quot;sizes&quot;:[]},&quot;min_height_tablet&quot;:{&quot;unit&quot;:&quot;px&quot;,&quot;size&quot;:&quot;&quot;,&quot;sizes&quot;:[]},&quot;min_height_mobile&quot;:{&quot;unit&quot;:&quot;px&quot;,&quot;size&quot;:&quot;&quot;,&quot;sizes&quot;:[]}}\" data-widget_type=\"table-of-contents.default\">\n\t\t\t\t<div class=\"elementor-widget-container\">\n\t\t\t\t\t\t\t\t\t<div class=\"elementor-toc__header\">\n\t\t\t\t\t\t<div class=\"elementor-toc__header-title\">\n\t\t\t\tInhalt\t\t\t<\/div>\n\t\t\t\t\t\t\t\t\t\t<div class=\"elementor-toc__toggle-button elementor-toc__toggle-button--expand\" role=\"button\" tabindex=\"0\" aria-controls=\"elementor-toc__81850a7\" aria-expanded=\"true\" aria-label=\"Inhaltsverzeichnis \u00f6ffnen\"><i aria-hidden=\"true\" class=\"alveus alveus-arrow\"><\/i><\/div>\n\t\t\t\t<div class=\"elementor-toc__toggle-button elementor-toc__toggle-button--collapse\" role=\"button\" tabindex=\"0\" aria-controls=\"elementor-toc__81850a7\" aria-expanded=\"true\" aria-label=\"Inhaltsverzeichnis schlie\u00dfen\"><i aria-hidden=\"true\" class=\"alveus alveus-close\"><\/i><\/div>\n\t\t\t\t\t<\/div>\n\t\t\t\t<div id=\"elementor-toc__81850a7\" class=\"elementor-toc__body\">\n\t\t\t<div class=\"elementor-toc__spinner-container\">\n\t\t\t\t<i class=\"elementor-toc__spinner eicon-animation-spin eicon-loading\" aria-hidden=\"true\"><\/i>\t\t\t<\/div>\n\t\t<\/div>\n\t\t\t\t\t\t<\/div>\n\t\t\t\t<\/div>\n\t\t\t\t<div class=\"elementor-element elementor-element-aeb460f elementor-widget elementor-widget-heading\" data-id=\"aeb460f\" data-element_type=\"widget\" data-e-type=\"widget\" data-widget_type=\"heading.default\">\n\t\t\t\t<div class=\"elementor-widget-container\">\n\t\t\t\t\t<h2 class=\"elementor-heading-title elementor-size-default\">Was ist Kardamom?\n\n<\/h2>\t\t\t\t<\/div>\n\t\t\t\t<\/div>\n\t\t\t\t<div class=\"elementor-element elementor-element-9fe3550 elementor-widget elementor-widget-image\" data-id=\"9fe3550\" data-element_type=\"widget\" data-e-type=\"widget\" data-widget_type=\"image.default\">\n\t\t\t\t<div class=\"elementor-widget-container\">\n\t\t\t\t\t\t\t\t\t\t\t\t\t\t\t<img fetchpriority=\"high\" decoding=\"async\" width=\"900\" height=\"600\" src=\"https:\/\/www.alveus.eu\/wp-content\/uploads\/112_a-2.jpg\" class=\"attachment-large size-large wp-image-60031\" alt=\"Kardamompflanze\" srcset=\"https:\/\/www.alveus.eu\/wp-content\/uploads\/112_a-2.jpg 900w, https:\/\/www.alveus.eu\/wp-content\/uploads\/112_a-2-300x200.jpg 300w, https:\/\/www.alveus.eu\/wp-content\/uploads\/112_a-2-768x512.jpg 768w\" sizes=\"(max-width: 900px) 100vw, 900px\" \/>\t\t\t\t\t\t\t\t\t\t\t\t\t\t\t<\/div>\n\t\t\t\t<\/div>\n\t\t\t\t<div class=\"elementor-element elementor-element-deddede elementor-widget elementor-widget-text-editor\" data-id=\"deddede\" data-element_type=\"widget\" data-e-type=\"widget\" data-widget_type=\"text-editor.default\">\n\t\t\t\t<div class=\"elementor-widget-container\">\n\t\t\t\t\t\t\t\t\t<p><span style=\"font-weight: 400;\">Kardamom <\/span><b>(Elettaria cardamomum) <\/b><span style=\"font-weight: 400;\">ist ein <\/span><b>aromatisches Gew\u00fcrz mit einem unverwechselbaren Geruchs- und Geschmacksprofil<\/b><span style=\"font-weight: 400;\">, das es zu einer unverzichtbaren Zutat sowohl in der Gastronomie als auch in der Teebranche gemacht hat.\u00a0<\/span><\/p><p><span style=\"font-weight: 400;\">Es wird aus den Kapseln oder H\u00fclsen von Pflanzen der Gattungen Elettaria und Amomum gewonnen, die zur Familie der Zingiberaceae geh\u00f6ren, zu der auch Ingwer und Kurkuma geh\u00f6ren.\u00a0<\/span><\/p><p><span style=\"font-weight: 400;\">Sein frisches, warmes und leicht zitrusartiges Geschmacksprofil hat es zu einem Markenzeichen traditioneller Mischungen gemacht und inspiriert weiterhin die Kreativit\u00e4t bei modernen Rezepturen f\u00fcr Tees und Premium Mischungen.<\/span><\/p>\t\t\t\t\t\t\t\t<\/div>\n\t\t\t\t<\/div>\n\t\t\t\t<div class=\"elementor-element elementor-element-d71a9ea elementor-widget elementor-widget-heading\" data-id=\"d71a9ea\" data-element_type=\"widget\" data-e-type=\"widget\" data-widget_type=\"heading.default\">\n\t\t\t\t<div class=\"elementor-widget-container\">\n\t\t\t\t\t<h2 class=\"elementor-heading-title elementor-size-default\">Hintergrund, Herkunft und historische Entwicklung\n<\/h2>\t\t\t\t<\/div>\n\t\t\t\t<\/div>\n\t\t\t\t<div class=\"elementor-element elementor-element-4f8e3e0 elementor-widget elementor-widget-text-editor\" data-id=\"4f8e3e0\" data-element_type=\"widget\" data-e-type=\"widget\" data-widget_type=\"text-editor.default\">\n\t\t\t\t<div class=\"elementor-widget-container\">\n\t\t\t\t\t\t\t\t\t<p><span style=\"font-weight: 400;\">Kardamom stammt urspr\u00fcnglich aus den Regenw\u00e4ldern S\u00fcdindiens, insbesondere aus den Westghats, und aus Sri Lanka. Diese Regionen zeichnen sich durch ihre Artenvielfalt und einzigartigen klimatischen Bedingungen aus.\u00a0<\/span><\/p><p><span style=\"font-weight: 400;\">Von diesen Regionen aus verbreitete sich das Gew\u00fcrz entlang alter Handelswege zun\u00e4chst nach Burma und S\u00fcdostasien und sp\u00e4ter in den Nahen Osten und nach Europa.\u00a0<\/span><\/p>\t\t\t\t\t\t\t\t<\/div>\n\t\t\t\t<\/div>\n\t\t<div class=\"elementor-element elementor-element-41e3ce9 e-flex e-con-boxed e-con e-child\" data-id=\"41e3ce9\" data-element_type=\"container\" data-e-type=\"container\" data-settings=\"{&quot;background_background&quot;:&quot;classic&quot;}\">\n\t\t\t\t\t<div class=\"e-con-inner\">\n\t\t\t\t<div class=\"elementor-element elementor-element-05d6455 elementor-widget__width-initial elementor-widget-mobile__width-inherit elementor-view-default elementor-widget elementor-widget-icon\" data-id=\"05d6455\" data-element_type=\"widget\" data-e-type=\"widget\" data-widget_type=\"icon.default\">\n\t\t\t\t<div class=\"elementor-widget-container\">\n\t\t\t\t\t\t\t<div class=\"elementor-icon-wrapper\">\n\t\t\t<div class=\"elementor-icon\">\n\t\t\t<svg xmlns=\"http:\/\/www.w3.org\/2000\/svg\" id=\"Layer_2\" data-name=\"Layer 2\" viewBox=\"0 0 192 192\"><defs><style> .cls-1 { fill: none; } .cls-2 { fill: #1d1d1b; } <\/style><\/defs><g id=\"medida\"><g><rect class=\"cls-1\" width=\"192\" height=\"192\"><\/rect><g><path class=\"cls-2\" d=\"M50.98,81.76h-15.81c-1.93,0-3.5,1.57-3.5,3.5s1.57,3.5,3.5,3.5h15.81c1.93,0,3.5-1.57,3.5-3.5s-1.57-3.5-3.5-3.5Z\"><\/path><path class=\"cls-2\" d=\"M64.9,53.79c1.37-1.37,1.37-3.58,0-4.95l-10.12-10.12c-1.37-1.37-3.58-1.37-4.95,0-1.37,1.37-1.37,3.58,0,4.95l10.12,10.12c.68,.68,1.58,1.03,2.47,1.03s1.79-.34,2.47-1.03Z\"><\/path><path class=\"cls-2\" d=\"M145.27,38.72c-1.37-1.37-3.58-1.37-4.95,0l-10.12,10.12c-1.37,1.37-1.37,3.58,0,4.95,.68,.68,1.58,1.03,2.47,1.03s1.79-.34,2.47-1.03l10.12-10.12c1.37-1.37,1.37-3.58,0-4.95Z\"><\/path><path class=\"cls-2\" d=\"M97.75,42c1.93,0,3.5-1.57,3.5-3.5v-14.15c0-1.93-1.57-3.5-3.5-3.5s-3.5,1.57-3.5,3.5v14.15c0,1.93,1.57,3.5,3.5,3.5Z\"><\/path><path class=\"cls-2\" d=\"M156.83,81.76h-14.03c-1.93,0-3.5,1.57-3.5,3.5s1.57,3.5,3.5,3.5h14.03c1.93,0,3.5-1.57,3.5-3.5s-1.57-3.5-3.5-3.5Z\"><\/path><path class=\"cls-2\" d=\"M97.75,48.42c-19.84,0-35.98,16.14-35.98,35.98,0,5.06,.99,9.78,3.03,14.44,.96,2.2,2.35,4.65,3.82,7.25,2.14,3.78,4.57,8.07,5.66,11.69,5.01,16.67,2.59,32.29,2.56,32.45l-.05,.56c0,11.22,9.13,20.36,20.36,20.36s20.36-9.13,20.36-20.36l-.04-.56c-.01-.09-.83-5.44-.21-13.48,.08-.29,.13-.58,.13-.89,0-.1-.02-.19-.03-.29,.48-5.16,1.55-11.3,3.76-17.81,1.37-4.04,4.12-8.95,6.55-13.28,1.09-1.95,2.12-3.79,2.96-5.44,2.75-5.36,3.12-10.41,3.12-14.64,0-19.84-16.14-35.98-35.98-35.98Zm12.3,90.94c-.16,4.07,0,7.32,.19,9.41h-26.18c.21-2.1,.44-5.36,.39-9.41h25.6Zm-12.91,24.79c-5.6,0-10.4-3.48-12.38-8.38h24.76c-1.98,4.9-6.78,8.38-12.38,8.38Zm27.24-68.3c-.79,1.54-1.79,3.32-2.84,5.21-2.57,4.6-5.49,9.8-7.07,14.45-2.06,6.07-3.23,11.82-3.85,16.86h-9.68c.34-.54,.54-1.17,.54-1.86v-19.97c5.79-1.55,10.07-6.82,10.07-13.1,0-1.93-1.57-3.5-3.5-3.5s-3.5,1.57-3.5,3.5c0,3.62-2.95,6.57-6.57,6.57s-6.57-2.95-6.57-6.57c0-1.93-1.57-3.5-3.5-3.5s-3.5,1.57-3.5,3.5c0,6.27,4.28,11.55,10.07,13.1v19.97c0,.68,.2,1.32,.54,1.86h-10.93c-.44-5.05-1.37-10.74-3.14-16.6-1.31-4.37-3.95-9.02-6.27-13.12-1.38-2.44-2.68-4.74-3.5-6.6-1.64-3.76-2.44-7.56-2.44-11.64,0-15.98,13-28.98,28.98-28.98s28.98,13,28.98,28.98c0,4.87-.68,8.19-2.35,11.45Z\"><\/path><\/g><\/g><\/g><\/svg>\t\t\t<\/div>\n\t\t<\/div>\n\t\t\t\t\t\t<\/div>\n\t\t\t\t<\/div>\n\t\t\t\t<div class=\"elementor-element elementor-element-eb27c75 elementor-widget__width-inherit elementor-widget elementor-widget-heading\" data-id=\"eb27c75\" data-element_type=\"widget\" data-e-type=\"widget\" data-widget_type=\"heading.default\">\n\t\t\t\t<div class=\"elementor-widget-container\">\n\t\t\t\t\t<span class=\"elementor-heading-title elementor-size-default\">Im Laufe der Geschichte war Kardamom ein Symbol f\u00fcr Prestige und Macht. An den K\u00f6nigsh\u00f6fen Asiens und des Nahen Ostens galt es als Zeichen von Gastfreundschaft und Luxus, w\u00e4hrend sein Duft in der Parf\u00fcmerie und in Aromamischungen als besonders wertvoll gesch\u00e4tzt wurde.\n<\/span>\t\t\t\t<\/div>\n\t\t\t\t<\/div>\n\t\t\t\t\t<\/div>\n\t\t\t\t<\/div>\n\t\t\t\t<div class=\"elementor-element elementor-element-cc293e0 elementor-widget elementor-widget-text-editor\" data-id=\"cc293e0\" data-element_type=\"widget\" data-e-type=\"widget\" data-widget_type=\"text-editor.default\">\n\t\t\t\t<div class=\"elementor-widget-container\">\n\t\t\t\t\t\t\t\t\t<p><span style=\"font-weight: 400;\">Im Mittelalter wurde Kardamom zu einem Motor des Gew\u00fcrzhandels und gelangte \u00fcber arabische Handelswege nach Europa, wo es bald in Backwaren und Hei\u00dfgetr\u00e4nken Verwendung fand.\u00a0<\/span><\/p>\t\t\t\t\t\t\t\t<\/div>\n\t\t\t\t<\/div>\n\t\t\t\t<div class=\"elementor-element elementor-element-86c61a3 elementor-widget elementor-widget-heading\" data-id=\"86c61a3\" data-element_type=\"widget\" data-e-type=\"widget\" data-widget_type=\"heading.default\">\n\t\t\t\t<div class=\"elementor-widget-container\">\n\t\t\t\t\t<h3 class=\"elementor-heading-title elementor-size-default\">Kardamom im Ayurveda\n<\/h3>\t\t\t\t<\/div>\n\t\t\t\t<\/div>\n\t\t\t\t<div class=\"elementor-element elementor-element-e5f71a4 elementor-widget elementor-widget-text-editor\" data-id=\"e5f71a4\" data-element_type=\"widget\" data-e-type=\"widget\" data-widget_type=\"text-editor.default\">\n\t\t\t\t<div class=\"elementor-widget-container\">\n\t\t\t\t\t\t\t\t\t<p><span style=\"font-weight: 400;\">Kardamom ist seit Jahrtausenden ein zentraler Bestandteil des <\/span><b>Ayurveda<\/b><span style=\"font-weight: 400;\">, der traditionellen indischen Medizin. Er wurde wegen seiner Vielseitigkeit in Tees, Gew\u00fcrzgetr\u00e4nken und rituellen Zubereitungen gesch\u00e4tzt.\u00a0<\/span><\/p><p><span style=\"font-weight: 400;\">In diesem Zusammenhang wurde <\/span><b>Kardamom im Ayurveda <\/b><span style=\"font-weight: 400;\">in traditionelle Rezepturen integriert, um Aromen zu verst\u00e4rken, Mischungen auszugleichen, die Verdauung zu f\u00f6rdern und sensorische Nuancen zu verleihen.\u00a0<\/span><\/p>\t\t\t\t\t\t\t\t<\/div>\n\t\t\t\t<\/div>\n\t\t\t\t<div class=\"elementor-element elementor-element-3e50bca elementor-widget elementor-widget-heading\" data-id=\"3e50bca\" data-element_type=\"widget\" data-e-type=\"widget\" data-widget_type=\"heading.default\">\n\t\t\t\t<div class=\"elementor-widget-container\">\n\t\t\t\t\t<h2 class=\"elementor-heading-title elementor-size-default\">Botanische Eigenschaften von Kardamom\n<\/h2>\t\t\t\t<\/div>\n\t\t\t\t<\/div>\n\t\t\t\t<div class=\"elementor-element elementor-element-f7faf32 elementor-widget elementor-widget-text-editor\" data-id=\"f7faf32\" data-element_type=\"widget\" data-e-type=\"widget\" data-widget_type=\"text-editor.default\">\n\t\t\t\t<div class=\"elementor-widget-container\">\n\t\t\t\t\t\t\t\t\t<p><span style=\"font-weight: 400;\">Kardamom ist eine mehrj\u00e4hrige Pflanze aus der Familie <\/span><b>der Zingiberaceae<\/b><span style=\"font-weight: 400;\">, die in dichten B\u00fcscheln w\u00e4chst und starke Rhizome entwickelt, die ihre St\u00e4ngel und Bl\u00e4tter st\u00fctzen. Sie wird in feuchten tropischen Klimazonen mit Halbschatten und n\u00e4hrstoffreichen B\u00f6den angebaut; Bedingungen, die dazu beitragen, dass ihre Samen ihr charakteristisches Aroma entwickeln.<\/span><\/p><p><span style=\"font-weight: 400;\">Einige ihrer herausragendsten Merkmale sind:<\/span><\/p><ul><li style=\"font-weight: 400;\" aria-level=\"1\"><b>Bl\u00e4tter<\/b><span style=\"font-weight: 400;\">: lang, lanzettf\u00f6rmig, gr\u00fcn und aromatisch.<\/span><\/li><li style=\"font-weight: 400;\" aria-level=\"1\"><b>Bl\u00fcten<\/b><span style=\"font-weight: 400;\">: zwittrig, gr\u00fcnlich mit wei\u00dfen und violetten Details.<\/span><\/li><li style=\"font-weight: 400;\" aria-level=\"1\"><b>Frucht<\/b><span style=\"font-weight: 400;\">: Dreikammerige Kapsel (1\u20132\u202fcm), enth\u00e4lt 10\u201320 Kardamomsamen. Die Samen sind verantwortlich f\u00fcr das intensive Aroma.<\/span><\/li><\/ul><p><span style=\"font-weight: 400;\">Der Produktionszyklus von Kardamom ist relativ lang, da die Pflanze etwa drei Jahre braucht, um qualitativ hochwertige Fr\u00fcchte zu produzieren. Diese Kombination aus langsamem Wachstum, manueller Pflege bei der Ernte und botanischen Besonderheiten <\/span><b>tr\u00e4gt zu seiner Exklusivit\u00e4t und seinem Wert <\/b><span style=\"font-weight: 400;\">auf dem Markt <\/span><b>bei<\/b><span style=\"font-weight: 400;\">.<\/span><\/p>\t\t\t\t\t\t\t\t<\/div>\n\t\t\t\t<\/div>\n\t\t\t\t<div class=\"elementor-element elementor-element-e52c8a4 elementor-widget elementor-widget-image\" data-id=\"e52c8a4\" data-element_type=\"widget\" data-e-type=\"widget\" data-widget_type=\"image.default\">\n\t\t\t\t<div class=\"elementor-widget-container\">\n\t\t\t\t\t\t\t\t\t\t\t\t\t\t\t<img decoding=\"async\" width=\"1000\" height=\"738\" src=\"https:\/\/www.alveus.eu\/wp-content\/uploads\/112_b.png\" class=\"attachment-large size-large wp-image-60026\" alt=\"Taxonomie des Kardamoms\" srcset=\"https:\/\/www.alveus.eu\/wp-content\/uploads\/112_b.png 1000w, https:\/\/www.alveus.eu\/wp-content\/uploads\/112_b-300x221.png 300w, https:\/\/www.alveus.eu\/wp-content\/uploads\/112_b-768x567.png 768w\" sizes=\"(max-width: 1000px) 100vw, 1000px\" \/>\t\t\t\t\t\t\t\t\t\t\t\t\t\t\t<\/div>\n\t\t\t\t<\/div>\n\t\t\t\t<div class=\"elementor-element elementor-element-541f309 elementor-widget elementor-widget-heading\" data-id=\"541f309\" data-element_type=\"widget\" data-e-type=\"widget\" data-widget_type=\"heading.default\">\n\t\t\t\t<div class=\"elementor-widget-container\">\n\t\t\t\t\t<h2 class=\"elementor-heading-title elementor-size-default\">Phytochemische Zusammensetzung und Wirkstoffe\n<\/h2>\t\t\t\t<\/div>\n\t\t\t\t<\/div>\n\t\t\t\t<div class=\"elementor-element elementor-element-2b327b4 elementor-widget elementor-widget-text-editor\" data-id=\"2b327b4\" data-element_type=\"widget\" data-e-type=\"widget\" data-widget_type=\"text-editor.default\">\n\t\t\t\t<div class=\"elementor-widget-container\">\n\t\t\t\t\t\t\t\t\t<p><span style=\"font-weight: 400;\">Kardamom verdankt sein einzigartiges Aroma komplexen Verbindungen, die in seinen Samen enthalten sind. Am bedeutendsten sind die <\/span><b>\u00e4therischen \u00d6le<\/b><span style=\"font-weight: 400;\">, darunter 1,8-Cineol (Eukalyptol), Terpinylacetat, Linalool, Limonen und Sabinen.\u00a0<\/span><\/p><p><span style=\"font-weight: 400;\">Der Anteil dieser Verbindungen kann je nach Art, Anbaugebiet, Erntezeitpunkt und Trocknungsmethode variieren, was sich auf das Aroma und den Geschmack der fertigen Tees auswirkt.<\/span><\/p><p><span style=\"font-weight: 400;\">Dar\u00fcber hinaus enth\u00e4lt Kardamom <\/span><b>Flavonoide, Sterole und Saponine<\/b><span style=\"font-weight: 400;\">, die f\u00fcr zus\u00e4tzliche Komplexit\u00e4t und aromatische Nuancen sorgen.\u00a0<\/span><\/p>\t\t\t\t\t\t\t\t<\/div>\n\t\t\t\t<\/div>\n\t\t\t\t<div class=\"elementor-element elementor-element-6abbd7b elementor-widget elementor-widget-heading\" data-id=\"6abbd7b\" data-element_type=\"widget\" data-e-type=\"widget\" data-widget_type=\"heading.default\">\n\t\t\t\t<div class=\"elementor-widget-container\">\n\t\t\t\t\t<h2 class=\"elementor-heading-title elementor-size-default\">Aktuelle Kardamomproduktion\n<\/h2>\t\t\t\t<\/div>\n\t\t\t\t<\/div>\n\t\t\t\t<div class=\"elementor-element elementor-element-ebc64e0 elementor-widget elementor-widget-text-editor\" data-id=\"ebc64e0\" data-element_type=\"widget\" data-e-type=\"widget\" data-widget_type=\"text-editor.default\">\n\t\t\t\t<div class=\"elementor-widget-container\">\n\t\t\t\t\t\t\t\t\t<p><span style=\"font-weight: 400;\">Derzeit geh\u00f6ren <\/span><b>Indien, Guatemala, Sri Lanka, Tansania und Vietnam <\/b><span style=\"font-weight: 400;\">zu den wichtigsten Anbaugebieten, wobei jede Region dem Endprodukt unterschiedliche Nuancen verleiht.\u00a0<\/span><\/p><p><span style=\"font-weight: 400;\">In Indien produzieren die Anbaugebiete der Westghats Kardamom mit einem frischen, harzigen Aroma. W\u00e4hrend der industrialisierte Anbau in Guatemala tendenziell gr\u00f6\u00dfere und gleichm\u00e4\u00dfigere Schoten hervorbringt und ein intensives, stabiles Aromaprofil aufweist.<\/span><\/p><p><span style=\"font-weight: 400;\">Die Kardamomproduktion erfordert sehr manuelle Prozesse, was bedeutet, dass jede Charge sowohl die geografischen Gegebenheiten als auch die Sorgfalt des Erzeugers widerspiegelt.<\/span><\/p>\t\t\t\t\t\t\t\t<\/div>\n\t\t\t\t<\/div>\n\t\t<div class=\"elementor-element elementor-element-e691b0b e-flex e-con-boxed e-con e-child\" data-id=\"e691b0b\" data-element_type=\"container\" data-e-type=\"container\" data-settings=\"{&quot;background_background&quot;:&quot;classic&quot;}\">\n\t\t\t\t\t<div class=\"e-con-inner\">\n\t\t\t\t<div class=\"elementor-element elementor-element-873f0d4 elementor-widget__width-initial elementor-widget-mobile__width-inherit elementor-view-default elementor-widget elementor-widget-icon\" data-id=\"873f0d4\" data-element_type=\"widget\" data-e-type=\"widget\" data-widget_type=\"icon.default\">\n\t\t\t\t<div class=\"elementor-widget-container\">\n\t\t\t\t\t\t\t<div class=\"elementor-icon-wrapper\">\n\t\t\t<div class=\"elementor-icon\">\n\t\t\t<svg xmlns=\"http:\/\/www.w3.org\/2000\/svg\" id=\"Layer_2\" data-name=\"Layer 2\" viewBox=\"0 0 192 192\"><defs><style> .cls-1 { fill: none; } .cls-2 { fill: #1d1d1b; } <\/style><\/defs><g id=\"medida\"><g><rect class=\"cls-1\" width=\"192\" height=\"192\"><\/rect><g><path class=\"cls-2\" d=\"M50.98,81.76h-15.81c-1.93,0-3.5,1.57-3.5,3.5s1.57,3.5,3.5,3.5h15.81c1.93,0,3.5-1.57,3.5-3.5s-1.57-3.5-3.5-3.5Z\"><\/path><path class=\"cls-2\" d=\"M64.9,53.79c1.37-1.37,1.37-3.58,0-4.95l-10.12-10.12c-1.37-1.37-3.58-1.37-4.95,0-1.37,1.37-1.37,3.58,0,4.95l10.12,10.12c.68,.68,1.58,1.03,2.47,1.03s1.79-.34,2.47-1.03Z\"><\/path><path class=\"cls-2\" d=\"M145.27,38.72c-1.37-1.37-3.58-1.37-4.95,0l-10.12,10.12c-1.37,1.37-1.37,3.58,0,4.95,.68,.68,1.58,1.03,2.47,1.03s1.79-.34,2.47-1.03l10.12-10.12c1.37-1.37,1.37-3.58,0-4.95Z\"><\/path><path class=\"cls-2\" d=\"M97.75,42c1.93,0,3.5-1.57,3.5-3.5v-14.15c0-1.93-1.57-3.5-3.5-3.5s-3.5,1.57-3.5,3.5v14.15c0,1.93,1.57,3.5,3.5,3.5Z\"><\/path><path class=\"cls-2\" d=\"M156.83,81.76h-14.03c-1.93,0-3.5,1.57-3.5,3.5s1.57,3.5,3.5,3.5h14.03c1.93,0,3.5-1.57,3.5-3.5s-1.57-3.5-3.5-3.5Z\"><\/path><path class=\"cls-2\" d=\"M97.75,48.42c-19.84,0-35.98,16.14-35.98,35.98,0,5.06,.99,9.78,3.03,14.44,.96,2.2,2.35,4.65,3.82,7.25,2.14,3.78,4.57,8.07,5.66,11.69,5.01,16.67,2.59,32.29,2.56,32.45l-.05,.56c0,11.22,9.13,20.36,20.36,20.36s20.36-9.13,20.36-20.36l-.04-.56c-.01-.09-.83-5.44-.21-13.48,.08-.29,.13-.58,.13-.89,0-.1-.02-.19-.03-.29,.48-5.16,1.55-11.3,3.76-17.81,1.37-4.04,4.12-8.95,6.55-13.28,1.09-1.95,2.12-3.79,2.96-5.44,2.75-5.36,3.12-10.41,3.12-14.64,0-19.84-16.14-35.98-35.98-35.98Zm12.3,90.94c-.16,4.07,0,7.32,.19,9.41h-26.18c.21-2.1,.44-5.36,.39-9.41h25.6Zm-12.91,24.79c-5.6,0-10.4-3.48-12.38-8.38h24.76c-1.98,4.9-6.78,8.38-12.38,8.38Zm27.24-68.3c-.79,1.54-1.79,3.32-2.84,5.21-2.57,4.6-5.49,9.8-7.07,14.45-2.06,6.07-3.23,11.82-3.85,16.86h-9.68c.34-.54,.54-1.17,.54-1.86v-19.97c5.79-1.55,10.07-6.82,10.07-13.1,0-1.93-1.57-3.5-3.5-3.5s-3.5,1.57-3.5,3.5c0,3.62-2.95,6.57-6.57,6.57s-6.57-2.95-6.57-6.57c0-1.93-1.57-3.5-3.5-3.5s-3.5,1.57-3.5,3.5c0,6.27,4.28,11.55,10.07,13.1v19.97c0,.68,.2,1.32,.54,1.86h-10.93c-.44-5.05-1.37-10.74-3.14-16.6-1.31-4.37-3.95-9.02-6.27-13.12-1.38-2.44-2.68-4.74-3.5-6.6-1.64-3.76-2.44-7.56-2.44-11.64,0-15.98,13-28.98,28.98-28.98s28.98,13,28.98,28.98c0,4.87-.68,8.19-2.35,11.45Z\"><\/path><\/g><\/g><\/g><\/svg>\t\t\t<\/div>\n\t\t<\/div>\n\t\t\t\t\t\t<\/div>\n\t\t\t\t<\/div>\n\t\t\t\t<div class=\"elementor-element elementor-element-1987838 elementor-widget__width-inherit elementor-widget elementor-widget-heading\" data-id=\"1987838\" data-element_type=\"widget\" data-e-type=\"widget\" data-widget_type=\"heading.default\">\n\t\t\t\t<div class=\"elementor-widget-container\">\n\t\t\t\t\t<span class=\"elementor-heading-title elementor-size-default\">Produzenten in Indien und Guatemala wenden umweltfreundliche Anbaumethoden an, wodurch sie Kardamom anbieten k\u00f6nnen, der sensorische Qualit\u00e4t und R\u00fcckverfolgbarkeit vereint.\n<\/span>\t\t\t\t<\/div>\n\t\t\t\t<\/div>\n\t\t\t\t\t<\/div>\n\t\t\t\t<\/div>\n\t\t\t\t<div class=\"elementor-element elementor-element-07cd9b9 elementor-widget elementor-widget-heading\" data-id=\"07cd9b9\" data-element_type=\"widget\" data-e-type=\"widget\" data-widget_type=\"heading.default\">\n\t\t\t\t<div class=\"elementor-widget-container\">\n\t\t\t\t\t<h2 class=\"elementor-heading-title elementor-size-default\">Kardamom-Sorten\n<\/h2>\t\t\t\t<\/div>\n\t\t\t\t<\/div>\n\t\t\t\t<div class=\"elementor-element elementor-element-a934663 elementor-widget elementor-widget-text-editor\" data-id=\"a934663\" data-element_type=\"widget\" data-e-type=\"widget\" data-widget_type=\"text-editor.default\">\n\t\t\t\t<div class=\"elementor-widget-container\">\n\t\t\t\t\t\t\t\t\t<p><span style=\"font-weight: 400;\">Auf dem professionellen Markt sind die wichtigsten Kardamomarten:<\/span><\/p>\t\t\t\t\t\t\t\t<\/div>\n\t\t\t\t<\/div>\n\t\t\t\t<div class=\"elementor-element elementor-element-1844fed elementor-widget elementor-widget-heading\" data-id=\"1844fed\" data-element_type=\"widget\" data-e-type=\"widget\" data-widget_type=\"heading.default\">\n\t\t\t\t<div class=\"elementor-widget-container\">\n\t\t\t\t\t<h3 class=\"elementor-heading-title elementor-size-default\">Gr\u00fcner Kardamom (Elettaria cardamomum)\n<\/h3>\t\t\t\t<\/div>\n\t\t\t\t<\/div>\n\t\t\t\t<div class=\"elementor-element elementor-element-981c80e elementor-widget elementor-widget-text-editor\" data-id=\"981c80e\" data-element_type=\"widget\" data-e-type=\"widget\" data-widget_type=\"text-editor.default\">\n\t\t\t\t<div class=\"elementor-widget-container\">\n\t\t\t\t\t\t\t\t\t<ul><li style=\"font-weight: 400;\" aria-level=\"1\"><b>Herkunft und Anbau: <\/b><span style=\"font-weight: 400;\">Er kommt haupts\u00e4chlich in den Regenw\u00e4ldern S\u00fcdindiens (insbesondere Kerala und Karnataka) und Sri Lankas vor. Sein Anbau erfordert Halbschatten, n\u00e4hrstoffreiche B\u00f6den und konstante Feuchtigkeit.<\/span><\/li><li style=\"font-weight: 400;\" aria-level=\"1\"><b>Aromaprofil: <\/b><span style=\"font-weight: 400;\">Frisch, blumig und leicht zitrusartig, mit einer harzig-s\u00fc\u00dfen Note, die ihn sehr vielseitig in Tees und Gew\u00fcrzmischungen macht.<\/span><\/li><li style=\"font-weight: 400;\" aria-level=\"1\"><b>Professionelle Verwendung: <\/b><span>Aufgrund seines intensiven und anhaltenden Aromas ist er die in der Teeindustrie am h\u00e4ufigsten verwendete Sorte.<\/span><\/li><\/ul>\t\t\t\t\t\t\t\t<\/div>\n\t\t\t\t<\/div>\n\t\t\t\t<div class=\"elementor-element elementor-element-dd25fe4 elementor-widget elementor-widget-heading\" data-id=\"dd25fe4\" data-element_type=\"widget\" data-e-type=\"widget\" data-widget_type=\"heading.default\">\n\t\t\t\t<div class=\"elementor-widget-container\">\n\t\t\t\t\t<h3 class=\"elementor-heading-title elementor-size-default\">Schwarzer Kardamom (Amomum subulatum)\n<\/h3>\t\t\t\t<\/div>\n\t\t\t\t<\/div>\n\t\t\t\t<div class=\"elementor-element elementor-element-eff3097 elementor-widget elementor-widget-text-editor\" data-id=\"eff3097\" data-element_type=\"widget\" data-e-type=\"widget\" data-widget_type=\"text-editor.default\">\n\t\t\t\t<div class=\"elementor-widget-container\">\n\t\t\t\t\t\t\t\t\t<ul><li style=\"font-weight: 400;\" aria-level=\"1\"><b>Herkunft und Anbau: <\/b><span style=\"font-weight: 400;\">Er wird haupts\u00e4chlich in Nepal, Nordindien und Bhutan angebaut. Er ben\u00f6tigt h\u00f6here Lagen und etwas k\u00fchlere Klimazonen als gr\u00fcner Kardamom.<\/span><\/li><li style=\"font-weight: 400;\" aria-level=\"1\"><b>Aromaprofil: <\/b><span style=\"font-weight: 400;\">Robuster, mit rauchigen und erdigen Noten. Sein tiefer Charakter macht ihn ideal f\u00fcr dunkle Mischungen oder nordindische Aufg\u00fcsse, denen er K\u00f6rper und Komplexit\u00e4t verleiht.<\/span><\/li><li style=\"font-weight: 400;\" aria-level=\"1\"><b>Professionelle Verwendung: <\/b><span>Obwohl er in herk\u00f6mmlichen Tees weniger verbreitet ist, wird er in Gourmet-Kreationen, starken Teemischungen, die eine intensive w\u00fcrzige Note suchen, sehr gesch\u00e4tzt.<\/span><\/li><\/ul>\t\t\t\t\t\t\t\t<\/div>\n\t\t\t\t<\/div>\n\t\t\t\t<div class=\"elementor-element elementor-element-dfecaea elementor-widget elementor-widget-image\" data-id=\"dfecaea\" data-element_type=\"widget\" data-e-type=\"widget\" data-widget_type=\"image.default\">\n\t\t\t\t<div class=\"elementor-widget-container\">\n\t\t\t\t\t\t\t\t\t\t\t\t\t\t\t<img decoding=\"async\" width=\"900\" height=\"600\" src=\"https:\/\/www.alveus.eu\/wp-content\/uploads\/112_c.jpg\" class=\"attachment-large size-large wp-image-60016\" alt=\"Kardamomsorten\" srcset=\"https:\/\/www.alveus.eu\/wp-content\/uploads\/112_c.jpg 900w, https:\/\/www.alveus.eu\/wp-content\/uploads\/112_c-300x200.jpg 300w, https:\/\/www.alveus.eu\/wp-content\/uploads\/112_c-768x512.jpg 768w\" sizes=\"(max-width: 900px) 100vw, 900px\" \/>\t\t\t\t\t\t\t\t\t\t\t\t\t\t\t<\/div>\n\t\t\t\t<\/div>\n\t\t\t\t<div class=\"elementor-element elementor-element-c53b413 elementor-widget elementor-widget-heading\" data-id=\"c53b413\" data-element_type=\"widget\" data-e-type=\"widget\" data-widget_type=\"heading.default\">\n\t\t\t\t<div class=\"elementor-widget-container\">\n\t\t\t\t\t<h3 class=\"elementor-heading-title elementor-size-default\">Andere Sorten\n<\/h3>\t\t\t\t<\/div>\n\t\t\t\t<\/div>\n\t\t\t\t<div class=\"elementor-element elementor-element-7f37a51 elementor-widget elementor-widget-text-editor\" data-id=\"7f37a51\" data-element_type=\"widget\" data-e-type=\"widget\" data-widget_type=\"text-editor.default\">\n\t\t\t\t<div class=\"elementor-widget-container\">\n\t\t\t\t\t\t\t\t\t<p><span style=\"font-weight: 400;\">Es gibt nat\u00fcrliche Kreuzungen und lokale Sorten, wie beispielsweise <\/span><b>Vazhuka in Kerala<\/b><span style=\"font-weight: 400;\">, die Eigenschaften der gr\u00fcnen und schwarzen Sorten vereinen. Diese Pflanzen bieten ein gemischtes Aromaprofil aus beiden Sorten; ihre Produktion ist begrenzter und sie sind in der Regel auf Spezialm\u00e4rkten oder als Teil von Premium-Auswahlen f\u00fcr Teemarken zu finden.<\/span><\/p>\t\t\t\t\t\t\t\t<\/div>\n\t\t\t\t<\/div>\n\t\t\t\t<div class=\"elementor-element elementor-element-d51f38a elementor-widget elementor-widget-heading\" data-id=\"d51f38a\" data-element_type=\"widget\" data-e-type=\"widget\" data-widget_type=\"heading.default\">\n\t\t\t\t<div class=\"elementor-widget-container\">\n\t\t\t\t\t<h2 class=\"elementor-heading-title elementor-size-default\">Welche Teile des Kardamoms werden verwendet und warum\n<\/h2>\t\t\t\t<\/div>\n\t\t\t\t<\/div>\n\t\t\t\t<div class=\"elementor-element elementor-element-beb779e elementor-widget elementor-widget-text-editor\" data-id=\"beb779e\" data-element_type=\"widget\" data-e-type=\"widget\" data-widget_type=\"text-editor.default\">\n\t\t\t\t<div class=\"elementor-widget-container\">\n\t\t\t\t\t\t\t\t\t<p><span style=\"font-weight: 400;\">Die verschiedenen Teile des Kardamoms werden je nach der gew\u00fcnschten aromatischen und sensorischen Wirkung in der Mischung verwendet:<\/span><\/p><ul><li style=\"font-weight: 400;\" aria-level=\"1\"><b>Ganze Schote oder Kapsel<\/b><span style=\"font-weight: 400;\">: Sie sch\u00fctzt die Samen und sorgt daf\u00fcr, dass sich das Aroma w\u00e4hrend des Aufgusses allm\u00e4hlich entfaltet, wodurch ein volleres Geschmackserlebnis entsteht.<\/span><\/li><li style=\"font-weight: 400;\" aria-level=\"1\"><b>Samen<\/b><span style=\"font-weight: 400;\">: Sie sind der Teil mit der h\u00f6chsten Konzentration an Aromastoffen und Geschmack. Sie bieten maximale Intensit\u00e4t und ein direkteres und anhaltenderes Profil als die ganze Schote und sind besonders n\u00fctzlich, wenn ein ausgepr\u00e4gtes Aromaprofil gew\u00fcnscht wird.<\/span><\/li><li style=\"font-weight: 400;\" aria-level=\"1\"><b>Schale<\/b><span style=\"font-weight: 400;\">: Obwohl sie nicht die gleiche Kraft wie die Samen hat, kann sie pflanzliche und milde Noten bieten, die ideal f\u00fcr milde Aufg\u00fcsse sind.<\/span><\/li><\/ul>\t\t\t\t\t\t\t\t<\/div>\n\t\t\t\t<\/div>\n\t\t\t\t<div class=\"elementor-element elementor-element-35ad9e2 elementor-widget elementor-widget-heading\" data-id=\"35ad9e2\" data-element_type=\"widget\" data-e-type=\"widget\" data-widget_type=\"heading.default\">\n\t\t\t\t<div class=\"elementor-widget-container\">\n\t\t\t\t\t<h2 class=\"elementor-heading-title elementor-size-default\">Traditionelle und aktuelle Verwendungszwecke \n<\/h2>\t\t\t\t<\/div>\n\t\t\t\t<\/div>\n\t\t\t\t<div class=\"elementor-element elementor-element-2d7f726 elementor-widget elementor-widget-text-editor\" data-id=\"2d7f726\" data-element_type=\"widget\" data-e-type=\"widget\" data-widget_type=\"text-editor.default\">\n\t\t\t\t<div class=\"elementor-widget-container\">\n\t\t\t\t\t\t\t\t\t<p><span style=\"font-weight: 400;\">Traditionell wurde Kardamom vor allem dazu verwendet, Speisen und Getr\u00e4nken mehr Geschmack und Frische zu verleihen. Es war auch Teil kulinarischer Rituale und der ayurvedischen Medizin, wo es wegen seiner ausgleichenden Wirkung auf s\u00fc\u00dfe und salzige Geschmacksrichtungen und seiner F\u00e4higkeit, traditionell schwere Mahlzeiten zu begleiten, gesch\u00e4tzt wurde.<\/span><\/p>\t\t\t\t\t\t\t\t<\/div>\n\t\t\t\t<\/div>\n\t\t<div class=\"elementor-element elementor-element-1831b38 e-flex e-con-boxed e-con e-child\" data-id=\"1831b38\" data-element_type=\"container\" data-e-type=\"container\" data-settings=\"{&quot;background_background&quot;:&quot;classic&quot;}\">\n\t\t\t\t\t<div class=\"e-con-inner\">\n\t\t\t\t<div class=\"elementor-element elementor-element-3624753 elementor-widget__width-initial elementor-widget-mobile__width-inherit elementor-view-default elementor-widget elementor-widget-icon\" data-id=\"3624753\" data-element_type=\"widget\" data-e-type=\"widget\" data-widget_type=\"icon.default\">\n\t\t\t\t<div class=\"elementor-widget-container\">\n\t\t\t\t\t\t\t<div class=\"elementor-icon-wrapper\">\n\t\t\t<div class=\"elementor-icon\">\n\t\t\t<svg xmlns=\"http:\/\/www.w3.org\/2000\/svg\" id=\"Layer_2\" data-name=\"Layer 2\" viewBox=\"0 0 192 192\"><defs><style> .cls-1 { fill: none; } .cls-2 { fill: #1d1d1b; } <\/style><\/defs><g id=\"medida\"><g><rect class=\"cls-1\" width=\"192\" height=\"192\"><\/rect><g><path class=\"cls-2\" d=\"M50.98,81.76h-15.81c-1.93,0-3.5,1.57-3.5,3.5s1.57,3.5,3.5,3.5h15.81c1.93,0,3.5-1.57,3.5-3.5s-1.57-3.5-3.5-3.5Z\"><\/path><path class=\"cls-2\" d=\"M64.9,53.79c1.37-1.37,1.37-3.58,0-4.95l-10.12-10.12c-1.37-1.37-3.58-1.37-4.95,0-1.37,1.37-1.37,3.58,0,4.95l10.12,10.12c.68,.68,1.58,1.03,2.47,1.03s1.79-.34,2.47-1.03Z\"><\/path><path class=\"cls-2\" d=\"M145.27,38.72c-1.37-1.37-3.58-1.37-4.95,0l-10.12,10.12c-1.37,1.37-1.37,3.58,0,4.95,.68,.68,1.58,1.03,2.47,1.03s1.79-.34,2.47-1.03l10.12-10.12c1.37-1.37,1.37-3.58,0-4.95Z\"><\/path><path class=\"cls-2\" d=\"M97.75,42c1.93,0,3.5-1.57,3.5-3.5v-14.15c0-1.93-1.57-3.5-3.5-3.5s-3.5,1.57-3.5,3.5v14.15c0,1.93,1.57,3.5,3.5,3.5Z\"><\/path><path class=\"cls-2\" d=\"M156.83,81.76h-14.03c-1.93,0-3.5,1.57-3.5,3.5s1.57,3.5,3.5,3.5h14.03c1.93,0,3.5-1.57,3.5-3.5s-1.57-3.5-3.5-3.5Z\"><\/path><path class=\"cls-2\" d=\"M97.75,48.42c-19.84,0-35.98,16.14-35.98,35.98,0,5.06,.99,9.78,3.03,14.44,.96,2.2,2.35,4.65,3.82,7.25,2.14,3.78,4.57,8.07,5.66,11.69,5.01,16.67,2.59,32.29,2.56,32.45l-.05,.56c0,11.22,9.13,20.36,20.36,20.36s20.36-9.13,20.36-20.36l-.04-.56c-.01-.09-.83-5.44-.21-13.48,.08-.29,.13-.58,.13-.89,0-.1-.02-.19-.03-.29,.48-5.16,1.55-11.3,3.76-17.81,1.37-4.04,4.12-8.95,6.55-13.28,1.09-1.95,2.12-3.79,2.96-5.44,2.75-5.36,3.12-10.41,3.12-14.64,0-19.84-16.14-35.98-35.98-35.98Zm12.3,90.94c-.16,4.07,0,7.32,.19,9.41h-26.18c.21-2.1,.44-5.36,.39-9.41h25.6Zm-12.91,24.79c-5.6,0-10.4-3.48-12.38-8.38h24.76c-1.98,4.9-6.78,8.38-12.38,8.38Zm27.24-68.3c-.79,1.54-1.79,3.32-2.84,5.21-2.57,4.6-5.49,9.8-7.07,14.45-2.06,6.07-3.23,11.82-3.85,16.86h-9.68c.34-.54,.54-1.17,.54-1.86v-19.97c5.79-1.55,10.07-6.82,10.07-13.1,0-1.93-1.57-3.5-3.5-3.5s-3.5,1.57-3.5,3.5c0,3.62-2.95,6.57-6.57,6.57s-6.57-2.95-6.57-6.57c0-1.93-1.57-3.5-3.5-3.5s-3.5,1.57-3.5,3.5c0,6.27,4.28,11.55,10.07,13.1v19.97c0,.68,.2,1.32,.54,1.86h-10.93c-.44-5.05-1.37-10.74-3.14-16.6-1.31-4.37-3.95-9.02-6.27-13.12-1.38-2.44-2.68-4.74-3.5-6.6-1.64-3.76-2.44-7.56-2.44-11.64,0-15.98,13-28.98,28.98-28.98s28.98,13,28.98,28.98c0,4.87-.68,8.19-2.35,11.45Z\"><\/path><\/g><\/g><\/g><\/svg>\t\t\t<\/div>\n\t\t<\/div>\n\t\t\t\t\t\t<\/div>\n\t\t\t\t<\/div>\n\t\t\t\t<div class=\"elementor-element elementor-element-d99e09e elementor-widget__width-inherit elementor-widget elementor-widget-heading\" data-id=\"d99e09e\" data-element_type=\"widget\" data-e-type=\"widget\" data-widget_type=\"heading.default\">\n\t\t\t\t<div class=\"elementor-widget-container\">\n\t\t\t\t\t<span class=\"elementor-heading-title elementor-size-default\">In Indien und Sri Lanka war es beispielsweise \u00fcblich, Kardamom zu hei\u00dfen Getr\u00e4nken und Gew\u00fcrzzubereitungen hinzuzuf\u00fcgen und seine Samen nach dem Essen zu kauen, um den Atem zu erfrischen.<\/span>\t\t\t\t<\/div>\n\t\t\t\t<\/div>\n\t\t\t\t\t<\/div>\n\t\t\t\t<\/div>\n\t\t\t\t<div class=\"elementor-element elementor-element-177edc1 elementor-widget elementor-widget-text-editor\" data-id=\"177edc1\" data-element_type=\"widget\" data-e-type=\"widget\" data-widget_type=\"text-editor.default\">\n\t\t\t\t<div class=\"elementor-widget-container\">\n\t\t\t\t\t\t\t\t\t<p><span style=\"font-weight: 400;\">In der heutigen Berufswelt hat sich Kardamom als strategische Zutat f\u00fcr Unternehmen etabliert, die ihre Produkte von anderen abheben m\u00f6chten. Einige seiner aktuellen Anwendungsbereiche sind:<\/span><\/p><ul><li style=\"font-weight: 400;\" aria-level=\"1\"><span style=\"font-weight: 400;\">Er ist eine wichtige Zutat in schwarzen und gr\u00fcnen Tees sowie in Premium-Mischungen, denen er Charakter und aromatische Komplexit\u00e4t verleiht.<\/span><\/li><li style=\"font-weight: 400;\" aria-level=\"1\"><span style=\"font-weight: 400;\">Aufgrund seiner verdauungsf\u00f6rdernden Eigenschaften wird er in funktionellen Aufg\u00fcssen, ayurvedischen Tees und verdauungsf\u00f6rdernden Produkten verwendet.<\/span><\/li><li style=\"font-weight: 400;\" aria-level=\"1\"><span style=\"font-weight: 400;\">In der Gastronomie unterstreicht sein frisches und warmes Aroma S\u00fc\u00dfspeisen, Brote, Kekse, Currys, Reisgerichte und Eint\u00f6pfe und ist Bestandteil von Gew\u00fcrzmischungen oder modernen kulinarischen Innovationen.<\/span><\/li><li style=\"font-weight: 400;\" aria-level=\"1\"><span style=\"font-weight: 400;\">Er ist Bestandteil von Gourmetprodukten, handwerklich hergestellten Produkten, innovativen Getr\u00e4nken und Bio-Produktlinien, in denen sein historisches Ansehen einen Mehrwert f\u00fcr die Marke darstellt.<\/span><\/li><li style=\"font-weight: 400;\" aria-level=\"1\"><span style=\"font-weight: 400;\">Sein Aroma wird auch in Parf\u00fcmerie und moderner Gastronomie genutzt, was seine Vielseitigkeit unterstreicht.<\/span><\/li><\/ul>\t\t\t\t\t\t\t\t<\/div>\n\t\t\t\t<\/div>\n\t\t\t\t<div class=\"elementor-element elementor-element-a4a8179 elementor-widget elementor-widget-heading\" data-id=\"a4a8179\" data-element_type=\"widget\" data-e-type=\"widget\" data-widget_type=\"heading.default\">\n\t\t\t\t<div class=\"elementor-widget-container\">\n\t\t\t\t\t<h2 class=\"elementor-heading-title elementor-size-default\">Klassische Mischungen mit Kardamom \n<\/h2>\t\t\t\t<\/div>\n\t\t\t\t<\/div>\n\t\t\t\t<div class=\"elementor-element elementor-element-5815d4b elementor-widget elementor-widget-text-editor\" data-id=\"5815d4b\" data-element_type=\"widget\" data-e-type=\"widget\" data-widget_type=\"text-editor.default\">\n\t\t\t\t<div class=\"elementor-widget-container\">\n\t\t\t\t\t\t\t\t\t<p><span style=\"font-weight: 400;\">Kardamom spielt eine wichtige Rolle in zahlreichen Mischungen, die heute zum Standardrepertoire der Teebranche geh\u00f6ren. Sein erkennbares und vielseitiges Aromaprofil macht ihn zu einem wichtigen Gew\u00fcrz in traditionellen Rezepten und modernen Rezepturen.<\/span><\/p>\t\t\t\t\t\t\t\t<\/div>\n\t\t\t\t<\/div>\n\t\t\t\t<div class=\"elementor-element elementor-element-7f2f5e1 elementor-widget elementor-widget-heading\" data-id=\"7f2f5e1\" data-element_type=\"widget\" data-e-type=\"widget\" data-widget_type=\"heading.default\">\n\t\t\t\t<div class=\"elementor-widget-container\">\n\t\t\t\t\t<h3 class=\"elementor-heading-title elementor-size-default\">Masala chai\n<\/h3>\t\t\t\t<\/div>\n\t\t\t\t<\/div>\n\t\t\t\t<div class=\"elementor-element elementor-element-ffb7adb elementor-widget elementor-widget-text-editor\" data-id=\"ffb7adb\" data-element_type=\"widget\" data-e-type=\"widget\" data-widget_type=\"text-editor.default\">\n\t\t\t\t<div class=\"elementor-widget-container\">\n\t\t\t\t\t\t\t\t\t<p><span style=\"font-weight: 400;\">Masala Chai ist zweifellos die bekannteste Mischung, die mit Kardamom in Verbindung gebracht wird. In dieser Rezeptur fungiert gr\u00fcner Kardamom als aromatischer Mittelpunkt und sorgt f\u00fcr Frische und Ausgewogenheit gegen\u00fcber w\u00e4rmeren Gew\u00fcrzen.\u00a0<\/span><\/p><p><span style=\"font-weight: 400;\">Seine richtige Integration bestimmt den Charakter der Mischung und ist entscheidend f\u00fcr eine harmonische und gut strukturierte Komposition.<\/span><\/p>\t\t\t\t\t\t\t\t<\/div>\n\t\t\t\t<\/div>\n\t\t\t\t<div class=\"elementor-element elementor-element-3fee3d9 elementor-widget elementor-widget-shortcode\" data-id=\"3fee3d9\" data-element_type=\"widget\" data-e-type=\"widget\" data-widget_type=\"shortcode.default\">\n\t\t\t\t<div class=\"elementor-widget-container\">\n\t\t\t\t\t\t\t<div class=\"elementor-shortcode\">\t\t<div data-elementor-type=\"section\" data-elementor-id=\"51138\" class=\"elementor elementor-51138 elementor-51052 elementor-51052\" data-elementor-post-type=\"elementor_library\">\n\t\t\t<div class=\"elementor-element elementor-element-3039963 e-con-full e-flex e-con e-parent\" data-id=\"3039963\" data-element_type=\"container\" data-e-type=\"container\" data-settings=\"{&quot;background_background&quot;:&quot;classic&quot;}\">\n\t\t<div class=\"elementor-element elementor-element-4351092 e-con-full e-flex e-con e-child\" data-id=\"4351092\" data-element_type=\"container\" data-e-type=\"container\">\n\t\t\t\t<div class=\"elementor-element elementor-element-2090423 elementor-widget elementor-widget-heading\" data-id=\"2090423\" data-element_type=\"widget\" data-e-type=\"widget\" data-widget_type=\"heading.default\">\n\t\t\t\t<div class=\"elementor-widget-container\">\n\t\t\t\t\t<p class=\"elementor-heading-title elementor-size-default\">Sichern Sie sich 10 Gratisproben<\/p>\t\t\t\t<\/div>\n\t\t\t\t<\/div>\n\t\t\t\t<div class=\"elementor-element elementor-element-1b4106c elementor-widget elementor-widget-heading\" data-id=\"1b4106c\" data-element_type=\"widget\" data-e-type=\"widget\" data-widget_type=\"heading.default\">\n\t\t\t\t<div class=\"elementor-widget-container\">\n\t\t\t\t\t<p class=\"elementor-heading-title elementor-size-default\">Exklusiv f\u00fcr Tee-Profis<\/p>\t\t\t\t<\/div>\n\t\t\t\t<\/div>\n\t\t\t\t<div class=\"elementor-element elementor-element-c6cc423 elementor-align-left elementor-widget elementor-widget-button\" data-id=\"c6cc423\" data-element_type=\"widget\" data-e-type=\"widget\" data-widget_type=\"button.default\">\n\t\t\t\t<div class=\"elementor-widget-container\">\n\t\t\t\t\t\t\t\t\t<div class=\"elementor-button-wrapper\">\n\t\t\t\t\t<a class=\"elementor-button elementor-button-link elementor-size-sm\" href=\"#request-catalogue\">\n\t\t\t\t\t\t<span class=\"elementor-button-content-wrapper\">\n\t\t\t\t\t\t\t\t\t<span class=\"elementor-button-text\">KATALOG BESTELLEN<\/span>\n\t\t\t\t\t<\/span>\n\t\t\t\t\t<\/a>\n\t\t\t\t<\/div>\n\t\t\t\t\t\t\t\t<\/div>\n\t\t\t\t<\/div>\n\t\t\t\t<\/div>\n\t\t<div class=\"elementor-element elementor-element-92c569c e-con-full e-flex e-con e-child\" data-id=\"92c569c\" data-element_type=\"container\" data-e-type=\"container\">\n\t\t\t\t<div class=\"elementor-element elementor-element-82c5156 elementor-widget elementor-widget-image\" data-id=\"82c5156\" data-element_type=\"widget\" data-e-type=\"widget\" data-widget_type=\"image.default\">\n\t\t\t\t<div class=\"elementor-widget-container\">\n\t\t\t\t\t\t\t\t\t\t\t\t\t\t\t<img loading=\"lazy\" decoding=\"async\" width=\"863\" height=\"343\" src=\"https:\/\/www.alveus.eu\/wp-content\/uploads\/cta-catalogues.png\" class=\"attachment-large size-large wp-image-51122\" alt=\"\" srcset=\"https:\/\/www.alveus.eu\/wp-content\/uploads\/cta-catalogues.png 863w, https:\/\/www.alveus.eu\/wp-content\/uploads\/cta-catalogues-300x119.png 300w, https:\/\/www.alveus.eu\/wp-content\/uploads\/cta-catalogues-768x305.png 768w\" sizes=\"(max-width: 863px) 100vw, 863px\" \/>\t\t\t\t\t\t\t\t\t\t\t\t\t\t\t<\/div>\n\t\t\t\t<\/div>\n\t\t\t\t<\/div>\n\t\t\t\t<\/div>\n\t\t\t\t<\/div>\n\t\t<\/div>\n\t\t\t\t\t\t<\/div>\n\t\t\t\t<\/div>\n\t\t\t\t<div class=\"elementor-element elementor-element-524c177 elementor-widget elementor-widget-heading\" data-id=\"524c177\" data-element_type=\"widget\" data-e-type=\"widget\" data-widget_type=\"heading.default\">\n\t\t\t\t<div class=\"elementor-widget-container\">\n\t\t\t\t\t<h3 class=\"elementor-heading-title elementor-size-default\">Gew\u00fcrzte Schwarztees\n<\/h3>\t\t\t\t<\/div>\n\t\t\t\t<\/div>\n\t\t\t\t<div class=\"elementor-element elementor-element-6d77d79 elementor-widget elementor-widget-text-editor\" data-id=\"6d77d79\" data-element_type=\"widget\" data-e-type=\"widget\" data-widget_type=\"text-editor.default\">\n\t\t\t\t<div class=\"elementor-widget-container\">\n\t\t\t\t\t\t\t\t\t<p><span style=\"font-weight: 400;\">In Schwarzteemischungen verst\u00e4rkt Kardamom die aromatische Tiefe und verleiht eine elegante und erkennbare Note, die in klassischen und winterlichen Mischungen sehr gesch\u00e4tzt wird.<\/span><\/p>\t\t\t\t\t\t\t\t<\/div>\n\t\t\t\t<\/div>\n\t\t\t\t<div class=\"elementor-element elementor-element-5b34f51 elementor-widget elementor-widget-heading\" data-id=\"5b34f51\" data-element_type=\"widget\" data-e-type=\"widget\" data-widget_type=\"heading.default\">\n\t\t\t\t<div class=\"elementor-widget-container\">\n\t\t\t\t\t<h3 class=\"elementor-heading-title elementor-size-default\">Aromatisierte Gr\u00fcntees\n<\/h3>\t\t\t\t<\/div>\n\t\t\t\t<\/div>\n\t\t\t\t<div class=\"elementor-element elementor-element-83d712d elementor-widget elementor-widget-text-editor\" data-id=\"83d712d\" data-element_type=\"widget\" data-e-type=\"widget\" data-widget_type=\"text-editor.default\">\n\t\t\t\t<div class=\"elementor-widget-container\">\n\t\t\t\t\t\t\t\t\t<p><span style=\"font-weight: 400;\">In gr\u00fcnen Tees wird er verwendet, um Kontrast und Komplexit\u00e4t zu schaffen, ohne die Basis zu \u00fcberschatten; insbesondere in Kombinationen mit Zitrusfr\u00fcchten oder milden botanischen Zutaten.<\/span><\/p>\t\t\t\t\t\t\t\t<\/div>\n\t\t\t\t<\/div>\n\t\t\t\t<div class=\"elementor-element elementor-element-f39070f elementor-widget elementor-widget-heading\" data-id=\"f39070f\" data-element_type=\"widget\" data-e-type=\"widget\" data-widget_type=\"heading.default\">\n\t\t\t\t<div class=\"elementor-widget-container\">\n\t\t\t\t\t<h3 class=\"elementor-heading-title elementor-size-default\">Warme Kr\u00e4utertees\n<\/h3>\t\t\t\t<\/div>\n\t\t\t\t<\/div>\n\t\t\t\t<div class=\"elementor-element elementor-element-96503ba elementor-widget elementor-widget-text-editor\" data-id=\"96503ba\" data-element_type=\"widget\" data-e-type=\"widget\" data-widget_type=\"text-editor.default\">\n\t\t\t\t<div class=\"elementor-widget-container\">\n\t\t\t\t\t\t\t\t\t<p><span style=\"font-weight: 400;\">Kardamom verleiht Kr\u00e4utertees W\u00e4rme und Struktur und verfeinert das Aromaprofil von Kr\u00e4utermischungen f\u00fcr den t\u00e4glichen Gebrauch.<\/span><\/p>\t\t\t\t\t\t\t\t<\/div>\n\t\t\t\t<\/div>\n\t\t\t\t<div class=\"elementor-element elementor-element-734638e elementor-widget elementor-widget-heading\" data-id=\"734638e\" data-element_type=\"widget\" data-e-type=\"widget\" data-widget_type=\"heading.default\">\n\t\t\t\t<div class=\"elementor-widget-container\">\n\t\t\t\t\t<h3 class=\"elementor-heading-title elementor-size-default\">Regional inspirierte Mischungen\n<\/h3>\t\t\t\t<\/div>\n\t\t\t\t<\/div>\n\t\t\t\t<div class=\"elementor-element elementor-element-84c475c elementor-widget elementor-widget-text-editor\" data-id=\"84c475c\" data-element_type=\"widget\" data-e-type=\"widget\" data-widget_type=\"text-editor.default\">\n\t\t\t\t<div class=\"elementor-widget-container\">\n\t\t\t\t\t\t\t\t\t<p><span style=\"font-weight: 400;\">Von arabischen Mischungen bis hin zu skandinavischen Rezepturen wird Kardamom verwendet, um kulturelle Identit\u00e4t und einen unverwechselbaren aromatischen Charakter zu verleihen.<\/span><\/p>\t\t\t\t\t\t\t\t<\/div>\n\t\t\t\t<\/div>\n\t\t\t\t<div class=\"elementor-element elementor-element-64344cf elementor-widget elementor-widget-heading\" data-id=\"64344cf\" data-element_type=\"widget\" data-e-type=\"widget\" data-widget_type=\"heading.default\">\n\t\t\t\t<div class=\"elementor-widget-container\">\n\t\t\t\t\t<h3 class=\"elementor-heading-title elementor-size-default\">Fruchtige Gourmet-Tees\n<\/h3>\t\t\t\t<\/div>\n\t\t\t\t<\/div>\n\t\t\t\t<div class=\"elementor-element elementor-element-c1d9117 elementor-widget elementor-widget-text-editor\" data-id=\"c1d9117\" data-element_type=\"widget\" data-e-type=\"widget\" data-widget_type=\"text-editor.default\">\n\t\t\t\t<div class=\"elementor-widget-container\">\n\t\t\t\t\t\t\t\t\t<p><span style=\"font-weight: 400;\">In Fruchtmischungen wirkt er als Basisnote, die das Gesamtbild ausgleicht und aufwertet und Komplexit\u00e4t verleiht, ohne die Mischung zu dominieren.<\/span><\/p><p><span style=\"font-weight: 400;\">Entdecken Sie unter diesem Link zu unserem B2B-Bereich f\u00fcr Fachleute alle unsere <\/span><a href=\"https:\/\/b2b.alveus.eu\/de\/tee.html?nxt_ingredients_filter=1049\" target=\"_blank\" rel=\"noopener\"><span style=\"font-weight: 400;\">Teemischungen, Kr\u00e4utertees und Gew\u00fcrze, die Kardamom<\/span><\/a><span style=\"font-weight: 400;\"> als Zutat enthalten oder unseren <\/span><a href=\"https:\/\/b2b.alveus.eu\/de\/tee\/kardamom-bio-ref-82427.html\" target=\"_blank\" rel=\"noopener\"><span style=\"font-weight: 400;\">BIO-Kardamom in Gro\u00dfpackungen<\/span><\/a><span style=\"font-weight: 400;\">.<\/span><\/p>\t\t\t\t\t\t\t\t<\/div>\n\t\t\t\t<\/div>\n\t\t\t\t<div class=\"elementor-element elementor-element-98e5ce3 elementor-widget elementor-widget-heading\" data-id=\"98e5ce3\" data-element_type=\"widget\" data-e-type=\"widget\" data-widget_type=\"heading.default\">\n\t\t\t\t<div class=\"elementor-widget-container\">\n\t\t\t\t\t<h2 class=\"elementor-heading-title elementor-size-default\">Kardamom als strategisches Instrument im professionellen Katalog\n<\/h2>\t\t\t\t<\/div>\n\t\t\t\t<\/div>\n\t\t\t\t<div class=\"elementor-element elementor-element-12d8b64 elementor-widget elementor-widget-text-editor\" data-id=\"12d8b64\" data-element_type=\"widget\" data-e-type=\"widget\" data-widget_type=\"text-editor.default\">\n\t\t\t\t<div class=\"elementor-widget-container\">\n\t\t\t\t\t\t\t\t\t<p><span style=\"font-weight: 400;\">Kardamom ist nicht nur ein aromatisches Gew\u00fcrz, sondern ein echtes Werkzeug in der Rezepturentwicklung f\u00fcr Marken und Teeprofis. Seine Geschichte, seine sensorische Komplexit\u00e4t und seine Vielseitigkeit machen ihn zu einer Zutat, die jeder Kollektion von Tee oder Gew\u00fcrzmischungen Identit\u00e4t, Koh\u00e4renz und Mehrwert verleiht.<\/span><\/p><p><span style=\"font-weight: 400;\">Sorgf\u00e4ltig verarbeitet erm\u00f6glicht Kardamom die Entwicklung von Mischungen, die Tradition und Moderne verbinden, auf Verbrauchertrends hin zu nat\u00fcrlichen und hochwertigen Produkten reagieren und ein Angebot in einem immer anspruchsvolleren Markt differenzieren. F\u00fcr Unternehmen, die Qualit\u00e4t, Konsistenz und aromatische Pers\u00f6nlichkeit suchen, ist ein fundiertes Wissen \u00fcber dieses Gew\u00fcrz ein echter Wettbewerbsvorteil.<\/span><\/p>\t\t\t\t\t\t\t\t<\/div>\n\t\t\t\t<\/div>\n\t\t\t\t<\/div>\n\t\t\t\t<\/div>\n\t\t","protected":false},"excerpt":{"rendered":"<p>Ein umfassender \u00dcberblick \u00fcber Kardamom f\u00fcr Marken und Fachleute: Herkunft und Arten, Unterschiede zwischen den Sorten und wichtige Anwendungsbereiche, die es zu einem der vielseitigsten Gew\u00fcrze in Tees, Chai und hochwertigen aromatischen Mischungen machen.<\/p>\n","protected":false},"author":11,"featured_media":60021,"comment_status":"open","ping_status":"open","sticky":false,"template":"","format":"standard","meta":{"_acf_changed":false,"footnotes":""},"categories":[181],"tags":[],"class_list":["post-60050","post","type-post","status-publish","format-standard","has-post-thumbnail","hentry","category-krauter-und-gewurze"],"acf":[],"yoast_head":"<!-- This site is optimized with the Yoast SEO Premium plugin v27.4 (Yoast SEO v27.4) - https:\/\/yoast.com\/product\/yoast-seo-premium-wordpress\/ -->\n<title>Kardamom: Das Gew\u00fcrz, das Teemischungen verfeinert | Alveus<\/title>\n<meta name=\"description\" content=\"Kardamom im Fokus: Ein professioneller Leitfaden zu Sorten, Eigenschaften und dem Einsatz in hochwertigen Teemischungen.\" \/>\n<meta name=\"robots\" content=\"index, follow, max-snippet:-1, max-image-preview:large, max-video-preview:-1\" \/>\n<link rel=\"canonical\" href=\"https:\/\/www.alveus.eu\/de\/blog\/was-ist-kardamom\/\" \/>\n<meta property=\"og:locale\" content=\"de_DE\" \/>\n<meta property=\"og:type\" content=\"article\" \/>\n<meta property=\"og:title\" content=\"Kardamom: das Gew\u00fcrz, das Teemischungen verfeinert\" \/>\n<meta property=\"og:description\" content=\"Kardamom im Fokus: Ein professioneller Leitfaden zu Sorten, Eigenschaften und dem Einsatz in hochwertigen Teemischungen.\" \/>\n<meta property=\"og:url\" content=\"https:\/\/www.alveus.eu\/de\/blog\/was-ist-kardamom\/\" \/>\n<meta property=\"og:site_name\" content=\"Alveus\" \/>\n<meta property=\"article:publisher\" content=\"https:\/\/www.facebook.com\/alveusinternational\/\" \/>\n<meta property=\"article:published_time\" content=\"2026-02-20T11:57:05+00:00\" \/>\n<meta property=\"article:modified_time\" content=\"2026-02-20T11:57:45+00:00\" \/>\n<meta property=\"og:image\" content=\"https:\/\/www.alveus.eu\/wp-content\/uploads\/112_a1.jpg\" \/>\n\t<meta property=\"og:image:width\" content=\"900\" \/>\n\t<meta property=\"og:image:height\" content=\"600\" \/>\n\t<meta property=\"og:image:type\" content=\"image\/jpeg\" \/>\n<meta name=\"author\" content=\"Alveus Blog Team\" \/>\n<meta name=\"twitter:card\" content=\"summary_large_image\" \/>\n<meta name=\"twitter:label1\" content=\"Verfasst von\" \/>\n\t<meta name=\"twitter:data1\" content=\"Alveus Blog Team\" \/>\n\t<meta name=\"twitter:label2\" content=\"Gesch\u00e4tzte Lesezeit\" \/>\n\t<meta name=\"twitter:data2\" content=\"11\u00a0Minuten\" \/>\n<script type=\"application\/ld+json\" class=\"yoast-schema-graph\">{\"@context\":\"https:\\\/\\\/schema.org\",\"@graph\":[{\"@type\":\"Article\",\"@id\":\"https:\\\/\\\/www.alveus.eu\\\/de\\\/blog\\\/was-ist-kardamom\\\/#article\",\"isPartOf\":{\"@id\":\"https:\\\/\\\/www.alveus.eu\\\/de\\\/blog\\\/was-ist-kardamom\\\/\"},\"author\":{\"name\":\"Alveus Blog Team\",\"@id\":\"https:\\\/\\\/www.alveus.eu\\\/de#\\\/schema\\\/person\\\/6864b22051c6c128b3c72edaeac35855\"},\"headline\":\"Kardamom: das Gew\u00fcrz, das Teemischungen verfeinert\",\"datePublished\":\"2026-02-20T11:57:05+00:00\",\"dateModified\":\"2026-02-20T11:57:45+00:00\",\"mainEntityOfPage\":{\"@id\":\"https:\\\/\\\/www.alveus.eu\\\/de\\\/blog\\\/was-ist-kardamom\\\/\"},\"wordCount\":1647,\"commentCount\":0,\"publisher\":{\"@id\":\"https:\\\/\\\/www.alveus.eu\\\/de#organization\"},\"image\":{\"@id\":\"https:\\\/\\\/www.alveus.eu\\\/de\\\/blog\\\/was-ist-kardamom\\\/#primaryimage\"},\"thumbnailUrl\":\"https:\\\/\\\/www.alveus.eu\\\/wp-content\\\/uploads\\\/112_a1.jpg\",\"articleSection\":[\"Kr\u00e4uter und Gew\u00fcrze\"],\"inLanguage\":\"de\",\"potentialAction\":[{\"@type\":\"CommentAction\",\"name\":\"Comment\",\"target\":[\"https:\\\/\\\/www.alveus.eu\\\/de\\\/blog\\\/was-ist-kardamom\\\/#respond\"]}]},{\"@type\":\"WebPage\",\"@id\":\"https:\\\/\\\/www.alveus.eu\\\/de\\\/blog\\\/was-ist-kardamom\\\/\",\"url\":\"https:\\\/\\\/www.alveus.eu\\\/de\\\/blog\\\/was-ist-kardamom\\\/\",\"name\":\"Kardamom: Das Gew\u00fcrz, das Teemischungen verfeinert | Alveus\",\"isPartOf\":{\"@id\":\"https:\\\/\\\/www.alveus.eu\\\/de#website\"},\"primaryImageOfPage\":{\"@id\":\"https:\\\/\\\/www.alveus.eu\\\/de\\\/blog\\\/was-ist-kardamom\\\/#primaryimage\"},\"image\":{\"@id\":\"https:\\\/\\\/www.alveus.eu\\\/de\\\/blog\\\/was-ist-kardamom\\\/#primaryimage\"},\"thumbnailUrl\":\"https:\\\/\\\/www.alveus.eu\\\/wp-content\\\/uploads\\\/112_a1.jpg\",\"datePublished\":\"2026-02-20T11:57:05+00:00\",\"dateModified\":\"2026-02-20T11:57:45+00:00\",\"description\":\"Kardamom im Fokus: Ein professioneller Leitfaden zu Sorten, Eigenschaften und dem Einsatz in hochwertigen Teemischungen.\",\"breadcrumb\":{\"@id\":\"https:\\\/\\\/www.alveus.eu\\\/de\\\/blog\\\/was-ist-kardamom\\\/#breadcrumb\"},\"inLanguage\":\"de\",\"potentialAction\":[{\"@type\":\"ReadAction\",\"target\":[\"https:\\\/\\\/www.alveus.eu\\\/de\\\/blog\\\/was-ist-kardamom\\\/\"]}]},{\"@type\":\"ImageObject\",\"inLanguage\":\"de\",\"@id\":\"https:\\\/\\\/www.alveus.eu\\\/de\\\/blog\\\/was-ist-kardamom\\\/#primaryimage\",\"url\":\"https:\\\/\\\/www.alveus.eu\\\/wp-content\\\/uploads\\\/112_a1.jpg\",\"contentUrl\":\"https:\\\/\\\/www.alveus.eu\\\/wp-content\\\/uploads\\\/112_a1.jpg\",\"width\":900,\"height\":600,\"caption\":\"Kardamom\"},{\"@type\":\"BreadcrumbList\",\"@id\":\"https:\\\/\\\/www.alveus.eu\\\/de\\\/blog\\\/was-ist-kardamom\\\/#breadcrumb\",\"itemListElement\":[{\"@type\":\"ListItem\",\"position\":1,\"name\":\"Home\",\"item\":\"https:\\\/\\\/www.alveus.eu\\\/de\"},{\"@type\":\"ListItem\",\"position\":2,\"name\":\"Kr\u00e4uter und Gew\u00fcrze\",\"item\":\"https:\\\/\\\/www.alveus.eu\\\/de\\\/blog\\\/category\\\/krauter-und-gewurze\\\/\"},{\"@type\":\"ListItem\",\"position\":3,\"name\":\"Kardamom: das Gew\u00fcrz, das Teemischungen verfeinert\"}]},{\"@type\":\"WebSite\",\"@id\":\"https:\\\/\\\/www.alveus.eu\\\/de#website\",\"url\":\"https:\\\/\\\/www.alveus.eu\\\/de\",\"name\":\"Alveus\",\"description\":\"\",\"publisher\":{\"@id\":\"https:\\\/\\\/www.alveus.eu\\\/de#organization\"},\"potentialAction\":[{\"@type\":\"SearchAction\",\"target\":{\"@type\":\"EntryPoint\",\"urlTemplate\":\"https:\\\/\\\/www.alveus.eu\\\/de?s={search_term_string}\"},\"query-input\":{\"@type\":\"PropertyValueSpecification\",\"valueRequired\":true,\"valueName\":\"search_term_string\"}}],\"inLanguage\":\"de\"},{\"@type\":\"Organization\",\"@id\":\"https:\\\/\\\/www.alveus.eu\\\/de#organization\",\"name\":\"Alveus\",\"alternateName\":\"Alveus Premium Teas\",\"url\":\"https:\\\/\\\/www.alveus.eu\\\/de\",\"logo\":{\"@type\":\"ImageObject\",\"inLanguage\":\"de\",\"@id\":\"https:\\\/\\\/www.alveus.eu\\\/de#\\\/schema\\\/logo\\\/image\\\/\",\"url\":\"https:\\\/\\\/www.alveus.eu\\\/wp-content\\\/uploads\\\/2023\\\/07\\\/alveus-logo-primary.png\",\"contentUrl\":\"https:\\\/\\\/www.alveus.eu\\\/wp-content\\\/uploads\\\/2023\\\/07\\\/alveus-logo-primary.png\",\"width\":248,\"height\":248,\"caption\":\"Alveus\"},\"image\":{\"@id\":\"https:\\\/\\\/www.alveus.eu\\\/de#\\\/schema\\\/logo\\\/image\\\/\"},\"sameAs\":[\"https:\\\/\\\/www.facebook.com\\\/alveusinternational\\\/\",\"https:\\\/\\\/www.instagram.com\\\/alveustea\\\/\",\"https:\\\/\\\/de.linkedin.com\\\/company\\\/alveustea\"]},{\"@type\":\"Person\",\"@id\":\"https:\\\/\\\/www.alveus.eu\\\/de#\\\/schema\\\/person\\\/6864b22051c6c128b3c72edaeac35855\",\"name\":\"Alveus Blog Team\",\"image\":{\"@type\":\"ImageObject\",\"inLanguage\":\"de\",\"@id\":\"https:\\\/\\\/secure.gravatar.com\\\/avatar\\\/f951c832a9809c8d01d2ce4fa8bb10716ac4997c3cf93244fa19413f7d28b08e?s=96&d=mm&r=g\",\"url\":\"https:\\\/\\\/secure.gravatar.com\\\/avatar\\\/f951c832a9809c8d01d2ce4fa8bb10716ac4997c3cf93244fa19413f7d28b08e?s=96&d=mm&r=g\",\"contentUrl\":\"https:\\\/\\\/secure.gravatar.com\\\/avatar\\\/f951c832a9809c8d01d2ce4fa8bb10716ac4997c3cf93244fa19413f7d28b08e?s=96&d=mm&r=g\",\"caption\":\"Alveus Blog Team\"},\"description\":\"Editorial team formed by tea professionals from different countries. We are driven by our passion for tea and the dissemination of its culture.\",\"sameAs\":[\"https:\\\/\\\/www.alveus.eu\\\/\"]}]}<\/script>\n<!-- \/ Yoast SEO Premium plugin. -->","yoast_head_json":{"title":"Kardamom: Das Gew\u00fcrz, das Teemischungen verfeinert | Alveus","description":"Kardamom im Fokus: Ein professioneller Leitfaden zu Sorten, Eigenschaften und dem Einsatz in hochwertigen Teemischungen.","robots":{"index":"index","follow":"follow","max-snippet":"max-snippet:-1","max-image-preview":"max-image-preview:large","max-video-preview":"max-video-preview:-1"},"canonical":"https:\/\/www.alveus.eu\/de\/blog\/was-ist-kardamom\/","og_locale":"de_DE","og_type":"article","og_title":"Kardamom: das Gew\u00fcrz, das Teemischungen verfeinert","og_description":"Kardamom im Fokus: Ein professioneller Leitfaden zu Sorten, Eigenschaften und dem Einsatz in hochwertigen Teemischungen.","og_url":"https:\/\/www.alveus.eu\/de\/blog\/was-ist-kardamom\/","og_site_name":"Alveus","article_publisher":"https:\/\/www.facebook.com\/alveusinternational\/","article_published_time":"2026-02-20T11:57:05+00:00","article_modified_time":"2026-02-20T11:57:45+00:00","og_image":[{"width":900,"height":600,"url":"https:\/\/www.alveus.eu\/wp-content\/uploads\/112_a1.jpg","type":"image\/jpeg"}],"author":"Alveus Blog Team","twitter_card":"summary_large_image","twitter_misc":{"Verfasst von":"Alveus Blog Team","Gesch\u00e4tzte Lesezeit":"11\u00a0Minuten"},"schema":{"@context":"https:\/\/schema.org","@graph":[{"@type":"Article","@id":"https:\/\/www.alveus.eu\/de\/blog\/was-ist-kardamom\/#article","isPartOf":{"@id":"https:\/\/www.alveus.eu\/de\/blog\/was-ist-kardamom\/"},"author":{"name":"Alveus Blog Team","@id":"https:\/\/www.alveus.eu\/de#\/schema\/person\/6864b22051c6c128b3c72edaeac35855"},"headline":"Kardamom: das Gew\u00fcrz, das Teemischungen verfeinert","datePublished":"2026-02-20T11:57:05+00:00","dateModified":"2026-02-20T11:57:45+00:00","mainEntityOfPage":{"@id":"https:\/\/www.alveus.eu\/de\/blog\/was-ist-kardamom\/"},"wordCount":1647,"commentCount":0,"publisher":{"@id":"https:\/\/www.alveus.eu\/de#organization"},"image":{"@id":"https:\/\/www.alveus.eu\/de\/blog\/was-ist-kardamom\/#primaryimage"},"thumbnailUrl":"https:\/\/www.alveus.eu\/wp-content\/uploads\/112_a1.jpg","articleSection":["Kr\u00e4uter und Gew\u00fcrze"],"inLanguage":"de","potentialAction":[{"@type":"CommentAction","name":"Comment","target":["https:\/\/www.alveus.eu\/de\/blog\/was-ist-kardamom\/#respond"]}]},{"@type":"WebPage","@id":"https:\/\/www.alveus.eu\/de\/blog\/was-ist-kardamom\/","url":"https:\/\/www.alveus.eu\/de\/blog\/was-ist-kardamom\/","name":"Kardamom: Das Gew\u00fcrz, das Teemischungen verfeinert | Alveus","isPartOf":{"@id":"https:\/\/www.alveus.eu\/de#website"},"primaryImageOfPage":{"@id":"https:\/\/www.alveus.eu\/de\/blog\/was-ist-kardamom\/#primaryimage"},"image":{"@id":"https:\/\/www.alveus.eu\/de\/blog\/was-ist-kardamom\/#primaryimage"},"thumbnailUrl":"https:\/\/www.alveus.eu\/wp-content\/uploads\/112_a1.jpg","datePublished":"2026-02-20T11:57:05+00:00","dateModified":"2026-02-20T11:57:45+00:00","description":"Kardamom im Fokus: Ein professioneller Leitfaden zu Sorten, Eigenschaften und dem Einsatz in hochwertigen Teemischungen.","breadcrumb":{"@id":"https:\/\/www.alveus.eu\/de\/blog\/was-ist-kardamom\/#breadcrumb"},"inLanguage":"de","potentialAction":[{"@type":"ReadAction","target":["https:\/\/www.alveus.eu\/de\/blog\/was-ist-kardamom\/"]}]},{"@type":"ImageObject","inLanguage":"de","@id":"https:\/\/www.alveus.eu\/de\/blog\/was-ist-kardamom\/#primaryimage","url":"https:\/\/www.alveus.eu\/wp-content\/uploads\/112_a1.jpg","contentUrl":"https:\/\/www.alveus.eu\/wp-content\/uploads\/112_a1.jpg","width":900,"height":600,"caption":"Kardamom"},{"@type":"BreadcrumbList","@id":"https:\/\/www.alveus.eu\/de\/blog\/was-ist-kardamom\/#breadcrumb","itemListElement":[{"@type":"ListItem","position":1,"name":"Home","item":"https:\/\/www.alveus.eu\/de"},{"@type":"ListItem","position":2,"name":"Kr\u00e4uter und Gew\u00fcrze","item":"https:\/\/www.alveus.eu\/de\/blog\/category\/krauter-und-gewurze\/"},{"@type":"ListItem","position":3,"name":"Kardamom: das Gew\u00fcrz, das Teemischungen verfeinert"}]},{"@type":"WebSite","@id":"https:\/\/www.alveus.eu\/de#website","url":"https:\/\/www.alveus.eu\/de","name":"Alveus","description":"","publisher":{"@id":"https:\/\/www.alveus.eu\/de#organization"},"potentialAction":[{"@type":"SearchAction","target":{"@type":"EntryPoint","urlTemplate":"https:\/\/www.alveus.eu\/de?s={search_term_string}"},"query-input":{"@type":"PropertyValueSpecification","valueRequired":true,"valueName":"search_term_string"}}],"inLanguage":"de"},{"@type":"Organization","@id":"https:\/\/www.alveus.eu\/de#organization","name":"Alveus","alternateName":"Alveus Premium Teas","url":"https:\/\/www.alveus.eu\/de","logo":{"@type":"ImageObject","inLanguage":"de","@id":"https:\/\/www.alveus.eu\/de#\/schema\/logo\/image\/","url":"https:\/\/www.alveus.eu\/wp-content\/uploads\/2023\/07\/alveus-logo-primary.png","contentUrl":"https:\/\/www.alveus.eu\/wp-content\/uploads\/2023\/07\/alveus-logo-primary.png","width":248,"height":248,"caption":"Alveus"},"image":{"@id":"https:\/\/www.alveus.eu\/de#\/schema\/logo\/image\/"},"sameAs":["https:\/\/www.facebook.com\/alveusinternational\/","https:\/\/www.instagram.com\/alveustea\/","https:\/\/de.linkedin.com\/company\/alveustea"]},{"@type":"Person","@id":"https:\/\/www.alveus.eu\/de#\/schema\/person\/6864b22051c6c128b3c72edaeac35855","name":"Alveus Blog Team","image":{"@type":"ImageObject","inLanguage":"de","@id":"https:\/\/secure.gravatar.com\/avatar\/f951c832a9809c8d01d2ce4fa8bb10716ac4997c3cf93244fa19413f7d28b08e?s=96&d=mm&r=g","url":"https:\/\/secure.gravatar.com\/avatar\/f951c832a9809c8d01d2ce4fa8bb10716ac4997c3cf93244fa19413f7d28b08e?s=96&d=mm&r=g","contentUrl":"https:\/\/secure.gravatar.com\/avatar\/f951c832a9809c8d01d2ce4fa8bb10716ac4997c3cf93244fa19413f7d28b08e?s=96&d=mm&r=g","caption":"Alveus Blog Team"},"description":"Editorial team formed by tea professionals from different countries. We are driven by our passion for tea and the dissemination of its culture.","sameAs":["https:\/\/www.alveus.eu\/"]}]}},"_links":{"self":[{"href":"https:\/\/www.alveus.eu\/de\/wp-json\/wp\/v2\/posts\/60050","targetHints":{"allow":["GET"]}}],"collection":[{"href":"https:\/\/www.alveus.eu\/de\/wp-json\/wp\/v2\/posts"}],"about":[{"href":"https:\/\/www.alveus.eu\/de\/wp-json\/wp\/v2\/types\/post"}],"author":[{"embeddable":true,"href":"https:\/\/www.alveus.eu\/de\/wp-json\/wp\/v2\/users\/11"}],"replies":[{"embeddable":true,"href":"https:\/\/www.alveus.eu\/de\/wp-json\/wp\/v2\/comments?post=60050"}],"version-history":[{"count":4,"href":"https:\/\/www.alveus.eu\/de\/wp-json\/wp\/v2\/posts\/60050\/revisions"}],"predecessor-version":[{"id":60062,"href":"https:\/\/www.alveus.eu\/de\/wp-json\/wp\/v2\/posts\/60050\/revisions\/60062"}],"wp:featuredmedia":[{"embeddable":true,"href":"https:\/\/www.alveus.eu\/de\/wp-json\/wp\/v2\/media\/60021"}],"wp:attachment":[{"href":"https:\/\/www.alveus.eu\/de\/wp-json\/wp\/v2\/media?parent=60050"}],"wp:term":[{"taxonomy":"category","embeddable":true,"href":"https:\/\/www.alveus.eu\/de\/wp-json\/wp\/v2\/categories?post=60050"},{"taxonomy":"post_tag","embeddable":true,"href":"https:\/\/www.alveus.eu\/de\/wp-json\/wp\/v2\/tags?post=60050"}],"curies":[{"name":"wp","href":"https:\/\/api.w.org\/{rel}","templated":true}]}}