{"id":105,"count":51,"description":"\u00a1Bienvenidos a nuestra secci\u00f3n dedicada a los profesionales del t\u00e9!\r\n\r\nAqu\u00ed, nuestros expertos en t\u00e9 as\u00ed como los mejores sommeliers de t\u00e9 de Europa, crean contenidos dirigidos a profesionales como t\u00fa, que buscan informaci\u00f3n para iniciar, consolidar o hacer crecer su negocio.\r\n\r\nDesde estrategias comerciales hasta tips y consejos de especialistas en t\u00e9 para que lleves tu empresa al siguiente nivel y destaques entre el resto.","link":"https:\/\/www.alveus.eu\/es\/blog\/category\/profesionales-del-te\/","name":"Profesionales del T\u00e9","slug":"profesionales-del-te","taxonomy":"category","parent":0,"meta":[],"acf":[],"yoast_head":"<!-- This site is optimized with the Yoast SEO Premium plugin v27.4 (Yoast SEO v27.4) - https:\/\/yoast.com\/product\/yoast-seo-premium-wordpress\/ -->\n<title>Profesionales del T\u00e9 - Alveus<\/title>\n<meta name=\"description\" content=\"Convi\u00e9rtete en todo un profesional del t\u00e9 con el contenido creado por nuestros expertos y que te ayudar\u00e1n a iniciar, consolidar o hacer crecer tu negocio.\" \/>\n<meta name=\"robots\" content=\"index, follow, max-snippet:-1, max-image-preview:large, max-video-preview:-1\" \/>\n<link rel=\"canonical\" href=\"https:\/\/www.alveus.eu\/es\/blog\/category\/profesionales-del-te\/\" \/>\n<meta property=\"og:locale\" content=\"es_ES\" \/>\n<meta property=\"og:type\" content=\"article\" \/>\n<meta property=\"og:title\" content=\"Profesionales del T\u00e9 Archives\" \/>\n<meta property=\"og:description\" content=\"Convi\u00e9rtete en todo un profesional del t\u00e9 con el contenido creado por nuestros expertos y que te ayudar\u00e1n a iniciar, consolidar o hacer crecer tu negocio.\" \/>\n<meta property=\"og:url\" content=\"https:\/\/www.alveus.eu\/es\/blog\/category\/profesionales-del-te\/\" \/>\n<meta property=\"og:site_name\" content=\"Alveus\" \/>\n<meta name=\"twitter:card\" content=\"summary_large_image\" \/>\n<script type=\"application\/ld+json\" class=\"yoast-schema-graph\">{\"@context\":\"https:\\\/\\\/schema.org\",\"@graph\":[{\"@type\":\"CollectionPage\",\"@id\":\"https:\\\/\\\/www.alveus.eu\\\/es\\\/blog\\\/category\\\/profesionales-del-te\\\/\",\"url\":\"https:\\\/\\\/www.alveus.eu\\\/es\\\/blog\\\/category\\\/profesionales-del-te\\\/\",\"name\":\"Profesionales del T\u00e9 - Alveus\",\"isPartOf\":{\"@id\":\"https:\\\/\\\/www.alveus.eu\\\/es#website\"},\"description\":\"Convi\u00e9rtete en todo un profesional del t\u00e9 con el contenido creado por nuestros expertos y que te ayudar\u00e1n a iniciar, consolidar o hacer crecer tu negocio.\",\"breadcrumb\":{\"@id\":\"https:\\\/\\\/www.alveus.eu\\\/es\\\/blog\\\/category\\\/profesionales-del-te\\\/#breadcrumb\"},\"inLanguage\":\"es\"},{\"@type\":\"BreadcrumbList\",\"@id\":\"https:\\\/\\\/www.alveus.eu\\\/es\\\/blog\\\/category\\\/profesionales-del-te\\\/#breadcrumb\",\"itemListElement\":[{\"@type\":\"ListItem\",\"position\":1,\"name\":\"Home\",\"item\":\"https:\\\/\\\/www.alveus.eu\\\/es\"},{\"@type\":\"ListItem\",\"position\":2,\"name\":\"Profesionales del T\u00e9\"}]},{\"@type\":\"WebSite\",\"@id\":\"https:\\\/\\\/www.alveus.eu\\\/es#website\",\"url\":\"https:\\\/\\\/www.alveus.eu\\\/es\",\"name\":\"Alveus\",\"description\":\"\",\"publisher\":{\"@id\":\"https:\\\/\\\/www.alveus.eu\\\/es#organization\"},\"potentialAction\":[{\"@type\":\"SearchAction\",\"target\":{\"@type\":\"EntryPoint\",\"urlTemplate\":\"https:\\\/\\\/www.alveus.eu\\\/es?s={search_term_string}\"},\"query-input\":{\"@type\":\"PropertyValueSpecification\",\"valueRequired\":true,\"valueName\":\"search_term_string\"}}],\"inLanguage\":\"es\"},{\"@type\":\"Organization\",\"@id\":\"https:\\\/\\\/www.alveus.eu\\\/es#organization\",\"name\":\"Alveus\",\"alternateName\":\"Alveus Premium Teas\",\"url\":\"https:\\\/\\\/www.alveus.eu\\\/es\",\"logo\":{\"@type\":\"ImageObject\",\"inLanguage\":\"es\",\"@id\":\"https:\\\/\\\/www.alveus.eu\\\/es#\\\/schema\\\/logo\\\/image\\\/\",\"url\":\"https:\\\/\\\/www.alveus.eu\\\/wp-content\\\/uploads\\\/2023\\\/07\\\/alveus-logo-primary.png\",\"contentUrl\":\"https:\\\/\\\/www.alveus.eu\\\/wp-content\\\/uploads\\\/2023\\\/07\\\/alveus-logo-primary.png\",\"width\":248,\"height\":248,\"caption\":\"Alveus\"},\"image\":{\"@id\":\"https:\\\/\\\/www.alveus.eu\\\/es#\\\/schema\\\/logo\\\/image\\\/\"},\"sameAs\":[\"https:\\\/\\\/www.facebook.com\\\/alveusinternational\\\/\",\"https:\\\/\\\/www.instagram.com\\\/alveustea\\\/\",\"https:\\\/\\\/de.linkedin.com\\\/company\\\/alveustea\"]}]}<\/script>\n<!-- \/ Yoast SEO Premium plugin. -->","yoast_head_json":{"title":"Profesionales del T\u00e9 - Alveus","description":"Convi\u00e9rtete en todo un profesional del t\u00e9 con el contenido creado por nuestros expertos y que te ayudar\u00e1n a iniciar, consolidar o hacer crecer tu negocio.","robots":{"index":"index","follow":"follow","max-snippet":"max-snippet:-1","max-image-preview":"max-image-preview:large","max-video-preview":"max-video-preview:-1"},"canonical":"https:\/\/www.alveus.eu\/es\/blog\/category\/profesionales-del-te\/","og_locale":"es_ES","og_type":"article","og_title":"Profesionales del T\u00e9 Archives","og_description":"Convi\u00e9rtete en todo un profesional del t\u00e9 con el contenido creado por nuestros expertos y que te ayudar\u00e1n a iniciar, consolidar o hacer crecer tu negocio.","og_url":"https:\/\/www.alveus.eu\/es\/blog\/category\/profesionales-del-te\/","og_site_name":"Alveus","twitter_card":"summary_large_image","schema":{"@context":"https:\/\/schema.org","@graph":[{"@type":"CollectionPage","@id":"https:\/\/www.alveus.eu\/es\/blog\/category\/profesionales-del-te\/","url":"https:\/\/www.alveus.eu\/es\/blog\/category\/profesionales-del-te\/","name":"Profesionales del T\u00e9 - Alveus","isPartOf":{"@id":"https:\/\/www.alveus.eu\/es#website"},"description":"Convi\u00e9rtete en todo un profesional del t\u00e9 con el contenido creado por nuestros expertos y que te ayudar\u00e1n a iniciar, consolidar o hacer crecer tu negocio.","breadcrumb":{"@id":"https:\/\/www.alveus.eu\/es\/blog\/category\/profesionales-del-te\/#breadcrumb"},"inLanguage":"es"},{"@type":"BreadcrumbList","@id":"https:\/\/www.alveus.eu\/es\/blog\/category\/profesionales-del-te\/#breadcrumb","itemListElement":[{"@type":"ListItem","position":1,"name":"Home","item":"https:\/\/www.alveus.eu\/es"},{"@type":"ListItem","position":2,"name":"Profesionales del T\u00e9"}]},{"@type":"WebSite","@id":"https:\/\/www.alveus.eu\/es#website","url":"https:\/\/www.alveus.eu\/es","name":"Alveus","description":"","publisher":{"@id":"https:\/\/www.alveus.eu\/es#organization"},"potentialAction":[{"@type":"SearchAction","target":{"@type":"EntryPoint","urlTemplate":"https:\/\/www.alveus.eu\/es?s={search_term_string}"},"query-input":{"@type":"PropertyValueSpecification","valueRequired":true,"valueName":"search_term_string"}}],"inLanguage":"es"},{"@type":"Organization","@id":"https:\/\/www.alveus.eu\/es#organization","name":"Alveus","alternateName":"Alveus Premium Teas","url":"https:\/\/www.alveus.eu\/es","logo":{"@type":"ImageObject","inLanguage":"es","@id":"https:\/\/www.alveus.eu\/es#\/schema\/logo\/image\/","url":"https:\/\/www.alveus.eu\/wp-content\/uploads\/2023\/07\/alveus-logo-primary.png","contentUrl":"https:\/\/www.alveus.eu\/wp-content\/uploads\/2023\/07\/alveus-logo-primary.png","width":248,"height":248,"caption":"Alveus"},"image":{"@id":"https:\/\/www.alveus.eu\/es#\/schema\/logo\/image\/"},"sameAs":["https:\/\/www.facebook.com\/alveusinternational\/","https:\/\/www.instagram.com\/alveustea\/","https:\/\/de.linkedin.com\/company\/alveustea"]}]}},"_links":{"self":[{"href":"https:\/\/www.alveus.eu\/es\/wp-json\/wp\/v2\/categories\/105","targetHints":{"allow":["GET"]}}],"collection":[{"href":"https:\/\/www.alveus.eu\/es\/wp-json\/wp\/v2\/categories"}],"about":[{"href":"https:\/\/www.alveus.eu\/es\/wp-json\/wp\/v2\/taxonomies\/category"}],"wp:post_type":[{"href":"https:\/\/www.alveus.eu\/es\/wp-json\/wp\/v2\/posts?categories=105"}],"curies":[{"name":"wp","href":"https:\/\/api.w.org\/{rel}","templated":true}]}}