{"id":32025,"date":"2024-04-22T19:13:20","date_gmt":"2024-04-22T18:13:20","guid":{"rendered":"https:\/\/www.alveus.eu\/?p=32025"},"modified":"2025-01-27T12:50:37","modified_gmt":"2025-01-27T11:50:37","slug":"dia-internacional-del-te","status":"publish","type":"post","link":"https:\/\/www.alveus.eu\/es\/blog\/dia-internacional-del-te\/","title":{"rendered":"D\u00eda Internacional del T\u00e9"},"content":{"rendered":"\t\t<div data-elementor-type=\"wp-post\" data-elementor-id=\"32025\" class=\"elementor elementor-32025 elementor-31999\" data-elementor-post-type=\"post\">\n\t\t\t\t<div class=\"elementor-element elementor-element-41a2d465 e-flex e-con-boxed e-con e-parent\" data-id=\"41a2d465\" data-element_type=\"container\" data-e-type=\"container\">\n\t\t\t\t\t<div class=\"e-con-inner\">\n\t\t\t\t<div class=\"elementor-element elementor-element-19e7ee55 elementor-widget elementor-widget-text-editor\" data-id=\"19e7ee55\" data-element_type=\"widget\" data-e-type=\"widget\" data-widget_type=\"text-editor.default\">\n\t\t\t\t<div class=\"elementor-widget-container\">\n\t\t\t\t\t\t\t\t\t<p>El 21 de Mayo se celebra el D\u00eda Internacional del T\u00e9. Se trata de una <b>ocasi\u00f3n para reflexionar sobre el impacto cultural, econ\u00f3mico y social del t\u00e9 en todo el mundo.<\/b><\/p><p>Para las tiendas y negocios de t\u00e9, es un excelente momento para conectar con su comunidad y celebrar por todo lo alto el amor hacia esta popular bebida.<\/p><p>En este post te explicamos su importancia, y c\u00f3mo tu negocio o tienda de t\u00e9 puede aprovechar al m\u00e1ximo la celebraci\u00f3n de este d\u00eda.<\/p>\t\t\t\t\t\t\t\t<\/div>\n\t\t\t\t<\/div>\n\t\t\t\t<div class=\"elementor-element elementor-element-2e5d0e86 elementor-toc--minimized-on-tablet elementor-widget elementor-widget-table-of-contents\" data-id=\"2e5d0e86\" data-element_type=\"widget\" data-e-type=\"widget\" data-settings=\"{&quot;headings_by_tags&quot;:[&quot;h2&quot;],&quot;exclude_headings_by_selector&quot;:&quot;.elementor-grid .elementor-heading-title&quot;,&quot;no_headings_message&quot;:&quot;No headings were found on this page.&quot;,&quot;marker_view&quot;:&quot;numbers&quot;,&quot;minimize_box&quot;:&quot;yes&quot;,&quot;minimized_on&quot;:&quot;tablet&quot;,&quot;hierarchical_view&quot;:&quot;yes&quot;,&quot;min_height&quot;:{&quot;unit&quot;:&quot;px&quot;,&quot;size&quot;:&quot;&quot;,&quot;sizes&quot;:[]},&quot;min_height_tablet&quot;:{&quot;unit&quot;:&quot;px&quot;,&quot;size&quot;:&quot;&quot;,&quot;sizes&quot;:[]},&quot;min_height_mobile&quot;:{&quot;unit&quot;:&quot;px&quot;,&quot;size&quot;:&quot;&quot;,&quot;sizes&quot;:[]}}\" data-widget_type=\"table-of-contents.default\">\n\t\t\t\t<div class=\"elementor-widget-container\">\n\t\t\t\t\t\t\t\t\t<div class=\"elementor-toc__header\">\n\t\t\t\t\t\t<div class=\"elementor-toc__header-title\">\n\t\t\t\tContenidos\t\t\t<\/div>\n\t\t\t\t\t\t\t\t\t\t<div class=\"elementor-toc__toggle-button elementor-toc__toggle-button--expand\" role=\"button\" tabindex=\"0\" aria-controls=\"elementor-toc__2e5d0e86\" aria-expanded=\"true\" aria-label=\"Abrir la tabla de contenidos\"><i aria-hidden=\"true\" class=\"alveus alveus-arrow\"><\/i><\/div>\n\t\t\t\t<div class=\"elementor-toc__toggle-button elementor-toc__toggle-button--collapse\" role=\"button\" tabindex=\"0\" aria-controls=\"elementor-toc__2e5d0e86\" aria-expanded=\"true\" aria-label=\"Cerrar la tabla de contenidos\"><i aria-hidden=\"true\" class=\"alveus alveus-close\"><\/i><\/div>\n\t\t\t\t\t<\/div>\n\t\t\t\t<div id=\"elementor-toc__2e5d0e86\" class=\"elementor-toc__body\">\n\t\t\t<div class=\"elementor-toc__spinner-container\">\n\t\t\t\t<i class=\"elementor-toc__spinner eicon-animation-spin eicon-loading\" aria-hidden=\"true\"><\/i>\t\t\t<\/div>\n\t\t<\/div>\n\t\t\t\t\t\t<\/div>\n\t\t\t\t<\/div>\n\t\t\t\t<div class=\"elementor-element elementor-element-2bc12f47 elementor-widget elementor-widget-heading\" data-id=\"2bc12f47\" data-element_type=\"widget\" data-e-type=\"widget\" data-widget_type=\"heading.default\">\n\t\t\t\t<div class=\"elementor-widget-container\">\n\t\t\t\t\t<h2 class=\"elementor-heading-title elementor-size-default\">Historia y significado del d\u00eda internacional del t\u00e9<\/h2>\t\t\t\t<\/div>\n\t\t\t\t<\/div>\n\t\t\t\t<div class=\"elementor-element elementor-element-49a89da1 elementor-widget elementor-widget-text-editor\" data-id=\"49a89da1\" data-element_type=\"widget\" data-e-type=\"widget\" data-widget_type=\"text-editor.default\">\n\t\t\t\t<div class=\"elementor-widget-container\">\n\t\t\t\t\t\t\t\t\t<p>El d\u00eda del t\u00e9 comenz\u00f3 a celebrarse en todo el mundo en el a\u00f1o 2005. En primer lugar, la fecha de este d\u00eda especial fue el 15 de diciembre.<\/p><p>Tras la 23\u00aa reuni\u00f3n del grupo intergubernamental sobre el t\u00e9 en 2018, se propuso un cambio de fecha. El principal motivo es que la fecha inicial no era un momento de m\u00e1ximo esplendor para el t\u00e9. En su lugar se opt\u00f3 por una fecha primaveral, estaci\u00f3n del a\u00f1o en la que se producen las tan demandadas primeras cosechas.<\/p><p>De este modo la asamblea general de las Naciones Unidas instaur\u00f3 el D\u00eda Internacional del T\u00e9 con un doble prop\u00f3sito:<\/p><ol><li>Primero, reconocer el t\u00e9 como la bebida m\u00e1s popular del mundo, despu\u00e9s del agua. <\/li><li>Segundo, destacar su rol en la promoci\u00f3n de empleo, la lucha contra el hambre y el desarrollo sostenible, especialmente en los pa\u00edses en desarrollo.<\/li><\/ol><p>Y es que el t\u00e9 es mucho m\u00e1s que una bebida. Ha sido protagonista en la historia de numerosos pa\u00edses convirti\u00e9ndose en s\u00edmbolo de su cultura. Ejemplo de ello son la Guerra de la Independencia, que tuvo lugar con el mot\u00edn del t\u00e9 en Boston, o su uso como elemento ceremonial en Jap\u00f3n. <\/p>\t\t\t\t\t\t\t\t<\/div>\n\t\t\t\t<\/div>\n\t\t\t\t<div class=\"elementor-element elementor-element-acd4af5 elementor-widget elementor-widget-heading\" data-id=\"acd4af5\" data-element_type=\"widget\" data-e-type=\"widget\" data-widget_type=\"heading.default\">\n\t\t\t\t<div class=\"elementor-widget-container\">\n\t\t\t\t\t<h2 class=\"elementor-heading-title elementor-size-default\">Un d\u00eda para comunicar el impacto social y econ\u00f3mico del t\u00e9<\/h2>\t\t\t\t<\/div>\n\t\t\t\t<\/div>\n\t\t\t\t<div class=\"elementor-element elementor-element-22dedcb3 elementor-widget elementor-widget-image\" data-id=\"22dedcb3\" data-element_type=\"widget\" data-e-type=\"widget\" data-widget_type=\"image.default\">\n\t\t\t\t<div class=\"elementor-widget-container\">\n\t\t\t\t\t\t\t\t\t\t\t\t\t\t\t<img fetchpriority=\"high\" decoding=\"async\" width=\"900\" height=\"600\" src=\"https:\/\/www.alveus.eu\/wp-content\/uploads\/022-b.jpg\" class=\"attachment-large size-large wp-image-32011\" alt=\"ETP\" srcset=\"https:\/\/www.alveus.eu\/wp-content\/uploads\/022-b.jpg 900w, https:\/\/www.alveus.eu\/wp-content\/uploads\/022-b-300x200.jpg 300w, https:\/\/www.alveus.eu\/wp-content\/uploads\/022-b-768x512.jpg 768w\" sizes=\"(max-width: 900px) 100vw, 900px\" \/>\t\t\t\t\t\t\t\t\t\t\t\t\t\t\t<\/div>\n\t\t\t\t<\/div>\n\t\t\t\t<div class=\"elementor-element elementor-element-5b5c7a99 elementor-widget elementor-widget-text-editor\" data-id=\"5b5c7a99\" data-element_type=\"widget\" data-e-type=\"widget\" data-widget_type=\"text-editor.default\">\n\t\t\t\t<div class=\"elementor-widget-container\">\n\t\t\t\t\t\t\t\t\t<p>Como parte integrante de la industria del t\u00e9, el 21 de mayo es una fecha destacada para difundir el impacto social y econ\u00f3mico del t\u00e9.<\/p><p>El t\u00e9 juega un papel crucial en la econom\u00eda de muchos pa\u00edses, siendo una fuente importante de ingresos y empleo. As\u00ed que te animamos a reconocer y apoyar las pr\u00e1cticas que aseguran la sostenibilidad y la equidad en la industria del t\u00e9, especialmente este d\u00eda.<\/p><p>Crea publicaciones en tus redes sociales, p\u00e1gina web o tienda online, sobre la importancia de la sostenibilidad en la producci\u00f3n del t\u00e9. Puedes incluir tambi\u00e9n temas sobre la conservaci\u00f3n del agua, la protecci\u00f3n de la biodiversidad y el manejo adecuado de los suelos.<\/p><p>Destaca c\u00f3mo tu negocio o tienda de t\u00e9 contribuye al bienestar de las comunidades productoras de t\u00e9. Esto puede ser mediante la selecci\u00f3n de proveedores \u00e9ticos o mediante proyectos de desarrollo comunitario.<\/p><p><span style=\"color: var( --e-global-color-text ); font-family: var( --e-global-typography-text-font-family ), Sans-serif; font-size: var( --e-global-typography-text-font-size ); font-weight: var( --e-global-typography-text-font-weight ); letter-spacing: var( --e-global-typography-text-letter-spacing ); text-align: var(--text-align);\">Iniciativas y certificaciones como <\/span><a style=\"font-family: var( --e-global-typography-text-font-family ), Sans-serif; font-size: var( --e-global-typography-text-font-size ); font-weight: var( --e-global-typography-text-font-weight ); letter-spacing: var( --e-global-typography-text-letter-spacing ); text-align: var(--text-align);\" href=\"https:\/\/www.rainforest-alliance.org\/\" target=\"_blank\" rel=\"nofollow noopener\">Rainforest Alliance<\/a><span style=\"color: var( --e-global-color-text ); font-family: var( --e-global-typography-text-font-family ), Sans-serif; font-size: var( --e-global-typography-text-font-size ); font-weight: var( --e-global-typography-text-font-weight ); letter-spacing: var( --e-global-typography-text-letter-spacing ); text-align: var(--text-align);\">, <\/span><a style=\"font-family: var( --e-global-typography-text-font-family ), Sans-serif; font-size: var( --e-global-typography-text-font-size ); font-weight: var( --e-global-typography-text-font-weight ); letter-spacing: var( --e-global-typography-text-letter-spacing ); text-align: var(--text-align);\" href=\"https:\/\/www.fairtrade.net\/iberica-es.html\" target=\"_blank\" rel=\"nofollow noopener\">Fairtrade<\/a><span style=\"color: var( --e-global-color-text ); font-family: var( --e-global-typography-text-font-family ), Sans-serif; font-size: var( --e-global-typography-text-font-size ); font-weight: var( --e-global-typography-text-font-weight ); letter-spacing: var( --e-global-typography-text-letter-spacing ); text-align: var(--text-align);\">, o <\/span><a style=\"font-family: var( --e-global-typography-text-font-family ), Sans-serif; font-size: var( --e-global-typography-text-font-size ); font-weight: var( --e-global-typography-text-font-weight ); letter-spacing: var( --e-global-typography-text-letter-spacing ); text-align: var(--text-align);\" href=\"https:\/\/etp-global.org\/\" target=\"_blank\" rel=\"nofollow noopener\">Ethical Tea Partnership<\/a><span style=\"color: var( --e-global-color-text ); font-family: var( --e-global-typography-text-font-family ), Sans-serif; font-size: var( --e-global-typography-text-font-size ); font-weight: var( --e-global-typography-text-font-weight ); letter-spacing: var( --e-global-typography-text-letter-spacing ); text-align: var(--text-align);\"> son pasos importantes hacia un futuro m\u00e1s sostenible.<\/span><\/p>\t\t\t\t\t\t\t\t<\/div>\n\t\t\t\t<\/div>\n\t\t\t\t<div class=\"elementor-element elementor-element-1e7436ba elementor-widget elementor-widget-heading\" data-id=\"1e7436ba\" data-element_type=\"widget\" data-e-type=\"widget\" data-widget_type=\"heading.default\">\n\t\t\t\t<div class=\"elementor-widget-container\">\n\t\t\t\t\t<h2 class=\"elementor-heading-title elementor-size-default\">Tips para celebrar el D\u00eda Internacional del T\u00e9 en tu negocio<\/h2>\t\t\t\t<\/div>\n\t\t\t\t<\/div>\n\t\t\t\t<div class=\"elementor-element elementor-element-b9fc11a elementor-widget elementor-widget-image\" data-id=\"b9fc11a\" data-element_type=\"widget\" data-e-type=\"widget\" data-widget_type=\"image.default\">\n\t\t\t\t<div class=\"elementor-widget-container\">\n\t\t\t\t\t\t\t\t\t\t\t\t\t\t\t<img decoding=\"async\" width=\"900\" height=\"600\" src=\"https:\/\/www.alveus.eu\/wp-content\/uploads\/022-c.jpg\" class=\"attachment-large size-large wp-image-32006\" alt=\"eventos d\u00eda t\u00e9\" srcset=\"https:\/\/www.alveus.eu\/wp-content\/uploads\/022-c.jpg 900w, https:\/\/www.alveus.eu\/wp-content\/uploads\/022-c-300x200.jpg 300w, https:\/\/www.alveus.eu\/wp-content\/uploads\/022-c-768x512.jpg 768w\" sizes=\"(max-width: 900px) 100vw, 900px\" \/>\t\t\t\t\t\t\t\t\t\t\t\t\t\t\t<\/div>\n\t\t\t\t<\/div>\n\t\t\t\t<div class=\"elementor-element elementor-element-6b297c96 elementor-widget elementor-widget-text-editor\" data-id=\"6b297c96\" data-element_type=\"widget\" data-e-type=\"widget\" data-widget_type=\"text-editor.default\">\n\t\t\t\t<div class=\"elementor-widget-container\">\n\t\t\t\t\t\t\t\t\t<p>El 21 de mayo ofrece una excelente oportunidad para las tiendas y negocios de t\u00e9 de todo el mundo. Es la fecha ideal para crear promociones y para promover la cultura del amor por el t\u00e9.<\/p><p>Vamos a proponerte algunas actividades que seguro te ayudar\u00e1n a vender m\u00e1s y alcanzar nuevos clientes. <\/p>\t\t\t\t\t\t\t\t<\/div>\n\t\t\t\t<\/div>\n\t\t\t\t<div class=\"elementor-element elementor-element-7647e3a elementor-widget elementor-widget-heading\" data-id=\"7647e3a\" data-element_type=\"widget\" data-e-type=\"widget\" data-widget_type=\"heading.default\">\n\t\t\t\t<div class=\"elementor-widget-container\">\n\t\t\t\t\t<h3 class=\"elementor-heading-title elementor-size-default\">Organiza eventos y catas<\/h3>\t\t\t\t<\/div>\n\t\t\t\t<\/div>\n\t\t\t\t<div class=\"elementor-element elementor-element-62e4673a elementor-widget elementor-widget-text-editor\" data-id=\"62e4673a\" data-element_type=\"widget\" data-e-type=\"widget\" data-widget_type=\"text-editor.default\">\n\t\t\t\t<div class=\"elementor-widget-container\">\n\t\t\t\t\t\t\t\t\t<p>Organiza eventos en tu tienda donde los clientes puedan probar diferentes tipos de t\u00e9 y aprender sobre sus or\u00edgenes, m\u00e9todos de preparaci\u00f3n y beneficios para la salud.<\/p><p>Estos eventos pueden incluir talleres, catas, charlas y ceremonias de t\u00e9, ofreciendo una experiencia educativa y gustativa.<\/p>\t\t\t\t\t\t\t\t<\/div>\n\t\t\t\t<\/div>\n\t\t\t\t<div class=\"elementor-element elementor-element-bfffc9a elementor-widget elementor-widget-heading\" data-id=\"bfffc9a\" data-element_type=\"widget\" data-e-type=\"widget\" data-widget_type=\"heading.default\">\n\t\t\t\t<div class=\"elementor-widget-container\">\n\t\t\t\t\t<h3 class=\"elementor-heading-title elementor-size-default\">Crea ofertas especiales para este d\u00eda<\/h3>\t\t\t\t<\/div>\n\t\t\t\t<\/div>\n\t\t\t\t<div class=\"elementor-element elementor-element-9a62220 elementor-widget elementor-widget-text-editor\" data-id=\"9a62220\" data-element_type=\"widget\" data-e-type=\"widget\" data-widget_type=\"text-editor.default\">\n\t\t\t\t<div class=\"elementor-widget-container\">\n\t\t\t\t\t\t\t\t\t<p>Ofrece promociones especiales por el d\u00eda del t\u00e9. An\u00fancialas en tu tienda, redes sociales, o <a href=\"https:\/\/www.alveus.eu\/es\/blog\/venta-te-online\">tienda online<\/a> (si la tienes).<\/p><p>Estas pueden consistir en descuentos en t\u00e9s seleccionados, packs de regalo con t\u00e9s de pa\u00edses d\u00f3nde es vital para el desarrollo econ\u00f3mico (\u00c1frica y Asia), u obsequiando con regalos por cada compra.<\/p>\t\t\t\t\t\t\t\t<\/div>\n\t\t\t\t<\/div>\n\t\t\t\t<div class=\"elementor-element elementor-element-394a268 elementor-widget elementor-widget-heading\" data-id=\"394a268\" data-element_type=\"widget\" data-e-type=\"widget\" data-widget_type=\"heading.default\">\n\t\t\t\t<div class=\"elementor-widget-container\">\n\t\t\t\t\t<h3 class=\"elementor-heading-title elementor-size-default\">Lanza una campa\u00f1a de concienciaci\u00f3n<\/h3>\t\t\t\t<\/div>\n\t\t\t\t<\/div>\n\t\t\t\t<div class=\"elementor-element elementor-element-e542ed9 elementor-widget elementor-widget-text-editor\" data-id=\"e542ed9\" data-element_type=\"widget\" data-e-type=\"widget\" data-widget_type=\"text-editor.default\">\n\t\t\t\t<div class=\"elementor-widget-container\">\n\t\t\t\t\t\t\t\t\t<p>Utiliza este d\u00eda para educar a tus clientes sobre los aspectos sostenibles y \u00e9ticos del cultivo y comercio del t\u00e9.<\/p><p>Para esto puedes promocionar t\u00e9s biol\u00f3gicos, de comercio justo o naturales. Destaca c\u00f3mo su compra contribuye a un impacto positivo en las comunidades productoras de t\u00e9.<\/p>\t\t\t\t\t\t\t\t<\/div>\n\t\t\t\t<\/div>\n\t\t\t\t<div class=\"elementor-element elementor-element-ddf75b7 elementor-widget elementor-widget-heading\" data-id=\"ddf75b7\" data-element_type=\"widget\" data-e-type=\"widget\" data-widget_type=\"heading.default\">\n\t\t\t\t<div class=\"elementor-widget-container\">\n\t\t\t\t\t<h3 class=\"elementor-heading-title elementor-size-default\">Colaboraciones locales<\/h3>\t\t\t\t<\/div>\n\t\t\t\t<\/div>\n\t\t\t\t<div class=\"elementor-element elementor-element-e618129 elementor-widget elementor-widget-text-editor\" data-id=\"e618129\" data-element_type=\"widget\" data-e-type=\"widget\" data-widget_type=\"text-editor.default\">\n\t\t\t\t<div class=\"elementor-widget-container\">\n\t\t\t\t\t\t\t\t\t<p>Esta actividad puede ayudarte a conseguir nuevos clientes. Consiste en crear colaboraciones cruzadas o promociones compartidas con otros establecimientos locales.<\/p><p>Por ejemplo puedes acordar que durante ese d\u00eda una librer\u00eda reparta muestras de t\u00e9 etiquetadas con tu marca con cada libro que venda. Tambi\u00e9n puedes hacer que se sirva t\u00e9 gratis, bajo tu patrocinio, en asociaciones de coworking o asociaciones vecinales.<\/p>\t\t\t\t\t\t\t\t<\/div>\n\t\t\t\t<\/div>\n\t\t\t\t<div class=\"elementor-element elementor-element-7ff1ca1 elementor-widget elementor-widget-heading\" data-id=\"7ff1ca1\" data-element_type=\"widget\" data-e-type=\"widget\" data-widget_type=\"heading.default\">\n\t\t\t\t<div class=\"elementor-widget-container\">\n\t\t\t\t\t<h2 class=\"elementor-heading-title elementor-size-default\">Conclusi\u00f3n: Uniendo al mundo a trav\u00e9s del t\u00e9<\/h2>\t\t\t\t<\/div>\n\t\t\t\t<\/div>\n\t\t\t\t<div class=\"elementor-element elementor-element-5d47c7f6 elementor-widget elementor-widget-text-editor\" data-id=\"5d47c7f6\" data-element_type=\"widget\" data-e-type=\"widget\" data-widget_type=\"text-editor.default\">\n\t\t\t\t<div class=\"elementor-widget-container\">\n\t\t\t\t\t\t\t\t\t<p>El D\u00eda Internacional del T\u00e9 es m\u00e1s que una celebraci\u00f3n de nuestra bebida favorita; es una oportunidad para reflexionar sobre el papel que juega el t\u00e9 en conectar culturas, mejorar la sostenibilidad y apoyar al desarrollo econ\u00f3mico.<\/p><p>Para los negocios de t\u00e9, es el momento perfecto para reafirmar su compromiso con estas causas, educar a sus clientes y celebrar la diversidad y riqueza que el t\u00e9 aporta a nuestras vidas.<\/p><p>Aprovechemos este d\u00eda para acercarnos m\u00e1s a nuestra comunidad, promover pr\u00e1cticas \u00e9ticas y, por supuesto, disfrutar de una buena taza de t\u00e9.<\/p>\t\t\t\t\t\t\t\t<\/div>\n\t\t\t\t<\/div>\n\t\t\t\t\t<\/div>\n\t\t\t\t<\/div>\n\t\t\t\t<\/div>\n\t\t","protected":false},"excerpt":{"rendered":"<p>C\u00f3mo esta bebida milenaria fomenta la unidad, el desarrollo sostenible y la prosperidad global. <\/p>\n","protected":false},"author":11,"featured_media":32016,"comment_status":"open","ping_status":"open","sticky":false,"template":"","format":"standard","meta":{"_acf_changed":false,"footnotes":""},"categories":[105],"tags":[],"class_list":["post-32025","post","type-post","status-publish","format-standard","has-post-thumbnail","hentry","category-profesionales-del-te"],"acf":[],"yoast_head":"<!-- This site is optimized with the Yoast SEO Premium plugin v27.4 (Yoast SEO v27.4) - https:\/\/yoast.com\/product\/yoast-seo-premium-wordpress\/ -->\n<title>21 de Mayo: D\u00eda internacional del t\u00e9 | Alveus<\/title>\n<meta name=\"description\" content=\"Conoce el origen y la importancia del d\u00eda internacional del t\u00e9 y c\u00f3mo puedes celebrarlo en tu negocio o tienda de t\u00e9.\" \/>\n<meta name=\"robots\" content=\"index, follow, max-snippet:-1, max-image-preview:large, max-video-preview:-1\" \/>\n<link rel=\"canonical\" href=\"https:\/\/www.alveus.eu\/es\/blog\/dia-internacional-del-te\/\" \/>\n<meta property=\"og:locale\" content=\"es_ES\" \/>\n<meta property=\"og:type\" content=\"article\" \/>\n<meta property=\"og:title\" content=\"D\u00eda Internacional del T\u00e9\" \/>\n<meta property=\"og:description\" content=\"Conoce el origen y la importancia del d\u00eda internacional del t\u00e9 y c\u00f3mo puedes celebrarlo en tu negocio o tienda de t\u00e9.\" \/>\n<meta property=\"og:url\" content=\"https:\/\/www.alveus.eu\/es\/blog\/dia-internacional-del-te\/\" \/>\n<meta property=\"og:site_name\" content=\"Alveus\" \/>\n<meta property=\"article:publisher\" content=\"https:\/\/www.facebook.com\/alveusinternational\/\" \/>\n<meta property=\"article:published_time\" content=\"2024-04-22T18:13:20+00:00\" \/>\n<meta property=\"article:modified_time\" content=\"2025-01-27T11:50:37+00:00\" \/>\n<meta property=\"og:image\" content=\"https:\/\/www.alveus.eu\/wp-content\/uploads\/022-a.jpg\" \/>\n\t<meta property=\"og:image:width\" content=\"900\" \/>\n\t<meta property=\"og:image:height\" content=\"600\" \/>\n\t<meta property=\"og:image:type\" content=\"image\/jpeg\" \/>\n<meta name=\"author\" content=\"Alveus Blog Team\" \/>\n<meta name=\"twitter:card\" content=\"summary_large_image\" \/>\n<meta name=\"twitter:label1\" content=\"Escrito por\" \/>\n\t<meta name=\"twitter:data1\" content=\"Alveus Blog Team\" \/>\n\t<meta name=\"twitter:label2\" content=\"Tiempo de lectura\" \/>\n\t<meta name=\"twitter:data2\" content=\"5 minutos\" \/>\n<script type=\"application\/ld+json\" class=\"yoast-schema-graph\">{\"@context\":\"https:\\\/\\\/schema.org\",\"@graph\":[{\"@type\":\"Article\",\"@id\":\"https:\\\/\\\/www.alveus.eu\\\/es\\\/blog\\\/dia-internacional-del-te\\\/#article\",\"isPartOf\":{\"@id\":\"https:\\\/\\\/www.alveus.eu\\\/es\\\/blog\\\/dia-internacional-del-te\\\/\"},\"author\":{\"name\":\"Alveus Blog Team\",\"@id\":\"https:\\\/\\\/www.alveus.eu\\\/es#\\\/schema\\\/person\\\/6864b22051c6c128b3c72edaeac35855\"},\"headline\":\"D\u00eda Internacional del T\u00e9\",\"datePublished\":\"2024-04-22T18:13:20+00:00\",\"dateModified\":\"2025-01-27T11:50:37+00:00\",\"mainEntityOfPage\":{\"@id\":\"https:\\\/\\\/www.alveus.eu\\\/es\\\/blog\\\/dia-internacional-del-te\\\/\"},\"wordCount\":920,\"commentCount\":0,\"publisher\":{\"@id\":\"https:\\\/\\\/www.alveus.eu\\\/es#organization\"},\"image\":{\"@id\":\"https:\\\/\\\/www.alveus.eu\\\/es\\\/blog\\\/dia-internacional-del-te\\\/#primaryimage\"},\"thumbnailUrl\":\"https:\\\/\\\/www.alveus.eu\\\/wp-content\\\/uploads\\\/022-a.jpg\",\"articleSection\":[\"Profesionales del T\u00e9\"],\"inLanguage\":\"es\",\"potentialAction\":[{\"@type\":\"CommentAction\",\"name\":\"Comment\",\"target\":[\"https:\\\/\\\/www.alveus.eu\\\/es\\\/blog\\\/dia-internacional-del-te\\\/#respond\"]}]},{\"@type\":\"WebPage\",\"@id\":\"https:\\\/\\\/www.alveus.eu\\\/es\\\/blog\\\/dia-internacional-del-te\\\/\",\"url\":\"https:\\\/\\\/www.alveus.eu\\\/es\\\/blog\\\/dia-internacional-del-te\\\/\",\"name\":\"21 de Mayo: D\u00eda internacional del t\u00e9 | Alveus\",\"isPartOf\":{\"@id\":\"https:\\\/\\\/www.alveus.eu\\\/es#website\"},\"primaryImageOfPage\":{\"@id\":\"https:\\\/\\\/www.alveus.eu\\\/es\\\/blog\\\/dia-internacional-del-te\\\/#primaryimage\"},\"image\":{\"@id\":\"https:\\\/\\\/www.alveus.eu\\\/es\\\/blog\\\/dia-internacional-del-te\\\/#primaryimage\"},\"thumbnailUrl\":\"https:\\\/\\\/www.alveus.eu\\\/wp-content\\\/uploads\\\/022-a.jpg\",\"datePublished\":\"2024-04-22T18:13:20+00:00\",\"dateModified\":\"2025-01-27T11:50:37+00:00\",\"description\":\"Conoce el origen y la importancia del d\u00eda internacional del t\u00e9 y c\u00f3mo puedes celebrarlo en tu negocio o tienda de t\u00e9.\",\"breadcrumb\":{\"@id\":\"https:\\\/\\\/www.alveus.eu\\\/es\\\/blog\\\/dia-internacional-del-te\\\/#breadcrumb\"},\"inLanguage\":\"es\",\"potentialAction\":[{\"@type\":\"ReadAction\",\"target\":[\"https:\\\/\\\/www.alveus.eu\\\/es\\\/blog\\\/dia-internacional-del-te\\\/\"]}]},{\"@type\":\"ImageObject\",\"inLanguage\":\"es\",\"@id\":\"https:\\\/\\\/www.alveus.eu\\\/es\\\/blog\\\/dia-internacional-del-te\\\/#primaryimage\",\"url\":\"https:\\\/\\\/www.alveus.eu\\\/wp-content\\\/uploads\\\/022-a.jpg\",\"contentUrl\":\"https:\\\/\\\/www.alveus.eu\\\/wp-content\\\/uploads\\\/022-a.jpg\",\"width\":900,\"height\":600,\"caption\":\"21 de Mayo: D\u00eda Internacional del t\u00e9\"},{\"@type\":\"BreadcrumbList\",\"@id\":\"https:\\\/\\\/www.alveus.eu\\\/es\\\/blog\\\/dia-internacional-del-te\\\/#breadcrumb\",\"itemListElement\":[{\"@type\":\"ListItem\",\"position\":1,\"name\":\"Home\",\"item\":\"https:\\\/\\\/www.alveus.eu\\\/es\"},{\"@type\":\"ListItem\",\"position\":2,\"name\":\"Profesionales del T\u00e9\",\"item\":\"https:\\\/\\\/www.alveus.eu\\\/es\\\/blog\\\/category\\\/profesionales-del-te\\\/\"},{\"@type\":\"ListItem\",\"position\":3,\"name\":\"D\u00eda Internacional del T\u00e9\"}]},{\"@type\":\"WebSite\",\"@id\":\"https:\\\/\\\/www.alveus.eu\\\/es#website\",\"url\":\"https:\\\/\\\/www.alveus.eu\\\/es\",\"name\":\"Alveus\",\"description\":\"\",\"publisher\":{\"@id\":\"https:\\\/\\\/www.alveus.eu\\\/es#organization\"},\"potentialAction\":[{\"@type\":\"SearchAction\",\"target\":{\"@type\":\"EntryPoint\",\"urlTemplate\":\"https:\\\/\\\/www.alveus.eu\\\/es?s={search_term_string}\"},\"query-input\":{\"@type\":\"PropertyValueSpecification\",\"valueRequired\":true,\"valueName\":\"search_term_string\"}}],\"inLanguage\":\"es\"},{\"@type\":\"Organization\",\"@id\":\"https:\\\/\\\/www.alveus.eu\\\/es#organization\",\"name\":\"Alveus\",\"alternateName\":\"Alveus Premium Teas\",\"url\":\"https:\\\/\\\/www.alveus.eu\\\/es\",\"logo\":{\"@type\":\"ImageObject\",\"inLanguage\":\"es\",\"@id\":\"https:\\\/\\\/www.alveus.eu\\\/es#\\\/schema\\\/logo\\\/image\\\/\",\"url\":\"https:\\\/\\\/www.alveus.eu\\\/wp-content\\\/uploads\\\/2023\\\/07\\\/alveus-logo-primary.png\",\"contentUrl\":\"https:\\\/\\\/www.alveus.eu\\\/wp-content\\\/uploads\\\/2023\\\/07\\\/alveus-logo-primary.png\",\"width\":248,\"height\":248,\"caption\":\"Alveus\"},\"image\":{\"@id\":\"https:\\\/\\\/www.alveus.eu\\\/es#\\\/schema\\\/logo\\\/image\\\/\"},\"sameAs\":[\"https:\\\/\\\/www.facebook.com\\\/alveusinternational\\\/\",\"https:\\\/\\\/www.instagram.com\\\/alveustea\\\/\",\"https:\\\/\\\/de.linkedin.com\\\/company\\\/alveustea\"]},{\"@type\":\"Person\",\"@id\":\"https:\\\/\\\/www.alveus.eu\\\/es#\\\/schema\\\/person\\\/6864b22051c6c128b3c72edaeac35855\",\"name\":\"Alveus Blog Team\",\"image\":{\"@type\":\"ImageObject\",\"inLanguage\":\"es\",\"@id\":\"https:\\\/\\\/secure.gravatar.com\\\/avatar\\\/f951c832a9809c8d01d2ce4fa8bb10716ac4997c3cf93244fa19413f7d28b08e?s=96&d=mm&r=g\",\"url\":\"https:\\\/\\\/secure.gravatar.com\\\/avatar\\\/f951c832a9809c8d01d2ce4fa8bb10716ac4997c3cf93244fa19413f7d28b08e?s=96&d=mm&r=g\",\"contentUrl\":\"https:\\\/\\\/secure.gravatar.com\\\/avatar\\\/f951c832a9809c8d01d2ce4fa8bb10716ac4997c3cf93244fa19413f7d28b08e?s=96&d=mm&r=g\",\"caption\":\"Alveus Blog Team\"},\"description\":\"Editorial team formed by tea professionals from different countries. We are driven by our passion for tea and the dissemination of its culture.\",\"sameAs\":[\"https:\\\/\\\/www.alveus.eu\\\/\"]}]}<\/script>\n<!-- \/ Yoast SEO Premium plugin. -->","yoast_head_json":{"title":"21 de Mayo: D\u00eda internacional del t\u00e9 | Alveus","description":"Conoce el origen y la importancia del d\u00eda internacional del t\u00e9 y c\u00f3mo puedes celebrarlo en tu negocio o tienda de t\u00e9.","robots":{"index":"index","follow":"follow","max-snippet":"max-snippet:-1","max-image-preview":"max-image-preview:large","max-video-preview":"max-video-preview:-1"},"canonical":"https:\/\/www.alveus.eu\/es\/blog\/dia-internacional-del-te\/","og_locale":"es_ES","og_type":"article","og_title":"D\u00eda Internacional del T\u00e9","og_description":"Conoce el origen y la importancia del d\u00eda internacional del t\u00e9 y c\u00f3mo puedes celebrarlo en tu negocio o tienda de t\u00e9.","og_url":"https:\/\/www.alveus.eu\/es\/blog\/dia-internacional-del-te\/","og_site_name":"Alveus","article_publisher":"https:\/\/www.facebook.com\/alveusinternational\/","article_published_time":"2024-04-22T18:13:20+00:00","article_modified_time":"2025-01-27T11:50:37+00:00","og_image":[{"width":900,"height":600,"url":"https:\/\/www.alveus.eu\/wp-content\/uploads\/022-a.jpg","type":"image\/jpeg"}],"author":"Alveus Blog Team","twitter_card":"summary_large_image","twitter_misc":{"Escrito por":"Alveus Blog Team","Tiempo de lectura":"5 minutos"},"schema":{"@context":"https:\/\/schema.org","@graph":[{"@type":"Article","@id":"https:\/\/www.alveus.eu\/es\/blog\/dia-internacional-del-te\/#article","isPartOf":{"@id":"https:\/\/www.alveus.eu\/es\/blog\/dia-internacional-del-te\/"},"author":{"name":"Alveus Blog Team","@id":"https:\/\/www.alveus.eu\/es#\/schema\/person\/6864b22051c6c128b3c72edaeac35855"},"headline":"D\u00eda Internacional del T\u00e9","datePublished":"2024-04-22T18:13:20+00:00","dateModified":"2025-01-27T11:50:37+00:00","mainEntityOfPage":{"@id":"https:\/\/www.alveus.eu\/es\/blog\/dia-internacional-del-te\/"},"wordCount":920,"commentCount":0,"publisher":{"@id":"https:\/\/www.alveus.eu\/es#organization"},"image":{"@id":"https:\/\/www.alveus.eu\/es\/blog\/dia-internacional-del-te\/#primaryimage"},"thumbnailUrl":"https:\/\/www.alveus.eu\/wp-content\/uploads\/022-a.jpg","articleSection":["Profesionales del T\u00e9"],"inLanguage":"es","potentialAction":[{"@type":"CommentAction","name":"Comment","target":["https:\/\/www.alveus.eu\/es\/blog\/dia-internacional-del-te\/#respond"]}]},{"@type":"WebPage","@id":"https:\/\/www.alveus.eu\/es\/blog\/dia-internacional-del-te\/","url":"https:\/\/www.alveus.eu\/es\/blog\/dia-internacional-del-te\/","name":"21 de Mayo: D\u00eda internacional del t\u00e9 | Alveus","isPartOf":{"@id":"https:\/\/www.alveus.eu\/es#website"},"primaryImageOfPage":{"@id":"https:\/\/www.alveus.eu\/es\/blog\/dia-internacional-del-te\/#primaryimage"},"image":{"@id":"https:\/\/www.alveus.eu\/es\/blog\/dia-internacional-del-te\/#primaryimage"},"thumbnailUrl":"https:\/\/www.alveus.eu\/wp-content\/uploads\/022-a.jpg","datePublished":"2024-04-22T18:13:20+00:00","dateModified":"2025-01-27T11:50:37+00:00","description":"Conoce el origen y la importancia del d\u00eda internacional del t\u00e9 y c\u00f3mo puedes celebrarlo en tu negocio o tienda de t\u00e9.","breadcrumb":{"@id":"https:\/\/www.alveus.eu\/es\/blog\/dia-internacional-del-te\/#breadcrumb"},"inLanguage":"es","potentialAction":[{"@type":"ReadAction","target":["https:\/\/www.alveus.eu\/es\/blog\/dia-internacional-del-te\/"]}]},{"@type":"ImageObject","inLanguage":"es","@id":"https:\/\/www.alveus.eu\/es\/blog\/dia-internacional-del-te\/#primaryimage","url":"https:\/\/www.alveus.eu\/wp-content\/uploads\/022-a.jpg","contentUrl":"https:\/\/www.alveus.eu\/wp-content\/uploads\/022-a.jpg","width":900,"height":600,"caption":"21 de Mayo: D\u00eda Internacional del t\u00e9"},{"@type":"BreadcrumbList","@id":"https:\/\/www.alveus.eu\/es\/blog\/dia-internacional-del-te\/#breadcrumb","itemListElement":[{"@type":"ListItem","position":1,"name":"Home","item":"https:\/\/www.alveus.eu\/es"},{"@type":"ListItem","position":2,"name":"Profesionales del T\u00e9","item":"https:\/\/www.alveus.eu\/es\/blog\/category\/profesionales-del-te\/"},{"@type":"ListItem","position":3,"name":"D\u00eda Internacional del T\u00e9"}]},{"@type":"WebSite","@id":"https:\/\/www.alveus.eu\/es#website","url":"https:\/\/www.alveus.eu\/es","name":"Alveus","description":"","publisher":{"@id":"https:\/\/www.alveus.eu\/es#organization"},"potentialAction":[{"@type":"SearchAction","target":{"@type":"EntryPoint","urlTemplate":"https:\/\/www.alveus.eu\/es?s={search_term_string}"},"query-input":{"@type":"PropertyValueSpecification","valueRequired":true,"valueName":"search_term_string"}}],"inLanguage":"es"},{"@type":"Organization","@id":"https:\/\/www.alveus.eu\/es#organization","name":"Alveus","alternateName":"Alveus Premium Teas","url":"https:\/\/www.alveus.eu\/es","logo":{"@type":"ImageObject","inLanguage":"es","@id":"https:\/\/www.alveus.eu\/es#\/schema\/logo\/image\/","url":"https:\/\/www.alveus.eu\/wp-content\/uploads\/2023\/07\/alveus-logo-primary.png","contentUrl":"https:\/\/www.alveus.eu\/wp-content\/uploads\/2023\/07\/alveus-logo-primary.png","width":248,"height":248,"caption":"Alveus"},"image":{"@id":"https:\/\/www.alveus.eu\/es#\/schema\/logo\/image\/"},"sameAs":["https:\/\/www.facebook.com\/alveusinternational\/","https:\/\/www.instagram.com\/alveustea\/","https:\/\/de.linkedin.com\/company\/alveustea"]},{"@type":"Person","@id":"https:\/\/www.alveus.eu\/es#\/schema\/person\/6864b22051c6c128b3c72edaeac35855","name":"Alveus Blog Team","image":{"@type":"ImageObject","inLanguage":"es","@id":"https:\/\/secure.gravatar.com\/avatar\/f951c832a9809c8d01d2ce4fa8bb10716ac4997c3cf93244fa19413f7d28b08e?s=96&d=mm&r=g","url":"https:\/\/secure.gravatar.com\/avatar\/f951c832a9809c8d01d2ce4fa8bb10716ac4997c3cf93244fa19413f7d28b08e?s=96&d=mm&r=g","contentUrl":"https:\/\/secure.gravatar.com\/avatar\/f951c832a9809c8d01d2ce4fa8bb10716ac4997c3cf93244fa19413f7d28b08e?s=96&d=mm&r=g","caption":"Alveus Blog Team"},"description":"Editorial team formed by tea professionals from different countries. We are driven by our passion for tea and the dissemination of its culture.","sameAs":["https:\/\/www.alveus.eu\/"]}]}},"_links":{"self":[{"href":"https:\/\/www.alveus.eu\/es\/wp-json\/wp\/v2\/posts\/32025","targetHints":{"allow":["GET"]}}],"collection":[{"href":"https:\/\/www.alveus.eu\/es\/wp-json\/wp\/v2\/posts"}],"about":[{"href":"https:\/\/www.alveus.eu\/es\/wp-json\/wp\/v2\/types\/post"}],"author":[{"embeddable":true,"href":"https:\/\/www.alveus.eu\/es\/wp-json\/wp\/v2\/users\/11"}],"replies":[{"embeddable":true,"href":"https:\/\/www.alveus.eu\/es\/wp-json\/wp\/v2\/comments?post=32025"}],"version-history":[{"count":4,"href":"https:\/\/www.alveus.eu\/es\/wp-json\/wp\/v2\/posts\/32025\/revisions"}],"predecessor-version":[{"id":48074,"href":"https:\/\/www.alveus.eu\/es\/wp-json\/wp\/v2\/posts\/32025\/revisions\/48074"}],"wp:featuredmedia":[{"embeddable":true,"href":"https:\/\/www.alveus.eu\/es\/wp-json\/wp\/v2\/media\/32016"}],"wp:attachment":[{"href":"https:\/\/www.alveus.eu\/es\/wp-json\/wp\/v2\/media?parent=32025"}],"wp:term":[{"taxonomy":"category","embeddable":true,"href":"https:\/\/www.alveus.eu\/es\/wp-json\/wp\/v2\/categories?post=32025"},{"taxonomy":"post_tag","embeddable":true,"href":"https:\/\/www.alveus.eu\/es\/wp-json\/wp\/v2\/tags?post=32025"}],"curies":[{"name":"wp","href":"https:\/\/api.w.org\/{rel}","templated":true}]}}