{"id":38332,"date":"2024-05-13T15:59:36","date_gmt":"2024-05-13T14:59:36","guid":{"rendered":"https:\/\/www.alveus.eu\/?p=38332"},"modified":"2024-05-13T16:00:19","modified_gmt":"2024-05-13T15:00:19","slug":"incrementar-ventas-te-verano","status":"publish","type":"post","link":"https:\/\/www.alveus.eu\/es\/blog\/incrementar-ventas-te-verano\/","title":{"rendered":"C\u00f3mo incrementar las ventas este verano en tu negocio de t\u00e9"},"content":{"rendered":"\t\t<div data-elementor-type=\"wp-post\" data-elementor-id=\"38332\" class=\"elementor elementor-38332 elementor-38289\" data-elementor-post-type=\"post\">\n\t\t\t\t<div class=\"elementor-element elementor-element-41a2d465 e-flex e-con-boxed e-con e-parent\" data-id=\"41a2d465\" data-element_type=\"container\" data-e-type=\"container\">\n\t\t\t\t\t<div class=\"e-con-inner\">\n\t\t\t\t<div class=\"elementor-element elementor-element-19e7ee55 elementor-widget elementor-widget-text-editor\" data-id=\"19e7ee55\" data-element_type=\"widget\" data-e-type=\"widget\" data-widget_type=\"text-editor.default\">\n\t\t\t\t<div class=\"elementor-widget-container\">\n\t\t\t\t\t\t\t\t\t<p>Si te preguntamos \u00bfcu\u00e1ndo se vende m\u00e1s t\u00e9? nos dir\u00e1s que en invierno, y que la raz\u00f3n es el fr\u00edo. Por ende pensar\u00e1s que lo opuesto, es decir el calor, trae menos ventas.<\/p><p>D\u00e9janos decirte que esto no es del todo cierto. Conocemos muchos negocios que tienen ventas estables a lo largo del a\u00f1o. Y esto se debe a que trabajan cada \u00e9poca estacional para que sus ventas no se resientan.<\/p><p>Todo comienza con entender las preferencias estacionales, despu\u00e9s realizar una adaptaci\u00f3n del surtido de tu negocio y por \u00faltimo, algunas estrategias que vamos a compartir contigo en este post.<\/p>\t\t\t\t\t\t\t\t<\/div>\n\t\t\t\t<\/div>\n\t\t\t\t<div class=\"elementor-element elementor-element-2e5d0e86 elementor-toc--minimized-on-tablet elementor-widget elementor-widget-table-of-contents\" data-id=\"2e5d0e86\" data-element_type=\"widget\" data-e-type=\"widget\" data-settings=\"{&quot;headings_by_tags&quot;:[&quot;h2&quot;],&quot;exclude_headings_by_selector&quot;:&quot;.elementor-grid .elementor-heading-title&quot;,&quot;marker_view&quot;:&quot;numbers&quot;,&quot;no_headings_message&quot;:&quot;No se ha encontrado ning\\u00fan encabezado en esta p\\u00e1gina.&quot;,&quot;minimize_box&quot;:&quot;yes&quot;,&quot;minimized_on&quot;:&quot;tablet&quot;,&quot;hierarchical_view&quot;:&quot;yes&quot;,&quot;min_height&quot;:{&quot;unit&quot;:&quot;px&quot;,&quot;size&quot;:&quot;&quot;,&quot;sizes&quot;:[]},&quot;min_height_tablet&quot;:{&quot;unit&quot;:&quot;px&quot;,&quot;size&quot;:&quot;&quot;,&quot;sizes&quot;:[]},&quot;min_height_mobile&quot;:{&quot;unit&quot;:&quot;px&quot;,&quot;size&quot;:&quot;&quot;,&quot;sizes&quot;:[]}}\" data-widget_type=\"table-of-contents.default\">\n\t\t\t\t<div class=\"elementor-widget-container\">\n\t\t\t\t\t\t\t\t\t<div class=\"elementor-toc__header\">\n\t\t\t\t\t\t<div class=\"elementor-toc__header-title\">\n\t\t\t\tContenidos\t\t\t<\/div>\n\t\t\t\t\t\t\t\t\t\t<div class=\"elementor-toc__toggle-button elementor-toc__toggle-button--expand\" role=\"button\" tabindex=\"0\" aria-controls=\"elementor-toc__2e5d0e86\" aria-expanded=\"true\" aria-label=\"Abrir la tabla de contenidos\"><i aria-hidden=\"true\" class=\"alveus alveus-arrow\"><\/i><\/div>\n\t\t\t\t<div class=\"elementor-toc__toggle-button elementor-toc__toggle-button--collapse\" role=\"button\" tabindex=\"0\" aria-controls=\"elementor-toc__2e5d0e86\" aria-expanded=\"true\" aria-label=\"Cerrar la tabla de contenidos\"><i aria-hidden=\"true\" class=\"alveus alveus-close\"><\/i><\/div>\n\t\t\t\t\t<\/div>\n\t\t\t\t<div id=\"elementor-toc__2e5d0e86\" class=\"elementor-toc__body\">\n\t\t\t<div class=\"elementor-toc__spinner-container\">\n\t\t\t\t<i class=\"elementor-toc__spinner eicon-animation-spin eicon-loading\" aria-hidden=\"true\"><\/i>\t\t\t<\/div>\n\t\t<\/div>\n\t\t\t\t\t\t<\/div>\n\t\t\t\t<\/div>\n\t\t\t\t<div class=\"elementor-element elementor-element-2bc12f47 elementor-widget elementor-widget-heading\" data-id=\"2bc12f47\" data-element_type=\"widget\" data-e-type=\"widget\" data-widget_type=\"heading.default\">\n\t\t\t\t<div class=\"elementor-widget-container\">\n\t\t\t\t\t<h2 class=\"elementor-heading-title elementor-size-default\">Entender las preferencias estacionales de un negocio de t\u00e9<\/h2>\t\t\t\t<\/div>\n\t\t\t\t<\/div>\n\t\t\t\t<div class=\"elementor-element elementor-element-22dedcb3 elementor-widget elementor-widget-image\" data-id=\"22dedcb3\" data-element_type=\"widget\" data-e-type=\"widget\" data-widget_type=\"image.default\">\n\t\t\t\t<div class=\"elementor-widget-container\">\n\t\t\t\t\t\t\t\t\t\t\t\t\t\t\t<img fetchpriority=\"high\" decoding=\"async\" width=\"900\" height=\"600\" src=\"https:\/\/www.alveus.eu\/wp-content\/uploads\/026-b.jpg\" class=\"attachment-large size-large wp-image-38307\" alt=\"consumo t\u00e9 verano\" srcset=\"https:\/\/www.alveus.eu\/wp-content\/uploads\/026-b.jpg 900w, https:\/\/www.alveus.eu\/wp-content\/uploads\/026-b-300x200.jpg 300w, https:\/\/www.alveus.eu\/wp-content\/uploads\/026-b-768x512.jpg 768w\" sizes=\"(max-width: 900px) 100vw, 900px\" \/>\t\t\t\t\t\t\t\t\t\t\t\t\t\t\t<\/div>\n\t\t\t\t<\/div>\n\t\t\t\t<div class=\"elementor-element elementor-element-49a89da1 elementor-widget elementor-widget-text-editor\" data-id=\"49a89da1\" data-element_type=\"widget\" data-e-type=\"widget\" data-widget_type=\"text-editor.default\">\n\t\t\t\t<div class=\"elementor-widget-container\">\n\t\t\t\t\t\t\t\t\t<p>El primer paso para potenciar la venta de t\u00e9 en verano es <b>comprender c\u00f3mo cambian las preferencias de los consumidores con cada estaci\u00f3n<\/b>.<\/p><p>En invierno los t\u00e9s m\u00e1s vendidos son los especiados, de sabores dulces y para tomar con leche.<\/p><p>En verano, la demanda se inclina m\u00e1s hacia t\u00e9s para tomar en fr\u00edo, refrescantes y con sabores frutales o florales.<\/p><p>Ser conscientes de este cambio de consumo y estar listos para satisfacerlo, en el momento adecuado, har\u00e1 que tu negocio est\u00e9 preparado para una campa\u00f1a exitosa de verano.<\/p>\t\t\t\t\t\t\t\t<\/div>\n\t\t\t\t<\/div>\n\t\t<div class=\"elementor-element elementor-element-028812d e-flex e-con-boxed e-con e-child\" data-id=\"028812d\" data-element_type=\"container\" data-e-type=\"container\" data-settings=\"{&quot;background_background&quot;:&quot;classic&quot;}\">\n\t\t\t\t\t<div class=\"e-con-inner\">\n\t\t\t\t<div class=\"elementor-element elementor-element-114ef06 elementor-widget__width-initial elementor-widget-mobile__width-inherit elementor-view-default elementor-widget elementor-widget-icon\" data-id=\"114ef06\" data-element_type=\"widget\" data-e-type=\"widget\" data-widget_type=\"icon.default\">\n\t\t\t\t<div class=\"elementor-widget-container\">\n\t\t\t\t\t\t\t<div class=\"elementor-icon-wrapper\">\n\t\t\t<div class=\"elementor-icon\">\n\t\t\t<svg xmlns=\"http:\/\/www.w3.org\/2000\/svg\" id=\"Layer_2\" data-name=\"Layer 2\" viewBox=\"0 0 192 192\"><defs><style> .cls-1 { fill: none; } .cls-2 { fill: #1d1d1b; } <\/style><\/defs><g id=\"medida\"><g><rect class=\"cls-1\" width=\"192\" height=\"192\"><\/rect><g><path class=\"cls-2\" d=\"M50.98,81.76h-15.81c-1.93,0-3.5,1.57-3.5,3.5s1.57,3.5,3.5,3.5h15.81c1.93,0,3.5-1.57,3.5-3.5s-1.57-3.5-3.5-3.5Z\"><\/path><path class=\"cls-2\" d=\"M64.9,53.79c1.37-1.37,1.37-3.58,0-4.95l-10.12-10.12c-1.37-1.37-3.58-1.37-4.95,0-1.37,1.37-1.37,3.58,0,4.95l10.12,10.12c.68,.68,1.58,1.03,2.47,1.03s1.79-.34,2.47-1.03Z\"><\/path><path class=\"cls-2\" d=\"M145.27,38.72c-1.37-1.37-3.58-1.37-4.95,0l-10.12,10.12c-1.37,1.37-1.37,3.58,0,4.95,.68,.68,1.58,1.03,2.47,1.03s1.79-.34,2.47-1.03l10.12-10.12c1.37-1.37,1.37-3.58,0-4.95Z\"><\/path><path class=\"cls-2\" d=\"M97.75,42c1.93,0,3.5-1.57,3.5-3.5v-14.15c0-1.93-1.57-3.5-3.5-3.5s-3.5,1.57-3.5,3.5v14.15c0,1.93,1.57,3.5,3.5,3.5Z\"><\/path><path class=\"cls-2\" d=\"M156.83,81.76h-14.03c-1.93,0-3.5,1.57-3.5,3.5s1.57,3.5,3.5,3.5h14.03c1.93,0,3.5-1.57,3.5-3.5s-1.57-3.5-3.5-3.5Z\"><\/path><path class=\"cls-2\" d=\"M97.75,48.42c-19.84,0-35.98,16.14-35.98,35.98,0,5.06,.99,9.78,3.03,14.44,.96,2.2,2.35,4.65,3.82,7.25,2.14,3.78,4.57,8.07,5.66,11.69,5.01,16.67,2.59,32.29,2.56,32.45l-.05,.56c0,11.22,9.13,20.36,20.36,20.36s20.36-9.13,20.36-20.36l-.04-.56c-.01-.09-.83-5.44-.21-13.48,.08-.29,.13-.58,.13-.89,0-.1-.02-.19-.03-.29,.48-5.16,1.55-11.3,3.76-17.81,1.37-4.04,4.12-8.95,6.55-13.28,1.09-1.95,2.12-3.79,2.96-5.44,2.75-5.36,3.12-10.41,3.12-14.64,0-19.84-16.14-35.98-35.98-35.98Zm12.3,90.94c-.16,4.07,0,7.32,.19,9.41h-26.18c.21-2.1,.44-5.36,.39-9.41h25.6Zm-12.91,24.79c-5.6,0-10.4-3.48-12.38-8.38h24.76c-1.98,4.9-6.78,8.38-12.38,8.38Zm27.24-68.3c-.79,1.54-1.79,3.32-2.84,5.21-2.57,4.6-5.49,9.8-7.07,14.45-2.06,6.07-3.23,11.82-3.85,16.86h-9.68c.34-.54,.54-1.17,.54-1.86v-19.97c5.79-1.55,10.07-6.82,10.07-13.1,0-1.93-1.57-3.5-3.5-3.5s-3.5,1.57-3.5,3.5c0,3.62-2.95,6.57-6.57,6.57s-6.57-2.95-6.57-6.57c0-1.93-1.57-3.5-3.5-3.5s-3.5,1.57-3.5,3.5c0,6.27,4.28,11.55,10.07,13.1v19.97c0,.68,.2,1.32,.54,1.86h-10.93c-.44-5.05-1.37-10.74-3.14-16.6-1.31-4.37-3.95-9.02-6.27-13.12-1.38-2.44-2.68-4.74-3.5-6.6-1.64-3.76-2.44-7.56-2.44-11.64,0-15.98,13-28.98,28.98-28.98s28.98,13,28.98,28.98c0,4.87-.68,8.19-2.35,11.45Z\"><\/path><\/g><\/g><\/g><\/svg>\t\t\t<\/div>\n\t\t<\/div>\n\t\t\t\t\t\t<\/div>\n\t\t\t\t<\/div>\n\t\t\t\t<div class=\"elementor-element elementor-element-b998c35 elementor-widget__width-inherit elementor-widget elementor-widget-heading\" data-id=\"b998c35\" data-element_type=\"widget\" data-e-type=\"widget\" data-widget_type=\"heading.default\">\n\t\t\t\t<div class=\"elementor-widget-container\">\n\t\t\t\t\t<span class=\"elementor-heading-title elementor-size-default\">El verdadero amante del t\u00e9 no deja de consumir t\u00e9 en verano. Tomar\u00e1 su t\u00e9 favorito en cualquier momento del a\u00f1o. Es por esto que te recomendamos que trates de fidelizar a este perfil de cliente cuando llegue a tu tienda de t\u00e9.<\/span>\t\t\t\t<\/div>\n\t\t\t\t<\/div>\n\t\t\t\t\t<\/div>\n\t\t\t\t<\/div>\n\t\t\t\t<div class=\"elementor-element elementor-element-5b5c7a99 elementor-widget elementor-widget-text-editor\" data-id=\"5b5c7a99\" data-element_type=\"widget\" data-e-type=\"widget\" data-widget_type=\"text-editor.default\">\n\t\t\t\t<div class=\"elementor-widget-container\">\n\t\t\t\t\t\t\t\t\t<p><span style=\"font-weight: 400;\">Todo comienza con <\/span><b>tener tu surtido de t\u00e9s para tomar en fr\u00edo listo en la \u00e9poca primaveral<\/b><span style=\"font-weight: 400;\">. Hacerlo a tiempo aumentar\u00e1 tus probabilidades de \u00e9xito, as\u00ed que no dejes esta acci\u00f3n para el inicio del verano. (En este post te dejamos algunos <a href=\"https:\/\/www.alveus.eu\/es\/blog\/seleccion-tes-helados\">consejos para elaborar tu selecci\u00f3n de t\u00e9s helados<\/a>.)\u00a0<\/span><\/p><p><span style=\"font-weight: 400;\">Adem\u00e1s aseg\u00farate de que en tu surtido se encuentran los siguientes tipos de t\u00e9s:<\/span><\/p><ul><li style=\"font-weight: 400;\" aria-level=\"1\"><b>T\u00e9s frutales<\/b><span style=\"font-weight: 400;\">: Los sabores como melocot\u00f3n, frambuesa, lim\u00f3n y mango son especialmente populares en verano.<\/span><\/li><li style=\"font-weight: 400;\" aria-level=\"1\"><b>T\u00e9s herbales y florales<\/b><span style=\"font-weight: 400;\">: Ofrecen una experiencia refrescante y pueden aportar beneficios para la salud, como la relajaci\u00f3n y la hidrataci\u00f3n.<\/span><\/li><li style=\"font-weight: 400;\" aria-level=\"1\"><b>T\u00e9s verdes y blancos<\/b><span style=\"font-weight: 400;\">: Son conocidos por sus propiedades antioxidantes y tienen un sabor m\u00e1s suave que puede ser m\u00e1s apetecible en climas c\u00e1lidos.<\/span><\/li><\/ul>\t\t\t\t\t\t\t\t<\/div>\n\t\t\t\t<\/div>\n\t\t\t\t<div class=\"elementor-element elementor-element-1e7436ba elementor-widget elementor-widget-heading\" data-id=\"1e7436ba\" data-element_type=\"widget\" data-e-type=\"widget\" data-widget_type=\"heading.default\">\n\t\t\t\t<div class=\"elementor-widget-container\">\n\t\t\t\t\t<h2 class=\"elementor-heading-title elementor-size-default\">Estrategias para vender t\u00e9 en verano\n<\/h2>\t\t\t\t<\/div>\n\t\t\t\t<\/div>\n\t\t\t\t<div class=\"elementor-element elementor-element-6b297c96 elementor-widget elementor-widget-text-editor\" data-id=\"6b297c96\" data-element_type=\"widget\" data-e-type=\"widget\" data-widget_type=\"text-editor.default\">\n\t\t\t\t<div class=\"elementor-widget-container\">\n\t\t\t\t\t\t\t\t\t<p>Una vez tengas tu oferta de productos adaptada a esta nueva demanda, solo queda ponerse en marcha.<\/p><p>Desde nuestra experiencia con clientes que son referentes en la venta de t\u00e9 en verano, te dejamos las siguientes acciones para que las implementes en tu negocio.<\/p>\t\t\t\t\t\t\t\t<\/div>\n\t\t\t\t<\/div>\n\t\t\t\t<div class=\"elementor-element elementor-element-7647e3a elementor-widget elementor-widget-heading\" data-id=\"7647e3a\" data-element_type=\"widget\" data-e-type=\"widget\" data-widget_type=\"heading.default\">\n\t\t\t\t<div class=\"elementor-widget-container\">\n\t\t\t\t\t<h3 class=\"elementor-heading-title elementor-size-default\">Optimiza tambi\u00e9n tu oferta de accesorios para t\u00e9s helados<\/h3>\t\t\t\t<\/div>\n\t\t\t\t<\/div>\n\t\t\t\t<div class=\"elementor-element elementor-element-62e4673a elementor-widget elementor-widget-text-editor\" data-id=\"62e4673a\" data-element_type=\"widget\" data-e-type=\"widget\" data-widget_type=\"text-editor.default\">\n\t\t\t\t<div class=\"elementor-widget-container\">\n\t\t\t\t\t\t\t\t\t<p><span style=\"font-weight: 400;\">Cuando hablamos de optimizar tu surtido siempre pensamos en t\u00e9, pero <\/span><b>los accesorios tambi\u00e9n juegan un papel importante<\/b><span style=\"font-weight: 400;\">.<\/span><\/p><p><span style=\"font-weight: 400;\">Incorpora jarras e infusores especiales para t\u00e9 helado. Tambi\u00e9n botellas isot\u00e9rmicas para llevar al trabajo que mantenga el t\u00e9 bien fresquito durante toda la jornada.\u00a0<\/span><\/p>\t\t\t\t\t\t\t\t<\/div>\n\t\t\t\t<\/div>\n\t\t\t\t<div class=\"elementor-element elementor-element-9957752 elementor-widget elementor-widget-heading\" data-id=\"9957752\" data-element_type=\"widget\" data-e-type=\"widget\" data-widget_type=\"heading.default\">\n\t\t\t\t<div class=\"elementor-widget-container\">\n\t\t\t\t\t<h3 class=\"elementor-heading-title elementor-size-default\">Eventos educativos y degustaciones<\/h3>\t\t\t\t<\/div>\n\t\t\t\t<\/div>\n\t\t\t\t<div class=\"elementor-element elementor-element-db45408 elementor-widget elementor-widget-image\" data-id=\"db45408\" data-element_type=\"widget\" data-e-type=\"widget\" data-widget_type=\"image.default\">\n\t\t\t\t<div class=\"elementor-widget-container\">\n\t\t\t\t\t\t\t\t\t\t\t\t\t\t\t<img decoding=\"async\" width=\"900\" height=\"600\" src=\"https:\/\/www.alveus.eu\/wp-content\/uploads\/026-c.jpg\" class=\"attachment-large size-large wp-image-38312\" alt=\"taller t\u00e9 fr\u00edo\" srcset=\"https:\/\/www.alveus.eu\/wp-content\/uploads\/026-c.jpg 900w, https:\/\/www.alveus.eu\/wp-content\/uploads\/026-c-300x200.jpg 300w, https:\/\/www.alveus.eu\/wp-content\/uploads\/026-c-768x512.jpg 768w\" sizes=\"(max-width: 900px) 100vw, 900px\" \/>\t\t\t\t\t\t\t\t\t\t\t\t\t\t\t<\/div>\n\t\t\t\t<\/div>\n\t\t\t\t<div class=\"elementor-element elementor-element-9a62220 elementor-widget elementor-widget-text-editor\" data-id=\"9a62220\" data-element_type=\"widget\" data-e-type=\"widget\" data-widget_type=\"text-editor.default\">\n\t\t\t\t<div class=\"elementor-widget-container\">\n\t\t\t\t\t\t\t\t\t<p><b>El t\u00e9 es una excelente alternativa a las bebidas refrescantes azucaradas<\/b><span style=\"font-weight: 400;\">. Es cierto que ahora las fabrican en sus versiones light o zero, sin az\u00facares, pero los conservantes y componentes qu\u00edmicos que tienen estas nunca podr\u00e1n compararse con lo saludable de tomar un t\u00e9 fr\u00edo con hielo.<\/span><\/p><p><span style=\"font-weight: 400;\">Es por esto que te animamos a que crees talleres en los que difundas los beneficios del t\u00e9 para la salud, y sobre todo, de c\u00f3mo <a href=\"https:\/\/www.alveus.eu\/es\/blog\/guia-te-helado\">preparar t\u00e9s en fr\u00edo<\/a>. Tambi\u00e9n crea contenido educativo en tus redes sociales, video tutoriales y posts en tu blog.<\/span><\/p>\t\t\t\t\t\t\t\t<\/div>\n\t\t\t\t<\/div>\n\t\t<div class=\"elementor-element elementor-element-ba593a5 e-flex e-con-boxed e-con e-child\" data-id=\"ba593a5\" data-element_type=\"container\" data-e-type=\"container\" data-settings=\"{&quot;background_background&quot;:&quot;classic&quot;}\">\n\t\t\t\t\t<div class=\"e-con-inner\">\n\t\t\t\t<div class=\"elementor-element elementor-element-6871646 elementor-widget__width-initial elementor-widget-mobile__width-inherit elementor-view-default elementor-widget elementor-widget-icon\" data-id=\"6871646\" data-element_type=\"widget\" data-e-type=\"widget\" data-widget_type=\"icon.default\">\n\t\t\t\t<div class=\"elementor-widget-container\">\n\t\t\t\t\t\t\t<div class=\"elementor-icon-wrapper\">\n\t\t\t<div class=\"elementor-icon\">\n\t\t\t<svg xmlns=\"http:\/\/www.w3.org\/2000\/svg\" id=\"Layer_2\" data-name=\"Layer 2\" viewBox=\"0 0 192 192\"><defs><style> .cls-1 { fill: none; } .cls-2 { fill: #1d1d1b; } <\/style><\/defs><g id=\"medida\"><g><rect class=\"cls-1\" width=\"192\" height=\"192\"><\/rect><g><path class=\"cls-2\" d=\"M50.98,81.76h-15.81c-1.93,0-3.5,1.57-3.5,3.5s1.57,3.5,3.5,3.5h15.81c1.93,0,3.5-1.57,3.5-3.5s-1.57-3.5-3.5-3.5Z\"><\/path><path class=\"cls-2\" d=\"M64.9,53.79c1.37-1.37,1.37-3.58,0-4.95l-10.12-10.12c-1.37-1.37-3.58-1.37-4.95,0-1.37,1.37-1.37,3.58,0,4.95l10.12,10.12c.68,.68,1.58,1.03,2.47,1.03s1.79-.34,2.47-1.03Z\"><\/path><path class=\"cls-2\" d=\"M145.27,38.72c-1.37-1.37-3.58-1.37-4.95,0l-10.12,10.12c-1.37,1.37-1.37,3.58,0,4.95,.68,.68,1.58,1.03,2.47,1.03s1.79-.34,2.47-1.03l10.12-10.12c1.37-1.37,1.37-3.58,0-4.95Z\"><\/path><path class=\"cls-2\" d=\"M97.75,42c1.93,0,3.5-1.57,3.5-3.5v-14.15c0-1.93-1.57-3.5-3.5-3.5s-3.5,1.57-3.5,3.5v14.15c0,1.93,1.57,3.5,3.5,3.5Z\"><\/path><path class=\"cls-2\" d=\"M156.83,81.76h-14.03c-1.93,0-3.5,1.57-3.5,3.5s1.57,3.5,3.5,3.5h14.03c1.93,0,3.5-1.57,3.5-3.5s-1.57-3.5-3.5-3.5Z\"><\/path><path class=\"cls-2\" d=\"M97.75,48.42c-19.84,0-35.98,16.14-35.98,35.98,0,5.06,.99,9.78,3.03,14.44,.96,2.2,2.35,4.65,3.82,7.25,2.14,3.78,4.57,8.07,5.66,11.69,5.01,16.67,2.59,32.29,2.56,32.45l-.05,.56c0,11.22,9.13,20.36,20.36,20.36s20.36-9.13,20.36-20.36l-.04-.56c-.01-.09-.83-5.44-.21-13.48,.08-.29,.13-.58,.13-.89,0-.1-.02-.19-.03-.29,.48-5.16,1.55-11.3,3.76-17.81,1.37-4.04,4.12-8.95,6.55-13.28,1.09-1.95,2.12-3.79,2.96-5.44,2.75-5.36,3.12-10.41,3.12-14.64,0-19.84-16.14-35.98-35.98-35.98Zm12.3,90.94c-.16,4.07,0,7.32,.19,9.41h-26.18c.21-2.1,.44-5.36,.39-9.41h25.6Zm-12.91,24.79c-5.6,0-10.4-3.48-12.38-8.38h24.76c-1.98,4.9-6.78,8.38-12.38,8.38Zm27.24-68.3c-.79,1.54-1.79,3.32-2.84,5.21-2.57,4.6-5.49,9.8-7.07,14.45-2.06,6.07-3.23,11.82-3.85,16.86h-9.68c.34-.54,.54-1.17,.54-1.86v-19.97c5.79-1.55,10.07-6.82,10.07-13.1,0-1.93-1.57-3.5-3.5-3.5s-3.5,1.57-3.5,3.5c0,3.62-2.95,6.57-6.57,6.57s-6.57-2.95-6.57-6.57c0-1.93-1.57-3.5-3.5-3.5s-3.5,1.57-3.5,3.5c0,6.27,4.28,11.55,10.07,13.1v19.97c0,.68,.2,1.32,.54,1.86h-10.93c-.44-5.05-1.37-10.74-3.14-16.6-1.31-4.37-3.95-9.02-6.27-13.12-1.38-2.44-2.68-4.74-3.5-6.6-1.64-3.76-2.44-7.56-2.44-11.64,0-15.98,13-28.98,28.98-28.98s28.98,13,28.98,28.98c0,4.87-.68,8.19-2.35,11.45Z\"><\/path><\/g><\/g><\/g><\/svg>\t\t\t<\/div>\n\t\t<\/div>\n\t\t\t\t\t\t<\/div>\n\t\t\t\t<\/div>\n\t\t\t\t<div class=\"elementor-element elementor-element-4bc20b3 elementor-widget__width-inherit elementor-widget elementor-widget-heading\" data-id=\"4bc20b3\" data-element_type=\"widget\" data-e-type=\"widget\" data-widget_type=\"heading.default\">\n\t\t\t\t<div class=\"elementor-widget-container\">\n\t\t\t\t\t<span class=\"elementor-heading-title elementor-size-default\">Invertir en educaci\u00f3n para tus clientes aumentar\u00e1 su apreciaci\u00f3n y predisposici\u00f3n a probar nuevos productos. <\/span>\t\t\t\t<\/div>\n\t\t\t\t<\/div>\n\t\t\t\t\t<\/div>\n\t\t\t\t<\/div>\n\t\t\t\t<div class=\"elementor-element elementor-element-e542ed9 elementor-widget elementor-widget-text-editor\" data-id=\"e542ed9\" data-element_type=\"widget\" data-e-type=\"widget\" data-widget_type=\"text-editor.default\">\n\t\t\t\t<div class=\"elementor-widget-container\">\n\t\t\t\t\t\t\t\t\t<p>Por otro lado organiza degustaciones semanales gratuitas y ofrece descuentos especiales finalizada la misma. Es el mejor modo de que tus clientes se enamoren de alguna o de todas tus referencias.<\/p>\t\t\t\t\t\t\t\t<\/div>\n\t\t\t\t<\/div>\n\t\t\t\t<div class=\"elementor-element elementor-element-ddf75b7 elementor-widget elementor-widget-heading\" data-id=\"ddf75b7\" data-element_type=\"widget\" data-e-type=\"widget\" data-widget_type=\"heading.default\">\n\t\t\t\t<div class=\"elementor-widget-container\">\n\t\t\t\t\t<h3 class=\"elementor-heading-title elementor-size-default\">El t\u00e9 del d\u00eda se sirve con hielo<\/h3>\t\t\t\t<\/div>\n\t\t\t\t<\/div>\n\t\t\t\t<div class=\"elementor-element elementor-element-5d47c7f6 elementor-widget elementor-widget-text-editor\" data-id=\"5d47c7f6\" data-element_type=\"widget\" data-e-type=\"widget\" data-widget_type=\"text-editor.default\">\n\t\t\t\t<div class=\"elementor-widget-container\">\n\t\t\t\t\t\t\t\t\t<p>Muchas tiendas ofrecen un t\u00e9 diferente cada d\u00eda para degustar gratis, a menudo en promoci\u00f3n durante ese d\u00eda. Este m\u00e9todo es id\u00f3neo para dar a conocer el refrescante sabor del t\u00e9 fr\u00edo.<\/p><p>Llegadas las \u00faltimas semanas de primavera, comienza a intercalar un t\u00e9 fr\u00edo cada 3 d\u00edas a degustar como t\u00e9 del d\u00eda. Luego hazlo cada 2 d\u00edas, para terminar en verano, ofreciendo a diario un t\u00e9 fr\u00edo con hielo como t\u00e9 especial del dia.<\/p><p>Te aseguramos que aliviar\u00e1 tanto la sed de tus clientes \u00a1que les resultar\u00e1 imposible no comprarlo!. <\/p>\t\t\t\t\t\t\t\t<\/div>\n\t\t\t\t<\/div>\n\t\t\t\t<div class=\"elementor-element elementor-element-17e26b1 elementor-widget elementor-widget-heading\" data-id=\"17e26b1\" data-element_type=\"widget\" data-e-type=\"widget\" data-widget_type=\"heading.default\">\n\t\t\t\t<div class=\"elementor-widget-container\">\n\t\t\t\t\t<h3 class=\"elementor-heading-title elementor-size-default\">Un servicio de take away<\/h3>\t\t\t\t<\/div>\n\t\t\t\t<\/div>\n\t\t\t\t<div class=\"elementor-element elementor-element-91377b4 elementor-widget elementor-widget-text-editor\" data-id=\"91377b4\" data-element_type=\"widget\" data-e-type=\"widget\" data-widget_type=\"text-editor.default\">\n\t\t\t\t<div class=\"elementor-widget-container\">\n\t\t\t\t\t\t\t\t\t<p>Si tu tienda est\u00e1 en un lugar con mucho tr\u00e1nsito, esta idea te va a resultar muy efectiva. Se trata de ofrecer un t\u00e9 helado en vaso de cart\u00f3n reciclable para llevar.<\/p><p>Te aconsejamos que tengas una pizarra con 5 o 6 opciones en las que debes incluir alguna infusi\u00f3n sin cafe\u00edna. De este modo te resultar\u00e1 m\u00e1s sencillo tenerlo preparado. <\/p>\t\t\t\t\t\t\t\t<\/div>\n\t\t\t\t<\/div>\n\t\t<div class=\"elementor-element elementor-element-9f3e180 e-flex e-con-boxed e-con e-child\" data-id=\"9f3e180\" data-element_type=\"container\" data-e-type=\"container\" data-settings=\"{&quot;background_background&quot;:&quot;classic&quot;}\">\n\t\t\t\t\t<div class=\"e-con-inner\">\n\t\t\t\t<div class=\"elementor-element elementor-element-f8191d3 elementor-widget__width-initial elementor-widget-mobile__width-inherit elementor-view-default elementor-widget elementor-widget-icon\" data-id=\"f8191d3\" data-element_type=\"widget\" data-e-type=\"widget\" data-widget_type=\"icon.default\">\n\t\t\t\t<div class=\"elementor-widget-container\">\n\t\t\t\t\t\t\t<div class=\"elementor-icon-wrapper\">\n\t\t\t<div class=\"elementor-icon\">\n\t\t\t<svg xmlns=\"http:\/\/www.w3.org\/2000\/svg\" id=\"Layer_2\" data-name=\"Layer 2\" viewBox=\"0 0 192 192\"><defs><style> .cls-1 { fill: none; } .cls-2 { fill: #1d1d1b; } <\/style><\/defs><g id=\"medida\"><g><rect class=\"cls-1\" width=\"192\" height=\"192\"><\/rect><g><path class=\"cls-2\" d=\"M50.98,81.76h-15.81c-1.93,0-3.5,1.57-3.5,3.5s1.57,3.5,3.5,3.5h15.81c1.93,0,3.5-1.57,3.5-3.5s-1.57-3.5-3.5-3.5Z\"><\/path><path class=\"cls-2\" d=\"M64.9,53.79c1.37-1.37,1.37-3.58,0-4.95l-10.12-10.12c-1.37-1.37-3.58-1.37-4.95,0-1.37,1.37-1.37,3.58,0,4.95l10.12,10.12c.68,.68,1.58,1.03,2.47,1.03s1.79-.34,2.47-1.03Z\"><\/path><path class=\"cls-2\" d=\"M145.27,38.72c-1.37-1.37-3.58-1.37-4.95,0l-10.12,10.12c-1.37,1.37-1.37,3.58,0,4.95,.68,.68,1.58,1.03,2.47,1.03s1.79-.34,2.47-1.03l10.12-10.12c1.37-1.37,1.37-3.58,0-4.95Z\"><\/path><path class=\"cls-2\" d=\"M97.75,42c1.93,0,3.5-1.57,3.5-3.5v-14.15c0-1.93-1.57-3.5-3.5-3.5s-3.5,1.57-3.5,3.5v14.15c0,1.93,1.57,3.5,3.5,3.5Z\"><\/path><path class=\"cls-2\" d=\"M156.83,81.76h-14.03c-1.93,0-3.5,1.57-3.5,3.5s1.57,3.5,3.5,3.5h14.03c1.93,0,3.5-1.57,3.5-3.5s-1.57-3.5-3.5-3.5Z\"><\/path><path class=\"cls-2\" d=\"M97.75,48.42c-19.84,0-35.98,16.14-35.98,35.98,0,5.06,.99,9.78,3.03,14.44,.96,2.2,2.35,4.65,3.82,7.25,2.14,3.78,4.57,8.07,5.66,11.69,5.01,16.67,2.59,32.29,2.56,32.45l-.05,.56c0,11.22,9.13,20.36,20.36,20.36s20.36-9.13,20.36-20.36l-.04-.56c-.01-.09-.83-5.44-.21-13.48,.08-.29,.13-.58,.13-.89,0-.1-.02-.19-.03-.29,.48-5.16,1.55-11.3,3.76-17.81,1.37-4.04,4.12-8.95,6.55-13.28,1.09-1.95,2.12-3.79,2.96-5.44,2.75-5.36,3.12-10.41,3.12-14.64,0-19.84-16.14-35.98-35.98-35.98Zm12.3,90.94c-.16,4.07,0,7.32,.19,9.41h-26.18c.21-2.1,.44-5.36,.39-9.41h25.6Zm-12.91,24.79c-5.6,0-10.4-3.48-12.38-8.38h24.76c-1.98,4.9-6.78,8.38-12.38,8.38Zm27.24-68.3c-.79,1.54-1.79,3.32-2.84,5.21-2.57,4.6-5.49,9.8-7.07,14.45-2.06,6.07-3.23,11.82-3.85,16.86h-9.68c.34-.54,.54-1.17,.54-1.86v-19.97c5.79-1.55,10.07-6.82,10.07-13.1,0-1.93-1.57-3.5-3.5-3.5s-3.5,1.57-3.5,3.5c0,3.62-2.95,6.57-6.57,6.57s-6.57-2.95-6.57-6.57c0-1.93-1.57-3.5-3.5-3.5s-3.5,1.57-3.5,3.5c0,6.27,4.28,11.55,10.07,13.1v19.97c0,.68,.2,1.32,.54,1.86h-10.93c-.44-5.05-1.37-10.74-3.14-16.6-1.31-4.37-3.95-9.02-6.27-13.12-1.38-2.44-2.68-4.74-3.5-6.6-1.64-3.76-2.44-7.56-2.44-11.64,0-15.98,13-28.98,28.98-28.98s28.98,13,28.98,28.98c0,4.87-.68,8.19-2.35,11.45Z\"><\/path><\/g><\/g><\/g><\/svg>\t\t\t<\/div>\n\t\t<\/div>\n\t\t\t\t\t\t<\/div>\n\t\t\t\t<\/div>\n\t\t\t\t<div class=\"elementor-element elementor-element-d94eef7 elementor-widget__width-inherit elementor-widget elementor-widget-heading\" data-id=\"d94eef7\" data-element_type=\"widget\" data-e-type=\"widget\" data-widget_type=\"heading.default\">\n\t\t\t\t<div class=\"elementor-widget-container\">\n\t\t\t\t\t<span class=\"elementor-heading-title elementor-size-default\">Puedes serigrafiar los vasos con alguna leyenda que invite a visitar tu tienda de t\u00e9 online \u00a1incluso con un c\u00f3digo de descuento!<\/span>\t\t\t\t<\/div>\n\t\t\t\t<\/div>\n\t\t\t\t\t<\/div>\n\t\t\t\t<\/div>\n\t\t\t\t<div class=\"elementor-element elementor-element-7ff1ca1 elementor-widget elementor-widget-heading\" data-id=\"7ff1ca1\" data-element_type=\"widget\" data-e-type=\"widget\" data-widget_type=\"heading.default\">\n\t\t\t\t<div class=\"elementor-widget-container\">\n\t\t\t\t\t<h3 class=\"elementor-heading-title elementor-size-default\">Kits de preparaci\u00f3n de t\u00e9 helado<\/h3>\t\t\t\t<\/div>\n\t\t\t\t<\/div>\n\t\t\t\t<div class=\"elementor-element elementor-element-56d418b elementor-widget elementor-widget-text-editor\" data-id=\"56d418b\" data-element_type=\"widget\" data-e-type=\"widget\" data-widget_type=\"text-editor.default\">\n\t\t\t\t<div class=\"elementor-widget-container\">\n\t\t\t\t\t\t\t\t\t<p>Prepara packs que incluyan todo lo necesario para preparar t\u00e9 helado en casa. Puedes a\u00f1adir infusores, cubiteras y una selecci\u00f3n de 30 gramos de t\u00e9s especiales para tomar en fr\u00edo.<\/p><p>Acomp\u00e1\u00f1alos de una peque\u00f1a gu\u00eda de c\u00f3mo preparar el t\u00e9 helado. Ya solo queda que le des una presentaci\u00f3n original y seductora, ponlos a vista en tu tienda\u2026 \u00a1y v\u00e9ndelos a diario! <\/p>\t\t\t\t\t\t\t\t<\/div>\n\t\t\t\t<\/div>\n\t\t\t\t<div class=\"elementor-element elementor-element-32ff41b elementor-widget elementor-widget-heading\" data-id=\"32ff41b\" data-element_type=\"widget\" data-e-type=\"widget\" data-widget_type=\"heading.default\">\n\t\t\t\t<div class=\"elementor-widget-container\">\n\t\t\t\t\t<h3 class=\"elementor-heading-title elementor-size-default\">Optimiza tu tienda online<\/h3>\t\t\t\t<\/div>\n\t\t\t\t<\/div>\n\t\t\t\t<div class=\"elementor-element elementor-element-a1b351b elementor-widget elementor-widget-text-editor\" data-id=\"a1b351b\" data-element_type=\"widget\" data-e-type=\"widget\" data-widget_type=\"text-editor.default\">\n\t\t\t\t<div class=\"elementor-widget-container\">\n\t\t\t\t\t\t\t\t\t<p>Si vendes online aseg\u00farate de que tus t\u00e9s especiales para tomar en fr\u00edo est\u00e9n bien visibles. Para ello te aconsejamos que lo muestres en un slider, banner o pop-up.<\/p><p>Pon estos productos como destacados en tu p\u00e1gina de inicio y comun\u00edcalo por newsletter a tu base de datos.<\/p><p>Ofrece promociones especiales de transporte as\u00ed como muestras gratuitas con cada pedido para disparar las ventas online.<\/p>\t\t\t\t\t\t\t\t<\/div>\n\t\t\t\t<\/div>\n\t\t\t\t<div class=\"elementor-element elementor-element-43b4df0 elementor-widget elementor-widget-heading\" data-id=\"43b4df0\" data-element_type=\"widget\" data-e-type=\"widget\" data-widget_type=\"heading.default\">\n\t\t\t\t<div class=\"elementor-widget-container\">\n\t\t\t\t\t<h2 class=\"elementor-heading-title elementor-size-default\">Conclusi\u00f3n<\/h2>\t\t\t\t<\/div>\n\t\t\t\t<\/div>\n\t\t\t\t<div class=\"elementor-element elementor-element-88ea910 elementor-widget elementor-widget-text-editor\" data-id=\"88ea910\" data-element_type=\"widget\" data-e-type=\"widget\" data-widget_type=\"text-editor.default\">\n\t\t\t\t<div class=\"elementor-widget-container\">\n\t\t\t\t\t\t\t\t\t<p><b>La venta de t\u00e9 en verano es posible al mismo nivel que en invierno<\/b><span style=\"font-weight: 400;\"> \u00a1te lo aseguramos! Solo necesitas adaptarte al cambio estacional y modificar tus estrategias.\u00a0<\/span><\/p><p><span style=\"font-weight: 400;\">Recuerda que todo comienza con adaptar tu oferta con el tiempo suficiente para ir educando a tus clientes.\u00a0<\/span><\/p><p><span style=\"font-weight: 400;\">Con trabajo, ilusi\u00f3n y una buena selecci\u00f3n \u00a1vender\u00e1s m\u00e1s este verano en tu negocio de t\u00e9!\u00a0<\/span><\/p>\t\t\t\t\t\t\t\t<\/div>\n\t\t\t\t<\/div>\n\t\t\t\t\t<\/div>\n\t\t\t\t<\/div>\n\t\t\t\t<\/div>\n\t\t","protected":false},"excerpt":{"rendered":"<p>Reinventando la venta de t\u00e9 en verano: Estrategias refrescantes para atraer clientes y aumentar ingresos.<\/p>\n","protected":false},"author":11,"featured_media":38302,"comment_status":"open","ping_status":"open","sticky":false,"template":"","format":"standard","meta":{"_acf_changed":false,"footnotes":""},"categories":[105],"tags":[],"class_list":["post-38332","post","type-post","status-publish","format-standard","has-post-thumbnail","hentry","category-profesionales-del-te"],"acf":[],"yoast_head":"<!-- This site is optimized with the Yoast SEO Premium plugin v27.5 (Yoast SEO v27.5) - https:\/\/yoast.com\/product\/yoast-seo-premium-wordpress\/ -->\n<title>C\u00f3mo incrementar las ventas de t\u00e9 en verano | Alveus<\/title>\n<meta name=\"description\" content=\"Descubre c\u00f3mo incrementar la venta de t\u00e9 en verano en tu negocio. Consejos e ideas inspiradoras para vender t\u00e9 en verano.\" \/>\n<meta name=\"robots\" content=\"index, follow, max-snippet:-1, max-image-preview:large, max-video-preview:-1\" \/>\n<link rel=\"canonical\" href=\"https:\/\/www.alveus.eu\/es\/blog\/incrementar-ventas-te-verano\/\" \/>\n<meta property=\"og:locale\" content=\"es_ES\" \/>\n<meta property=\"og:type\" content=\"article\" \/>\n<meta property=\"og:title\" content=\"C\u00f3mo incrementar las ventas este verano en tu negocio de t\u00e9\" \/>\n<meta property=\"og:description\" content=\"Descubre c\u00f3mo incrementar la venta de t\u00e9 en verano en tu negocio. Consejos e ideas inspiradoras para vender t\u00e9 en verano.\" \/>\n<meta property=\"og:url\" content=\"https:\/\/www.alveus.eu\/es\/blog\/incrementar-ventas-te-verano\/\" \/>\n<meta property=\"og:site_name\" content=\"Alveus\" \/>\n<meta property=\"article:publisher\" content=\"https:\/\/www.facebook.com\/alveusinternational\/\" \/>\n<meta property=\"article:published_time\" content=\"2024-05-13T14:59:36+00:00\" \/>\n<meta property=\"article:modified_time\" content=\"2024-05-13T15:00:19+00:00\" \/>\n<meta property=\"og:image\" content=\"https:\/\/www.alveus.eu\/wp-content\/uploads\/026-a.jpg\" \/>\n\t<meta property=\"og:image:width\" content=\"900\" \/>\n\t<meta property=\"og:image:height\" content=\"600\" \/>\n\t<meta property=\"og:image:type\" content=\"image\/jpeg\" \/>\n<meta name=\"author\" content=\"Alveus Blog Team\" \/>\n<meta name=\"twitter:card\" content=\"summary_large_image\" \/>\n<meta name=\"twitter:label1\" content=\"Escrito por\" \/>\n\t<meta name=\"twitter:data1\" content=\"Alveus Blog Team\" \/>\n\t<meta name=\"twitter:label2\" content=\"Tiempo de lectura\" \/>\n\t<meta name=\"twitter:data2\" content=\"5 minutos\" \/>\n<script type=\"application\/ld+json\" class=\"yoast-schema-graph\">{\"@context\":\"https:\\\/\\\/schema.org\",\"@graph\":[{\"@type\":\"Article\",\"@id\":\"https:\\\/\\\/www.alveus.eu\\\/es\\\/blog\\\/incrementar-ventas-te-verano\\\/#article\",\"isPartOf\":{\"@id\":\"https:\\\/\\\/www.alveus.eu\\\/es\\\/blog\\\/incrementar-ventas-te-verano\\\/\"},\"author\":{\"name\":\"Alveus Blog Team\",\"@id\":\"https:\\\/\\\/www.alveus.eu\\\/es#\\\/schema\\\/person\\\/6864b22051c6c128b3c72edaeac35855\"},\"headline\":\"C\u00f3mo incrementar las ventas este verano en tu negocio de t\u00e9\",\"datePublished\":\"2024-05-13T14:59:36+00:00\",\"dateModified\":\"2024-05-13T15:00:19+00:00\",\"mainEntityOfPage\":{\"@id\":\"https:\\\/\\\/www.alveus.eu\\\/es\\\/blog\\\/incrementar-ventas-te-verano\\\/\"},\"wordCount\":1098,\"commentCount\":0,\"publisher\":{\"@id\":\"https:\\\/\\\/www.alveus.eu\\\/es#organization\"},\"image\":{\"@id\":\"https:\\\/\\\/www.alveus.eu\\\/es\\\/blog\\\/incrementar-ventas-te-verano\\\/#primaryimage\"},\"thumbnailUrl\":\"https:\\\/\\\/www.alveus.eu\\\/wp-content\\\/uploads\\\/026-a.jpg\",\"articleSection\":[\"Profesionales del T\u00e9\"],\"inLanguage\":\"es\",\"potentialAction\":[{\"@type\":\"CommentAction\",\"name\":\"Comment\",\"target\":[\"https:\\\/\\\/www.alveus.eu\\\/es\\\/blog\\\/incrementar-ventas-te-verano\\\/#respond\"]}]},{\"@type\":\"WebPage\",\"@id\":\"https:\\\/\\\/www.alveus.eu\\\/es\\\/blog\\\/incrementar-ventas-te-verano\\\/\",\"url\":\"https:\\\/\\\/www.alveus.eu\\\/es\\\/blog\\\/incrementar-ventas-te-verano\\\/\",\"name\":\"C\u00f3mo incrementar las ventas de t\u00e9 en verano | Alveus\",\"isPartOf\":{\"@id\":\"https:\\\/\\\/www.alveus.eu\\\/es#website\"},\"primaryImageOfPage\":{\"@id\":\"https:\\\/\\\/www.alveus.eu\\\/es\\\/blog\\\/incrementar-ventas-te-verano\\\/#primaryimage\"},\"image\":{\"@id\":\"https:\\\/\\\/www.alveus.eu\\\/es\\\/blog\\\/incrementar-ventas-te-verano\\\/#primaryimage\"},\"thumbnailUrl\":\"https:\\\/\\\/www.alveus.eu\\\/wp-content\\\/uploads\\\/026-a.jpg\",\"datePublished\":\"2024-05-13T14:59:36+00:00\",\"dateModified\":\"2024-05-13T15:00:19+00:00\",\"description\":\"Descubre c\u00f3mo incrementar la venta de t\u00e9 en verano en tu negocio. Consejos e ideas inspiradoras para vender t\u00e9 en verano.\",\"breadcrumb\":{\"@id\":\"https:\\\/\\\/www.alveus.eu\\\/es\\\/blog\\\/incrementar-ventas-te-verano\\\/#breadcrumb\"},\"inLanguage\":\"es\",\"potentialAction\":[{\"@type\":\"ReadAction\",\"target\":[\"https:\\\/\\\/www.alveus.eu\\\/es\\\/blog\\\/incrementar-ventas-te-verano\\\/\"]}]},{\"@type\":\"ImageObject\",\"inLanguage\":\"es\",\"@id\":\"https:\\\/\\\/www.alveus.eu\\\/es\\\/blog\\\/incrementar-ventas-te-verano\\\/#primaryimage\",\"url\":\"https:\\\/\\\/www.alveus.eu\\\/wp-content\\\/uploads\\\/026-a.jpg\",\"contentUrl\":\"https:\\\/\\\/www.alveus.eu\\\/wp-content\\\/uploads\\\/026-a.jpg\",\"width\":900,\"height\":600,\"caption\":\"C\u00f3mo vender m\u00e1s en tu negocio de t\u00e9 en verano\"},{\"@type\":\"BreadcrumbList\",\"@id\":\"https:\\\/\\\/www.alveus.eu\\\/es\\\/blog\\\/incrementar-ventas-te-verano\\\/#breadcrumb\",\"itemListElement\":[{\"@type\":\"ListItem\",\"position\":1,\"name\":\"Home\",\"item\":\"https:\\\/\\\/www.alveus.eu\\\/es\"},{\"@type\":\"ListItem\",\"position\":2,\"name\":\"Profesionales del T\u00e9\",\"item\":\"https:\\\/\\\/www.alveus.eu\\\/es\\\/blog\\\/category\\\/profesionales-del-te\\\/\"},{\"@type\":\"ListItem\",\"position\":3,\"name\":\"C\u00f3mo incrementar las ventas este verano en tu negocio de t\u00e9\"}]},{\"@type\":\"WebSite\",\"@id\":\"https:\\\/\\\/www.alveus.eu\\\/es#website\",\"url\":\"https:\\\/\\\/www.alveus.eu\\\/es\",\"name\":\"Alveus\",\"description\":\"\",\"publisher\":{\"@id\":\"https:\\\/\\\/www.alveus.eu\\\/es#organization\"},\"potentialAction\":[{\"@type\":\"SearchAction\",\"target\":{\"@type\":\"EntryPoint\",\"urlTemplate\":\"https:\\\/\\\/www.alveus.eu\\\/es?s={search_term_string}\"},\"query-input\":{\"@type\":\"PropertyValueSpecification\",\"valueRequired\":true,\"valueName\":\"search_term_string\"}}],\"inLanguage\":\"es\"},{\"@type\":\"Organization\",\"@id\":\"https:\\\/\\\/www.alveus.eu\\\/es#organization\",\"name\":\"Alveus\",\"alternateName\":\"Alveus Premium Teas\",\"url\":\"https:\\\/\\\/www.alveus.eu\\\/es\",\"logo\":{\"@type\":\"ImageObject\",\"inLanguage\":\"es\",\"@id\":\"https:\\\/\\\/www.alveus.eu\\\/es#\\\/schema\\\/logo\\\/image\\\/\",\"url\":\"https:\\\/\\\/www.alveus.eu\\\/wp-content\\\/uploads\\\/2023\\\/07\\\/alveus-logo-primary.png\",\"contentUrl\":\"https:\\\/\\\/www.alveus.eu\\\/wp-content\\\/uploads\\\/2023\\\/07\\\/alveus-logo-primary.png\",\"width\":248,\"height\":248,\"caption\":\"Alveus\"},\"image\":{\"@id\":\"https:\\\/\\\/www.alveus.eu\\\/es#\\\/schema\\\/logo\\\/image\\\/\"},\"sameAs\":[\"https:\\\/\\\/www.facebook.com\\\/alveusinternational\\\/\",\"https:\\\/\\\/www.instagram.com\\\/alveustea\\\/\",\"https:\\\/\\\/de.linkedin.com\\\/company\\\/alveustea\"]},{\"@type\":\"Person\",\"@id\":\"https:\\\/\\\/www.alveus.eu\\\/es#\\\/schema\\\/person\\\/6864b22051c6c128b3c72edaeac35855\",\"name\":\"Alveus Blog Team\",\"image\":{\"@type\":\"ImageObject\",\"inLanguage\":\"es\",\"@id\":\"https:\\\/\\\/secure.gravatar.com\\\/avatar\\\/f951c832a9809c8d01d2ce4fa8bb10716ac4997c3cf93244fa19413f7d28b08e?s=96&d=mm&r=g\",\"url\":\"https:\\\/\\\/secure.gravatar.com\\\/avatar\\\/f951c832a9809c8d01d2ce4fa8bb10716ac4997c3cf93244fa19413f7d28b08e?s=96&d=mm&r=g\",\"contentUrl\":\"https:\\\/\\\/secure.gravatar.com\\\/avatar\\\/f951c832a9809c8d01d2ce4fa8bb10716ac4997c3cf93244fa19413f7d28b08e?s=96&d=mm&r=g\",\"caption\":\"Alveus Blog Team\"},\"description\":\"Editorial team formed by tea professionals from different countries. We are driven by our passion for tea and the dissemination of its culture.\",\"sameAs\":[\"https:\\\/\\\/www.alveus.eu\\\/\"]}]}<\/script>\n<!-- \/ Yoast SEO Premium plugin. -->","yoast_head_json":{"title":"C\u00f3mo incrementar las ventas de t\u00e9 en verano | Alveus","description":"Descubre c\u00f3mo incrementar la venta de t\u00e9 en verano en tu negocio. Consejos e ideas inspiradoras para vender t\u00e9 en verano.","robots":{"index":"index","follow":"follow","max-snippet":"max-snippet:-1","max-image-preview":"max-image-preview:large","max-video-preview":"max-video-preview:-1"},"canonical":"https:\/\/www.alveus.eu\/es\/blog\/incrementar-ventas-te-verano\/","og_locale":"es_ES","og_type":"article","og_title":"C\u00f3mo incrementar las ventas este verano en tu negocio de t\u00e9","og_description":"Descubre c\u00f3mo incrementar la venta de t\u00e9 en verano en tu negocio. Consejos e ideas inspiradoras para vender t\u00e9 en verano.","og_url":"https:\/\/www.alveus.eu\/es\/blog\/incrementar-ventas-te-verano\/","og_site_name":"Alveus","article_publisher":"https:\/\/www.facebook.com\/alveusinternational\/","article_published_time":"2024-05-13T14:59:36+00:00","article_modified_time":"2024-05-13T15:00:19+00:00","og_image":[{"width":900,"height":600,"url":"https:\/\/www.alveus.eu\/wp-content\/uploads\/026-a.jpg","type":"image\/jpeg"}],"author":"Alveus Blog Team","twitter_card":"summary_large_image","twitter_misc":{"Escrito por":"Alveus Blog Team","Tiempo de lectura":"5 minutos"},"schema":{"@context":"https:\/\/schema.org","@graph":[{"@type":"Article","@id":"https:\/\/www.alveus.eu\/es\/blog\/incrementar-ventas-te-verano\/#article","isPartOf":{"@id":"https:\/\/www.alveus.eu\/es\/blog\/incrementar-ventas-te-verano\/"},"author":{"name":"Alveus Blog Team","@id":"https:\/\/www.alveus.eu\/es#\/schema\/person\/6864b22051c6c128b3c72edaeac35855"},"headline":"C\u00f3mo incrementar las ventas este verano en tu negocio de t\u00e9","datePublished":"2024-05-13T14:59:36+00:00","dateModified":"2024-05-13T15:00:19+00:00","mainEntityOfPage":{"@id":"https:\/\/www.alveus.eu\/es\/blog\/incrementar-ventas-te-verano\/"},"wordCount":1098,"commentCount":0,"publisher":{"@id":"https:\/\/www.alveus.eu\/es#organization"},"image":{"@id":"https:\/\/www.alveus.eu\/es\/blog\/incrementar-ventas-te-verano\/#primaryimage"},"thumbnailUrl":"https:\/\/www.alveus.eu\/wp-content\/uploads\/026-a.jpg","articleSection":["Profesionales del T\u00e9"],"inLanguage":"es","potentialAction":[{"@type":"CommentAction","name":"Comment","target":["https:\/\/www.alveus.eu\/es\/blog\/incrementar-ventas-te-verano\/#respond"]}]},{"@type":"WebPage","@id":"https:\/\/www.alveus.eu\/es\/blog\/incrementar-ventas-te-verano\/","url":"https:\/\/www.alveus.eu\/es\/blog\/incrementar-ventas-te-verano\/","name":"C\u00f3mo incrementar las ventas de t\u00e9 en verano | Alveus","isPartOf":{"@id":"https:\/\/www.alveus.eu\/es#website"},"primaryImageOfPage":{"@id":"https:\/\/www.alveus.eu\/es\/blog\/incrementar-ventas-te-verano\/#primaryimage"},"image":{"@id":"https:\/\/www.alveus.eu\/es\/blog\/incrementar-ventas-te-verano\/#primaryimage"},"thumbnailUrl":"https:\/\/www.alveus.eu\/wp-content\/uploads\/026-a.jpg","datePublished":"2024-05-13T14:59:36+00:00","dateModified":"2024-05-13T15:00:19+00:00","description":"Descubre c\u00f3mo incrementar la venta de t\u00e9 en verano en tu negocio. Consejos e ideas inspiradoras para vender t\u00e9 en verano.","breadcrumb":{"@id":"https:\/\/www.alveus.eu\/es\/blog\/incrementar-ventas-te-verano\/#breadcrumb"},"inLanguage":"es","potentialAction":[{"@type":"ReadAction","target":["https:\/\/www.alveus.eu\/es\/blog\/incrementar-ventas-te-verano\/"]}]},{"@type":"ImageObject","inLanguage":"es","@id":"https:\/\/www.alveus.eu\/es\/blog\/incrementar-ventas-te-verano\/#primaryimage","url":"https:\/\/www.alveus.eu\/wp-content\/uploads\/026-a.jpg","contentUrl":"https:\/\/www.alveus.eu\/wp-content\/uploads\/026-a.jpg","width":900,"height":600,"caption":"C\u00f3mo vender m\u00e1s en tu negocio de t\u00e9 en verano"},{"@type":"BreadcrumbList","@id":"https:\/\/www.alveus.eu\/es\/blog\/incrementar-ventas-te-verano\/#breadcrumb","itemListElement":[{"@type":"ListItem","position":1,"name":"Home","item":"https:\/\/www.alveus.eu\/es"},{"@type":"ListItem","position":2,"name":"Profesionales del T\u00e9","item":"https:\/\/www.alveus.eu\/es\/blog\/category\/profesionales-del-te\/"},{"@type":"ListItem","position":3,"name":"C\u00f3mo incrementar las ventas este verano en tu negocio de t\u00e9"}]},{"@type":"WebSite","@id":"https:\/\/www.alveus.eu\/es#website","url":"https:\/\/www.alveus.eu\/es","name":"Alveus","description":"","publisher":{"@id":"https:\/\/www.alveus.eu\/es#organization"},"potentialAction":[{"@type":"SearchAction","target":{"@type":"EntryPoint","urlTemplate":"https:\/\/www.alveus.eu\/es?s={search_term_string}"},"query-input":{"@type":"PropertyValueSpecification","valueRequired":true,"valueName":"search_term_string"}}],"inLanguage":"es"},{"@type":"Organization","@id":"https:\/\/www.alveus.eu\/es#organization","name":"Alveus","alternateName":"Alveus Premium Teas","url":"https:\/\/www.alveus.eu\/es","logo":{"@type":"ImageObject","inLanguage":"es","@id":"https:\/\/www.alveus.eu\/es#\/schema\/logo\/image\/","url":"https:\/\/www.alveus.eu\/wp-content\/uploads\/2023\/07\/alveus-logo-primary.png","contentUrl":"https:\/\/www.alveus.eu\/wp-content\/uploads\/2023\/07\/alveus-logo-primary.png","width":248,"height":248,"caption":"Alveus"},"image":{"@id":"https:\/\/www.alveus.eu\/es#\/schema\/logo\/image\/"},"sameAs":["https:\/\/www.facebook.com\/alveusinternational\/","https:\/\/www.instagram.com\/alveustea\/","https:\/\/de.linkedin.com\/company\/alveustea"]},{"@type":"Person","@id":"https:\/\/www.alveus.eu\/es#\/schema\/person\/6864b22051c6c128b3c72edaeac35855","name":"Alveus Blog Team","image":{"@type":"ImageObject","inLanguage":"es","@id":"https:\/\/secure.gravatar.com\/avatar\/f951c832a9809c8d01d2ce4fa8bb10716ac4997c3cf93244fa19413f7d28b08e?s=96&d=mm&r=g","url":"https:\/\/secure.gravatar.com\/avatar\/f951c832a9809c8d01d2ce4fa8bb10716ac4997c3cf93244fa19413f7d28b08e?s=96&d=mm&r=g","contentUrl":"https:\/\/secure.gravatar.com\/avatar\/f951c832a9809c8d01d2ce4fa8bb10716ac4997c3cf93244fa19413f7d28b08e?s=96&d=mm&r=g","caption":"Alveus Blog Team"},"description":"Editorial team formed by tea professionals from different countries. We are driven by our passion for tea and the dissemination of its culture.","sameAs":["https:\/\/www.alveus.eu\/"]}]}},"_links":{"self":[{"href":"https:\/\/www.alveus.eu\/es\/wp-json\/wp\/v2\/posts\/38332","targetHints":{"allow":["GET"]}}],"collection":[{"href":"https:\/\/www.alveus.eu\/es\/wp-json\/wp\/v2\/posts"}],"about":[{"href":"https:\/\/www.alveus.eu\/es\/wp-json\/wp\/v2\/types\/post"}],"author":[{"embeddable":true,"href":"https:\/\/www.alveus.eu\/es\/wp-json\/wp\/v2\/users\/11"}],"replies":[{"embeddable":true,"href":"https:\/\/www.alveus.eu\/es\/wp-json\/wp\/v2\/comments?post=38332"}],"version-history":[{"count":4,"href":"https:\/\/www.alveus.eu\/es\/wp-json\/wp\/v2\/posts\/38332\/revisions"}],"predecessor-version":[{"id":38810,"href":"https:\/\/www.alveus.eu\/es\/wp-json\/wp\/v2\/posts\/38332\/revisions\/38810"}],"wp:featuredmedia":[{"embeddable":true,"href":"https:\/\/www.alveus.eu\/es\/wp-json\/wp\/v2\/media\/38302"}],"wp:attachment":[{"href":"https:\/\/www.alveus.eu\/es\/wp-json\/wp\/v2\/media?parent=38332"}],"wp:term":[{"taxonomy":"category","embeddable":true,"href":"https:\/\/www.alveus.eu\/es\/wp-json\/wp\/v2\/categories?post=38332"},{"taxonomy":"post_tag","embeddable":true,"href":"https:\/\/www.alveus.eu\/es\/wp-json\/wp\/v2\/tags?post=38332"}],"curies":[{"name":"wp","href":"https:\/\/api.w.org\/{rel}","templated":true}]}}