{"id":50659,"date":"2025-03-27T11:49:29","date_gmt":"2025-03-27T10:49:29","guid":{"rendered":"https:\/\/www.alveus.eu\/?p=50659"},"modified":"2025-04-02T15:24:16","modified_gmt":"2025-04-02T14:24:16","slug":"entrevista-daniel-trenk","status":"publish","type":"post","link":"https:\/\/www.alveus.eu\/es\/blog\/entrevista-daniel-trenk\/","title":{"rendered":"La visi\u00f3n detr\u00e1s de Alveus: una entrevista con su CEO Daniel Trenk"},"content":{"rendered":"\t\t<div data-elementor-type=\"wp-post\" data-elementor-id=\"50659\" class=\"elementor elementor-50659 elementor-50631\" data-elementor-post-type=\"post\">\n\t\t\t\t<div class=\"elementor-element elementor-element-41a2d465 e-con-full e-flex e-con e-parent\" data-id=\"41a2d465\" data-element_type=\"container\" data-e-type=\"container\">\n\t\t\t\t<div class=\"elementor-element elementor-element-19e7ee55 elementor-widget elementor-widget-text-editor\" data-id=\"19e7ee55\" data-element_type=\"widget\" data-e-type=\"widget\" data-widget_type=\"text-editor.default\">\n\t\t\t\t<div class=\"elementor-widget-container\">\n\t\t\t\t\t\t\t\t\t<p><span style=\"font-weight: 400;\">En el mundo del t\u00e9, donde la tradici\u00f3n y la innovaci\u00f3n se encuentran en constante evoluci\u00f3n, Alveus se ha posicionado como un l\u00edder en el sector, no solo por su calidad excepcional, sino tambi\u00e9n por su compromiso con la sostenibilidad, la personalizaci\u00f3n y la innovaci\u00f3n.\u00a0<\/span><\/p><p><span style=\"font-weight: 400;\">Desde sus humildes comienzos, la compa\u00f1\u00eda ha logrado revolucionar el mercado europeo del t\u00e9, convirti\u00e9ndose en sin\u00f3nimo de excelencia y pasi\u00f3n por el arte del t\u00e9.<\/span><\/p><p><span style=\"font-weight: 400;\">Hoy, tenemos el privilegio de conversar con Daniel Trenk, el fundador y alma de Alveus. A lo largo de esta entrevista, conoceremos su visi\u00f3n sobre el futuro del t\u00e9, los desaf\u00edos que enfrent\u00f3 al construir la marca y c\u00f3mo Alveus ha logrado mantenerse a la vanguardia en un sector tan competitivo.<\/span><\/p><p><span style=\"font-weight: 400;\">Acomp\u00e1\u00f1anos en este recorrido por la historia de Alveus, donde conocer\u00e1s de primera mano las motivaciones y principios que han impulsado a la compa\u00f1\u00eda a convertirse en el proveedor l\u00edder de t\u00e9s premium y org\u00e1nicos en Europa.\u00a0<\/span><\/p>\t\t\t\t\t\t\t\t<\/div>\n\t\t\t\t<\/div>\n\t\t\t\t<div class=\"elementor-element elementor-element-9464e5a elementor-widget elementor-widget-image\" data-id=\"9464e5a\" data-element_type=\"widget\" data-e-type=\"widget\" data-widget_type=\"image.default\">\n\t\t\t\t<div class=\"elementor-widget-container\">\n\t\t\t\t\t\t\t\t\t\t\t\t\t\t\t<img fetchpriority=\"high\" decoding=\"async\" width=\"900\" height=\"600\" src=\"https:\/\/www.alveus.eu\/wp-content\/uploads\/069-b.jpg\" class=\"attachment-large size-large wp-image-50647\" alt=\"Daniel Trenk\" srcset=\"https:\/\/www.alveus.eu\/wp-content\/uploads\/069-b.jpg 900w, https:\/\/www.alveus.eu\/wp-content\/uploads\/069-b-300x200.jpg 300w, https:\/\/www.alveus.eu\/wp-content\/uploads\/069-b-768x512.jpg 768w\" sizes=\"(max-width: 900px) 100vw, 900px\" \/>\t\t\t\t\t\t\t\t\t\t\t\t\t\t\t<\/div>\n\t\t\t\t<\/div>\n\t\t\t\t<div class=\"elementor-element elementor-element-49a89da1 elementor-widget elementor-widget-text-editor\" data-id=\"49a89da1\" data-element_type=\"widget\" data-e-type=\"widget\" data-widget_type=\"text-editor.default\">\n\t\t\t\t<div class=\"elementor-widget-container\">\n\t\t\t\t\t\t\t\t\t<p><b>\u00bfQu\u00e9 te inspir\u00f3 a comenzar Alveus y c\u00f3mo surgi\u00f3 la idea de revolucionar la industria del t\u00e9?<\/b><\/p><p><em><span style=\"font-weight: 400;\">Siempre he disfrutado bebiendo t\u00e9 y pasando horas explorando tiendas de t\u00e9, fascinado por los m\u00faltiples aromas y la gran variedad de productos procedentes de casi todas las partes del mundo.\u00a0<\/span><\/em><\/p><p><em><span style=\"font-weight: 400;\">Especialmente, en las fases m\u00e1s estresantes de mis estudios, me di cuenta de lo beneficiosa que puede ser una taza de t\u00e9 y del poder que se encuentra en el disfrute de cada uno de sus ingredientes&#8230;\u00a0<\/span><\/em><\/p><p><em><span style=\"font-weight: 400;\">As\u00ed que comenc\u00e9 a investigar m\u00e1s a fondo este producto y, como estudiante de administraci\u00f3n de negocios internacionales, a analizar en mayor detalle el mercado europeo del t\u00e9.\u00a0<\/span><\/em><\/p><p><em><span style=\"font-weight: 400;\">De alguna manera, sent\u00ed que se pod\u00eda hacer m\u00e1s con este maravilloso producto: m\u00e1s variedad y creatividad en las mezclas, el uso de ingredientes org\u00e1nicos y de mayor calidad, y una forma m\u00e1s moderna y audaz de comercializar este producto saludable y cada vez m\u00e1s popular.\u00a0<\/span><\/em><\/p><p><em><span style=\"font-weight: 400;\">En definitiva, pens\u00e9 que un emprendedor joven y creativo con ganas de explorar nuevos caminos, le har\u00eda mucho bien al tradicional comercio del t\u00e9&#8230; Y as\u00ed naci\u00f3 la idea de Alveus.<\/span><\/em><\/p>\t\t\t\t\t\t\t\t<\/div>\n\t\t\t\t<\/div>\n\t\t\t\t<div class=\"elementor-element elementor-element-2ed2e77 elementor-widget elementor-widget-text-editor\" data-id=\"2ed2e77\" data-element_type=\"widget\" data-e-type=\"widget\" data-widget_type=\"text-editor.default\">\n\t\t\t\t<div class=\"elementor-widget-container\">\n\t\t\t\t\t\t\t\t\t<p><strong>En el camino hacia el \u00e9xito, \u00bfcu\u00e1les fueron los desaf\u00edos m\u00e1s grandes que enfrentaste y c\u00f3mo los superaste?<\/strong><\/p><p><em>Como una empresa joven con recursos financieros limitados y un equipo peque\u00f1o, nuestros primeros clientes fueron inicialmente bastante esc\u00e9pticos a la hora de confiar en una compa\u00f1\u00eda desconocida.<\/em><\/p><p><em>Al principio fue necesario mucho esfuerzo,persuasi\u00f3n y entusiasmo. Sin embargo, realmente escuchamos a nuestros clientes y no dudamos en desarrollar t\u00e9s junto a ellos, incluso para pedidos peque\u00f1os. Aprendimos mucho de nuestros clientes, quienes valoraron nuestra flexibilidad.<\/em><\/p><p><em>Adem\u00e1s, nuestro enfoque en productos org\u00e1nicos desde el principio nos ayud\u00f3 enormemente, ya que este aspecto se volvi\u00f3 cada vez m\u00e1s importante para nuestros clientes y no era una prioridad para otros mayoristas.<\/em><\/p><p><em>Otro desaf\u00edo, por supuesto, fue el abastecimiento. Primero hay que construir una red de proveedores, lo cual no es sencillo cuando al principio solo se compran peque\u00f1as cantidades. Aqu\u00ed tambi\u00e9n fue necesario un gran esfuerzo de persuasi\u00f3n.<\/em><\/p>\t\t\t\t\t\t\t\t<\/div>\n\t\t\t\t<\/div>\n\t\t\t\t<div class=\"elementor-element elementor-element-0ad08bb elementor-widget elementor-widget-image\" data-id=\"0ad08bb\" data-element_type=\"widget\" data-e-type=\"widget\" data-widget_type=\"image.default\">\n\t\t\t\t<div class=\"elementor-widget-container\">\n\t\t\t\t\t\t\t\t\t\t\t\t\t\t\t<img decoding=\"async\" width=\"900\" height=\"600\" src=\"https:\/\/www.alveus.eu\/wp-content\/uploads\/069-c.jpg\" class=\"attachment-large size-large wp-image-50642\" alt=\"Daniel Trenk\" srcset=\"https:\/\/www.alveus.eu\/wp-content\/uploads\/069-c.jpg 900w, https:\/\/www.alveus.eu\/wp-content\/uploads\/069-c-300x200.jpg 300w, https:\/\/www.alveus.eu\/wp-content\/uploads\/069-c-768x512.jpg 768w\" sizes=\"(max-width: 900px) 100vw, 900px\" \/>\t\t\t\t\t\t\t\t\t\t\t\t\t\t\t<\/div>\n\t\t\t\t<\/div>\n\t\t\t\t<div class=\"elementor-element elementor-element-3d39017 elementor-widget elementor-widget-text-editor\" data-id=\"3d39017\" data-element_type=\"widget\" data-e-type=\"widget\" data-widget_type=\"text-editor.default\">\n\t\t\t\t<div class=\"elementor-widget-container\">\n\t\t\t\t\t\t\t\t\t<p><strong>El mercado del t\u00e9 ha cambiado mucho en los \u00faltimos a\u00f1os, \u00bfc\u00f3mo has visto esa transformaci\u00f3n y c\u00f3mo Alveus se ha adaptado a esas tendencias?<\/strong><\/p><p><em>El principal cambio en los \u00faltimos a\u00f1os ha sido el constante aumento de la importancia de lo org\u00e1nico y la salud.<\/em><\/p><p><em>El t\u00e9, especialmente el t\u00e9 org\u00e1nico, se ha convertido en un verdadero producto de estilo de vida, y los consumidores de toda Europa est\u00e1n cada vez m\u00e1s dispuestos a pagar un precio justo por una calidad premium. Por supuesto, esto nos ha favorecido.<\/em><\/p><p><em>Adem\u00e1s, los consumidores esperan cada vez m\u00e1s variedad e innovaci\u00f3n cuando visitan una tienda especializada. Quieren sorprenderse con productos nuevos y de nicho y, si es posible, conocer una historia detr\u00e1s de ellos. Por ello, hemos dedicado cada vez m\u00e1s energ\u00eda a lanzar al mercado una incre\u00edble cantidad de t\u00e9s novedosos y de tendencia, siempre con calidad premium.<\/em><\/p>\t\t\t\t\t\t\t\t<\/div>\n\t\t\t\t<\/div>\n\t\t\t\t<div class=\"elementor-element elementor-element-5967272 elementor-widget elementor-widget-text-editor\" data-id=\"5967272\" data-element_type=\"widget\" data-e-type=\"widget\" data-widget_type=\"text-editor.default\">\n\t\t\t\t<div class=\"elementor-widget-container\">\n\t\t\t\t\t\t\t\t\t<p><strong>Alveus ha sido pionera en el mercado del t\u00e9 org\u00e1nico. \u00bfPor qu\u00e9 crees que ha ganado tanta popularidad y qu\u00e9 papel juega la sostenibilidad en la visi\u00f3n de Alveus?<\/strong><\/p><p><em>Adem\u00e1s del gran auge de los productos org\u00e1nicos en Europa en los \u00faltimos 20 a\u00f1os, el sector del t\u00e9 presenta una situaci\u00f3n a\u00fan m\u00e1s especializada. Los amantes del t\u00e9 son un tipo de consumidor particular que valora a\u00fan m\u00e1s la salud y la sostenibilidad. A menudo visitan una tienda de t\u00e9 con la intenci\u00f3n de comprar algo saludable y hacer algo positivo por su bienestar. En este contexto, optar por productos org\u00e1nicos y evitar pesticidas es pr\u00e1cticamente una obligaci\u00f3n para los agricultores.<\/em><\/p><p><em>Adem\u00e1s, a esta base de clientes tambi\u00e9n le importa conocer las condiciones en las que se fabrican los productos.<\/em><\/p><p><em>El t\u00e9 es un producto muy rentable: con 100 g de t\u00e9 se pueden preparar una cantidad incre\u00edble de tazas.<\/em><\/p><p><em>Cada vez m\u00e1s, los consumidores desean disfrutar de este producto con total tranquilidad y una conciencia limpia, incluso si esto implica un precio ligeramente m\u00e1s alto. Por ello, estamos esforz\u00e1ndonos en integrar cada vez m\u00e1s aspectos sostenibles en la visi\u00f3n de nuestra empresa.<\/em><\/p>\t\t\t\t\t\t\t\t<\/div>\n\t\t\t\t<\/div>\n\t\t\t\t<div class=\"elementor-element elementor-element-0c66252 elementor-widget elementor-widget-text-editor\" data-id=\"0c66252\" data-element_type=\"widget\" data-e-type=\"widget\" data-widget_type=\"text-editor.default\">\n\t\t\t\t<div class=\"elementor-widget-container\">\n\t\t\t\t\t\t\t\t\t<p><strong>El equipo de Alveus es fundamental para su \u00e9xito. \u00bfC\u00f3mo creas una cultura empresarial que fomente la innovaci\u00f3n y la pasi\u00f3n por el t\u00e9?<\/strong><\/p><p><em>Para lanzar numerosas innovaciones en t\u00e9 al mercado cada a\u00f1o, es fundamental que muchas personas de distintos departamentos y nacionalidades trabajen en conjunto. El desarrollo de nuevos t\u00e9s requiere un flujo de comunicaci\u00f3n eficiente y estructuras bien organizadas dentro de un equipo amplio.<\/em><\/p><p><em>En primer lugar, debemos recopilar y consolidar de manera \u00f3ptima la retroalimentaci\u00f3n de los clientes. Adem\u00e1s, la creaci\u00f3n de nuevos t\u00e9s depende en gran medida de la disponibilidad de materias primas y del cumplimiento de requisitos legales. La calidad debe garantizarse a largo plazo, y la log\u00edstica debe estar bien organizada.<\/em><\/p><p><em>Sin embargo, en su esencia, todo gira en torno a las ideas y la creatividad. Para lograrlo, es necesario fomentar el talento y mantener estructuras organizativas flexibles. Al final, el \u00e9xito es el mejor indicador, y las mejores ideas suelen surgir de personas que son nuevas en la industria, pero que sienten una aut\u00e9ntica pasi\u00f3n por desarrollar nuevas recetas, y que a menudo disfrutan cocinando u horneando en su tiempo libre&#8230;<\/em><\/p>\t\t\t\t\t\t\t\t<\/div>\n\t\t\t\t<\/div>\n\t\t\t\t<div class=\"elementor-element elementor-element-cfbe814 elementor-widget elementor-widget-image\" data-id=\"cfbe814\" data-element_type=\"widget\" data-e-type=\"widget\" data-widget_type=\"image.default\">\n\t\t\t\t<div class=\"elementor-widget-container\">\n\t\t\t\t\t\t\t\t\t\t\t\t\t\t\t<img decoding=\"async\" width=\"900\" height=\"600\" src=\"https:\/\/www.alveus.eu\/wp-content\/uploads\/069-d.jpg\" class=\"attachment-large size-large wp-image-50637\" alt=\"Daniel Trenk\" srcset=\"https:\/\/www.alveus.eu\/wp-content\/uploads\/069-d.jpg 900w, https:\/\/www.alveus.eu\/wp-content\/uploads\/069-d-300x200.jpg 300w, https:\/\/www.alveus.eu\/wp-content\/uploads\/069-d-768x512.jpg 768w\" sizes=\"(max-width: 900px) 100vw, 900px\" \/>\t\t\t\t\t\t\t\t\t\t\t\t\t\t\t<\/div>\n\t\t\t\t<\/div>\n\t\t\t\t<div class=\"elementor-element elementor-element-2e504d9 elementor-widget elementor-widget-text-editor\" data-id=\"2e504d9\" data-element_type=\"widget\" data-e-type=\"widget\" data-widget_type=\"text-editor.default\">\n\t\t\t\t<div class=\"elementor-widget-container\">\n\t\t\t\t\t\t\t\t\t<p><strong>Actualmente Alveus ofrece m\u00e1s de 1500 variedades de t\u00e9. \u00bfCu\u00e1l es el secreto para mantener una oferta tan extensa y, al mismo tiempo, asegurarse de que cada t\u00e9 sea de calidad premium?<\/strong><\/p><p><em>El hecho de tener 1,500 t\u00e9s pre producidos y disponibles para entrega inmediata puede parecer una locura para algunos, pero ha sido un proceso de desarrollo a lo largo del tiempo y ha demostrado ser un gran \u00e9xito. Con una tasa de exportaci\u00f3n superior al 85 % y env\u00edos a m\u00e1s de 70 pa\u00edses en todo el mundo, contar con una gran variedad es, sin duda, una ventaja.<\/em><\/p><p><em>Cada pa\u00eds o mercado del t\u00e9 tiene sus propias necesidades y tradiciones, y nos esforzamos por cubrir la mayor parte de ellas. De esta manera, los clientes de todo el mundo tienen la oportunidad de probar t\u00e9s que originalmente fueron creados para otros pa\u00edses y que, con frecuencia, tambi\u00e9n tienen \u00e9xito en sus propios mercados.<\/em><\/p><p><em>El reto de producir para tantos pa\u00edses nos motiva e inspira, y nos sentimos orgullosos de seguir desarrollando t\u00e9s que luego triunfan en diversas partes del mundo. En \u00faltima instancia, tambi\u00e9n es una ventaja que Alveus haya crecido hasta alcanzar un tama\u00f1o que le permite mezclar una gran variedad de t\u00e9s en cantidades \u00f3ptimas y enviarlos siempre frescos.<\/em><\/p>\t\t\t\t\t\t\t\t<\/div>\n\t\t\t\t<\/div>\n\t\t\t\t<div class=\"elementor-element elementor-element-62e4673a elementor-widget elementor-widget-text-editor\" data-id=\"62e4673a\" data-element_type=\"widget\" data-e-type=\"widget\" data-widget_type=\"text-editor.default\">\n\t\t\t\t<div class=\"elementor-widget-container\">\n\t\t\t\t\t\t\t\t\t<p><strong>\u00bfQu\u00e9 tendencias en el mercado del t\u00e9 crees que dominar\u00e1n en los pr\u00f3ximos a\u00f1os?<\/strong><\/p><p><em>Predecir tendencias siempre es complicado. Sin embargo, en el mundo del t\u00e9, los cambios suelen producirse de manera m\u00e1s gradual, y creo que muchas de las tendencias actuales seguir\u00e1n evolucionando. Los t\u00e9s deber\u00edan ser a\u00fan m\u00e1s saludables y, adem\u00e1s, deber\u00eda explicarse claramente cu\u00e1les son sus beneficios espec\u00edficos.<\/em><\/p><p><em>Los consumidores buscan cada vez m\u00e1s productos de nicho con una buena historia y transparencia. Quieren saber exactamente qui\u00e9n ha producido un t\u00e9, en qu\u00e9 condiciones y cu\u00e1l fue su motivaci\u00f3n. \u00bfEs un t\u00e9 innovador y vanguardista? \u00bfProviene de un pa\u00eds ex\u00f3tico? \u00bfPuedo apoyar una causa o hacer algo positivo comprando este t\u00e9? \u00bfExiste una manera de obtener informaci\u00f3n transparente sobre su origen? \u00bfPuedo confiar en mi proveedor de t\u00e9 y hacer preguntas en cualquier momento?<\/em><\/p>\t\t\t\t\t\t\t\t<\/div>\n\t\t\t\t<\/div>\n\t\t<div class=\"elementor-element elementor-element-5047ebf e-flex e-con-boxed e-con e-child\" data-id=\"5047ebf\" data-element_type=\"container\" data-e-type=\"container\" data-settings=\"{&quot;background_background&quot;:&quot;classic&quot;}\">\n\t\t\t\t\t<div class=\"e-con-inner\">\n\t\t\t\t<div class=\"elementor-element elementor-element-3f8f8cc elementor-widget__width-initial elementor-widget-mobile__width-inherit elementor-view-default elementor-widget elementor-widget-icon\" data-id=\"3f8f8cc\" data-element_type=\"widget\" data-e-type=\"widget\" data-widget_type=\"icon.default\">\n\t\t\t\t<div class=\"elementor-widget-container\">\n\t\t\t\t\t\t\t<div class=\"elementor-icon-wrapper\">\n\t\t\t<div class=\"elementor-icon\">\n\t\t\t<svg xmlns=\"http:\/\/www.w3.org\/2000\/svg\" id=\"Layer_2\" data-name=\"Layer 2\" viewBox=\"0 0 192 192\"><defs><style> .cls-1 { fill: none; } .cls-2 { fill: #1d1d1b; } <\/style><\/defs><g id=\"medida\"><g><rect class=\"cls-1\" width=\"192\" height=\"192\"><\/rect><g><path class=\"cls-2\" d=\"M50.98,81.76h-15.81c-1.93,0-3.5,1.57-3.5,3.5s1.57,3.5,3.5,3.5h15.81c1.93,0,3.5-1.57,3.5-3.5s-1.57-3.5-3.5-3.5Z\"><\/path><path class=\"cls-2\" d=\"M64.9,53.79c1.37-1.37,1.37-3.58,0-4.95l-10.12-10.12c-1.37-1.37-3.58-1.37-4.95,0-1.37,1.37-1.37,3.58,0,4.95l10.12,10.12c.68,.68,1.58,1.03,2.47,1.03s1.79-.34,2.47-1.03Z\"><\/path><path class=\"cls-2\" d=\"M145.27,38.72c-1.37-1.37-3.58-1.37-4.95,0l-10.12,10.12c-1.37,1.37-1.37,3.58,0,4.95,.68,.68,1.58,1.03,2.47,1.03s1.79-.34,2.47-1.03l10.12-10.12c1.37-1.37,1.37-3.58,0-4.95Z\"><\/path><path class=\"cls-2\" d=\"M97.75,42c1.93,0,3.5-1.57,3.5-3.5v-14.15c0-1.93-1.57-3.5-3.5-3.5s-3.5,1.57-3.5,3.5v14.15c0,1.93,1.57,3.5,3.5,3.5Z\"><\/path><path class=\"cls-2\" d=\"M156.83,81.76h-14.03c-1.93,0-3.5,1.57-3.5,3.5s1.57,3.5,3.5,3.5h14.03c1.93,0,3.5-1.57,3.5-3.5s-1.57-3.5-3.5-3.5Z\"><\/path><path class=\"cls-2\" d=\"M97.75,48.42c-19.84,0-35.98,16.14-35.98,35.98,0,5.06,.99,9.78,3.03,14.44,.96,2.2,2.35,4.65,3.82,7.25,2.14,3.78,4.57,8.07,5.66,11.69,5.01,16.67,2.59,32.29,2.56,32.45l-.05,.56c0,11.22,9.13,20.36,20.36,20.36s20.36-9.13,20.36-20.36l-.04-.56c-.01-.09-.83-5.44-.21-13.48,.08-.29,.13-.58,.13-.89,0-.1-.02-.19-.03-.29,.48-5.16,1.55-11.3,3.76-17.81,1.37-4.04,4.12-8.95,6.55-13.28,1.09-1.95,2.12-3.79,2.96-5.44,2.75-5.36,3.12-10.41,3.12-14.64,0-19.84-16.14-35.98-35.98-35.98Zm12.3,90.94c-.16,4.07,0,7.32,.19,9.41h-26.18c.21-2.1,.44-5.36,.39-9.41h25.6Zm-12.91,24.79c-5.6,0-10.4-3.48-12.38-8.38h24.76c-1.98,4.9-6.78,8.38-12.38,8.38Zm27.24-68.3c-.79,1.54-1.79,3.32-2.84,5.21-2.57,4.6-5.49,9.8-7.07,14.45-2.06,6.07-3.23,11.82-3.85,16.86h-9.68c.34-.54,.54-1.17,.54-1.86v-19.97c5.79-1.55,10.07-6.82,10.07-13.1,0-1.93-1.57-3.5-3.5-3.5s-3.5,1.57-3.5,3.5c0,3.62-2.95,6.57-6.57,6.57s-6.57-2.95-6.57-6.57c0-1.93-1.57-3.5-3.5-3.5s-3.5,1.57-3.5,3.5c0,6.27,4.28,11.55,10.07,13.1v19.97c0,.68,.2,1.32,.54,1.86h-10.93c-.44-5.05-1.37-10.74-3.14-16.6-1.31-4.37-3.95-9.02-6.27-13.12-1.38-2.44-2.68-4.74-3.5-6.6-1.64-3.76-2.44-7.56-2.44-11.64,0-15.98,13-28.98,28.98-28.98s28.98,13,28.98,28.98c0,4.87-.68,8.19-2.35,11.45Z\"><\/path><\/g><\/g><\/g><\/svg>\t\t\t<\/div>\n\t\t<\/div>\n\t\t\t\t\t\t<\/div>\n\t\t\t\t<\/div>\n\t\t\t\t<div class=\"elementor-element elementor-element-ec4e110 elementor-widget__width-inherit elementor-widget elementor-widget-heading\" data-id=\"ec4e110\" data-element_type=\"widget\" data-e-type=\"widget\" data-widget_type=\"heading.default\">\n\t\t\t\t<div class=\"elementor-widget-container\">\n\t\t\t\t\t<span class=\"elementor-heading-title elementor-size-default\">La calidad seguir\u00e1 siendo el factor clave para diferenciarse de un mercado masivo, mediocre y de bajo margen. Cada vez se invertir\u00e1 m\u00e1s dinero en productos de aut\u00e9ntica calidad.<\/span>\t\t\t\t<\/div>\n\t\t\t\t<\/div>\n\t\t\t\t\t<\/div>\n\t\t\t\t<\/div>\n\t\t\t\t<div class=\"elementor-element elementor-element-3b1f382 elementor-widget elementor-widget-text-editor\" data-id=\"3b1f382\" data-element_type=\"widget\" data-e-type=\"widget\" data-widget_type=\"text-editor.default\">\n\t\t\t\t<div class=\"elementor-widget-container\">\n\t\t\t\t\t\t\t\t\t<p><strong>Para los empresarios del sector del t\u00e9 que est\u00e1n leyendo esto, \u00bfqu\u00e9 consejo les dar\u00edas para seguir creciendo y diferenci\u00e1ndose en el mercado?<\/strong><\/p><p><em>Esta tambi\u00e9n es una pregunta dif\u00edcil, pero intentar\u00e9 responderla.<\/em><\/p><p><em>Creo que lo m\u00e1s importante es estar bien posicionado para poder responder con claridad a la pregunta de por qu\u00e9 eres diferente y cu\u00e1l es tu propuesta de valor \u00fanica en tu mercado y regi\u00f3n. Solo de esta manera se puede generar inter\u00e9s, construir una marca y establecer precios razonables.<\/em><\/p><p><em>Como en muchos otros sectores, el mercado del t\u00e9 ya cuenta con buenos proveedores. Sin embargo, estamos convencidos de que\u2026<\/em> <\/p>\t\t\t\t\t\t\t\t<\/div>\n\t\t\t\t<\/div>\n\t\t<div class=\"elementor-element elementor-element-0e8887f e-flex e-con-boxed e-con e-child\" data-id=\"0e8887f\" data-element_type=\"container\" data-e-type=\"container\" data-settings=\"{&quot;background_background&quot;:&quot;classic&quot;}\">\n\t\t\t\t\t<div class=\"e-con-inner\">\n\t\t\t\t<div class=\"elementor-element elementor-element-e2dc7e5 elementor-widget__width-initial elementor-widget-mobile__width-inherit elementor-view-default elementor-widget elementor-widget-icon\" data-id=\"e2dc7e5\" data-element_type=\"widget\" data-e-type=\"widget\" data-widget_type=\"icon.default\">\n\t\t\t\t<div class=\"elementor-widget-container\">\n\t\t\t\t\t\t\t<div class=\"elementor-icon-wrapper\">\n\t\t\t<div class=\"elementor-icon\">\n\t\t\t<svg xmlns=\"http:\/\/www.w3.org\/2000\/svg\" id=\"Layer_2\" data-name=\"Layer 2\" viewBox=\"0 0 192 192\"><defs><style> .cls-1 { fill: none; } .cls-2 { fill: #1d1d1b; } <\/style><\/defs><g id=\"medida\"><g><rect class=\"cls-1\" width=\"192\" height=\"192\"><\/rect><g><path class=\"cls-2\" d=\"M50.98,81.76h-15.81c-1.93,0-3.5,1.57-3.5,3.5s1.57,3.5,3.5,3.5h15.81c1.93,0,3.5-1.57,3.5-3.5s-1.57-3.5-3.5-3.5Z\"><\/path><path class=\"cls-2\" d=\"M64.9,53.79c1.37-1.37,1.37-3.58,0-4.95l-10.12-10.12c-1.37-1.37-3.58-1.37-4.95,0-1.37,1.37-1.37,3.58,0,4.95l10.12,10.12c.68,.68,1.58,1.03,2.47,1.03s1.79-.34,2.47-1.03Z\"><\/path><path class=\"cls-2\" d=\"M145.27,38.72c-1.37-1.37-3.58-1.37-4.95,0l-10.12,10.12c-1.37,1.37-1.37,3.58,0,4.95,.68,.68,1.58,1.03,2.47,1.03s1.79-.34,2.47-1.03l10.12-10.12c1.37-1.37,1.37-3.58,0-4.95Z\"><\/path><path class=\"cls-2\" d=\"M97.75,42c1.93,0,3.5-1.57,3.5-3.5v-14.15c0-1.93-1.57-3.5-3.5-3.5s-3.5,1.57-3.5,3.5v14.15c0,1.93,1.57,3.5,3.5,3.5Z\"><\/path><path class=\"cls-2\" d=\"M156.83,81.76h-14.03c-1.93,0-3.5,1.57-3.5,3.5s1.57,3.5,3.5,3.5h14.03c1.93,0,3.5-1.57,3.5-3.5s-1.57-3.5-3.5-3.5Z\"><\/path><path class=\"cls-2\" d=\"M97.75,48.42c-19.84,0-35.98,16.14-35.98,35.98,0,5.06,.99,9.78,3.03,14.44,.96,2.2,2.35,4.65,3.82,7.25,2.14,3.78,4.57,8.07,5.66,11.69,5.01,16.67,2.59,32.29,2.56,32.45l-.05,.56c0,11.22,9.13,20.36,20.36,20.36s20.36-9.13,20.36-20.36l-.04-.56c-.01-.09-.83-5.44-.21-13.48,.08-.29,.13-.58,.13-.89,0-.1-.02-.19-.03-.29,.48-5.16,1.55-11.3,3.76-17.81,1.37-4.04,4.12-8.95,6.55-13.28,1.09-1.95,2.12-3.79,2.96-5.44,2.75-5.36,3.12-10.41,3.12-14.64,0-19.84-16.14-35.98-35.98-35.98Zm12.3,90.94c-.16,4.07,0,7.32,.19,9.41h-26.18c.21-2.1,.44-5.36,.39-9.41h25.6Zm-12.91,24.79c-5.6,0-10.4-3.48-12.38-8.38h24.76c-1.98,4.9-6.78,8.38-12.38,8.38Zm27.24-68.3c-.79,1.54-1.79,3.32-2.84,5.21-2.57,4.6-5.49,9.8-7.07,14.45-2.06,6.07-3.23,11.82-3.85,16.86h-9.68c.34-.54,.54-1.17,.54-1.86v-19.97c5.79-1.55,10.07-6.82,10.07-13.1,0-1.93-1.57-3.5-3.5-3.5s-3.5,1.57-3.5,3.5c0,3.62-2.95,6.57-6.57,6.57s-6.57-2.95-6.57-6.57c0-1.93-1.57-3.5-3.5-3.5s-3.5,1.57-3.5,3.5c0,6.27,4.28,11.55,10.07,13.1v19.97c0,.68,.2,1.32,.54,1.86h-10.93c-.44-5.05-1.37-10.74-3.14-16.6-1.31-4.37-3.95-9.02-6.27-13.12-1.38-2.44-2.68-4.74-3.5-6.6-1.64-3.76-2.44-7.56-2.44-11.64,0-15.98,13-28.98,28.98-28.98s28.98,13,28.98,28.98c0,4.87-.68,8.19-2.35,11.45Z\"><\/path><\/g><\/g><\/g><\/svg>\t\t\t<\/div>\n\t\t<\/div>\n\t\t\t\t\t\t<\/div>\n\t\t\t\t<\/div>\n\t\t\t\t<div class=\"elementor-element elementor-element-9b6800e elementor-widget__width-inherit elementor-widget elementor-widget-heading\" data-id=\"9b6800e\" data-element_type=\"widget\" data-e-type=\"widget\" data-widget_type=\"heading.default\">\n\t\t\t\t<div class=\"elementor-widget-container\">\n\t\t\t\t\t<span class=\"elementor-heading-title elementor-size-default\">\u2026una oferta de productos bien seleccionada, un marketing s\u00f3lido y una calidad absolutamente premium siempre encontrar\u00e1n nuevos nichos, haciendo que el \u00e9xito sea casi inevitable.<\/span>\t\t\t\t<\/div>\n\t\t\t\t<\/div>\n\t\t\t\t\t<\/div>\n\t\t\t\t<\/div>\n\t\t\t\t<div class=\"elementor-element elementor-element-49737d2 elementor-widget elementor-widget-text-editor\" data-id=\"49737d2\" data-element_type=\"widget\" data-e-type=\"widget\" data-widget_type=\"text-editor.default\">\n\t\t\t\t<div class=\"elementor-widget-container\">\n\t\t\t\t\t\t\t\t\t<p><span style=\"font-weight: 400;\"><i>Adem\u00e1s, la experiencia en el \u00e1mbito digital es, sin duda, una gran ventaja. Hoy en d\u00eda, existen innumerables formas de comercializar un buen producto con una historia atractiva y una estrategia de marketing bien estructurada a trav\u00e9s de canales digitales.<\/i><\/span><\/p>\t\t\t\t\t\t\t\t<\/div>\n\t\t\t\t<\/div>\n\t\t\t\t<\/div>\n\t\t\t\t<\/div>\n\t\t","protected":false},"excerpt":{"rendered":"<p>De la tradici\u00f3n a la innovaci\u00f3n: el viaje de Alveus en el mundo del t\u00e9 premium.<\/p>\n","protected":false},"author":11,"featured_media":50652,"comment_status":"open","ping_status":"open","sticky":false,"template":"","format":"standard","meta":{"_acf_changed":false,"footnotes":""},"categories":[105],"tags":[],"class_list":["post-50659","post","type-post","status-publish","format-standard","has-post-thumbnail","hentry","category-profesionales-del-te"],"acf":[],"yoast_head":"<!-- This site is optimized with the Yoast SEO Premium plugin v27.4 (Yoast SEO v27.4) - https:\/\/yoast.com\/product\/yoast-seo-premium-wordpress\/ -->\n<title>Entrevista a Daniel Trenk, CEO de Alveus | Alveus<\/title>\n<meta name=\"description\" content=\"De la tradici\u00f3n a la innovaci\u00f3n: Descubre la visi\u00f3n que mueve Alveus con esta entrevista al CEO de la compa\u00f1\u00eda Daniel Trenk.\" \/>\n<meta name=\"robots\" content=\"index, follow, max-snippet:-1, max-image-preview:large, max-video-preview:-1\" \/>\n<link rel=\"canonical\" href=\"https:\/\/www.alveus.eu\/es\/blog\/entrevista-daniel-trenk\/\" \/>\n<meta property=\"og:locale\" content=\"es_ES\" \/>\n<meta property=\"og:type\" content=\"article\" \/>\n<meta property=\"og:title\" content=\"La visi\u00f3n detr\u00e1s de Alveus: una entrevista con su CEO Daniel Trenk\" \/>\n<meta property=\"og:description\" content=\"De la tradici\u00f3n a la innovaci\u00f3n: Descubre la visi\u00f3n que mueve Alveus con esta entrevista al CEO de la compa\u00f1\u00eda Daniel Trenk.\" \/>\n<meta property=\"og:url\" content=\"https:\/\/www.alveus.eu\/es\/blog\/entrevista-daniel-trenk\/\" \/>\n<meta property=\"og:site_name\" content=\"Alveus\" \/>\n<meta property=\"article:publisher\" content=\"https:\/\/www.facebook.com\/alveusinternational\/\" \/>\n<meta property=\"article:published_time\" content=\"2025-03-27T10:49:29+00:00\" \/>\n<meta property=\"article:modified_time\" content=\"2025-04-02T14:24:16+00:00\" \/>\n<meta property=\"og:image\" content=\"https:\/\/www.alveus.eu\/wp-content\/uploads\/069-a.jpg\" \/>\n\t<meta property=\"og:image:width\" content=\"900\" \/>\n\t<meta property=\"og:image:height\" content=\"600\" \/>\n\t<meta property=\"og:image:type\" content=\"image\/jpeg\" \/>\n<meta name=\"author\" content=\"Alveus Blog Team\" \/>\n<meta name=\"twitter:card\" content=\"summary_large_image\" \/>\n<meta name=\"twitter:label1\" content=\"Escrito por\" \/>\n\t<meta name=\"twitter:data1\" content=\"Alveus Blog Team\" \/>\n\t<meta name=\"twitter:label2\" content=\"Tiempo de lectura\" \/>\n\t<meta name=\"twitter:data2\" content=\"8 minutos\" \/>\n<script type=\"application\/ld+json\" class=\"yoast-schema-graph\">{\"@context\":\"https:\\\/\\\/schema.org\",\"@graph\":[{\"@type\":\"Article\",\"@id\":\"https:\\\/\\\/www.alveus.eu\\\/es\\\/blog\\\/entrevista-daniel-trenk\\\/#article\",\"isPartOf\":{\"@id\":\"https:\\\/\\\/www.alveus.eu\\\/es\\\/blog\\\/entrevista-daniel-trenk\\\/\"},\"author\":{\"name\":\"Alveus Blog Team\",\"@id\":\"https:\\\/\\\/www.alveus.eu\\\/es#\\\/schema\\\/person\\\/6864b22051c6c128b3c72edaeac35855\"},\"headline\":\"La visi\u00f3n detr\u00e1s de Alveus: una entrevista con su CEO Daniel Trenk\",\"datePublished\":\"2025-03-27T10:49:29+00:00\",\"dateModified\":\"2025-04-02T14:24:16+00:00\",\"mainEntityOfPage\":{\"@id\":\"https:\\\/\\\/www.alveus.eu\\\/es\\\/blog\\\/entrevista-daniel-trenk\\\/\"},\"wordCount\":1740,\"commentCount\":0,\"publisher\":{\"@id\":\"https:\\\/\\\/www.alveus.eu\\\/es#organization\"},\"image\":{\"@id\":\"https:\\\/\\\/www.alveus.eu\\\/es\\\/blog\\\/entrevista-daniel-trenk\\\/#primaryimage\"},\"thumbnailUrl\":\"https:\\\/\\\/www.alveus.eu\\\/wp-content\\\/uploads\\\/069-a.jpg\",\"articleSection\":[\"Profesionales del T\u00e9\"],\"inLanguage\":\"es\",\"potentialAction\":[{\"@type\":\"CommentAction\",\"name\":\"Comment\",\"target\":[\"https:\\\/\\\/www.alveus.eu\\\/es\\\/blog\\\/entrevista-daniel-trenk\\\/#respond\"]}]},{\"@type\":\"WebPage\",\"@id\":\"https:\\\/\\\/www.alveus.eu\\\/es\\\/blog\\\/entrevista-daniel-trenk\\\/\",\"url\":\"https:\\\/\\\/www.alveus.eu\\\/es\\\/blog\\\/entrevista-daniel-trenk\\\/\",\"name\":\"Entrevista a Daniel Trenk, CEO de Alveus | Alveus\",\"isPartOf\":{\"@id\":\"https:\\\/\\\/www.alveus.eu\\\/es#website\"},\"primaryImageOfPage\":{\"@id\":\"https:\\\/\\\/www.alveus.eu\\\/es\\\/blog\\\/entrevista-daniel-trenk\\\/#primaryimage\"},\"image\":{\"@id\":\"https:\\\/\\\/www.alveus.eu\\\/es\\\/blog\\\/entrevista-daniel-trenk\\\/#primaryimage\"},\"thumbnailUrl\":\"https:\\\/\\\/www.alveus.eu\\\/wp-content\\\/uploads\\\/069-a.jpg\",\"datePublished\":\"2025-03-27T10:49:29+00:00\",\"dateModified\":\"2025-04-02T14:24:16+00:00\",\"description\":\"De la tradici\u00f3n a la innovaci\u00f3n: Descubre la visi\u00f3n que mueve Alveus con esta entrevista al CEO de la compa\u00f1\u00eda Daniel Trenk.\",\"breadcrumb\":{\"@id\":\"https:\\\/\\\/www.alveus.eu\\\/es\\\/blog\\\/entrevista-daniel-trenk\\\/#breadcrumb\"},\"inLanguage\":\"es\",\"potentialAction\":[{\"@type\":\"ReadAction\",\"target\":[\"https:\\\/\\\/www.alveus.eu\\\/es\\\/blog\\\/entrevista-daniel-trenk\\\/\"]}]},{\"@type\":\"ImageObject\",\"inLanguage\":\"es\",\"@id\":\"https:\\\/\\\/www.alveus.eu\\\/es\\\/blog\\\/entrevista-daniel-trenk\\\/#primaryimage\",\"url\":\"https:\\\/\\\/www.alveus.eu\\\/wp-content\\\/uploads\\\/069-a.jpg\",\"contentUrl\":\"https:\\\/\\\/www.alveus.eu\\\/wp-content\\\/uploads\\\/069-a.jpg\",\"width\":900,\"height\":600,\"caption\":\"Daniel Trenk\"},{\"@type\":\"BreadcrumbList\",\"@id\":\"https:\\\/\\\/www.alveus.eu\\\/es\\\/blog\\\/entrevista-daniel-trenk\\\/#breadcrumb\",\"itemListElement\":[{\"@type\":\"ListItem\",\"position\":1,\"name\":\"Home\",\"item\":\"https:\\\/\\\/www.alveus.eu\\\/es\"},{\"@type\":\"ListItem\",\"position\":2,\"name\":\"Profesionales del T\u00e9\",\"item\":\"https:\\\/\\\/www.alveus.eu\\\/es\\\/blog\\\/category\\\/profesionales-del-te\\\/\"},{\"@type\":\"ListItem\",\"position\":3,\"name\":\"La visi\u00f3n detr\u00e1s de Alveus: una entrevista con su CEO Daniel Trenk\"}]},{\"@type\":\"WebSite\",\"@id\":\"https:\\\/\\\/www.alveus.eu\\\/es#website\",\"url\":\"https:\\\/\\\/www.alveus.eu\\\/es\",\"name\":\"Alveus\",\"description\":\"\",\"publisher\":{\"@id\":\"https:\\\/\\\/www.alveus.eu\\\/es#organization\"},\"potentialAction\":[{\"@type\":\"SearchAction\",\"target\":{\"@type\":\"EntryPoint\",\"urlTemplate\":\"https:\\\/\\\/www.alveus.eu\\\/es?s={search_term_string}\"},\"query-input\":{\"@type\":\"PropertyValueSpecification\",\"valueRequired\":true,\"valueName\":\"search_term_string\"}}],\"inLanguage\":\"es\"},{\"@type\":\"Organization\",\"@id\":\"https:\\\/\\\/www.alveus.eu\\\/es#organization\",\"name\":\"Alveus\",\"alternateName\":\"Alveus Premium Teas\",\"url\":\"https:\\\/\\\/www.alveus.eu\\\/es\",\"logo\":{\"@type\":\"ImageObject\",\"inLanguage\":\"es\",\"@id\":\"https:\\\/\\\/www.alveus.eu\\\/es#\\\/schema\\\/logo\\\/image\\\/\",\"url\":\"https:\\\/\\\/www.alveus.eu\\\/wp-content\\\/uploads\\\/2023\\\/07\\\/alveus-logo-primary.png\",\"contentUrl\":\"https:\\\/\\\/www.alveus.eu\\\/wp-content\\\/uploads\\\/2023\\\/07\\\/alveus-logo-primary.png\",\"width\":248,\"height\":248,\"caption\":\"Alveus\"},\"image\":{\"@id\":\"https:\\\/\\\/www.alveus.eu\\\/es#\\\/schema\\\/logo\\\/image\\\/\"},\"sameAs\":[\"https:\\\/\\\/www.facebook.com\\\/alveusinternational\\\/\",\"https:\\\/\\\/www.instagram.com\\\/alveustea\\\/\",\"https:\\\/\\\/de.linkedin.com\\\/company\\\/alveustea\"]},{\"@type\":\"Person\",\"@id\":\"https:\\\/\\\/www.alveus.eu\\\/es#\\\/schema\\\/person\\\/6864b22051c6c128b3c72edaeac35855\",\"name\":\"Alveus Blog Team\",\"image\":{\"@type\":\"ImageObject\",\"inLanguage\":\"es\",\"@id\":\"https:\\\/\\\/secure.gravatar.com\\\/avatar\\\/f951c832a9809c8d01d2ce4fa8bb10716ac4997c3cf93244fa19413f7d28b08e?s=96&d=mm&r=g\",\"url\":\"https:\\\/\\\/secure.gravatar.com\\\/avatar\\\/f951c832a9809c8d01d2ce4fa8bb10716ac4997c3cf93244fa19413f7d28b08e?s=96&d=mm&r=g\",\"contentUrl\":\"https:\\\/\\\/secure.gravatar.com\\\/avatar\\\/f951c832a9809c8d01d2ce4fa8bb10716ac4997c3cf93244fa19413f7d28b08e?s=96&d=mm&r=g\",\"caption\":\"Alveus Blog Team\"},\"description\":\"Editorial team formed by tea professionals from different countries. We are driven by our passion for tea and the dissemination of its culture.\",\"sameAs\":[\"https:\\\/\\\/www.alveus.eu\\\/\"]}]}<\/script>\n<!-- \/ Yoast SEO Premium plugin. -->","yoast_head_json":{"title":"Entrevista a Daniel Trenk, CEO de Alveus | Alveus","description":"De la tradici\u00f3n a la innovaci\u00f3n: Descubre la visi\u00f3n que mueve Alveus con esta entrevista al CEO de la compa\u00f1\u00eda Daniel Trenk.","robots":{"index":"index","follow":"follow","max-snippet":"max-snippet:-1","max-image-preview":"max-image-preview:large","max-video-preview":"max-video-preview:-1"},"canonical":"https:\/\/www.alveus.eu\/es\/blog\/entrevista-daniel-trenk\/","og_locale":"es_ES","og_type":"article","og_title":"La visi\u00f3n detr\u00e1s de Alveus: una entrevista con su CEO Daniel Trenk","og_description":"De la tradici\u00f3n a la innovaci\u00f3n: Descubre la visi\u00f3n que mueve Alveus con esta entrevista al CEO de la compa\u00f1\u00eda Daniel Trenk.","og_url":"https:\/\/www.alveus.eu\/es\/blog\/entrevista-daniel-trenk\/","og_site_name":"Alveus","article_publisher":"https:\/\/www.facebook.com\/alveusinternational\/","article_published_time":"2025-03-27T10:49:29+00:00","article_modified_time":"2025-04-02T14:24:16+00:00","og_image":[{"width":900,"height":600,"url":"https:\/\/www.alveus.eu\/wp-content\/uploads\/069-a.jpg","type":"image\/jpeg"}],"author":"Alveus Blog Team","twitter_card":"summary_large_image","twitter_misc":{"Escrito por":"Alveus Blog Team","Tiempo de lectura":"8 minutos"},"schema":{"@context":"https:\/\/schema.org","@graph":[{"@type":"Article","@id":"https:\/\/www.alveus.eu\/es\/blog\/entrevista-daniel-trenk\/#article","isPartOf":{"@id":"https:\/\/www.alveus.eu\/es\/blog\/entrevista-daniel-trenk\/"},"author":{"name":"Alveus Blog Team","@id":"https:\/\/www.alveus.eu\/es#\/schema\/person\/6864b22051c6c128b3c72edaeac35855"},"headline":"La visi\u00f3n detr\u00e1s de Alveus: una entrevista con su CEO Daniel Trenk","datePublished":"2025-03-27T10:49:29+00:00","dateModified":"2025-04-02T14:24:16+00:00","mainEntityOfPage":{"@id":"https:\/\/www.alveus.eu\/es\/blog\/entrevista-daniel-trenk\/"},"wordCount":1740,"commentCount":0,"publisher":{"@id":"https:\/\/www.alveus.eu\/es#organization"},"image":{"@id":"https:\/\/www.alveus.eu\/es\/blog\/entrevista-daniel-trenk\/#primaryimage"},"thumbnailUrl":"https:\/\/www.alveus.eu\/wp-content\/uploads\/069-a.jpg","articleSection":["Profesionales del T\u00e9"],"inLanguage":"es","potentialAction":[{"@type":"CommentAction","name":"Comment","target":["https:\/\/www.alveus.eu\/es\/blog\/entrevista-daniel-trenk\/#respond"]}]},{"@type":"WebPage","@id":"https:\/\/www.alveus.eu\/es\/blog\/entrevista-daniel-trenk\/","url":"https:\/\/www.alveus.eu\/es\/blog\/entrevista-daniel-trenk\/","name":"Entrevista a Daniel Trenk, CEO de Alveus | Alveus","isPartOf":{"@id":"https:\/\/www.alveus.eu\/es#website"},"primaryImageOfPage":{"@id":"https:\/\/www.alveus.eu\/es\/blog\/entrevista-daniel-trenk\/#primaryimage"},"image":{"@id":"https:\/\/www.alveus.eu\/es\/blog\/entrevista-daniel-trenk\/#primaryimage"},"thumbnailUrl":"https:\/\/www.alveus.eu\/wp-content\/uploads\/069-a.jpg","datePublished":"2025-03-27T10:49:29+00:00","dateModified":"2025-04-02T14:24:16+00:00","description":"De la tradici\u00f3n a la innovaci\u00f3n: Descubre la visi\u00f3n que mueve Alveus con esta entrevista al CEO de la compa\u00f1\u00eda Daniel Trenk.","breadcrumb":{"@id":"https:\/\/www.alveus.eu\/es\/blog\/entrevista-daniel-trenk\/#breadcrumb"},"inLanguage":"es","potentialAction":[{"@type":"ReadAction","target":["https:\/\/www.alveus.eu\/es\/blog\/entrevista-daniel-trenk\/"]}]},{"@type":"ImageObject","inLanguage":"es","@id":"https:\/\/www.alveus.eu\/es\/blog\/entrevista-daniel-trenk\/#primaryimage","url":"https:\/\/www.alveus.eu\/wp-content\/uploads\/069-a.jpg","contentUrl":"https:\/\/www.alveus.eu\/wp-content\/uploads\/069-a.jpg","width":900,"height":600,"caption":"Daniel Trenk"},{"@type":"BreadcrumbList","@id":"https:\/\/www.alveus.eu\/es\/blog\/entrevista-daniel-trenk\/#breadcrumb","itemListElement":[{"@type":"ListItem","position":1,"name":"Home","item":"https:\/\/www.alveus.eu\/es"},{"@type":"ListItem","position":2,"name":"Profesionales del T\u00e9","item":"https:\/\/www.alveus.eu\/es\/blog\/category\/profesionales-del-te\/"},{"@type":"ListItem","position":3,"name":"La visi\u00f3n detr\u00e1s de Alveus: una entrevista con su CEO Daniel Trenk"}]},{"@type":"WebSite","@id":"https:\/\/www.alveus.eu\/es#website","url":"https:\/\/www.alveus.eu\/es","name":"Alveus","description":"","publisher":{"@id":"https:\/\/www.alveus.eu\/es#organization"},"potentialAction":[{"@type":"SearchAction","target":{"@type":"EntryPoint","urlTemplate":"https:\/\/www.alveus.eu\/es?s={search_term_string}"},"query-input":{"@type":"PropertyValueSpecification","valueRequired":true,"valueName":"search_term_string"}}],"inLanguage":"es"},{"@type":"Organization","@id":"https:\/\/www.alveus.eu\/es#organization","name":"Alveus","alternateName":"Alveus Premium Teas","url":"https:\/\/www.alveus.eu\/es","logo":{"@type":"ImageObject","inLanguage":"es","@id":"https:\/\/www.alveus.eu\/es#\/schema\/logo\/image\/","url":"https:\/\/www.alveus.eu\/wp-content\/uploads\/2023\/07\/alveus-logo-primary.png","contentUrl":"https:\/\/www.alveus.eu\/wp-content\/uploads\/2023\/07\/alveus-logo-primary.png","width":248,"height":248,"caption":"Alveus"},"image":{"@id":"https:\/\/www.alveus.eu\/es#\/schema\/logo\/image\/"},"sameAs":["https:\/\/www.facebook.com\/alveusinternational\/","https:\/\/www.instagram.com\/alveustea\/","https:\/\/de.linkedin.com\/company\/alveustea"]},{"@type":"Person","@id":"https:\/\/www.alveus.eu\/es#\/schema\/person\/6864b22051c6c128b3c72edaeac35855","name":"Alveus Blog Team","image":{"@type":"ImageObject","inLanguage":"es","@id":"https:\/\/secure.gravatar.com\/avatar\/f951c832a9809c8d01d2ce4fa8bb10716ac4997c3cf93244fa19413f7d28b08e?s=96&d=mm&r=g","url":"https:\/\/secure.gravatar.com\/avatar\/f951c832a9809c8d01d2ce4fa8bb10716ac4997c3cf93244fa19413f7d28b08e?s=96&d=mm&r=g","contentUrl":"https:\/\/secure.gravatar.com\/avatar\/f951c832a9809c8d01d2ce4fa8bb10716ac4997c3cf93244fa19413f7d28b08e?s=96&d=mm&r=g","caption":"Alveus Blog Team"},"description":"Editorial team formed by tea professionals from different countries. We are driven by our passion for tea and the dissemination of its culture.","sameAs":["https:\/\/www.alveus.eu\/"]}]}},"_links":{"self":[{"href":"https:\/\/www.alveus.eu\/es\/wp-json\/wp\/v2\/posts\/50659","targetHints":{"allow":["GET"]}}],"collection":[{"href":"https:\/\/www.alveus.eu\/es\/wp-json\/wp\/v2\/posts"}],"about":[{"href":"https:\/\/www.alveus.eu\/es\/wp-json\/wp\/v2\/types\/post"}],"author":[{"embeddable":true,"href":"https:\/\/www.alveus.eu\/es\/wp-json\/wp\/v2\/users\/11"}],"replies":[{"embeddable":true,"href":"https:\/\/www.alveus.eu\/es\/wp-json\/wp\/v2\/comments?post=50659"}],"version-history":[{"count":4,"href":"https:\/\/www.alveus.eu\/es\/wp-json\/wp\/v2\/posts\/50659\/revisions"}],"predecessor-version":[{"id":50698,"href":"https:\/\/www.alveus.eu\/es\/wp-json\/wp\/v2\/posts\/50659\/revisions\/50698"}],"wp:featuredmedia":[{"embeddable":true,"href":"https:\/\/www.alveus.eu\/es\/wp-json\/wp\/v2\/media\/50652"}],"wp:attachment":[{"href":"https:\/\/www.alveus.eu\/es\/wp-json\/wp\/v2\/media?parent=50659"}],"wp:term":[{"taxonomy":"category","embeddable":true,"href":"https:\/\/www.alveus.eu\/es\/wp-json\/wp\/v2\/categories?post=50659"},{"taxonomy":"post_tag","embeddable":true,"href":"https:\/\/www.alveus.eu\/es\/wp-json\/wp\/v2\/tags?post=50659"}],"curies":[{"name":"wp","href":"https:\/\/api.w.org\/{rel}","templated":true}]}}