{"id":52481,"date":"2025-07-29T15:25:41","date_gmt":"2025-07-29T14:25:41","guid":{"rendered":"https:\/\/www.alveus.eu\/?p=52481"},"modified":"2025-07-29T15:25:55","modified_gmt":"2025-07-29T14:25:55","slug":"plantas-medicinales-sudamerica","status":"publish","type":"post","link":"https:\/\/www.alveus.eu\/es\/blog\/plantas-medicinales-sudamerica\/","title":{"rendered":"Hierbas y plantas medicinales de Sudam\u00e9rica"},"content":{"rendered":"\t\t<div data-elementor-type=\"wp-post\" data-elementor-id=\"52481\" class=\"elementor elementor-52481 elementor-52459\" data-elementor-post-type=\"post\">\n\t\t\t\t<div class=\"elementor-element elementor-element-ec48546 e-con-full e-flex e-con e-parent\" data-id=\"ec48546\" data-element_type=\"container\" data-e-type=\"container\">\n\t\t<div class=\"elementor-element elementor-element-41e3ce9 e-flex e-con-boxed e-con e-child\" data-id=\"41e3ce9\" data-element_type=\"container\" data-e-type=\"container\" data-settings=\"{&quot;background_background&quot;:&quot;classic&quot;}\">\n\t\t\t\t\t<div class=\"e-con-inner\">\n\t\t\t\t<div class=\"elementor-element elementor-element-05d6455 elementor-widget__width-initial elementor-widget-mobile__width-inherit elementor-view-default elementor-widget elementor-widget-icon\" data-id=\"05d6455\" data-element_type=\"widget\" data-e-type=\"widget\" data-widget_type=\"icon.default\">\n\t\t\t\t<div class=\"elementor-widget-container\">\n\t\t\t\t\t\t\t<div class=\"elementor-icon-wrapper\">\n\t\t\t<div class=\"elementor-icon\">\n\t\t\t<svg xmlns=\"http:\/\/www.w3.org\/2000\/svg\" id=\"Layer_2\" data-name=\"Layer 2\" viewBox=\"0 0 192 192\"><defs><style> .cls-1 { fill: none; } .cls-2 { fill: #1d1d1b; } <\/style><\/defs><g id=\"medida\"><g><rect class=\"cls-1\" width=\"192\" height=\"192\"><\/rect><g><path class=\"cls-2\" d=\"M50.98,81.76h-15.81c-1.93,0-3.5,1.57-3.5,3.5s1.57,3.5,3.5,3.5h15.81c1.93,0,3.5-1.57,3.5-3.5s-1.57-3.5-3.5-3.5Z\"><\/path><path class=\"cls-2\" d=\"M64.9,53.79c1.37-1.37,1.37-3.58,0-4.95l-10.12-10.12c-1.37-1.37-3.58-1.37-4.95,0-1.37,1.37-1.37,3.58,0,4.95l10.12,10.12c.68,.68,1.58,1.03,2.47,1.03s1.79-.34,2.47-1.03Z\"><\/path><path class=\"cls-2\" d=\"M145.27,38.72c-1.37-1.37-3.58-1.37-4.95,0l-10.12,10.12c-1.37,1.37-1.37,3.58,0,4.95,.68,.68,1.58,1.03,2.47,1.03s1.79-.34,2.47-1.03l10.12-10.12c1.37-1.37,1.37-3.58,0-4.95Z\"><\/path><path class=\"cls-2\" d=\"M97.75,42c1.93,0,3.5-1.57,3.5-3.5v-14.15c0-1.93-1.57-3.5-3.5-3.5s-3.5,1.57-3.5,3.5v14.15c0,1.93,1.57,3.5,3.5,3.5Z\"><\/path><path class=\"cls-2\" d=\"M156.83,81.76h-14.03c-1.93,0-3.5,1.57-3.5,3.5s1.57,3.5,3.5,3.5h14.03c1.93,0,3.5-1.57,3.5-3.5s-1.57-3.5-3.5-3.5Z\"><\/path><path class=\"cls-2\" d=\"M97.75,48.42c-19.84,0-35.98,16.14-35.98,35.98,0,5.06,.99,9.78,3.03,14.44,.96,2.2,2.35,4.65,3.82,7.25,2.14,3.78,4.57,8.07,5.66,11.69,5.01,16.67,2.59,32.29,2.56,32.45l-.05,.56c0,11.22,9.13,20.36,20.36,20.36s20.36-9.13,20.36-20.36l-.04-.56c-.01-.09-.83-5.44-.21-13.48,.08-.29,.13-.58,.13-.89,0-.1-.02-.19-.03-.29,.48-5.16,1.55-11.3,3.76-17.81,1.37-4.04,4.12-8.95,6.55-13.28,1.09-1.95,2.12-3.79,2.96-5.44,2.75-5.36,3.12-10.41,3.12-14.64,0-19.84-16.14-35.98-35.98-35.98Zm12.3,90.94c-.16,4.07,0,7.32,.19,9.41h-26.18c.21-2.1,.44-5.36,.39-9.41h25.6Zm-12.91,24.79c-5.6,0-10.4-3.48-12.38-8.38h24.76c-1.98,4.9-6.78,8.38-12.38,8.38Zm27.24-68.3c-.79,1.54-1.79,3.32-2.84,5.21-2.57,4.6-5.49,9.8-7.07,14.45-2.06,6.07-3.23,11.82-3.85,16.86h-9.68c.34-.54,.54-1.17,.54-1.86v-19.97c5.79-1.55,10.07-6.82,10.07-13.1,0-1.93-1.57-3.5-3.5-3.5s-3.5,1.57-3.5,3.5c0,3.62-2.95,6.57-6.57,6.57s-6.57-2.95-6.57-6.57c0-1.93-1.57-3.5-3.5-3.5s-3.5,1.57-3.5,3.5c0,6.27,4.28,11.55,10.07,13.1v19.97c0,.68,.2,1.32,.54,1.86h-10.93c-.44-5.05-1.37-10.74-3.14-16.6-1.31-4.37-3.95-9.02-6.27-13.12-1.38-2.44-2.68-4.74-3.5-6.6-1.64-3.76-2.44-7.56-2.44-11.64,0-15.98,13-28.98,28.98-28.98s28.98,13,28.98,28.98c0,4.87-.68,8.19-2.35,11.45Z\"><\/path><\/g><\/g><\/g><\/svg>\t\t\t<\/div>\n\t\t<\/div>\n\t\t\t\t\t\t<\/div>\n\t\t\t\t<\/div>\n\t\t\t\t<div class=\"elementor-element elementor-element-eb27c75 elementor-widget__width-inherit elementor-widget elementor-widget-heading\" data-id=\"eb27c75\" data-element_type=\"widget\" data-e-type=\"widget\" data-widget_type=\"heading.default\">\n\t\t\t\t<div class=\"elementor-widget-container\">\n\t\t\t\t\t<span class=\"elementor-heading-title elementor-size-default\">Este contenido tiene fines informativos y no sustituye el consejo m\u00e9dico profesional. Ante cualquier condici\u00f3n de salud o uso de plantas medicinales, se recomienda consultar con un m\u00e9dico.<\/span>\t\t\t\t<\/div>\n\t\t\t\t<\/div>\n\t\t\t\t\t<\/div>\n\t\t\t\t<\/div>\n\t\t\t\t<div class=\"elementor-element elementor-element-5629397 elementor-widget elementor-widget-text-editor\" data-id=\"5629397\" data-element_type=\"widget\" data-e-type=\"widget\" data-widget_type=\"text-editor.default\">\n\t\t\t\t<div class=\"elementor-widget-container\">\n\t\t\t\t\t\t\t\t\t<p><span style=\"font-weight: 400;\">La cultura de las hierbas y plantas medicinales en Sudam\u00e9rica es mucho m\u00e1s que un conjunto de remedios naturales: es parte viva de la conexi\u00f3n profunda que los pueblos nativos han tenido, y siguen teniendo, con la tierra.\u00a0<\/span><\/p><p><span style=\"font-weight: 400;\">En un continente lleno de selvas, bosques andinos y grandes llanuras, las plantas no solo han servido para curar, sino tambi\u00e9n para alimentar el cuerpo y el esp\u00edritu. Para muchas comunidades, hablar de herbolaria <\/span><b>no es hablar de una medicina \u201calternativa\u201d, sino del sistema de salud que han conocido desde siempre<\/b><span style=\"font-weight: 400;\">, transmitido de generaci\u00f3n en generaci\u00f3n, de boca en boca y a trav\u00e9s de la experiencia directa.<\/span><\/p><p><span style=\"font-weight: 400;\">En este post queremos compartirte algunas de las plantas medicinales m\u00e1s representativas de Sudam\u00e9rica. Conocer\u00e1s sus usos tradicionales dentro de un contexto cultural que les da sentido.\u00a0<\/span><\/p><p><span style=\"font-weight: 400;\">Lo haremos con respeto y con la claridad de que no pretendemos reemplazar la evidencia cient\u00edfica, sino dar visibilidad a estos saberes ancestrales.\u00a0<\/span><\/p><p><span style=\"font-weight: 400;\">Tambi\u00e9n vamos a hablar de los retos que enfrentan hoy estas tradiciones: la p\u00e9rdida del entorno natural, la comercializaci\u00f3n sin consentimiento y el riesgo de que estas voces milenarias se apaguen si no las escuchamos y valoramos como se merecen.<\/span><\/p>\t\t\t\t\t\t\t\t<\/div>\n\t\t\t\t<\/div>\n\t\t\t\t<div class=\"elementor-element elementor-element-81850a7 elementor-toc--minimized-on-tablet elementor-widget elementor-widget-table-of-contents\" data-id=\"81850a7\" data-element_type=\"widget\" data-e-type=\"widget\" data-settings=\"{&quot;headings_by_tags&quot;:[&quot;h2&quot;],&quot;exclude_headings_by_selector&quot;:&quot;.elementor-grid .elementor-heading-title&quot;,&quot;no_headings_message&quot;:&quot;No headings were found on this page.&quot;,&quot;marker_view&quot;:&quot;numbers&quot;,&quot;minimize_box&quot;:&quot;yes&quot;,&quot;minimized_on&quot;:&quot;tablet&quot;,&quot;hierarchical_view&quot;:&quot;yes&quot;,&quot;min_height&quot;:{&quot;unit&quot;:&quot;px&quot;,&quot;size&quot;:&quot;&quot;,&quot;sizes&quot;:[]},&quot;min_height_tablet&quot;:{&quot;unit&quot;:&quot;px&quot;,&quot;size&quot;:&quot;&quot;,&quot;sizes&quot;:[]},&quot;min_height_mobile&quot;:{&quot;unit&quot;:&quot;px&quot;,&quot;size&quot;:&quot;&quot;,&quot;sizes&quot;:[]}}\" data-widget_type=\"table-of-contents.default\">\n\t\t\t\t<div class=\"elementor-widget-container\">\n\t\t\t\t\t\t\t\t\t<div class=\"elementor-toc__header\">\n\t\t\t\t\t\t<div class=\"elementor-toc__header-title\">\n\t\t\t\tContenidos\t\t\t<\/div>\n\t\t\t\t\t\t\t\t\t\t<div class=\"elementor-toc__toggle-button elementor-toc__toggle-button--expand\" role=\"button\" tabindex=\"0\" aria-controls=\"elementor-toc__81850a7\" aria-expanded=\"true\" aria-label=\"Abrir la tabla de contenidos\"><i aria-hidden=\"true\" class=\"alveus alveus-arrow\"><\/i><\/div>\n\t\t\t\t<div class=\"elementor-toc__toggle-button elementor-toc__toggle-button--collapse\" role=\"button\" tabindex=\"0\" aria-controls=\"elementor-toc__81850a7\" aria-expanded=\"true\" aria-label=\"Cerrar la tabla de contenidos\"><i aria-hidden=\"true\" class=\"alveus alveus-close\"><\/i><\/div>\n\t\t\t\t\t<\/div>\n\t\t\t\t<div id=\"elementor-toc__81850a7\" class=\"elementor-toc__body\">\n\t\t\t<div class=\"elementor-toc__spinner-container\">\n\t\t\t\t<i class=\"elementor-toc__spinner eicon-animation-spin eicon-loading\" aria-hidden=\"true\"><\/i>\t\t\t<\/div>\n\t\t<\/div>\n\t\t\t\t\t\t<\/div>\n\t\t\t\t<\/div>\n\t\t\t\t<div class=\"elementor-element elementor-element-aeb460f elementor-widget elementor-widget-heading\" data-id=\"aeb460f\" data-element_type=\"widget\" data-e-type=\"widget\" data-widget_type=\"heading.default\">\n\t\t\t\t<div class=\"elementor-widget-container\">\n\t\t\t\t\t<h2 class=\"elementor-heading-title elementor-size-default\">Saberes milenarios y riqueza vegetal\n<\/h2>\t\t\t\t<\/div>\n\t\t\t\t<\/div>\n\t\t\t\t<div class=\"elementor-element elementor-element-deddede elementor-widget elementor-widget-text-editor\" data-id=\"deddede\" data-element_type=\"widget\" data-e-type=\"widget\" data-widget_type=\"text-editor.default\">\n\t\t\t\t<div class=\"elementor-widget-container\">\n\t\t\t\t\t\t\t\t\t<p><span style=\"font-weight: 400;\">Sudam\u00e9rica es uno de los rincones del planeta con mayor diversidad de plantas, y esa abundancia ha sido clave para que muchas comunidades originarias desarrollen un conocimiento profundo y muy amplio sobre sus usos medicinales.<\/span><\/p><p><span style=\"font-weight: 400;\">Desde los pueblos quechuas en los Andes hasta comunidades amaz\u00f3nicas como los tikuna o los yanomami, <\/span><b>la medicina tradicional nace de la experiencia directa con la naturaleza, se transmite de generaci\u00f3n en generaci\u00f3n y se basa en la observaci\u00f3n constante y cuidadosa de todo lo que los rodea.<\/b><\/p>\t\t\t\t\t\t\t\t<\/div>\n\t\t\t\t<\/div>\n\t\t\t\t<div class=\"elementor-element elementor-element-1c1924d elementor-widget elementor-widget-image\" data-id=\"1c1924d\" data-element_type=\"widget\" data-e-type=\"widget\" data-widget_type=\"image.default\">\n\t\t\t\t<div class=\"elementor-widget-container\">\n\t\t\t\t\t\t\t\t\t\t\t\t\t\t\t<img fetchpriority=\"high\" decoding=\"async\" width=\"900\" height=\"600\" src=\"https:\/\/www.alveus.eu\/wp-content\/uploads\/085-b.jpg\" class=\"attachment-large size-large wp-image-52469\" alt=\"plantas Amazonia\" srcset=\"https:\/\/www.alveus.eu\/wp-content\/uploads\/085-b.jpg 900w, https:\/\/www.alveus.eu\/wp-content\/uploads\/085-b-300x200.jpg 300w, https:\/\/www.alveus.eu\/wp-content\/uploads\/085-b-768x512.jpg 768w\" sizes=\"(max-width: 900px) 100vw, 900px\" \/>\t\t\t\t\t\t\t\t\t\t\t\t\t\t\t<\/div>\n\t\t\t\t<\/div>\n\t\t\t\t<div class=\"elementor-element elementor-element-e5f71a4 elementor-widget elementor-widget-text-editor\" data-id=\"e5f71a4\" data-element_type=\"widget\" data-e-type=\"widget\" data-widget_type=\"text-editor.default\">\n\t\t\t\t<div class=\"elementor-widget-container\">\n\t\t\t\t\t\t\t\t\t<p><span style=\"font-weight: 400;\">Pero en estos sistemas de salud, las plantas no solo sirven para curar el cuerpo. Tambi\u00e9n se usan para equilibrar la energ\u00eda, limpiar el esp\u00edritu y fortalecer los lazos con la comunidad. El conocimiento sobre cada especie es mucho m\u00e1s que bot\u00e1nico: est\u00e1 conectado con cantos, rituales y formas de ver el mundo que van m\u00e1s all\u00e1 de lo f\u00edsico. Es un saber integral que une salud, cultura y espiritualidad.<\/span><\/p>\t\t\t\t\t\t\t\t<\/div>\n\t\t\t\t<\/div>\n\t\t\t\t<div class=\"elementor-element elementor-element-870494f elementor-widget elementor-widget-heading\" data-id=\"870494f\" data-element_type=\"widget\" data-e-type=\"widget\" data-widget_type=\"heading.default\">\n\t\t\t\t<div class=\"elementor-widget-container\">\n\t\t\t\t\t<h3 class=\"elementor-heading-title elementor-size-default\">Plantas medicinales emblem\u00e1ticas de Sudam\u00e9rica\n<\/h3>\t\t\t\t<\/div>\n\t\t\t\t<\/div>\n\t\t\t\t<div class=\"elementor-element elementor-element-f7faf32 elementor-widget elementor-widget-text-editor\" data-id=\"f7faf32\" data-element_type=\"widget\" data-e-type=\"widget\" data-widget_type=\"text-editor.default\">\n\t\t\t\t<div class=\"elementor-widget-container\">\n\t\t\t\t\t\t\t\t\t<p><span style=\"font-weight: 400;\">Aunque la lista de hierbas y plantas medicinales procedentes de Sudam\u00e9rica es bastante extensa, te vamos a presentar algunas de las m\u00e1s usadas popularmente.<\/span><\/p>\t\t\t\t\t\t\t\t<\/div>\n\t\t\t\t<\/div>\n\t\t\t\t<div class=\"elementor-element elementor-element-1844fed elementor-widget elementor-widget-heading\" data-id=\"1844fed\" data-element_type=\"widget\" data-e-type=\"widget\" data-widget_type=\"heading.default\">\n\t\t\t\t<div class=\"elementor-widget-container\">\n\t\t\t\t\t<h3 class=\"elementor-heading-title elementor-size-default\">Cinchona (Cinchona officinalis)\n<\/h3>\t\t\t\t<\/div>\n\t\t\t\t<\/div>\n\t\t\t\t<div class=\"elementor-element elementor-element-981c80e elementor-widget elementor-widget-text-editor\" data-id=\"981c80e\" data-element_type=\"widget\" data-e-type=\"widget\" data-widget_type=\"text-editor.default\">\n\t\t\t\t<div class=\"elementor-widget-container\">\n\t\t\t\t\t\t\t\t\t<p><span style=\"font-weight: 400;\">Originaria de los Andes, la corteza de la cinchona fue empleada tradicionalmente por los pueblos quechuas y otros grupos andinos. Es <\/span><b>conocida por haber sido la fuente natural de la quinina<\/b><span style=\"font-weight: 400;\">, un alcaloide que desempe\u00f1\u00f3 un papel clave en el tratamiento de la malaria.\u00a0<\/span><\/p><p><span style=\"font-weight: 400;\">Hoy se le reconoce como uno de los aportes m\u00e1s importantes de la medicina tradicional americana a la farmacolog\u00eda mundial.<\/span><\/p>\t\t\t\t\t\t\t\t<\/div>\n\t\t\t\t<\/div>\n\t\t\t\t<div class=\"elementor-element elementor-element-d51f38a elementor-widget elementor-widget-heading\" data-id=\"d51f38a\" data-element_type=\"widget\" data-e-type=\"widget\" data-widget_type=\"heading.default\">\n\t\t\t\t<div class=\"elementor-widget-container\">\n\t\t\t\t\t<h3 class=\"elementor-heading-title elementor-size-default\">Capuchina (Tropaeolum majus)\n<\/h3>\t\t\t\t<\/div>\n\t\t\t\t<\/div>\n\t\t\t\t<div class=\"elementor-element elementor-element-beb779e elementor-widget elementor-widget-text-editor\" data-id=\"beb779e\" data-element_type=\"widget\" data-e-type=\"widget\" data-widget_type=\"text-editor.default\">\n\t\t\t\t<div class=\"elementor-widget-container\">\n\t\t\t\t\t\t\t\t\t<p><span style=\"font-weight: 400;\">Cultivada en muchas regiones andinas, esta planta de flores vivas se ha utilizado de forma tradicional para ayudar en procesos respiratorios o urinarios. En infusi\u00f3n o cataplasma, se le asocia culturalmente con efectos antis\u00e9pticos y calmantes.<\/span><\/p>\t\t\t\t\t\t\t\t<\/div>\n\t\t\t\t<\/div>\n\t\t\t\t<div class=\"elementor-element elementor-element-a4a8179 elementor-widget elementor-widget-heading\" data-id=\"a4a8179\" data-element_type=\"widget\" data-e-type=\"widget\" data-widget_type=\"heading.default\">\n\t\t\t\t<div class=\"elementor-widget-container\">\n\t\t\t\t\t<h3 class=\"elementor-heading-title elementor-size-default\">Arrurruz (Maranta arundinacea)\n<\/h3>\t\t\t\t<\/div>\n\t\t\t\t<\/div>\n\t\t\t\t<div class=\"elementor-element elementor-element-2d7f726 elementor-widget elementor-widget-text-editor\" data-id=\"2d7f726\" data-element_type=\"widget\" data-e-type=\"widget\" data-widget_type=\"text-editor.default\">\n\t\t\t\t<div class=\"elementor-widget-container\">\n\t\t\t\t\t\t\t\t\t<p><span style=\"font-weight: 400;\">Este tub\u00e9rculo amaz\u00f3nico ha sido empleado como alimento de f\u00e1cil digesti\u00f3n y tambi\u00e9n como base para tratar afecciones cut\u00e1neas menores. El almid\u00f3n que se extrae de su rizoma es suave y se ha valorado tradicionalmente por su acci\u00f3n refrescante.<\/span><\/p>\t\t\t\t\t\t\t\t<\/div>\n\t\t\t\t<\/div>\n\t\t\t\t<div class=\"elementor-element elementor-element-2a6bf94 elementor-widget elementor-widget-heading\" data-id=\"2a6bf94\" data-element_type=\"widget\" data-e-type=\"widget\" data-widget_type=\"heading.default\">\n\t\t\t\t<div class=\"elementor-widget-container\">\n\t\t\t\t\t<h3 class=\"elementor-heading-title elementor-size-default\">Verbena de lim\u00f3n (Aloysia citrodora)\n<\/h3>\t\t\t\t<\/div>\n\t\t\t\t<\/div>\n\t\t\t\t<div class=\"elementor-element elementor-element-5815d4b elementor-widget elementor-widget-text-editor\" data-id=\"5815d4b\" data-element_type=\"widget\" data-e-type=\"widget\" data-widget_type=\"text-editor.default\">\n\t\t\t\t<div class=\"elementor-widget-container\">\n\t\t\t\t\t\t\t\t\t<p><span style=\"font-weight: 400;\">En el Cono Sur, esta planta arom\u00e1tica es com\u00fan en jardines y mercados. Es conocida por formar parte de infusiones con fines digestivos y relajantes, y en la cultura popular se la asocia con un descanso reparador.<\/span><\/p>\t\t\t\t\t\t\t\t<\/div>\n\t\t\t\t<\/div>\n\t\t\t\t<div class=\"elementor-element elementor-element-7f2f5e1 elementor-widget elementor-widget-heading\" data-id=\"7f2f5e1\" data-element_type=\"widget\" data-e-type=\"widget\" data-widget_type=\"heading.default\">\n\t\t\t\t<div class=\"elementor-widget-container\">\n\t\t\t\t\t<h3 class=\"elementor-heading-title elementor-size-default\">Boldo (Peumus boldus)\n<\/h3>\t\t\t\t<\/div>\n\t\t\t\t<\/div>\n\t\t\t\t<div class=\"elementor-element elementor-element-ffb7adb elementor-widget elementor-widget-text-editor\" data-id=\"ffb7adb\" data-element_type=\"widget\" data-e-type=\"widget\" data-widget_type=\"text-editor.default\">\n\t\t\t\t<div class=\"elementor-widget-container\">\n\t\t\t\t\t\t\t\t\t<p><span style=\"font-weight: 400;\">Nativo de Chile, el boldo es una de las hierbas m\u00e1s utilizadas en el \u00e1mbito dom\u00e9stico para la preparaci\u00f3n de infusiones amargas que tradicionalmente se han relacionado con la digesti\u00f3n y la salud hep\u00e1tica.\u00a0<\/span><\/p><p><span style=\"font-weight: 400;\">No se recomienda su uso prolongado o en dosis altas, y como con todos los ejemplos dados en este blog: recuerda consultar con un m\u00e9dico antes de consumir cualquier tipo de planta o especia.<\/span><\/p>\t\t\t\t\t\t\t\t<\/div>\n\t\t\t\t<\/div>\n\t\t\t\t<div class=\"elementor-element elementor-element-98e5ce3 elementor-widget elementor-widget-heading\" data-id=\"98e5ce3\" data-element_type=\"widget\" data-e-type=\"widget\" data-widget_type=\"heading.default\">\n\t\t\t\t<div class=\"elementor-widget-container\">\n\t\t\t\t\t<h3 class=\"elementor-heading-title elementor-size-default\">Lapacho (Handroanthus impetiginosus)\n<\/h3>\t\t\t\t<\/div>\n\t\t\t\t<\/div>\n\t\t\t\t<div class=\"elementor-element elementor-element-e2fc630 elementor-widget elementor-widget-image\" data-id=\"e2fc630\" data-element_type=\"widget\" data-e-type=\"widget\" data-widget_type=\"image.default\">\n\t\t\t\t<div class=\"elementor-widget-container\">\n\t\t\t\t\t\t\t\t\t\t\t\t\t\t\t<img decoding=\"async\" width=\"900\" height=\"600\" src=\"https:\/\/www.alveus.eu\/wp-content\/uploads\/085-c.jpg\" class=\"attachment-large size-large wp-image-52474\" alt=\"lapacho\" srcset=\"https:\/\/www.alveus.eu\/wp-content\/uploads\/085-c.jpg 900w, https:\/\/www.alveus.eu\/wp-content\/uploads\/085-c-300x200.jpg 300w, https:\/\/www.alveus.eu\/wp-content\/uploads\/085-c-768x512.jpg 768w\" sizes=\"(max-width: 900px) 100vw, 900px\" \/>\t\t\t\t\t\t\t\t\t\t\t\t\t\t\t<\/div>\n\t\t\t\t<\/div>\n\t\t\t\t<div class=\"elementor-element elementor-element-c1d9117 elementor-widget elementor-widget-text-editor\" data-id=\"c1d9117\" data-element_type=\"widget\" data-e-type=\"widget\" data-widget_type=\"text-editor.default\">\n\t\t\t\t<div class=\"elementor-widget-container\">\n\t\t\t\t\t\t\t\t\t<p><b>Llamado tambi\u00e9n Pau d\u2019arco<\/b><span style=\"font-weight: 400;\">, este \u00e1rbol es considerado sagrado por algunas comunidades amaz\u00f3nicas.\u00a0<\/span><\/p><p><span style=\"font-weight: 400;\">Su corteza interna ha sido utilizada en decocciones que, seg\u00fan la tradici\u00f3n, contribuyen a fortalecer el organismo. Se le atribuyen usos como apoyo inmunol\u00f3gico, aunque estas aplicaciones a\u00fan se estudian.<\/span><\/p>\t\t\t\t\t\t\t\t<\/div>\n\t\t\t\t<\/div>\n\t\t\t\t<div class=\"elementor-element elementor-element-26f7440 elementor-widget elementor-widget-heading\" data-id=\"26f7440\" data-element_type=\"widget\" data-e-type=\"widget\" data-widget_type=\"heading.default\">\n\t\t\t\t<div class=\"elementor-widget-container\">\n\t\t\t\t\t<h3 class=\"elementor-heading-title elementor-size-default\">Guaran\u00e1 (Paullinia cupana)\n<\/h3>\t\t\t\t<\/div>\n\t\t\t\t<\/div>\n\t\t\t\t<div class=\"elementor-element elementor-element-d15b106 elementor-widget elementor-widget-text-editor\" data-id=\"d15b106\" data-element_type=\"widget\" data-e-type=\"widget\" data-widget_type=\"text-editor.default\">\n\t\t\t\t<div class=\"elementor-widget-container\">\n\t\t\t\t\t\t\t\t\t<p><span style=\"font-weight: 400;\">El guaran\u00e1 ha sido cultivado durante siglos por los sater\u00e9-maw\u00e9 y otros pueblos amaz\u00f3nicos.\u00a0<\/span><\/p><p><span style=\"font-weight: 400;\">Las semillas molidas forman parte de bebidas utilizadas tradicionalmente para mantenerse alerta en contextos de caza o rituales. Su contenido en cafe\u00edna ha llamado la atenci\u00f3n de la industria moderna, quienes las han a\u00f1adido a sus bebidas energ\u00e9ticas.<\/span><\/p>\t\t\t\t\t\t\t\t<\/div>\n\t\t\t\t<\/div>\n\t\t\t\t<div class=\"elementor-element elementor-element-3fee3d9 elementor-widget elementor-widget-shortcode\" data-id=\"3fee3d9\" data-element_type=\"widget\" data-e-type=\"widget\" data-widget_type=\"shortcode.default\">\n\t\t\t\t<div class=\"elementor-widget-container\">\n\t\t\t\t\t\t\t<div class=\"elementor-shortcode\">\t\t<div data-elementor-type=\"section\" data-elementor-id=\"51144\" class=\"elementor elementor-51144 elementor-51052 elementor-51052\" data-elementor-post-type=\"elementor_library\">\n\t\t\t<div class=\"elementor-element elementor-element-3039963 e-con-full e-flex e-con e-parent\" data-id=\"3039963\" data-element_type=\"container\" data-e-type=\"container\" data-settings=\"{&quot;background_background&quot;:&quot;classic&quot;}\">\n\t\t<div class=\"elementor-element elementor-element-4351092 e-con-full e-flex e-con e-child\" data-id=\"4351092\" data-element_type=\"container\" data-e-type=\"container\">\n\t\t\t\t<div class=\"elementor-element elementor-element-2090423 elementor-widget elementor-widget-heading\" data-id=\"2090423\" data-element_type=\"widget\" data-e-type=\"widget\" data-widget_type=\"heading.default\">\n\t\t\t\t<div class=\"elementor-widget-container\">\n\t\t\t\t\t<p class=\"elementor-heading-title elementor-size-default\">Consigue 10 muestras gratis<\/p>\t\t\t\t<\/div>\n\t\t\t\t<\/div>\n\t\t\t\t<div class=\"elementor-element elementor-element-1b4106c elementor-widget elementor-widget-heading\" data-id=\"1b4106c\" data-element_type=\"widget\" data-e-type=\"widget\" data-widget_type=\"heading.default\">\n\t\t\t\t<div class=\"elementor-widget-container\">\n\t\t\t\t\t<p class=\"elementor-heading-title elementor-size-default\">Exclusivo para profesionales del t\u00e9<\/p>\t\t\t\t<\/div>\n\t\t\t\t<\/div>\n\t\t\t\t<div class=\"elementor-element elementor-element-c6cc423 elementor-align-left elementor-widget elementor-widget-button\" data-id=\"c6cc423\" data-element_type=\"widget\" data-e-type=\"widget\" data-widget_type=\"button.default\">\n\t\t\t\t<div class=\"elementor-widget-container\">\n\t\t\t\t\t\t\t\t\t<div class=\"elementor-button-wrapper\">\n\t\t\t\t\t<a class=\"elementor-button elementor-button-link elementor-size-sm\" href=\"#request-catalogue\">\n\t\t\t\t\t\t<span class=\"elementor-button-content-wrapper\">\n\t\t\t\t\t\t\t\t\t<span class=\"elementor-button-text\">SOLICITAR CAT\u00c1LOGO<\/span>\n\t\t\t\t\t<\/span>\n\t\t\t\t\t<\/a>\n\t\t\t\t<\/div>\n\t\t\t\t\t\t\t\t<\/div>\n\t\t\t\t<\/div>\n\t\t\t\t<\/div>\n\t\t<div class=\"elementor-element elementor-element-92c569c e-con-full e-flex e-con e-child\" data-id=\"92c569c\" data-element_type=\"container\" data-e-type=\"container\">\n\t\t\t\t<div class=\"elementor-element elementor-element-82c5156 elementor-widget elementor-widget-image\" data-id=\"82c5156\" data-element_type=\"widget\" data-e-type=\"widget\" data-widget_type=\"image.default\">\n\t\t\t\t<div class=\"elementor-widget-container\">\n\t\t\t\t\t\t\t\t\t\t\t\t\t\t\t<img decoding=\"async\" width=\"863\" height=\"343\" src=\"https:\/\/www.alveus.eu\/wp-content\/uploads\/cta-catalogues.png\" class=\"attachment-large size-large wp-image-51124\" alt=\"\" srcset=\"https:\/\/www.alveus.eu\/wp-content\/uploads\/cta-catalogues.png 863w, https:\/\/www.alveus.eu\/wp-content\/uploads\/cta-catalogues-300x119.png 300w, https:\/\/www.alveus.eu\/wp-content\/uploads\/cta-catalogues-768x305.png 768w\" sizes=\"(max-width: 863px) 100vw, 863px\" \/>\t\t\t\t\t\t\t\t\t\t\t\t\t\t\t<\/div>\n\t\t\t\t<\/div>\n\t\t\t\t<\/div>\n\t\t\t\t<\/div>\n\t\t\t\t<\/div>\n\t\t<\/div>\n\t\t\t\t\t\t<\/div>\n\t\t\t\t<\/div>\n\t\t\t\t<div class=\"elementor-element elementor-element-09c653c elementor-widget elementor-widget-heading\" data-id=\"09c653c\" data-element_type=\"widget\" data-e-type=\"widget\" data-widget_type=\"heading.default\">\n\t\t\t\t<div class=\"elementor-widget-container\">\n\t\t\t\t\t<h3 class=\"elementor-heading-title elementor-size-default\">Quillay (Quillaja saponaria)\n<\/h3>\t\t\t\t<\/div>\n\t\t\t\t<\/div>\n\t\t\t\t<div class=\"elementor-element elementor-element-12d8b64 elementor-widget elementor-widget-text-editor\" data-id=\"12d8b64\" data-element_type=\"widget\" data-e-type=\"widget\" data-widget_type=\"text-editor.default\">\n\t\t\t\t<div class=\"elementor-widget-container\">\n\t\t\t\t\t\t\t\t\t<p><span style=\"font-weight: 400;\">Este \u00e1rbol chileno produce una <\/span><b>corteza con alto contenido de saponinas<\/b><span style=\"font-weight: 400;\">. Adem\u00e1s de su uso como limpiador natural, se ha utilizado en preparaciones tradicionales con fines expectorantes.\u00a0<\/span><\/p><p><span style=\"font-weight: 400;\">Actualmente, algunos de sus compuestos son objeto de estudios para aplicaciones en vacunas y biotecnolog\u00eda.<\/span><\/p>\t\t\t\t\t\t\t\t<\/div>\n\t\t\t\t<\/div>\n\t\t\t\t<div class=\"elementor-element elementor-element-d25ef79 elementor-widget elementor-widget-heading\" data-id=\"d25ef79\" data-element_type=\"widget\" data-e-type=\"widget\" data-widget_type=\"heading.default\">\n\t\t\t\t<div class=\"elementor-widget-container\">\n\t\t\t\t\t<h3 class=\"elementor-heading-title elementor-size-default\">Pi\u00f1a (Ananas comosus)\n<\/h3>\t\t\t\t<\/div>\n\t\t\t\t<\/div>\n\t\t\t\t<div class=\"elementor-element elementor-element-bcc188f elementor-widget elementor-widget-text-editor\" data-id=\"bcc188f\" data-element_type=\"widget\" data-e-type=\"widget\" data-widget_type=\"text-editor.default\">\n\t\t\t\t<div class=\"elementor-widget-container\">\n\t\t\t\t\t\t\t\t\t<p><span style=\"font-weight: 400;\">Fruta emblem\u00e1tica de climas tropicales, la pi\u00f1a tambi\u00e9n ha sido empleada tradicionalmente por su jugo, al que se le atribuyen cualidades digestivas y cicatrizantes. Su contenido en bromelina ha sido objeto de estudio en el \u00e1mbito cl\u00ednico.<\/span><\/p>\t\t\t\t\t\t\t\t<\/div>\n\t\t\t\t<\/div>\n\t\t\t\t<div class=\"elementor-element elementor-element-d22d4d7 elementor-widget elementor-widget-heading\" data-id=\"d22d4d7\" data-element_type=\"widget\" data-e-type=\"widget\" data-widget_type=\"heading.default\">\n\t\t\t\t<div class=\"elementor-widget-container\">\n\t\t\t\t\t<h3 class=\"elementor-heading-title elementor-size-default\">Mate (Ilex paraguariensis)\n<\/h3>\t\t\t\t<\/div>\n\t\t\t\t<\/div>\n\t\t\t\t<div class=\"elementor-element elementor-element-a810078 elementor-widget elementor-widget-text-editor\" data-id=\"a810078\" data-element_type=\"widget\" data-e-type=\"widget\" data-widget_type=\"text-editor.default\">\n\t\t\t\t<div class=\"elementor-widget-container\">\n\t\t\t\t\t\t\t\t\t<p><span style=\"font-weight: 400;\">M\u00e1s que una simple bebida, el mate forma parte del tejido social y simb\u00f3lico de varios pa\u00edses sudamericanos.\u00a0<\/span><\/p><p><span style=\"font-weight: 400;\">Elaborado a partir de las hojas secas y trituradas de un arbusto nativo, se consume principalmente en forma de infusi\u00f3n caliente, compartida en rituales cotidianos que refuerzan la comunidad y el di\u00e1logo.\u00a0<\/span><\/p><p><span style=\"font-weight: 400;\">Tradicionalmente, se le ha atribuido un efecto estimulante suave y la capacidad de mantener la atenci\u00f3n, propiedades asociadas a su contenido natural de cafe\u00edna y antioxidantes.<\/span><\/p>\t\t\t\t\t\t\t\t<\/div>\n\t\t\t\t<\/div>\n\t\t\t\t<div class=\"elementor-element elementor-element-f83c370 elementor-widget elementor-widget-image\" data-id=\"f83c370\" data-element_type=\"widget\" data-e-type=\"widget\" data-widget_type=\"image.default\">\n\t\t\t\t<div class=\"elementor-widget-container\">\n\t\t\t\t\t\t\t\t\t\t\t\t\t\t\t<img loading=\"lazy\" decoding=\"async\" width=\"900\" height=\"600\" src=\"https:\/\/www.alveus.eu\/wp-content\/uploads\/085-d.jpg\" class=\"attachment-large size-large wp-image-52479\" alt=\"mate infusi\u00f3n\" srcset=\"https:\/\/www.alveus.eu\/wp-content\/uploads\/085-d.jpg 900w, https:\/\/www.alveus.eu\/wp-content\/uploads\/085-d-300x200.jpg 300w, https:\/\/www.alveus.eu\/wp-content\/uploads\/085-d-768x512.jpg 768w\" sizes=\"(max-width: 900px) 100vw, 900px\" \/>\t\t\t\t\t\t\t\t\t\t\t\t\t\t\t<\/div>\n\t\t\t\t<\/div>\n\t\t\t\t<div class=\"elementor-element elementor-element-8af6c3b elementor-widget elementor-widget-heading\" data-id=\"8af6c3b\" data-element_type=\"widget\" data-e-type=\"widget\" data-widget_type=\"heading.default\">\n\t\t\t\t<div class=\"elementor-widget-container\">\n\t\t\t\t\t<h2 class=\"elementor-heading-title elementor-size-default\">Usos alteradores de la conciencia\n<\/h2>\t\t\t\t<\/div>\n\t\t\t\t<\/div>\n\t\t\t\t<div class=\"elementor-element elementor-element-971eb3c elementor-widget elementor-widget-text-editor\" data-id=\"971eb3c\" data-element_type=\"widget\" data-e-type=\"widget\" data-widget_type=\"text-editor.default\">\n\t\t\t\t<div class=\"elementor-widget-container\">\n\t\t\t\t\t\t\t\t\t<p><span style=\"font-weight: 400;\">Algunas plantas sudamericanas son empleadas por chamanes como herramientas para la expansi\u00f3n espiritual y la conexi\u00f3n con el mundo invisible.<\/span><\/p><p><span style=\"font-weight: 400;\">Ejemplo de estas plantas son: el tabaco en forma de rap\u00e9, el yag\u00e9 o ayahuasca, y el san pedro (Echinopsis pachanoi).\u00a0<\/span><\/p><p><span style=\"font-weight: 400;\">En ciertas comunidades tienen un uso ceremonial asociado a la sanaci\u00f3n del alma y la resoluci\u00f3n de conflictos internos.<\/span><\/p>\t\t\t\t\t\t\t\t<\/div>\n\t\t\t\t<\/div>\n\t\t<div class=\"elementor-element elementor-element-1ed2a60 e-flex e-con-boxed e-con e-child\" data-id=\"1ed2a60\" data-element_type=\"container\" data-e-type=\"container\" data-settings=\"{&quot;background_background&quot;:&quot;classic&quot;}\">\n\t\t\t\t\t<div class=\"e-con-inner\">\n\t\t\t\t<div class=\"elementor-element elementor-element-bd8fa86 elementor-widget__width-initial elementor-widget-mobile__width-inherit elementor-view-default elementor-widget elementor-widget-icon\" data-id=\"bd8fa86\" data-element_type=\"widget\" data-e-type=\"widget\" data-widget_type=\"icon.default\">\n\t\t\t\t<div class=\"elementor-widget-container\">\n\t\t\t\t\t\t\t<div class=\"elementor-icon-wrapper\">\n\t\t\t<div class=\"elementor-icon\">\n\t\t\t<svg xmlns=\"http:\/\/www.w3.org\/2000\/svg\" id=\"Layer_2\" data-name=\"Layer 2\" viewBox=\"0 0 192 192\"><defs><style> .cls-1 { fill: none; } .cls-2 { fill: #1d1d1b; } <\/style><\/defs><g id=\"medida\"><g><rect class=\"cls-1\" width=\"192\" height=\"192\"><\/rect><g><path class=\"cls-2\" d=\"M50.98,81.76h-15.81c-1.93,0-3.5,1.57-3.5,3.5s1.57,3.5,3.5,3.5h15.81c1.93,0,3.5-1.57,3.5-3.5s-1.57-3.5-3.5-3.5Z\"><\/path><path class=\"cls-2\" d=\"M64.9,53.79c1.37-1.37,1.37-3.58,0-4.95l-10.12-10.12c-1.37-1.37-3.58-1.37-4.95,0-1.37,1.37-1.37,3.58,0,4.95l10.12,10.12c.68,.68,1.58,1.03,2.47,1.03s1.79-.34,2.47-1.03Z\"><\/path><path class=\"cls-2\" d=\"M145.27,38.72c-1.37-1.37-3.58-1.37-4.95,0l-10.12,10.12c-1.37,1.37-1.37,3.58,0,4.95,.68,.68,1.58,1.03,2.47,1.03s1.79-.34,2.47-1.03l10.12-10.12c1.37-1.37,1.37-3.58,0-4.95Z\"><\/path><path class=\"cls-2\" d=\"M97.75,42c1.93,0,3.5-1.57,3.5-3.5v-14.15c0-1.93-1.57-3.5-3.5-3.5s-3.5,1.57-3.5,3.5v14.15c0,1.93,1.57,3.5,3.5,3.5Z\"><\/path><path class=\"cls-2\" d=\"M156.83,81.76h-14.03c-1.93,0-3.5,1.57-3.5,3.5s1.57,3.5,3.5,3.5h14.03c1.93,0,3.5-1.57,3.5-3.5s-1.57-3.5-3.5-3.5Z\"><\/path><path class=\"cls-2\" d=\"M97.75,48.42c-19.84,0-35.98,16.14-35.98,35.98,0,5.06,.99,9.78,3.03,14.44,.96,2.2,2.35,4.65,3.82,7.25,2.14,3.78,4.57,8.07,5.66,11.69,5.01,16.67,2.59,32.29,2.56,32.45l-.05,.56c0,11.22,9.13,20.36,20.36,20.36s20.36-9.13,20.36-20.36l-.04-.56c-.01-.09-.83-5.44-.21-13.48,.08-.29,.13-.58,.13-.89,0-.1-.02-.19-.03-.29,.48-5.16,1.55-11.3,3.76-17.81,1.37-4.04,4.12-8.95,6.55-13.28,1.09-1.95,2.12-3.79,2.96-5.44,2.75-5.36,3.12-10.41,3.12-14.64,0-19.84-16.14-35.98-35.98-35.98Zm12.3,90.94c-.16,4.07,0,7.32,.19,9.41h-26.18c.21-2.1,.44-5.36,.39-9.41h25.6Zm-12.91,24.79c-5.6,0-10.4-3.48-12.38-8.38h24.76c-1.98,4.9-6.78,8.38-12.38,8.38Zm27.24-68.3c-.79,1.54-1.79,3.32-2.84,5.21-2.57,4.6-5.49,9.8-7.07,14.45-2.06,6.07-3.23,11.82-3.85,16.86h-9.68c.34-.54,.54-1.17,.54-1.86v-19.97c5.79-1.55,10.07-6.82,10.07-13.1,0-1.93-1.57-3.5-3.5-3.5s-3.5,1.57-3.5,3.5c0,3.62-2.95,6.57-6.57,6.57s-6.57-2.95-6.57-6.57c0-1.93-1.57-3.5-3.5-3.5s-3.5,1.57-3.5,3.5c0,6.27,4.28,11.55,10.07,13.1v19.97c0,.68,.2,1.32,.54,1.86h-10.93c-.44-5.05-1.37-10.74-3.14-16.6-1.31-4.37-3.95-9.02-6.27-13.12-1.38-2.44-2.68-4.74-3.5-6.6-1.64-3.76-2.44-7.56-2.44-11.64,0-15.98,13-28.98,28.98-28.98s28.98,13,28.98,28.98c0,4.87-.68,8.19-2.35,11.45Z\"><\/path><\/g><\/g><\/g><\/svg>\t\t\t<\/div>\n\t\t<\/div>\n\t\t\t\t\t\t<\/div>\n\t\t\t\t<\/div>\n\t\t\t\t<div class=\"elementor-element elementor-element-c32ab0c elementor-widget__width-inherit elementor-widget elementor-widget-heading\" data-id=\"c32ab0c\" data-element_type=\"widget\" data-e-type=\"widget\" data-widget_type=\"heading.default\">\n\t\t\t\t<div class=\"elementor-widget-container\">\n\t\t\t\t\t<span class=\"elementor-heading-title elementor-size-default\">Estas pr\u00e1cticas, aunque de creciente inter\u00e9s global, requieren profundo respeto, conocimiento y un contexto adecuado.\n<\/span>\t\t\t\t<\/div>\n\t\t\t\t<\/div>\n\t\t\t\t\t<\/div>\n\t\t\t\t<\/div>\n\t\t\t\t<div class=\"elementor-element elementor-element-e414553 elementor-widget elementor-widget-heading\" data-id=\"e414553\" data-element_type=\"widget\" data-e-type=\"widget\" data-widget_type=\"heading.default\">\n\t\t\t\t<div class=\"elementor-widget-container\">\n\t\t\t\t\t<h2 class=\"elementor-heading-title elementor-size-default\">Influencias coloniales y adaptaci\u00f3n europea\n<\/h2>\t\t\t\t<\/div>\n\t\t\t\t<\/div>\n\t\t\t\t<div class=\"elementor-element elementor-element-cbb0b5d elementor-widget elementor-widget-text-editor\" data-id=\"cbb0b5d\" data-element_type=\"widget\" data-e-type=\"widget\" data-widget_type=\"text-editor.default\">\n\t\t\t\t<div class=\"elementor-widget-container\">\n\t\t\t\t\t\t\t\t\t<p><span style=\"font-weight: 400;\">Durante la \u00e9poca colonial, la medicina europea incorpor\u00f3 numerosas plantas del Nuevo Mundo. En muchos casos, los curanderos ind\u00edgenas fueron sistem\u00e1ticamente marginados, pero <\/span><b>sus conocimientos se apropiaron y tradujeron a boticarios y herbolarios europeos<\/b><span style=\"font-weight: 400;\">.<\/span><\/p><p><span style=\"font-weight: 400;\">Plantas como la cinchona llegaron a ser cultivadas en colonias lejanas como Java. Tambi\u00e9n se documentaron usos del tabaco, la zarzaparrilla y otras especies.\u00a0<\/span><\/p><p><span style=\"font-weight: 400;\">Hoy, varias de estas hierbas se encuentran en farmacopeas internacionales, aunque muchas veces descontextualizadas de su origen cultural.<\/span><\/p>\t\t\t\t\t\t\t\t<\/div>\n\t\t\t\t<\/div>\n\t\t\t\t<div class=\"elementor-element elementor-element-d3a6d3f elementor-widget elementor-widget-heading\" data-id=\"d3a6d3f\" data-element_type=\"widget\" data-e-type=\"widget\" data-widget_type=\"heading.default\">\n\t\t\t\t<div class=\"elementor-widget-container\">\n\t\t\t\t\t<h2 class=\"elementor-heading-title elementor-size-default\">Estudios cient\u00edficos y proyecciones futuras\n<\/h2>\t\t\t\t<\/div>\n\t\t\t\t<\/div>\n\t\t\t\t<div class=\"elementor-element elementor-element-4f7b90a elementor-widget elementor-widget-text-editor\" data-id=\"4f7b90a\" data-element_type=\"widget\" data-e-type=\"widget\" data-widget_type=\"text-editor.default\">\n\t\t\t\t<div class=\"elementor-widget-container\">\n\t\t\t\t\t\t\t\t\t<p><span style=\"font-weight: 400;\">El inter\u00e9s cient\u00edfico por las hierbas y plantas medicinales de Sudam\u00e9rica ha crecido notablemente. Universidades, centros de investigaci\u00f3n y organismos internacionales desarrollan estudios sobre principios activos, propiedades farmacol\u00f3gicas y potenciales usos terap\u00e9uticos de plantas como el guaran\u00e1, el lapacho o el quillay.<\/span><\/p><p><span style=\"font-weight: 400;\">No obstante, esta valorizaci\u00f3n debe ir acompa\u00f1ada de marcos legales que protejan los saberes ancestrales, eviten la biopirater\u00eda y garanticen beneficios compartidos. En este sentido, se abren caminos para una colaboraci\u00f3n entre ciencia y tradici\u00f3n, donde ambas se reconozcan como leg\u00edtimas y complementarias.<\/span><\/p>\t\t\t\t\t\t\t\t<\/div>\n\t\t\t\t<\/div>\n\t\t\t\t<div class=\"elementor-element elementor-element-5173eb9 elementor-widget elementor-widget-heading\" data-id=\"5173eb9\" data-element_type=\"widget\" data-e-type=\"widget\" data-widget_type=\"heading.default\">\n\t\t\t\t<div class=\"elementor-widget-container\">\n\t\t\t\t\t<h2 class=\"elementor-heading-title elementor-size-default\">Conclusi\u00f3n: una herencia que cuidar\n<\/h2>\t\t\t\t<\/div>\n\t\t\t\t<\/div>\n\t\t\t\t<div class=\"elementor-element elementor-element-09351c2 elementor-widget elementor-widget-text-editor\" data-id=\"09351c2\" data-element_type=\"widget\" data-e-type=\"widget\" data-widget_type=\"text-editor.default\">\n\t\t\t\t<div class=\"elementor-widget-container\">\n\t\t\t\t\t\t\t\t\t<p><span style=\"font-weight: 400;\">El valor de las plantas medicinales de Sudam\u00e9rica va mucho m\u00e1s all\u00e1 de sus posibles usos terap\u00e9uticos. Detr\u00e1s de cada especie hay una historia, una forma de entender la vida, una manera de relacionarse con la tierra que merece ser escuchada y respetada.<\/span><\/p><p><span style=\"font-weight: 400;\">Hoy, cuando el mundo parece cada vez m\u00e1s interesado en lo natural, en lo \u201chol\u00edstico\u201d y en volver a lo esencial, es importante no olvidar de d\u00f3nde vienen realmente estos saberes. No se trata solo de usar las plantas, sino de reconocer y cuidar a las comunidades que han mantenido ese conocimiento vivo, muchas veces en silencio, a lo largo de siglos.<\/span><\/p><p><span style=\"font-weight: 400;\">Hablar de salud, en este contexto, tambi\u00e9n es hablar de respeto. Respeto por la biodiversidad y por la riqueza cultural que la ha interpretado, cuidado y compartido de generaci\u00f3n en generaci\u00f3n.<\/span><\/p>\t\t\t\t\t\t\t\t<\/div>\n\t\t\t\t<\/div>\n\t\t\t\t<\/div>\n\t\t\t\t<\/div>\n\t\t","protected":false},"excerpt":{"rendered":"<p>Un recorrido por el valor medicinal, cultural y simb\u00f3lico de las plantas m\u00e1s emblem\u00e1ticas del continente sudamericano.<\/p>\n","protected":false},"author":11,"featured_media":52464,"comment_status":"open","ping_status":"open","sticky":false,"template":"","format":"standard","meta":{"_acf_changed":false,"footnotes":""},"categories":[183],"tags":[],"class_list":["post-52481","post","type-post","status-publish","format-standard","has-post-thumbnail","hentry","category-hierbas-y-especias"],"acf":[],"yoast_head":"<!-- This site is optimized with the Yoast SEO Premium plugin v27.5 (Yoast SEO v27.5) - https:\/\/yoast.com\/product\/yoast-seo-premium-wordpress\/ -->\n<title>Hierbas y plantas medicinales de Sudam\u00e9rica | Alveus<\/title>\n<meta name=\"description\" content=\"Conoce las hierbas medicinales m\u00e1s representativas de Sudam\u00e9rica y su relevancia cultural, hist\u00f3rica y natural en la vida de sus pueblos.\" \/>\n<meta name=\"robots\" content=\"index, follow, max-snippet:-1, max-image-preview:large, max-video-preview:-1\" \/>\n<link rel=\"canonical\" href=\"https:\/\/www.alveus.eu\/es\/blog\/plantas-medicinales-sudamerica\/\" \/>\n<meta property=\"og:locale\" content=\"es_ES\" \/>\n<meta property=\"og:type\" content=\"article\" \/>\n<meta property=\"og:title\" content=\"Hierbas y plantas medicinales de Sudam\u00e9rica\" \/>\n<meta property=\"og:description\" content=\"Conoce las hierbas medicinales m\u00e1s representativas de Sudam\u00e9rica y su relevancia cultural, hist\u00f3rica y natural en la vida de sus pueblos.\" \/>\n<meta property=\"og:url\" content=\"https:\/\/www.alveus.eu\/es\/blog\/plantas-medicinales-sudamerica\/\" \/>\n<meta property=\"og:site_name\" content=\"Alveus\" \/>\n<meta property=\"article:publisher\" content=\"https:\/\/www.facebook.com\/alveusinternational\/\" \/>\n<meta property=\"article:published_time\" content=\"2025-07-29T14:25:41+00:00\" \/>\n<meta property=\"article:modified_time\" content=\"2025-07-29T14:25:55+00:00\" \/>\n<meta property=\"og:image\" content=\"https:\/\/www.alveus.eu\/wp-content\/uploads\/085-a.jpg\" \/>\n\t<meta property=\"og:image:width\" content=\"2083\" \/>\n\t<meta property=\"og:image:height\" content=\"1538\" \/>\n\t<meta property=\"og:image:type\" content=\"image\/jpeg\" \/>\n<meta name=\"author\" content=\"Alveus Blog Team\" \/>\n<meta name=\"twitter:card\" content=\"summary_large_image\" \/>\n<meta name=\"twitter:label1\" content=\"Escrito por\" \/>\n\t<meta name=\"twitter:data1\" content=\"Alveus Blog Team\" \/>\n\t<meta name=\"twitter:label2\" content=\"Tiempo de lectura\" \/>\n\t<meta name=\"twitter:data2\" content=\"7 minutos\" \/>\n<script type=\"application\/ld+json\" class=\"yoast-schema-graph\">{\"@context\":\"https:\\\/\\\/schema.org\",\"@graph\":[{\"@type\":\"Article\",\"@id\":\"https:\\\/\\\/www.alveus.eu\\\/es\\\/blog\\\/plantas-medicinales-sudamerica\\\/#article\",\"isPartOf\":{\"@id\":\"https:\\\/\\\/www.alveus.eu\\\/es\\\/blog\\\/plantas-medicinales-sudamerica\\\/\"},\"author\":{\"name\":\"Alveus Blog Team\",\"@id\":\"https:\\\/\\\/www.alveus.eu\\\/es#\\\/schema\\\/person\\\/6864b22051c6c128b3c72edaeac35855\"},\"headline\":\"Hierbas y plantas medicinales de Sudam\u00e9rica\",\"datePublished\":\"2025-07-29T14:25:41+00:00\",\"dateModified\":\"2025-07-29T14:25:55+00:00\",\"mainEntityOfPage\":{\"@id\":\"https:\\\/\\\/www.alveus.eu\\\/es\\\/blog\\\/plantas-medicinales-sudamerica\\\/\"},\"wordCount\":1456,\"commentCount\":0,\"publisher\":{\"@id\":\"https:\\\/\\\/www.alveus.eu\\\/es#organization\"},\"image\":{\"@id\":\"https:\\\/\\\/www.alveus.eu\\\/es\\\/blog\\\/plantas-medicinales-sudamerica\\\/#primaryimage\"},\"thumbnailUrl\":\"https:\\\/\\\/www.alveus.eu\\\/wp-content\\\/uploads\\\/085-a.jpg\",\"articleSection\":[\"Hierbas y Especias\"],\"inLanguage\":\"es\",\"potentialAction\":[{\"@type\":\"CommentAction\",\"name\":\"Comment\",\"target\":[\"https:\\\/\\\/www.alveus.eu\\\/es\\\/blog\\\/plantas-medicinales-sudamerica\\\/#respond\"]}]},{\"@type\":\"WebPage\",\"@id\":\"https:\\\/\\\/www.alveus.eu\\\/es\\\/blog\\\/plantas-medicinales-sudamerica\\\/\",\"url\":\"https:\\\/\\\/www.alveus.eu\\\/es\\\/blog\\\/plantas-medicinales-sudamerica\\\/\",\"name\":\"Hierbas y plantas medicinales de Sudam\u00e9rica | Alveus\",\"isPartOf\":{\"@id\":\"https:\\\/\\\/www.alveus.eu\\\/es#website\"},\"primaryImageOfPage\":{\"@id\":\"https:\\\/\\\/www.alveus.eu\\\/es\\\/blog\\\/plantas-medicinales-sudamerica\\\/#primaryimage\"},\"image\":{\"@id\":\"https:\\\/\\\/www.alveus.eu\\\/es\\\/blog\\\/plantas-medicinales-sudamerica\\\/#primaryimage\"},\"thumbnailUrl\":\"https:\\\/\\\/www.alveus.eu\\\/wp-content\\\/uploads\\\/085-a.jpg\",\"datePublished\":\"2025-07-29T14:25:41+00:00\",\"dateModified\":\"2025-07-29T14:25:55+00:00\",\"description\":\"Conoce las hierbas medicinales m\u00e1s representativas de Sudam\u00e9rica y su relevancia cultural, hist\u00f3rica y natural en la vida de sus pueblos.\",\"breadcrumb\":{\"@id\":\"https:\\\/\\\/www.alveus.eu\\\/es\\\/blog\\\/plantas-medicinales-sudamerica\\\/#breadcrumb\"},\"inLanguage\":\"es\",\"potentialAction\":[{\"@type\":\"ReadAction\",\"target\":[\"https:\\\/\\\/www.alveus.eu\\\/es\\\/blog\\\/plantas-medicinales-sudamerica\\\/\"]}]},{\"@type\":\"ImageObject\",\"inLanguage\":\"es\",\"@id\":\"https:\\\/\\\/www.alveus.eu\\\/es\\\/blog\\\/plantas-medicinales-sudamerica\\\/#primaryimage\",\"url\":\"https:\\\/\\\/www.alveus.eu\\\/wp-content\\\/uploads\\\/085-a.jpg\",\"contentUrl\":\"https:\\\/\\\/www.alveus.eu\\\/wp-content\\\/uploads\\\/085-a.jpg\",\"width\":2083,\"height\":1538,\"caption\":\"Herbs and medicinal plants of South America\"},{\"@type\":\"BreadcrumbList\",\"@id\":\"https:\\\/\\\/www.alveus.eu\\\/es\\\/blog\\\/plantas-medicinales-sudamerica\\\/#breadcrumb\",\"itemListElement\":[{\"@type\":\"ListItem\",\"position\":1,\"name\":\"Home\",\"item\":\"https:\\\/\\\/www.alveus.eu\\\/es\"},{\"@type\":\"ListItem\",\"position\":2,\"name\":\"Escuela de T\u00e9\",\"item\":\"https:\\\/\\\/www.alveus.eu\\\/es\\\/blog\\\/category\\\/escuela-de-te\\\/\"},{\"@type\":\"ListItem\",\"position\":3,\"name\":\"Hierbas y plantas medicinales de Sudam\u00e9rica\"}]},{\"@type\":\"WebSite\",\"@id\":\"https:\\\/\\\/www.alveus.eu\\\/es#website\",\"url\":\"https:\\\/\\\/www.alveus.eu\\\/es\",\"name\":\"Alveus\",\"description\":\"\",\"publisher\":{\"@id\":\"https:\\\/\\\/www.alveus.eu\\\/es#organization\"},\"potentialAction\":[{\"@type\":\"SearchAction\",\"target\":{\"@type\":\"EntryPoint\",\"urlTemplate\":\"https:\\\/\\\/www.alveus.eu\\\/es?s={search_term_string}\"},\"query-input\":{\"@type\":\"PropertyValueSpecification\",\"valueRequired\":true,\"valueName\":\"search_term_string\"}}],\"inLanguage\":\"es\"},{\"@type\":\"Organization\",\"@id\":\"https:\\\/\\\/www.alveus.eu\\\/es#organization\",\"name\":\"Alveus\",\"alternateName\":\"Alveus Premium Teas\",\"url\":\"https:\\\/\\\/www.alveus.eu\\\/es\",\"logo\":{\"@type\":\"ImageObject\",\"inLanguage\":\"es\",\"@id\":\"https:\\\/\\\/www.alveus.eu\\\/es#\\\/schema\\\/logo\\\/image\\\/\",\"url\":\"https:\\\/\\\/www.alveus.eu\\\/wp-content\\\/uploads\\\/2023\\\/07\\\/alveus-logo-primary.png\",\"contentUrl\":\"https:\\\/\\\/www.alveus.eu\\\/wp-content\\\/uploads\\\/2023\\\/07\\\/alveus-logo-primary.png\",\"width\":248,\"height\":248,\"caption\":\"Alveus\"},\"image\":{\"@id\":\"https:\\\/\\\/www.alveus.eu\\\/es#\\\/schema\\\/logo\\\/image\\\/\"},\"sameAs\":[\"https:\\\/\\\/www.facebook.com\\\/alveusinternational\\\/\",\"https:\\\/\\\/www.instagram.com\\\/alveustea\\\/\",\"https:\\\/\\\/de.linkedin.com\\\/company\\\/alveustea\"]},{\"@type\":\"Person\",\"@id\":\"https:\\\/\\\/www.alveus.eu\\\/es#\\\/schema\\\/person\\\/6864b22051c6c128b3c72edaeac35855\",\"name\":\"Alveus Blog Team\",\"image\":{\"@type\":\"ImageObject\",\"inLanguage\":\"es\",\"@id\":\"https:\\\/\\\/secure.gravatar.com\\\/avatar\\\/f951c832a9809c8d01d2ce4fa8bb10716ac4997c3cf93244fa19413f7d28b08e?s=96&d=mm&r=g\",\"url\":\"https:\\\/\\\/secure.gravatar.com\\\/avatar\\\/f951c832a9809c8d01d2ce4fa8bb10716ac4997c3cf93244fa19413f7d28b08e?s=96&d=mm&r=g\",\"contentUrl\":\"https:\\\/\\\/secure.gravatar.com\\\/avatar\\\/f951c832a9809c8d01d2ce4fa8bb10716ac4997c3cf93244fa19413f7d28b08e?s=96&d=mm&r=g\",\"caption\":\"Alveus Blog Team\"},\"description\":\"Editorial team formed by tea professionals from different countries. We are driven by our passion for tea and the dissemination of its culture.\",\"sameAs\":[\"https:\\\/\\\/www.alveus.eu\\\/\"]}]}<\/script>\n<!-- \/ Yoast SEO Premium plugin. -->","yoast_head_json":{"title":"Hierbas y plantas medicinales de Sudam\u00e9rica | Alveus","description":"Conoce las hierbas medicinales m\u00e1s representativas de Sudam\u00e9rica y su relevancia cultural, hist\u00f3rica y natural en la vida de sus pueblos.","robots":{"index":"index","follow":"follow","max-snippet":"max-snippet:-1","max-image-preview":"max-image-preview:large","max-video-preview":"max-video-preview:-1"},"canonical":"https:\/\/www.alveus.eu\/es\/blog\/plantas-medicinales-sudamerica\/","og_locale":"es_ES","og_type":"article","og_title":"Hierbas y plantas medicinales de Sudam\u00e9rica","og_description":"Conoce las hierbas medicinales m\u00e1s representativas de Sudam\u00e9rica y su relevancia cultural, hist\u00f3rica y natural en la vida de sus pueblos.","og_url":"https:\/\/www.alveus.eu\/es\/blog\/plantas-medicinales-sudamerica\/","og_site_name":"Alveus","article_publisher":"https:\/\/www.facebook.com\/alveusinternational\/","article_published_time":"2025-07-29T14:25:41+00:00","article_modified_time":"2025-07-29T14:25:55+00:00","og_image":[{"width":2083,"height":1538,"url":"https:\/\/www.alveus.eu\/wp-content\/uploads\/085-a.jpg","type":"image\/jpeg"}],"author":"Alveus Blog Team","twitter_card":"summary_large_image","twitter_misc":{"Escrito por":"Alveus Blog Team","Tiempo de lectura":"7 minutos"},"schema":{"@context":"https:\/\/schema.org","@graph":[{"@type":"Article","@id":"https:\/\/www.alveus.eu\/es\/blog\/plantas-medicinales-sudamerica\/#article","isPartOf":{"@id":"https:\/\/www.alveus.eu\/es\/blog\/plantas-medicinales-sudamerica\/"},"author":{"name":"Alveus Blog Team","@id":"https:\/\/www.alveus.eu\/es#\/schema\/person\/6864b22051c6c128b3c72edaeac35855"},"headline":"Hierbas y plantas medicinales de Sudam\u00e9rica","datePublished":"2025-07-29T14:25:41+00:00","dateModified":"2025-07-29T14:25:55+00:00","mainEntityOfPage":{"@id":"https:\/\/www.alveus.eu\/es\/blog\/plantas-medicinales-sudamerica\/"},"wordCount":1456,"commentCount":0,"publisher":{"@id":"https:\/\/www.alveus.eu\/es#organization"},"image":{"@id":"https:\/\/www.alveus.eu\/es\/blog\/plantas-medicinales-sudamerica\/#primaryimage"},"thumbnailUrl":"https:\/\/www.alveus.eu\/wp-content\/uploads\/085-a.jpg","articleSection":["Hierbas y Especias"],"inLanguage":"es","potentialAction":[{"@type":"CommentAction","name":"Comment","target":["https:\/\/www.alveus.eu\/es\/blog\/plantas-medicinales-sudamerica\/#respond"]}]},{"@type":"WebPage","@id":"https:\/\/www.alveus.eu\/es\/blog\/plantas-medicinales-sudamerica\/","url":"https:\/\/www.alveus.eu\/es\/blog\/plantas-medicinales-sudamerica\/","name":"Hierbas y plantas medicinales de Sudam\u00e9rica | Alveus","isPartOf":{"@id":"https:\/\/www.alveus.eu\/es#website"},"primaryImageOfPage":{"@id":"https:\/\/www.alveus.eu\/es\/blog\/plantas-medicinales-sudamerica\/#primaryimage"},"image":{"@id":"https:\/\/www.alveus.eu\/es\/blog\/plantas-medicinales-sudamerica\/#primaryimage"},"thumbnailUrl":"https:\/\/www.alveus.eu\/wp-content\/uploads\/085-a.jpg","datePublished":"2025-07-29T14:25:41+00:00","dateModified":"2025-07-29T14:25:55+00:00","description":"Conoce las hierbas medicinales m\u00e1s representativas de Sudam\u00e9rica y su relevancia cultural, hist\u00f3rica y natural en la vida de sus pueblos.","breadcrumb":{"@id":"https:\/\/www.alveus.eu\/es\/blog\/plantas-medicinales-sudamerica\/#breadcrumb"},"inLanguage":"es","potentialAction":[{"@type":"ReadAction","target":["https:\/\/www.alveus.eu\/es\/blog\/plantas-medicinales-sudamerica\/"]}]},{"@type":"ImageObject","inLanguage":"es","@id":"https:\/\/www.alveus.eu\/es\/blog\/plantas-medicinales-sudamerica\/#primaryimage","url":"https:\/\/www.alveus.eu\/wp-content\/uploads\/085-a.jpg","contentUrl":"https:\/\/www.alveus.eu\/wp-content\/uploads\/085-a.jpg","width":2083,"height":1538,"caption":"Herbs and medicinal plants of South America"},{"@type":"BreadcrumbList","@id":"https:\/\/www.alveus.eu\/es\/blog\/plantas-medicinales-sudamerica\/#breadcrumb","itemListElement":[{"@type":"ListItem","position":1,"name":"Home","item":"https:\/\/www.alveus.eu\/es"},{"@type":"ListItem","position":2,"name":"Escuela de T\u00e9","item":"https:\/\/www.alveus.eu\/es\/blog\/category\/escuela-de-te\/"},{"@type":"ListItem","position":3,"name":"Hierbas y plantas medicinales de Sudam\u00e9rica"}]},{"@type":"WebSite","@id":"https:\/\/www.alveus.eu\/es#website","url":"https:\/\/www.alveus.eu\/es","name":"Alveus","description":"","publisher":{"@id":"https:\/\/www.alveus.eu\/es#organization"},"potentialAction":[{"@type":"SearchAction","target":{"@type":"EntryPoint","urlTemplate":"https:\/\/www.alveus.eu\/es?s={search_term_string}"},"query-input":{"@type":"PropertyValueSpecification","valueRequired":true,"valueName":"search_term_string"}}],"inLanguage":"es"},{"@type":"Organization","@id":"https:\/\/www.alveus.eu\/es#organization","name":"Alveus","alternateName":"Alveus Premium Teas","url":"https:\/\/www.alveus.eu\/es","logo":{"@type":"ImageObject","inLanguage":"es","@id":"https:\/\/www.alveus.eu\/es#\/schema\/logo\/image\/","url":"https:\/\/www.alveus.eu\/wp-content\/uploads\/2023\/07\/alveus-logo-primary.png","contentUrl":"https:\/\/www.alveus.eu\/wp-content\/uploads\/2023\/07\/alveus-logo-primary.png","width":248,"height":248,"caption":"Alveus"},"image":{"@id":"https:\/\/www.alveus.eu\/es#\/schema\/logo\/image\/"},"sameAs":["https:\/\/www.facebook.com\/alveusinternational\/","https:\/\/www.instagram.com\/alveustea\/","https:\/\/de.linkedin.com\/company\/alveustea"]},{"@type":"Person","@id":"https:\/\/www.alveus.eu\/es#\/schema\/person\/6864b22051c6c128b3c72edaeac35855","name":"Alveus Blog Team","image":{"@type":"ImageObject","inLanguage":"es","@id":"https:\/\/secure.gravatar.com\/avatar\/f951c832a9809c8d01d2ce4fa8bb10716ac4997c3cf93244fa19413f7d28b08e?s=96&d=mm&r=g","url":"https:\/\/secure.gravatar.com\/avatar\/f951c832a9809c8d01d2ce4fa8bb10716ac4997c3cf93244fa19413f7d28b08e?s=96&d=mm&r=g","contentUrl":"https:\/\/secure.gravatar.com\/avatar\/f951c832a9809c8d01d2ce4fa8bb10716ac4997c3cf93244fa19413f7d28b08e?s=96&d=mm&r=g","caption":"Alveus Blog Team"},"description":"Editorial team formed by tea professionals from different countries. We are driven by our passion for tea and the dissemination of its culture.","sameAs":["https:\/\/www.alveus.eu\/"]}]}},"_links":{"self":[{"href":"https:\/\/www.alveus.eu\/es\/wp-json\/wp\/v2\/posts\/52481","targetHints":{"allow":["GET"]}}],"collection":[{"href":"https:\/\/www.alveus.eu\/es\/wp-json\/wp\/v2\/posts"}],"about":[{"href":"https:\/\/www.alveus.eu\/es\/wp-json\/wp\/v2\/types\/post"}],"author":[{"embeddable":true,"href":"https:\/\/www.alveus.eu\/es\/wp-json\/wp\/v2\/users\/11"}],"replies":[{"embeddable":true,"href":"https:\/\/www.alveus.eu\/es\/wp-json\/wp\/v2\/comments?post=52481"}],"version-history":[{"count":5,"href":"https:\/\/www.alveus.eu\/es\/wp-json\/wp\/v2\/posts\/52481\/revisions"}],"predecessor-version":[{"id":52514,"href":"https:\/\/www.alveus.eu\/es\/wp-json\/wp\/v2\/posts\/52481\/revisions\/52514"}],"wp:featuredmedia":[{"embeddable":true,"href":"https:\/\/www.alveus.eu\/es\/wp-json\/wp\/v2\/media\/52464"}],"wp:attachment":[{"href":"https:\/\/www.alveus.eu\/es\/wp-json\/wp\/v2\/media?parent=52481"}],"wp:term":[{"taxonomy":"category","embeddable":true,"href":"https:\/\/www.alveus.eu\/es\/wp-json\/wp\/v2\/categories?post=52481"},{"taxonomy":"post_tag","embeddable":true,"href":"https:\/\/www.alveus.eu\/es\/wp-json\/wp\/v2\/tags?post=52481"}],"curies":[{"name":"wp","href":"https:\/\/api.w.org\/{rel}","templated":true}]}}