{"id":54844,"date":"2025-08-26T15:45:35","date_gmt":"2025-08-26T14:45:35","guid":{"rendered":"https:\/\/www.alveus.eu\/?p=54844"},"modified":"2026-01-28T10:09:41","modified_gmt":"2026-01-28T09:09:41","slug":"curcuma","status":"publish","type":"post","link":"https:\/\/www.alveus.eu\/es\/blog\/curcuma\/","title":{"rendered":"La c\u00farcuma, la ra\u00edz que vuelve oro blends y platos"},"content":{"rendered":"\t\t<div data-elementor-type=\"wp-post\" data-elementor-id=\"54844\" class=\"elementor elementor-54844\" data-elementor-post-type=\"post\">\n\t\t\t\t<div class=\"elementor-element elementor-element-ec48546 e-con-full e-flex e-con e-parent\" data-id=\"ec48546\" data-element_type=\"container\" data-e-type=\"container\">\n\t\t\t\t<div class=\"elementor-element elementor-element-5629397 elementor-widget elementor-widget-text-editor\" data-id=\"5629397\" data-element_type=\"widget\" data-e-type=\"widget\" data-widget_type=\"text-editor.default\">\n\t\t\t\t<div class=\"elementor-widget-container\">\n\t\t\t\t\t\t\t\t\t<p><span style=\"font-weight: 400;\">Seguro que has o\u00eddo hablar de la c\u00farcuma en infinidad de ocasiones, y muchos de tus clientes acudir\u00e1n a tu tienda preguntando por ella. Y es que esta ra\u00edz es tendencia como veh\u00edculo de una vida sana, as\u00ed como por su caracter\u00edstico y delicioso sabor.<\/span><\/p><p><span style=\"font-weight: 400;\">\u00bfNo la tienes a\u00fan en tu cat\u00e1logo? Despu\u00e9s de leer este post no dudar\u00e1s en incorporarla a tu negocio, bien como especia o como ingrediente en un delicioso blend de t\u00e9 o tisana.\u00a0<\/span><\/p>\t\t\t\t\t\t\t\t<\/div>\n\t\t\t\t<\/div>\n\t\t\t\t<div class=\"elementor-element elementor-element-81850a7 elementor-toc--minimized-on-tablet elementor-widget elementor-widget-table-of-contents\" data-id=\"81850a7\" data-element_type=\"widget\" data-e-type=\"widget\" data-settings=\"{&quot;headings_by_tags&quot;:[&quot;h2&quot;],&quot;exclude_headings_by_selector&quot;:&quot;.elementor-grid .elementor-heading-title&quot;,&quot;no_headings_message&quot;:&quot;No headings were found on this page.&quot;,&quot;marker_view&quot;:&quot;numbers&quot;,&quot;minimize_box&quot;:&quot;yes&quot;,&quot;minimized_on&quot;:&quot;tablet&quot;,&quot;hierarchical_view&quot;:&quot;yes&quot;,&quot;min_height&quot;:{&quot;unit&quot;:&quot;px&quot;,&quot;size&quot;:&quot;&quot;,&quot;sizes&quot;:[]},&quot;min_height_tablet&quot;:{&quot;unit&quot;:&quot;px&quot;,&quot;size&quot;:&quot;&quot;,&quot;sizes&quot;:[]},&quot;min_height_mobile&quot;:{&quot;unit&quot;:&quot;px&quot;,&quot;size&quot;:&quot;&quot;,&quot;sizes&quot;:[]}}\" data-widget_type=\"table-of-contents.default\">\n\t\t\t\t<div class=\"elementor-widget-container\">\n\t\t\t\t\t\t\t\t\t<div class=\"elementor-toc__header\">\n\t\t\t\t\t\t<div class=\"elementor-toc__header-title\">\n\t\t\t\tContenidos\t\t\t<\/div>\n\t\t\t\t\t\t\t\t\t\t<div class=\"elementor-toc__toggle-button elementor-toc__toggle-button--expand\" role=\"button\" tabindex=\"0\" aria-controls=\"elementor-toc__81850a7\" aria-expanded=\"true\" aria-label=\"Abrir la tabla de contenidos\"><i aria-hidden=\"true\" class=\"alveus alveus-arrow\"><\/i><\/div>\n\t\t\t\t<div class=\"elementor-toc__toggle-button elementor-toc__toggle-button--collapse\" role=\"button\" tabindex=\"0\" aria-controls=\"elementor-toc__81850a7\" aria-expanded=\"true\" aria-label=\"Cerrar la tabla de contenidos\"><i aria-hidden=\"true\" class=\"alveus alveus-close\"><\/i><\/div>\n\t\t\t\t\t<\/div>\n\t\t\t\t<div id=\"elementor-toc__81850a7\" class=\"elementor-toc__body\">\n\t\t\t<div class=\"elementor-toc__spinner-container\">\n\t\t\t\t<i class=\"elementor-toc__spinner eicon-animation-spin eicon-loading\" aria-hidden=\"true\"><\/i>\t\t\t<\/div>\n\t\t<\/div>\n\t\t\t\t\t\t<\/div>\n\t\t\t\t<\/div>\n\t\t\t\t<div class=\"elementor-element elementor-element-aeb460f elementor-widget elementor-widget-heading\" data-id=\"aeb460f\" data-element_type=\"widget\" data-e-type=\"widget\" data-widget_type=\"heading.default\">\n\t\t\t\t<div class=\"elementor-widget-container\">\n\t\t\t\t\t<h2 class=\"elementor-heading-title elementor-size-default\">\u00bfQu\u00e9 es la c\u00farcuma?\n<\/h2>\t\t\t\t<\/div>\n\t\t\t\t<\/div>\n\t\t\t\t<div class=\"elementor-element elementor-element-deddede elementor-widget elementor-widget-text-editor\" data-id=\"deddede\" data-element_type=\"widget\" data-e-type=\"widget\" data-widget_type=\"text-editor.default\">\n\t\t\t\t<div class=\"elementor-widget-container\">\n\t\t\t\t\t\t\t\t\t<p><span style=\"font-weight: 400;\">La c\u00farcuma (<\/span><i><span style=\"font-weight: 400;\">Curcuma longa<\/span><\/i><span style=\"font-weight: 400;\">), tambi\u00e9n conocida como c\u00farcuma dom\u00e9stica, es una planta herb\u00e1cea perenne de la familia del jengibre (Zingiberaceae), originaria del subcontinente indio y el sudeste asi\u00e1tico.\u00a0<\/span><\/p><p><span style=\"font-weight: 400;\">Su rizoma, de un llamativo color dorado-anaranjado, <\/span><b>se ha utilizado durante siglos como colorante natural, especia culinaria y en sistemas de medicina tradicional como el ayurveda<\/b><span style=\"font-weight: 400;\">, el sistema m\u00e9dico tradicional chino, el unani y pr\u00e1cticas rituales de culturas austronesias y del sudeste asi\u00e1tico.<\/span><\/p>\t\t\t\t\t\t\t\t<\/div>\n\t\t\t\t<\/div>\n\t\t\t\t<div class=\"elementor-element elementor-element-d71a9ea elementor-widget elementor-widget-heading\" data-id=\"d71a9ea\" data-element_type=\"widget\" data-e-type=\"widget\" data-widget_type=\"heading.default\">\n\t\t\t\t<div class=\"elementor-widget-container\">\n\t\t\t\t\t<h2 class=\"elementor-heading-title elementor-size-default\">Historia del uso de la c\u00farcuma\n<\/h2>\t\t\t\t<\/div>\n\t\t\t\t<\/div>\n\t\t\t\t<div class=\"elementor-element elementor-element-e5f71a4 elementor-widget elementor-widget-text-editor\" data-id=\"e5f71a4\" data-element_type=\"widget\" data-e-type=\"widget\" data-widget_type=\"text-editor.default\">\n\t\t\t\t<div class=\"elementor-widget-container\">\n\t\t\t\t\t\t\t\t\t<p><span style=\"font-weight: 400;\">La c\u00farcuma es <\/span><b>uno de los ingredientes m\u00e1s antiguos empleados por el ser humano<\/b><span style=\"font-weight: 400;\">. Restos arqueol\u00f3gicos han confirmado su uso ya en la civilizaci\u00f3n del valle del Indo (2600-2200 a.C.) as\u00ed como su presencia en tumbas egipcias del segundo milenio a.C.<\/span><\/p><p><span style=\"font-weight: 400;\">En India, la c\u00farcuma no solo <\/span><b>se incorpor\u00f3 como alimento<\/b><span style=\"font-weight: 400;\">, sino tambi\u00e9n <\/span><b>como parte de la cultura religiosa<\/b><span style=\"font-weight: 400;\">: los monjes budistas y los sacerdotes hind\u00faes la usaban para te\u00f1ir sus t\u00fanicas.\u00a0<\/span><\/p><p><span style=\"font-weight: 400;\">En Filipinas, Indonesia y otras regiones austronesias <\/span><b>se utiliz\u00f3 como tinte corporal<\/b><span style=\"font-weight: 400;\">, en ritos animistas y como elemento medicinal y alimenticio.<\/span><\/p><p><span style=\"font-weight: 400;\">Desde el sudeste asi\u00e1tico, la c\u00farcuma viaj\u00f3 con los pueblos austronesios hasta el Pac\u00edfico, extendi\u00e9ndose incluso a Madagascar y Micronesia, donde era tan valorada que <\/span><b>se intercambiaba como parte de redes comerciales mar\u00edtimas<\/b><span style=\"font-weight: 400;\">.<\/span><\/p>\t\t\t\t\t\t\t\t<\/div>\n\t\t\t\t<\/div>\n\t\t\t\t<div class=\"elementor-element elementor-element-3e50bca elementor-widget elementor-widget-heading\" data-id=\"3e50bca\" data-element_type=\"widget\" data-e-type=\"widget\" data-widget_type=\"heading.default\">\n\t\t\t\t<div class=\"elementor-widget-container\">\n\t\t\t\t\t<h2 class=\"elementor-heading-title elementor-size-default\">Cultivo de la c\u00farcuma y caracter\u00edsticas bot\u00e1nicas\n<\/h2>\t\t\t\t<\/div>\n\t\t\t\t<\/div>\n\t\t<div class=\"elementor-element elementor-element-41e3ce9 e-flex e-con-boxed e-con e-child\" data-id=\"41e3ce9\" data-element_type=\"container\" data-e-type=\"container\" data-settings=\"{&quot;background_background&quot;:&quot;classic&quot;}\">\n\t\t\t\t\t<div class=\"e-con-inner\">\n\t\t\t\t<div class=\"elementor-element elementor-element-05d6455 elementor-widget__width-initial elementor-widget-mobile__width-inherit elementor-view-default elementor-widget elementor-widget-icon\" data-id=\"05d6455\" data-element_type=\"widget\" data-e-type=\"widget\" data-widget_type=\"icon.default\">\n\t\t\t\t<div class=\"elementor-widget-container\">\n\t\t\t\t\t\t\t<div class=\"elementor-icon-wrapper\">\n\t\t\t<div class=\"elementor-icon\">\n\t\t\t<svg xmlns=\"http:\/\/www.w3.org\/2000\/svg\" id=\"Layer_2\" data-name=\"Layer 2\" viewBox=\"0 0 192 192\"><defs><style> .cls-1 { fill: none; } .cls-2 { fill: #1d1d1b; } <\/style><\/defs><g id=\"medida\"><g><rect class=\"cls-1\" width=\"192\" height=\"192\"><\/rect><g><path class=\"cls-2\" d=\"M50.98,81.76h-15.81c-1.93,0-3.5,1.57-3.5,3.5s1.57,3.5,3.5,3.5h15.81c1.93,0,3.5-1.57,3.5-3.5s-1.57-3.5-3.5-3.5Z\"><\/path><path class=\"cls-2\" d=\"M64.9,53.79c1.37-1.37,1.37-3.58,0-4.95l-10.12-10.12c-1.37-1.37-3.58-1.37-4.95,0-1.37,1.37-1.37,3.58,0,4.95l10.12,10.12c.68,.68,1.58,1.03,2.47,1.03s1.79-.34,2.47-1.03Z\"><\/path><path class=\"cls-2\" d=\"M145.27,38.72c-1.37-1.37-3.58-1.37-4.95,0l-10.12,10.12c-1.37,1.37-1.37,3.58,0,4.95,.68,.68,1.58,1.03,2.47,1.03s1.79-.34,2.47-1.03l10.12-10.12c1.37-1.37,1.37-3.58,0-4.95Z\"><\/path><path class=\"cls-2\" d=\"M97.75,42c1.93,0,3.5-1.57,3.5-3.5v-14.15c0-1.93-1.57-3.5-3.5-3.5s-3.5,1.57-3.5,3.5v14.15c0,1.93,1.57,3.5,3.5,3.5Z\"><\/path><path class=\"cls-2\" d=\"M156.83,81.76h-14.03c-1.93,0-3.5,1.57-3.5,3.5s1.57,3.5,3.5,3.5h14.03c1.93,0,3.5-1.57,3.5-3.5s-1.57-3.5-3.5-3.5Z\"><\/path><path class=\"cls-2\" d=\"M97.75,48.42c-19.84,0-35.98,16.14-35.98,35.98,0,5.06,.99,9.78,3.03,14.44,.96,2.2,2.35,4.65,3.82,7.25,2.14,3.78,4.57,8.07,5.66,11.69,5.01,16.67,2.59,32.29,2.56,32.45l-.05,.56c0,11.22,9.13,20.36,20.36,20.36s20.36-9.13,20.36-20.36l-.04-.56c-.01-.09-.83-5.44-.21-13.48,.08-.29,.13-.58,.13-.89,0-.1-.02-.19-.03-.29,.48-5.16,1.55-11.3,3.76-17.81,1.37-4.04,4.12-8.95,6.55-13.28,1.09-1.95,2.12-3.79,2.96-5.44,2.75-5.36,3.12-10.41,3.12-14.64,0-19.84-16.14-35.98-35.98-35.98Zm12.3,90.94c-.16,4.07,0,7.32,.19,9.41h-26.18c.21-2.1,.44-5.36,.39-9.41h25.6Zm-12.91,24.79c-5.6,0-10.4-3.48-12.38-8.38h24.76c-1.98,4.9-6.78,8.38-12.38,8.38Zm27.24-68.3c-.79,1.54-1.79,3.32-2.84,5.21-2.57,4.6-5.49,9.8-7.07,14.45-2.06,6.07-3.23,11.82-3.85,16.86h-9.68c.34-.54,.54-1.17,.54-1.86v-19.97c5.79-1.55,10.07-6.82,10.07-13.1,0-1.93-1.57-3.5-3.5-3.5s-3.5,1.57-3.5,3.5c0,3.62-2.95,6.57-6.57,6.57s-6.57-2.95-6.57-6.57c0-1.93-1.57-3.5-3.5-3.5s-3.5,1.57-3.5,3.5c0,6.27,4.28,11.55,10.07,13.1v19.97c0,.68,.2,1.32,.54,1.86h-10.93c-.44-5.05-1.37-10.74-3.14-16.6-1.31-4.37-3.95-9.02-6.27-13.12-1.38-2.44-2.68-4.74-3.5-6.6-1.64-3.76-2.44-7.56-2.44-11.64,0-15.98,13-28.98,28.98-28.98s28.98,13,28.98,28.98c0,4.87-.68,8.19-2.35,11.45Z\"><\/path><\/g><\/g><\/g><\/svg>\t\t\t<\/div>\n\t\t<\/div>\n\t\t\t\t\t\t<\/div>\n\t\t\t\t<\/div>\n\t\t\t\t<div class=\"elementor-element elementor-element-eb27c75 elementor-widget__width-inherit elementor-widget elementor-widget-heading\" data-id=\"eb27c75\" data-element_type=\"widget\" data-e-type=\"widget\" data-widget_type=\"heading.default\">\n\t\t\t\t<div class=\"elementor-widget-container\">\n\t\t\t\t\t<span class=\"elementor-heading-title elementor-size-default\">La c\u00farcuma se cultiva por sus rizomas, que se cosechan anualmente, se hierven, se secan y se muelen hasta obtener un polvo estable y arom\u00e1tico. <\/span>\t\t\t\t<\/div>\n\t\t\t\t<\/div>\n\t\t\t\t\t<\/div>\n\t\t\t\t<\/div>\n\t\t\t\t<div class=\"elementor-element elementor-element-f7faf32 elementor-widget elementor-widget-text-editor\" data-id=\"f7faf32\" data-element_type=\"widget\" data-e-type=\"widget\" data-widget_type=\"text-editor.default\">\n\t\t\t\t<div class=\"elementor-widget-container\">\n\t\t\t\t\t\t\t\t\t<p><b>Necesita climas tropicales, suelos bien drenados y temperaturas entre 20 y 30 \u00b0C<\/b><span style=\"font-weight: 400;\">. Las hojas, de gran tama\u00f1o, alcanzan hasta un metro de altura, y sus flores son de un color amarillo brillante, agrupadas en espigas que surgen directamente del falso tallo.<\/span><\/p><p><span style=\"font-weight: 400;\">En regiones tropicales de Asia, como India y Tailandia, se cultivan m\u00faltiples especies del g\u00e9nero Curcuma, aunque <\/span><b>la <\/b><b><i>Curcuma longa<\/i><\/b><b> es la m\u00e1s ampliamente empleada como \u00abc\u00farcuma\u00bb en gastronom\u00eda y herborister\u00eda<\/b><span style=\"font-weight: 400;\">.<\/span><\/p>\t\t\t\t\t\t\t\t<\/div>\n\t\t\t\t<\/div>\n\t\t\t\t<div class=\"elementor-element elementor-element-1844fed elementor-widget elementor-widget-heading\" data-id=\"1844fed\" data-element_type=\"widget\" data-e-type=\"widget\" data-widget_type=\"heading.default\">\n\t\t\t\t<div class=\"elementor-widget-container\">\n\t\t\t\t\t<h2 class=\"elementor-heading-title elementor-size-default\">Usos culinarios tradicionales de la c\u00farcuma\n<\/h2>\t\t\t\t<\/div>\n\t\t\t\t<\/div>\n\t\t\t\t<div class=\"elementor-element elementor-element-67f52a1 elementor-widget elementor-widget-image\" data-id=\"67f52a1\" data-element_type=\"widget\" data-e-type=\"widget\" data-widget_type=\"image.default\">\n\t\t\t\t<div class=\"elementor-widget-container\">\n\t\t\t\t\t\t\t\t\t\t\t\t\t\t\t<img fetchpriority=\"high\" decoding=\"async\" width=\"900\" height=\"600\" src=\"https:\/\/www.alveus.eu\/wp-content\/uploads\/089_b.jpg\" class=\"attachment-large size-large wp-image-54857\" alt=\"curcurma india\" srcset=\"https:\/\/www.alveus.eu\/wp-content\/uploads\/089_b.jpg 900w, https:\/\/www.alveus.eu\/wp-content\/uploads\/089_b-300x200.jpg 300w, https:\/\/www.alveus.eu\/wp-content\/uploads\/089_b-768x512.jpg 768w\" sizes=\"(max-width: 900px) 100vw, 900px\" \/>\t\t\t\t\t\t\t\t\t\t\t\t\t\t\t<\/div>\n\t\t\t\t<\/div>\n\t\t\t\t<div class=\"elementor-element elementor-element-981c80e elementor-widget elementor-widget-text-editor\" data-id=\"981c80e\" data-element_type=\"widget\" data-e-type=\"widget\" data-widget_type=\"text-editor.default\">\n\t\t\t\t<div class=\"elementor-widget-container\">\n\t\t\t\t\t\t\t\t\t<p><span style=\"font-weight: 400;\">El polvo de c\u00farcuma, con su sabor c\u00e1lido y ligeramente amargo, es un ingrediente esencial en muchas cocinas de Asia, especialmente en mezclas como el curry.\u00a0<\/span><\/p><p><b>Se emplea tanto en platos salados como en preparaciones dulces<\/b><span style=\"font-weight: 400;\"> \u2014como el pastel liban\u00e9s sfouf\u2014 y es un componente com\u00fan de bebidas funcionales como la \u00ableche dorada\u00bb (turmeric latte).<\/span><\/p><p><span style=\"font-weight: 400;\">En India, la hoja fresca se utiliza para preparar dulces tradicionales, y en pa\u00edses como Vietnam, Tailandia, Ir\u00e1n y Sud\u00e1frica, aporta color y aroma a sopas, arroces y estofados.\u00a0<\/span><\/p><p><span style=\"font-weight: 400;\">En muchas regiones tambi\u00e9n se ha utilizado como colorante natural en textiles y alimentos, siendo un sustituto econ\u00f3mico del azafr\u00e1n.<\/span><\/p>\t\t\t\t\t\t\t\t<\/div>\n\t\t\t\t<\/div>\n\t\t\t\t<div class=\"elementor-element elementor-element-d51f38a elementor-widget elementor-widget-heading\" data-id=\"d51f38a\" data-element_type=\"widget\" data-e-type=\"widget\" data-widget_type=\"heading.default\">\n\t\t\t\t<div class=\"elementor-widget-container\">\n\t\t\t\t\t<h2 class=\"elementor-heading-title elementor-size-default\">Uso tradicional como planta medicinal\n<\/h2>\t\t\t\t<\/div>\n\t\t\t\t<\/div>\n\t\t\t\t<div class=\"elementor-element elementor-element-dfecaea elementor-widget elementor-widget-image\" data-id=\"dfecaea\" data-element_type=\"widget\" data-e-type=\"widget\" data-widget_type=\"image.default\">\n\t\t\t\t<div class=\"elementor-widget-container\">\n\t\t\t\t\t\t\t\t\t\t\t\t\t\t\t<img decoding=\"async\" width=\"900\" height=\"600\" src=\"https:\/\/www.alveus.eu\/wp-content\/uploads\/089_c.jpg\" class=\"attachment-large size-large wp-image-54932\" alt=\"ritual haldi india\" srcset=\"https:\/\/www.alveus.eu\/wp-content\/uploads\/089_c.jpg 900w, https:\/\/www.alveus.eu\/wp-content\/uploads\/089_c-300x200.jpg 300w, https:\/\/www.alveus.eu\/wp-content\/uploads\/089_c-768x512.jpg 768w\" sizes=\"(max-width: 900px) 100vw, 900px\" \/>\t\t\t\t\t\t\t\t\t\t\t\t\t\t\t<\/div>\n\t\t\t\t<\/div>\n\t\t\t\t<div class=\"elementor-element elementor-element-beb779e elementor-widget elementor-widget-text-editor\" data-id=\"beb779e\" data-element_type=\"widget\" data-e-type=\"widget\" data-widget_type=\"text-editor.default\">\n\t\t\t\t<div class=\"elementor-widget-container\">\n\t\t\t\t\t\t\t\t\t<p><span style=\"font-weight: 400;\">En la medicina ayurv\u00e9dica y china, la c\u00farcuma ha sido valorada durante siglos. Se ha utilizado tradicionalmente como apoyo digestivo, en tratamientos para el h\u00edgado, para aliviar la piel irritada y <\/span><b>como parte de rituales de purificaci\u00f3n previos al matrimonio, como el haldi en la India.<\/b><\/p><p><span style=\"font-weight: 400;\">En muchas culturas, especialmente en el sur de Asia, se aplicaba de forma t\u00f3pica sobre la piel, se inger\u00eda en decocciones y se mezclaba con pimienta negra para formar parte de la dieta diaria.\u00a0<\/span><\/p><p><span style=\"font-weight: 400;\">En pa\u00edses como Jap\u00f3n y China tambi\u00e9n se utiliz\u00f3 para apoyar procesos inflamatorios y mejorar la circulaci\u00f3n.<\/span><\/p>\t\t\t\t\t\t\t\t<\/div>\n\t\t\t\t<\/div>\n\t\t\t\t<div class=\"elementor-element elementor-element-35ad9e2 elementor-widget elementor-widget-heading\" data-id=\"35ad9e2\" data-element_type=\"widget\" data-e-type=\"widget\" data-widget_type=\"heading.default\">\n\t\t\t\t<div class=\"elementor-widget-container\">\n\t\t\t\t\t<h2 class=\"elementor-heading-title elementor-size-default\">La c\u00farcuma en blends de t\u00e9 y tisanas\n<\/h2>\t\t\t\t<\/div>\n\t\t\t\t<\/div>\n\t\t\t\t<div class=\"elementor-element elementor-element-2d7f726 elementor-widget elementor-widget-text-editor\" data-id=\"2d7f726\" data-element_type=\"widget\" data-e-type=\"widget\" data-widget_type=\"text-editor.default\">\n\t\t\t\t<div class=\"elementor-widget-container\">\n\t\t\t\t\t\t\t\t\t<p><span style=\"font-weight: 400;\">La c\u00farcuma aporta a las tisanas herbales y t\u00e9s mucho m\u00e1s que su caracter\u00edstico color dorado.\u00a0<\/span><\/p><p><span style=\"font-weight: 400;\">Su incorporaci\u00f3n en blends est\u00e1 en auge, tanto por su diferente perfil sensorial como por<\/span><b> su valor percibido entre consumidores que buscan infusiones reconfortantes, naturales y libres de cafe\u00edna.<\/b><\/p>\t\t\t\t\t\t\t\t<\/div>\n\t\t\t\t<\/div>\n\t\t\t\t<div class=\"elementor-element elementor-element-a4a8179 elementor-widget elementor-widget-heading\" data-id=\"a4a8179\" data-element_type=\"widget\" data-e-type=\"widget\" data-widget_type=\"heading.default\">\n\t\t\t\t<div class=\"elementor-widget-container\">\n\t\t\t\t\t<h3 class=\"elementor-heading-title elementor-size-default\">\u00bfQu\u00e9 es lo que aporta la c\u00farcuma a los blends de t\u00e9?\n<\/h3>\t\t\t\t<\/div>\n\t\t\t\t<\/div>\n\t\t\t\t<div class=\"elementor-element elementor-element-e207a58 elementor-widget elementor-widget-image\" data-id=\"e207a58\" data-element_type=\"widget\" data-e-type=\"widget\" data-widget_type=\"image.default\">\n\t\t\t\t<div class=\"elementor-widget-container\">\n\t\t\t\t\t\t\t\t\t\t\t\t\t\t\t<img decoding=\"async\" width=\"900\" height=\"600\" src=\"https:\/\/www.alveus.eu\/wp-content\/uploads\/089_d.jpg\" class=\"attachment-large size-large wp-image-54937\" alt=\"tisana zanahoria c\u00farcuma\" srcset=\"https:\/\/www.alveus.eu\/wp-content\/uploads\/089_d.jpg 900w, https:\/\/www.alveus.eu\/wp-content\/uploads\/089_d-300x200.jpg 300w, https:\/\/www.alveus.eu\/wp-content\/uploads\/089_d-768x512.jpg 768w\" sizes=\"(max-width: 900px) 100vw, 900px\" \/>\t\t\t\t\t\t\t\t\t\t\t\t\t\t\t<\/div>\n\t\t\t\t<\/div>\n\t\t\t\t<div class=\"elementor-element elementor-element-5815d4b elementor-widget elementor-widget-text-editor\" data-id=\"5815d4b\" data-element_type=\"widget\" data-e-type=\"widget\" data-widget_type=\"text-editor.default\">\n\t\t\t\t<div class=\"elementor-widget-container\">\n\t\t\t\t\t\t\t\t\t<p><b>Perfil arom\u00e1tico y sabor c\u00e1lido<\/b><\/p><p><span style=\"font-weight: 400;\">La c\u00farcuma tiene un sabor terroso, ligeramente amargo y picante, con notas que recuerdan a la mostaza y al jengibre. Esta base c\u00e1lida act\u00faa como puente entre ingredientes especiados, c\u00edtricos y dulces. Su versatilidad permite integrarla tanto en tisanas relajantes como en mezclas estimulantes o depurativas.<\/span><\/p><p><b>Color y atractivo visual<\/b><\/p><p><span style=\"font-weight: 400;\">Aporta un tono intenso amarillo &#8211; anaranjado al licor de la infusi\u00f3n, generando una vistosa apariencia dorada.\u00a0<\/span><\/p><p><span style=\"font-weight: 400;\">Este elemento visual es especialmente valorado en blends de venta a granel o en l\u00edneas premium, ya que despierta curiosidad y transmite una imagen de infusi\u00f3n saludable.<\/span><\/p><p><b>Valores \u201ctradicionales y emocionales\u201d<\/b><\/p><p><span style=\"font-weight: 400;\">Si bien no se puede promocionar como un producto con propiedades medicinales, la c\u00farcuma suele estar culturalmente relacionada con pr\u00e1cticas tradicionales orientadas al bienestar general. Muchas personas la asocian con el cuidado digestivo y una sensaci\u00f3n de vitalidad, en el marco de su uso ancestral.<\/span><\/p><p><span style=\"font-weight: 400;\">Esta asociaci\u00f3n la convierte en un ingrediente ideal para storytelling y marketing de producto.<\/span><\/p><p><b>Sinergia con otras plantas y especias<\/b><\/p><p><span style=\"font-weight: 400;\">Funciona especialmente bien combinada con:<\/span><\/p><ul><li style=\"font-weight: 400;\" aria-level=\"1\"><span style=\"font-weight: 400;\">Jengibre y canela, en mezclas estilo ayurv\u00e9dico.<\/span><\/li><li style=\"font-weight: 400;\" aria-level=\"1\"><span style=\"font-weight: 400;\">Regaliz, rooibos o c\u00e1scara de naranja, para notas dulces y redondeadas.<\/span><\/li><li style=\"font-weight: 400;\" aria-level=\"1\"><span style=\"font-weight: 400;\">Pimienta negra, que realza tanto el sabor como la biodisponibilidad de sus compuestos.<\/span><\/li><li style=\"font-weight: 400;\" aria-level=\"1\"><span style=\"font-weight: 400;\">Citronela, manzanilla o hinojo, para blends digestivos o relajantes.<\/span><\/li><\/ul>\t\t\t\t\t\t\t\t<\/div>\n\t\t\t\t<\/div>\n\t\t\t\t<div class=\"elementor-element elementor-element-3fee3d9 elementor-widget elementor-widget-shortcode\" data-id=\"3fee3d9\" data-element_type=\"widget\" data-e-type=\"widget\" data-widget_type=\"shortcode.default\">\n\t\t\t\t<div class=\"elementor-widget-container\">\n\t\t\t\t\t\t\t<div class=\"elementor-shortcode\">\t\t<div data-elementor-type=\"section\" data-elementor-id=\"51144\" class=\"elementor elementor-51144 elementor-51052 elementor-51052\" data-elementor-post-type=\"elementor_library\">\n\t\t\t<div class=\"elementor-element elementor-element-3039963 e-con-full e-flex e-con e-parent\" data-id=\"3039963\" data-element_type=\"container\" data-e-type=\"container\" data-settings=\"{&quot;background_background&quot;:&quot;classic&quot;}\">\n\t\t<div class=\"elementor-element elementor-element-4351092 e-con-full e-flex e-con e-child\" data-id=\"4351092\" data-element_type=\"container\" data-e-type=\"container\">\n\t\t\t\t<div class=\"elementor-element elementor-element-2090423 elementor-widget elementor-widget-heading\" data-id=\"2090423\" data-element_type=\"widget\" data-e-type=\"widget\" data-widget_type=\"heading.default\">\n\t\t\t\t<div class=\"elementor-widget-container\">\n\t\t\t\t\t<p class=\"elementor-heading-title elementor-size-default\">Consigue 10 muestras gratis<\/p>\t\t\t\t<\/div>\n\t\t\t\t<\/div>\n\t\t\t\t<div class=\"elementor-element elementor-element-1b4106c elementor-widget elementor-widget-heading\" data-id=\"1b4106c\" data-element_type=\"widget\" data-e-type=\"widget\" data-widget_type=\"heading.default\">\n\t\t\t\t<div class=\"elementor-widget-container\">\n\t\t\t\t\t<p class=\"elementor-heading-title elementor-size-default\">Exclusivo para profesionales del t\u00e9<\/p>\t\t\t\t<\/div>\n\t\t\t\t<\/div>\n\t\t\t\t<div class=\"elementor-element elementor-element-c6cc423 elementor-align-left elementor-widget elementor-widget-button\" data-id=\"c6cc423\" data-element_type=\"widget\" data-e-type=\"widget\" data-widget_type=\"button.default\">\n\t\t\t\t<div class=\"elementor-widget-container\">\n\t\t\t\t\t\t\t\t\t<div class=\"elementor-button-wrapper\">\n\t\t\t\t\t<a class=\"elementor-button elementor-button-link elementor-size-sm\" href=\"#request-catalogue\">\n\t\t\t\t\t\t<span class=\"elementor-button-content-wrapper\">\n\t\t\t\t\t\t\t\t\t<span class=\"elementor-button-text\">SOLICITAR CAT\u00c1LOGO<\/span>\n\t\t\t\t\t<\/span>\n\t\t\t\t\t<\/a>\n\t\t\t\t<\/div>\n\t\t\t\t\t\t\t\t<\/div>\n\t\t\t\t<\/div>\n\t\t\t\t<\/div>\n\t\t<div class=\"elementor-element elementor-element-92c569c e-con-full e-flex e-con e-child\" data-id=\"92c569c\" data-element_type=\"container\" data-e-type=\"container\">\n\t\t\t\t<div class=\"elementor-element elementor-element-82c5156 elementor-widget elementor-widget-image\" data-id=\"82c5156\" data-element_type=\"widget\" data-e-type=\"widget\" data-widget_type=\"image.default\">\n\t\t\t\t<div class=\"elementor-widget-container\">\n\t\t\t\t\t\t\t\t\t\t\t\t\t\t\t<img loading=\"lazy\" decoding=\"async\" width=\"863\" height=\"343\" src=\"https:\/\/www.alveus.eu\/wp-content\/uploads\/cta-catalogues.png\" class=\"attachment-large size-large wp-image-51124\" alt=\"\" srcset=\"https:\/\/www.alveus.eu\/wp-content\/uploads\/cta-catalogues.png 863w, https:\/\/www.alveus.eu\/wp-content\/uploads\/cta-catalogues-300x119.png 300w, https:\/\/www.alveus.eu\/wp-content\/uploads\/cta-catalogues-768x305.png 768w\" sizes=\"(max-width: 863px) 100vw, 863px\" \/>\t\t\t\t\t\t\t\t\t\t\t\t\t\t\t<\/div>\n\t\t\t\t<\/div>\n\t\t\t\t<\/div>\n\t\t\t\t<\/div>\n\t\t\t\t<\/div>\n\t\t<\/div>\n\t\t\t\t\t\t<\/div>\n\t\t\t\t<\/div>\n\t\t\t\t<div class=\"elementor-element elementor-element-7f2f5e1 elementor-widget elementor-widget-heading\" data-id=\"7f2f5e1\" data-element_type=\"widget\" data-e-type=\"widget\" data-widget_type=\"heading.default\">\n\t\t\t\t<div class=\"elementor-widget-container\">\n\t\t\t\t\t<h3 class=\"elementor-heading-title elementor-size-default\">Recomendaciones de uso profesional en tea blending\n<\/h3>\t\t\t\t<\/div>\n\t\t\t\t<\/div>\n\t\t\t\t<div class=\"elementor-element elementor-element-ffb7adb elementor-widget elementor-widget-text-editor\" data-id=\"ffb7adb\" data-element_type=\"widget\" data-e-type=\"widget\" data-widget_type=\"text-editor.default\">\n\t\t\t\t<div class=\"elementor-widget-container\">\n\t\t\t\t\t\t\t\t\t<p><span style=\"font-weight: 400;\">Si quieres crear un blend con c\u00farcuma estos consejos podr\u00edan ayudarte:\u00a0<\/span><\/p><ul><li style=\"font-weight: 400;\" aria-level=\"1\"><b>Dosificaci\u00f3n<\/b><span style=\"font-weight: 400;\">: entre 5 y 15% del peso total del blend, seg\u00fan el resultado arom\u00e1tico deseado.<\/span><\/li><li style=\"font-weight: 400;\" aria-level=\"1\"><b>Formato ideal<\/b><span style=\"font-weight: 400;\">: polvo grueso o triturado (no molido fino) o trocitos de ra\u00edz, para facilitar la mezcla visual y, sobre todo, evitar que enturbie demasiado la infusi\u00f3n.<\/span><\/li><li style=\"font-weight: 400;\" aria-level=\"1\"><b>Estacionalidad<\/b><span style=\"font-weight: 400;\">: funciona muy bien en l\u00edneas oto\u00f1ales e invernales, aunque tambi\u00e9n puede integrarse en combinaciones c\u00edtricas para primavera\/verano.<\/span><\/li><\/ul>\t\t\t\t\t\t\t\t<\/div>\n\t\t\t\t<\/div>\n\t\t\t\t<div class=\"elementor-element elementor-element-98e5ce3 elementor-widget elementor-widget-heading\" data-id=\"98e5ce3\" data-element_type=\"widget\" data-e-type=\"widget\" data-widget_type=\"heading.default\">\n\t\t\t\t<div class=\"elementor-widget-container\">\n\t\t\t\t\t<h2 class=\"elementor-heading-title elementor-size-default\">Composici\u00f3n fitoqu\u00edmica de la c\u00farcuma\n<\/h2>\t\t\t\t<\/div>\n\t\t\t\t<\/div>\n\t\t\t\t<div class=\"elementor-element elementor-element-c1d9117 elementor-widget elementor-widget-text-editor\" data-id=\"c1d9117\" data-element_type=\"widget\" data-e-type=\"widget\" data-widget_type=\"text-editor.default\">\n\t\t\t\t<div class=\"elementor-widget-container\">\n\t\t\t\t\t\t\t\t\t<p><span style=\"font-weight: 400;\">El compuesto m\u00e1s estudiado de la c\u00farcuma es la curcumina, un polifenol responsable de su caracter\u00edstico color amarillo intenso.<\/span><\/p>\t\t\t\t\t\t\t\t<\/div>\n\t\t\t\t<\/div>\n\t\t<div class=\"elementor-element elementor-element-1ed2a60 e-flex e-con-boxed e-con e-child\" data-id=\"1ed2a60\" data-element_type=\"container\" data-e-type=\"container\" data-settings=\"{&quot;background_background&quot;:&quot;classic&quot;}\">\n\t\t\t\t\t<div class=\"e-con-inner\">\n\t\t\t\t<div class=\"elementor-element elementor-element-bd8fa86 elementor-widget__width-initial elementor-widget-mobile__width-inherit elementor-view-default elementor-widget elementor-widget-icon\" data-id=\"bd8fa86\" data-element_type=\"widget\" data-e-type=\"widget\" data-widget_type=\"icon.default\">\n\t\t\t\t<div class=\"elementor-widget-container\">\n\t\t\t\t\t\t\t<div class=\"elementor-icon-wrapper\">\n\t\t\t<div class=\"elementor-icon\">\n\t\t\t<svg xmlns=\"http:\/\/www.w3.org\/2000\/svg\" id=\"Layer_2\" data-name=\"Layer 2\" viewBox=\"0 0 192 192\"><defs><style> .cls-1 { fill: none; } .cls-2 { fill: #1d1d1b; } <\/style><\/defs><g id=\"medida\"><g><rect class=\"cls-1\" width=\"192\" height=\"192\"><\/rect><g><path class=\"cls-2\" d=\"M50.98,81.76h-15.81c-1.93,0-3.5,1.57-3.5,3.5s1.57,3.5,3.5,3.5h15.81c1.93,0,3.5-1.57,3.5-3.5s-1.57-3.5-3.5-3.5Z\"><\/path><path class=\"cls-2\" d=\"M64.9,53.79c1.37-1.37,1.37-3.58,0-4.95l-10.12-10.12c-1.37-1.37-3.58-1.37-4.95,0-1.37,1.37-1.37,3.58,0,4.95l10.12,10.12c.68,.68,1.58,1.03,2.47,1.03s1.79-.34,2.47-1.03Z\"><\/path><path class=\"cls-2\" d=\"M145.27,38.72c-1.37-1.37-3.58-1.37-4.95,0l-10.12,10.12c-1.37,1.37-1.37,3.58,0,4.95,.68,.68,1.58,1.03,2.47,1.03s1.79-.34,2.47-1.03l10.12-10.12c1.37-1.37,1.37-3.58,0-4.95Z\"><\/path><path class=\"cls-2\" d=\"M97.75,42c1.93,0,3.5-1.57,3.5-3.5v-14.15c0-1.93-1.57-3.5-3.5-3.5s-3.5,1.57-3.5,3.5v14.15c0,1.93,1.57,3.5,3.5,3.5Z\"><\/path><path class=\"cls-2\" d=\"M156.83,81.76h-14.03c-1.93,0-3.5,1.57-3.5,3.5s1.57,3.5,3.5,3.5h14.03c1.93,0,3.5-1.57,3.5-3.5s-1.57-3.5-3.5-3.5Z\"><\/path><path class=\"cls-2\" d=\"M97.75,48.42c-19.84,0-35.98,16.14-35.98,35.98,0,5.06,.99,9.78,3.03,14.44,.96,2.2,2.35,4.65,3.82,7.25,2.14,3.78,4.57,8.07,5.66,11.69,5.01,16.67,2.59,32.29,2.56,32.45l-.05,.56c0,11.22,9.13,20.36,20.36,20.36s20.36-9.13,20.36-20.36l-.04-.56c-.01-.09-.83-5.44-.21-13.48,.08-.29,.13-.58,.13-.89,0-.1-.02-.19-.03-.29,.48-5.16,1.55-11.3,3.76-17.81,1.37-4.04,4.12-8.95,6.55-13.28,1.09-1.95,2.12-3.79,2.96-5.44,2.75-5.36,3.12-10.41,3.12-14.64,0-19.84-16.14-35.98-35.98-35.98Zm12.3,90.94c-.16,4.07,0,7.32,.19,9.41h-26.18c.21-2.1,.44-5.36,.39-9.41h25.6Zm-12.91,24.79c-5.6,0-10.4-3.48-12.38-8.38h24.76c-1.98,4.9-6.78,8.38-12.38,8.38Zm27.24-68.3c-.79,1.54-1.79,3.32-2.84,5.21-2.57,4.6-5.49,9.8-7.07,14.45-2.06,6.07-3.23,11.82-3.85,16.86h-9.68c.34-.54,.54-1.17,.54-1.86v-19.97c5.79-1.55,10.07-6.82,10.07-13.1,0-1.93-1.57-3.5-3.5-3.5s-3.5,1.57-3.5,3.5c0,3.62-2.95,6.57-6.57,6.57s-6.57-2.95-6.57-6.57c0-1.93-1.57-3.5-3.5-3.5s-3.5,1.57-3.5,3.5c0,6.27,4.28,11.55,10.07,13.1v19.97c0,.68,.2,1.32,.54,1.86h-10.93c-.44-5.05-1.37-10.74-3.14-16.6-1.31-4.37-3.95-9.02-6.27-13.12-1.38-2.44-2.68-4.74-3.5-6.6-1.64-3.76-2.44-7.56-2.44-11.64,0-15.98,13-28.98,28.98-28.98s28.98,13,28.98,28.98c0,4.87-.68,8.19-2.35,11.45Z\"><\/path><\/g><\/g><\/g><\/svg>\t\t\t<\/div>\n\t\t<\/div>\n\t\t\t\t\t\t<\/div>\n\t\t\t\t<\/div>\n\t\t\t\t<div class=\"elementor-element elementor-element-c32ab0c elementor-widget__width-inherit elementor-widget elementor-widget-heading\" data-id=\"c32ab0c\" data-element_type=\"widget\" data-e-type=\"widget\" data-widget_type=\"heading.default\">\n\t\t\t\t<div class=\"elementor-widget-container\">\n\t\t\t\t\t<span class=\"elementor-heading-title elementor-size-default\">El polvo seco de c\u00farcuma contiene entre 1\u20136% de curcuminoides y hasta 5\u201310% de aceites esenciales, entre los que destacan el turmerone, zingibereno y atlantone.<\/span>\t\t\t\t<\/div>\n\t\t\t\t<\/div>\n\t\t\t\t\t<\/div>\n\t\t\t\t<\/div>\n\t\t\t\t<div class=\"elementor-element elementor-element-d15b106 elementor-widget elementor-widget-text-editor\" data-id=\"d15b106\" data-element_type=\"widget\" data-e-type=\"widget\" data-widget_type=\"text-editor.default\">\n\t\t\t\t<div class=\"elementor-widget-container\">\n\t\t\t\t\t\t\t\t\t<p><span style=\"font-weight: 400;\">Otros componentes importantes son:<\/span><\/p><ul><li style=\"font-weight: 400;\" aria-level=\"1\"><span style=\"font-weight: 400;\">Compuestos amargos<\/span><\/li><li style=\"font-weight: 400;\" aria-level=\"1\"><span style=\"font-weight: 400;\">Resinas<\/span><\/li><li style=\"font-weight: 400;\" aria-level=\"1\"><span style=\"font-weight: 400;\">Fibra diet\u00e9tica<\/span><\/li><li style=\"font-weight: 400;\" aria-level=\"1\"><span style=\"font-weight: 400;\">Vitaminas y minerales en peque\u00f1as cantidades<\/span><\/li><\/ul>\t\t\t\t\t\t\t\t<\/div>\n\t\t\t\t<\/div>\n\t\t\t\t<div class=\"elementor-element elementor-element-9aa6471 elementor-widget elementor-widget-heading\" data-id=\"9aa6471\" data-element_type=\"widget\" data-e-type=\"widget\" data-widget_type=\"heading.default\">\n\t\t\t\t<div class=\"elementor-widget-container\">\n\t\t\t\t\t<h2 class=\"elementor-heading-title elementor-size-default\">Investigaciones y \u00e1reas de inter\u00e9s cient\u00edfico de la c\u00farcuma\n<\/h2>\t\t\t\t<\/div>\n\t\t\t\t<\/div>\n\t\t\t\t<div class=\"elementor-element elementor-element-12d8b64 elementor-widget elementor-widget-text-editor\" data-id=\"12d8b64\" data-element_type=\"widget\" data-e-type=\"widget\" data-widget_type=\"text-editor.default\">\n\t\t\t\t<div class=\"elementor-widget-container\">\n\t\t\t\t\t\t\t\t\t<p><span style=\"font-weight: 400;\">Aunque no existen evidencias cl\u00ednicas concluyentes que avalen beneficios terap\u00e9uticos directos de la curcumina en seres humanos, se ha estudiado su uso en diversas \u00e1reas. Algunas l\u00edneas de investigaci\u00f3n, a\u00fan en fase exploratoria, han centrado su atenci\u00f3n en:<\/span><\/p><ul><li style=\"font-weight: 400;\" aria-level=\"1\"><span style=\"font-weight: 400;\">Mecanismos inflamatorios.<\/span><\/li><li style=\"font-weight: 400;\" aria-level=\"1\"><span style=\"font-weight: 400;\">Metabolismo hep\u00e1tico y biliar.<\/span><\/li><li style=\"font-weight: 400;\" aria-level=\"1\"><span style=\"font-weight: 400;\">Salud digestiva (flatulencias, digesti\u00f3n lenta).<\/span><\/li><li style=\"font-weight: 400;\" aria-level=\"1\"><span style=\"font-weight: 400;\">Mantenimiento de niveles saludables de colesterol.<\/span><\/li><\/ul><p><span style=\"font-weight: 400;\">Tambi\u00e9n se investiga sobre su uso complementario en casos de dolor articular, afecciones cut\u00e1neas y en rutinas de recuperaci\u00f3n deportiva.\u00a0<\/span><\/p>\t\t\t\t\t\t\t\t<\/div>\n\t\t\t\t<\/div>\n\t\t<div class=\"elementor-element elementor-element-19a2a44 e-flex e-con-boxed e-con e-child\" data-id=\"19a2a44\" data-element_type=\"container\" data-e-type=\"container\" data-settings=\"{&quot;background_background&quot;:&quot;classic&quot;}\">\n\t\t\t\t\t<div class=\"e-con-inner\">\n\t\t\t\t<div class=\"elementor-element elementor-element-07e51f7 elementor-widget__width-initial elementor-widget-mobile__width-inherit elementor-view-default elementor-widget elementor-widget-icon\" data-id=\"07e51f7\" data-element_type=\"widget\" data-e-type=\"widget\" data-widget_type=\"icon.default\">\n\t\t\t\t<div class=\"elementor-widget-container\">\n\t\t\t\t\t\t\t<div class=\"elementor-icon-wrapper\">\n\t\t\t<div class=\"elementor-icon\">\n\t\t\t<svg xmlns=\"http:\/\/www.w3.org\/2000\/svg\" id=\"Layer_2\" data-name=\"Layer 2\" viewBox=\"0 0 192 192\"><defs><style> .cls-1 { fill: none; } .cls-2 { fill: #1d1d1b; } <\/style><\/defs><g id=\"medida\"><g><rect class=\"cls-1\" width=\"192\" height=\"192\"><\/rect><g><path class=\"cls-2\" d=\"M50.98,81.76h-15.81c-1.93,0-3.5,1.57-3.5,3.5s1.57,3.5,3.5,3.5h15.81c1.93,0,3.5-1.57,3.5-3.5s-1.57-3.5-3.5-3.5Z\"><\/path><path class=\"cls-2\" d=\"M64.9,53.79c1.37-1.37,1.37-3.58,0-4.95l-10.12-10.12c-1.37-1.37-3.58-1.37-4.95,0-1.37,1.37-1.37,3.58,0,4.95l10.12,10.12c.68,.68,1.58,1.03,2.47,1.03s1.79-.34,2.47-1.03Z\"><\/path><path class=\"cls-2\" d=\"M145.27,38.72c-1.37-1.37-3.58-1.37-4.95,0l-10.12,10.12c-1.37,1.37-1.37,3.58,0,4.95,.68,.68,1.58,1.03,2.47,1.03s1.79-.34,2.47-1.03l10.12-10.12c1.37-1.37,1.37-3.58,0-4.95Z\"><\/path><path class=\"cls-2\" d=\"M97.75,42c1.93,0,3.5-1.57,3.5-3.5v-14.15c0-1.93-1.57-3.5-3.5-3.5s-3.5,1.57-3.5,3.5v14.15c0,1.93,1.57,3.5,3.5,3.5Z\"><\/path><path class=\"cls-2\" d=\"M156.83,81.76h-14.03c-1.93,0-3.5,1.57-3.5,3.5s1.57,3.5,3.5,3.5h14.03c1.93,0,3.5-1.57,3.5-3.5s-1.57-3.5-3.5-3.5Z\"><\/path><path class=\"cls-2\" d=\"M97.75,48.42c-19.84,0-35.98,16.14-35.98,35.98,0,5.06,.99,9.78,3.03,14.44,.96,2.2,2.35,4.65,3.82,7.25,2.14,3.78,4.57,8.07,5.66,11.69,5.01,16.67,2.59,32.29,2.56,32.45l-.05,.56c0,11.22,9.13,20.36,20.36,20.36s20.36-9.13,20.36-20.36l-.04-.56c-.01-.09-.83-5.44-.21-13.48,.08-.29,.13-.58,.13-.89,0-.1-.02-.19-.03-.29,.48-5.16,1.55-11.3,3.76-17.81,1.37-4.04,4.12-8.95,6.55-13.28,1.09-1.95,2.12-3.79,2.96-5.44,2.75-5.36,3.12-10.41,3.12-14.64,0-19.84-16.14-35.98-35.98-35.98Zm12.3,90.94c-.16,4.07,0,7.32,.19,9.41h-26.18c.21-2.1,.44-5.36,.39-9.41h25.6Zm-12.91,24.79c-5.6,0-10.4-3.48-12.38-8.38h24.76c-1.98,4.9-6.78,8.38-12.38,8.38Zm27.24-68.3c-.79,1.54-1.79,3.32-2.84,5.21-2.57,4.6-5.49,9.8-7.07,14.45-2.06,6.07-3.23,11.82-3.85,16.86h-9.68c.34-.54,.54-1.17,.54-1.86v-19.97c5.79-1.55,10.07-6.82,10.07-13.1,0-1.93-1.57-3.5-3.5-3.5s-3.5,1.57-3.5,3.5c0,3.62-2.95,6.57-6.57,6.57s-6.57-2.95-6.57-6.57c0-1.93-1.57-3.5-3.5-3.5s-3.5,1.57-3.5,3.5c0,6.27,4.28,11.55,10.07,13.1v19.97c0,.68,.2,1.32,.54,1.86h-10.93c-.44-5.05-1.37-10.74-3.14-16.6-1.31-4.37-3.95-9.02-6.27-13.12-1.38-2.44-2.68-4.74-3.5-6.6-1.64-3.76-2.44-7.56-2.44-11.64,0-15.98,13-28.98,28.98-28.98s28.98,13,28.98,28.98c0,4.87-.68,8.19-2.35,11.45Z\"><\/path><\/g><\/g><\/g><\/svg>\t\t\t<\/div>\n\t\t<\/div>\n\t\t\t\t\t\t<\/div>\n\t\t\t\t<\/div>\n\t\t\t\t<div class=\"elementor-element elementor-element-0987802 elementor-widget__width-inherit elementor-widget elementor-widget-heading\" data-id=\"0987802\" data-element_type=\"widget\" data-e-type=\"widget\" data-widget_type=\"heading.default\">\n\t\t\t\t<div class=\"elementor-widget-container\">\n\t\t\t\t\t<span class=\"elementor-heading-title elementor-size-default\">Las agencias sanitarias europeas han autorizado infusiones de c\u00farcuma como uso para molestias digestivas leves, pero no existen aprobaciones basadas en evidencias cl\u00ednicas s\u00f3lidas para otros usos.<\/span>\t\t\t\t<\/div>\n\t\t\t\t<\/div>\n\t\t\t\t\t<\/div>\n\t\t\t\t<\/div>\n\t\t\t\t<div class=\"elementor-element elementor-element-26f7440 elementor-widget elementor-widget-heading\" data-id=\"26f7440\" data-element_type=\"widget\" data-e-type=\"widget\" data-widget_type=\"heading.default\">\n\t\t\t\t<div class=\"elementor-widget-container\">\n\t\t\t\t\t<h2 class=\"elementor-heading-title elementor-size-default\">\u00bfTienes un negocio de venta de t\u00e9 y\/o de especias?\n<\/h2>\t\t\t\t<\/div>\n\t\t\t\t<\/div>\n\t\t\t\t<div class=\"elementor-element elementor-element-fb255d6 elementor-widget elementor-widget-image\" data-id=\"fb255d6\" data-element_type=\"widget\" data-e-type=\"widget\" data-widget_type=\"image.default\">\n\t\t\t\t<div class=\"elementor-widget-container\">\n\t\t\t\t\t\t\t\t\t\t\t\t\t\t\t<img loading=\"lazy\" decoding=\"async\" width=\"900\" height=\"600\" src=\"https:\/\/www.alveus.eu\/wp-content\/uploads\/089_e.jpg\" class=\"attachment-large size-large wp-image-54942\" alt=\"chicken curry\" srcset=\"https:\/\/www.alveus.eu\/wp-content\/uploads\/089_e.jpg 900w, https:\/\/www.alveus.eu\/wp-content\/uploads\/089_e-300x200.jpg 300w, https:\/\/www.alveus.eu\/wp-content\/uploads\/089_e-768x512.jpg 768w\" sizes=\"(max-width: 900px) 100vw, 900px\" \/>\t\t\t\t\t\t\t\t\t\t\t\t\t\t\t<\/div>\n\t\t\t\t<\/div>\n\t\t\t\t<div class=\"elementor-element elementor-element-bcc188f elementor-widget elementor-widget-text-editor\" data-id=\"bcc188f\" data-element_type=\"widget\" data-e-type=\"widget\" data-widget_type=\"text-editor.default\">\n\t\t\t\t<div class=\"elementor-widget-container\">\n\t\t\t\t\t\t\t\t\t<p><span style=\"font-weight: 400;\">La c\u00farcuma es un ingrediente atractivo para \u201cdar brillo\u201d a la oferta de tu negocio de venta de t\u00e9 e infusiones y\/o especias.\u00a0<\/span><\/p><p><span style=\"font-weight: 400;\">Como has visto en este post, posee un perfil sensorial muy diferente y es popular por su uso tradicional como complemento al bienestar. Gracias a esta percepci\u00f3n positiva del consumidor, se trata de un producto con alto potencial comercial, lo que com\u00fanmente se describe como \u201cun producto que se vende solo\u201d.<\/span><\/p><p><span style=\"font-weight: 400;\">Puedes incorporarla a tu negocio como:<\/span><\/p><ul><li style=\"font-weight: 400;\" aria-level=\"1\"><b>Ingrediente solo<\/b><span style=\"font-weight: 400;\">, para aderezar platos, infusiones o preparar la famosa leche dorada.\u00a0<\/span><\/li><li style=\"font-weight: 400;\" aria-level=\"1\"><b>Como ingrediente<\/b><span style=\"font-weight: 400;\"> en una tisana o infusi\u00f3n ayurv\u00e9dica.<\/span><\/li><li style=\"font-weight: 400;\" aria-level=\"1\"><span style=\"font-weight: 400;\">Como <\/span><a href=\"https:\/\/b2b.alveus.eu\/es\/especias.html?nxt_ingredients_filter=955\"><b>mezcla de especias con c\u00farcuma<\/b><\/a><span style=\"font-weight: 400;\">: curry, sal de c\u00farcuma, Ras el Hanout\u2026<\/span><\/li><\/ul><p><span style=\"font-weight: 400;\">Aprovecha los m\u00faltiples beneficios que ofrece la c\u00farcuma y \u00a1ba\u00f1a tu negocio de color dorado!<\/span><\/p>\t\t\t\t\t\t\t\t<\/div>\n\t\t\t\t<\/div>\n\t\t\t\t<\/div>\n\t\t\t\t<\/div>\n\t\t","protected":false},"excerpt":{"rendered":"<p>Presente en culturas milenarias, y cada vez m\u00e1s popular, este ingrediente destaca por su perfil sensorial y versatilidad. <\/p>\n","protected":false},"author":11,"featured_media":54862,"comment_status":"open","ping_status":"open","sticky":false,"template":"","format":"standard","meta":{"_acf_changed":false,"footnotes":""},"categories":[183],"tags":[],"class_list":["post-54844","post","type-post","status-publish","format-standard","has-post-thumbnail","hentry","category-hierbas-y-especias"],"acf":[],"yoast_head":"<!-- This site is optimized with the Yoast SEO Premium plugin v27.3 (Yoast SEO v27.3) - https:\/\/yoast.com\/product\/yoast-seo-premium-wordpress\/ -->\n<title>La c\u00farcuma, la ra\u00edz que vuelve oro blends y platos. | Alveus<\/title>\n<meta name=\"description\" content=\"Conoce el valor de la c\u00farcuma en blends de t\u00e9 y tisanas: historia, sabor, uso tradicional y oportunidades para negocios de t\u00e9 e infusiones.\" \/>\n<meta name=\"robots\" content=\"index, follow, max-snippet:-1, max-image-preview:large, max-video-preview:-1\" \/>\n<link rel=\"canonical\" href=\"https:\/\/www.alveus.eu\/es\/blog\/curcuma\/\" \/>\n<meta property=\"og:locale\" content=\"es_ES\" \/>\n<meta property=\"og:type\" content=\"article\" \/>\n<meta property=\"og:title\" content=\"La c\u00farcuma, la ra\u00edz que vuelve oro blends y platos\" \/>\n<meta property=\"og:description\" content=\"Conoce el valor de la c\u00farcuma en blends de t\u00e9 y tisanas: historia, sabor, uso tradicional y oportunidades para negocios de t\u00e9 e infusiones.\" \/>\n<meta property=\"og:url\" content=\"https:\/\/www.alveus.eu\/es\/blog\/curcuma\/\" \/>\n<meta property=\"og:site_name\" content=\"Alveus\" \/>\n<meta property=\"article:publisher\" content=\"https:\/\/www.facebook.com\/alveusinternational\/\" \/>\n<meta property=\"article:published_time\" content=\"2025-08-26T14:45:35+00:00\" \/>\n<meta property=\"article:modified_time\" content=\"2026-01-28T09:09:41+00:00\" \/>\n<meta property=\"og:image\" content=\"https:\/\/www.alveus.eu\/wp-content\/uploads\/089_a.jpg\" \/>\n\t<meta property=\"og:image:width\" content=\"900\" \/>\n\t<meta property=\"og:image:height\" content=\"600\" \/>\n\t<meta property=\"og:image:type\" content=\"image\/jpeg\" \/>\n<meta name=\"author\" content=\"Alveus Blog Team\" \/>\n<meta name=\"twitter:card\" content=\"summary_large_image\" \/>\n<meta name=\"twitter:label1\" content=\"Escrito por\" \/>\n\t<meta name=\"twitter:data1\" content=\"Alveus Blog Team\" \/>\n\t<meta name=\"twitter:label2\" content=\"Tiempo de lectura\" \/>\n\t<meta name=\"twitter:data2\" content=\"7 minutos\" \/>\n<script type=\"application\/ld+json\" class=\"yoast-schema-graph\">{\"@context\":\"https:\\\/\\\/schema.org\",\"@graph\":[{\"@type\":\"Article\",\"@id\":\"https:\\\/\\\/www.alveus.eu\\\/es\\\/blog\\\/curcuma\\\/#article\",\"isPartOf\":{\"@id\":\"https:\\\/\\\/www.alveus.eu\\\/es\\\/blog\\\/curcuma\\\/\"},\"author\":{\"name\":\"Alveus Blog Team\",\"@id\":\"https:\\\/\\\/www.alveus.eu\\\/es#\\\/schema\\\/person\\\/6864b22051c6c128b3c72edaeac35855\"},\"headline\":\"La c\u00farcuma, la ra\u00edz que vuelve oro blends y platos\",\"datePublished\":\"2025-08-26T14:45:35+00:00\",\"dateModified\":\"2026-01-28T09:09:41+00:00\",\"mainEntityOfPage\":{\"@id\":\"https:\\\/\\\/www.alveus.eu\\\/es\\\/blog\\\/curcuma\\\/\"},\"wordCount\":1426,\"commentCount\":0,\"publisher\":{\"@id\":\"https:\\\/\\\/www.alveus.eu\\\/es#organization\"},\"image\":{\"@id\":\"https:\\\/\\\/www.alveus.eu\\\/es\\\/blog\\\/curcuma\\\/#primaryimage\"},\"thumbnailUrl\":\"https:\\\/\\\/www.alveus.eu\\\/wp-content\\\/uploads\\\/089_a.jpg\",\"articleSection\":[\"Hierbas y Especias\"],\"inLanguage\":\"es\",\"potentialAction\":[{\"@type\":\"CommentAction\",\"name\":\"Comment\",\"target\":[\"https:\\\/\\\/www.alveus.eu\\\/es\\\/blog\\\/curcuma\\\/#respond\"]}]},{\"@type\":\"WebPage\",\"@id\":\"https:\\\/\\\/www.alveus.eu\\\/es\\\/blog\\\/curcuma\\\/\",\"url\":\"https:\\\/\\\/www.alveus.eu\\\/es\\\/blog\\\/curcuma\\\/\",\"name\":\"La c\u00farcuma, la ra\u00edz que vuelve oro blends y platos. | Alveus\",\"isPartOf\":{\"@id\":\"https:\\\/\\\/www.alveus.eu\\\/es#website\"},\"primaryImageOfPage\":{\"@id\":\"https:\\\/\\\/www.alveus.eu\\\/es\\\/blog\\\/curcuma\\\/#primaryimage\"},\"image\":{\"@id\":\"https:\\\/\\\/www.alveus.eu\\\/es\\\/blog\\\/curcuma\\\/#primaryimage\"},\"thumbnailUrl\":\"https:\\\/\\\/www.alveus.eu\\\/wp-content\\\/uploads\\\/089_a.jpg\",\"datePublished\":\"2025-08-26T14:45:35+00:00\",\"dateModified\":\"2026-01-28T09:09:41+00:00\",\"description\":\"Conoce el valor de la c\u00farcuma en blends de t\u00e9 y tisanas: historia, sabor, uso tradicional y oportunidades para negocios de t\u00e9 e infusiones.\",\"breadcrumb\":{\"@id\":\"https:\\\/\\\/www.alveus.eu\\\/es\\\/blog\\\/curcuma\\\/#breadcrumb\"},\"inLanguage\":\"es\",\"potentialAction\":[{\"@type\":\"ReadAction\",\"target\":[\"https:\\\/\\\/www.alveus.eu\\\/es\\\/blog\\\/curcuma\\\/\"]}]},{\"@type\":\"ImageObject\",\"inLanguage\":\"es\",\"@id\":\"https:\\\/\\\/www.alveus.eu\\\/es\\\/blog\\\/curcuma\\\/#primaryimage\",\"url\":\"https:\\\/\\\/www.alveus.eu\\\/wp-content\\\/uploads\\\/089_a.jpg\",\"contentUrl\":\"https:\\\/\\\/www.alveus.eu\\\/wp-content\\\/uploads\\\/089_a.jpg\",\"width\":900,\"height\":600,\"caption\":\"Ra\u00edz de c\u00farcuma\"},{\"@type\":\"BreadcrumbList\",\"@id\":\"https:\\\/\\\/www.alveus.eu\\\/es\\\/blog\\\/curcuma\\\/#breadcrumb\",\"itemListElement\":[{\"@type\":\"ListItem\",\"position\":1,\"name\":\"Home\",\"item\":\"https:\\\/\\\/www.alveus.eu\\\/es\"},{\"@type\":\"ListItem\",\"position\":2,\"name\":\"Hierbas y Especias\",\"item\":\"https:\\\/\\\/www.alveus.eu\\\/es\\\/blog\\\/category\\\/hierbas-y-especias\\\/\"},{\"@type\":\"ListItem\",\"position\":3,\"name\":\"La c\u00farcuma, la ra\u00edz que vuelve oro blends y platos\"}]},{\"@type\":\"WebSite\",\"@id\":\"https:\\\/\\\/www.alveus.eu\\\/es#website\",\"url\":\"https:\\\/\\\/www.alveus.eu\\\/es\",\"name\":\"Alveus\",\"description\":\"\",\"publisher\":{\"@id\":\"https:\\\/\\\/www.alveus.eu\\\/es#organization\"},\"potentialAction\":[{\"@type\":\"SearchAction\",\"target\":{\"@type\":\"EntryPoint\",\"urlTemplate\":\"https:\\\/\\\/www.alveus.eu\\\/es?s={search_term_string}\"},\"query-input\":{\"@type\":\"PropertyValueSpecification\",\"valueRequired\":true,\"valueName\":\"search_term_string\"}}],\"inLanguage\":\"es\"},{\"@type\":\"Organization\",\"@id\":\"https:\\\/\\\/www.alveus.eu\\\/es#organization\",\"name\":\"Alveus\",\"alternateName\":\"Alveus Premium Teas\",\"url\":\"https:\\\/\\\/www.alveus.eu\\\/es\",\"logo\":{\"@type\":\"ImageObject\",\"inLanguage\":\"es\",\"@id\":\"https:\\\/\\\/www.alveus.eu\\\/es#\\\/schema\\\/logo\\\/image\\\/\",\"url\":\"https:\\\/\\\/www.alveus.eu\\\/wp-content\\\/uploads\\\/2023\\\/07\\\/alveus-logo-primary.png\",\"contentUrl\":\"https:\\\/\\\/www.alveus.eu\\\/wp-content\\\/uploads\\\/2023\\\/07\\\/alveus-logo-primary.png\",\"width\":248,\"height\":248,\"caption\":\"Alveus\"},\"image\":{\"@id\":\"https:\\\/\\\/www.alveus.eu\\\/es#\\\/schema\\\/logo\\\/image\\\/\"},\"sameAs\":[\"https:\\\/\\\/www.facebook.com\\\/alveusinternational\\\/\",\"https:\\\/\\\/www.instagram.com\\\/alveustea\\\/\",\"https:\\\/\\\/de.linkedin.com\\\/company\\\/alveustea\"]},{\"@type\":\"Person\",\"@id\":\"https:\\\/\\\/www.alveus.eu\\\/es#\\\/schema\\\/person\\\/6864b22051c6c128b3c72edaeac35855\",\"name\":\"Alveus Blog Team\",\"image\":{\"@type\":\"ImageObject\",\"inLanguage\":\"es\",\"@id\":\"https:\\\/\\\/secure.gravatar.com\\\/avatar\\\/f951c832a9809c8d01d2ce4fa8bb10716ac4997c3cf93244fa19413f7d28b08e?s=96&d=mm&r=g\",\"url\":\"https:\\\/\\\/secure.gravatar.com\\\/avatar\\\/f951c832a9809c8d01d2ce4fa8bb10716ac4997c3cf93244fa19413f7d28b08e?s=96&d=mm&r=g\",\"contentUrl\":\"https:\\\/\\\/secure.gravatar.com\\\/avatar\\\/f951c832a9809c8d01d2ce4fa8bb10716ac4997c3cf93244fa19413f7d28b08e?s=96&d=mm&r=g\",\"caption\":\"Alveus Blog Team\"},\"description\":\"Editorial team formed by tea professionals from different countries. We are driven by our passion for tea and the dissemination of its culture.\",\"sameAs\":[\"https:\\\/\\\/www.alveus.eu\\\/\"]}]}<\/script>\n<!-- \/ Yoast SEO Premium plugin. -->","yoast_head_json":{"title":"La c\u00farcuma, la ra\u00edz que vuelve oro blends y platos. | Alveus","description":"Conoce el valor de la c\u00farcuma en blends de t\u00e9 y tisanas: historia, sabor, uso tradicional y oportunidades para negocios de t\u00e9 e infusiones.","robots":{"index":"index","follow":"follow","max-snippet":"max-snippet:-1","max-image-preview":"max-image-preview:large","max-video-preview":"max-video-preview:-1"},"canonical":"https:\/\/www.alveus.eu\/es\/blog\/curcuma\/","og_locale":"es_ES","og_type":"article","og_title":"La c\u00farcuma, la ra\u00edz que vuelve oro blends y platos","og_description":"Conoce el valor de la c\u00farcuma en blends de t\u00e9 y tisanas: historia, sabor, uso tradicional y oportunidades para negocios de t\u00e9 e infusiones.","og_url":"https:\/\/www.alveus.eu\/es\/blog\/curcuma\/","og_site_name":"Alveus","article_publisher":"https:\/\/www.facebook.com\/alveusinternational\/","article_published_time":"2025-08-26T14:45:35+00:00","article_modified_time":"2026-01-28T09:09:41+00:00","og_image":[{"width":900,"height":600,"url":"https:\/\/www.alveus.eu\/wp-content\/uploads\/089_a.jpg","type":"image\/jpeg"}],"author":"Alveus Blog Team","twitter_card":"summary_large_image","twitter_misc":{"Escrito por":"Alveus Blog Team","Tiempo de lectura":"7 minutos"},"schema":{"@context":"https:\/\/schema.org","@graph":[{"@type":"Article","@id":"https:\/\/www.alveus.eu\/es\/blog\/curcuma\/#article","isPartOf":{"@id":"https:\/\/www.alveus.eu\/es\/blog\/curcuma\/"},"author":{"name":"Alveus Blog Team","@id":"https:\/\/www.alveus.eu\/es#\/schema\/person\/6864b22051c6c128b3c72edaeac35855"},"headline":"La c\u00farcuma, la ra\u00edz que vuelve oro blends y platos","datePublished":"2025-08-26T14:45:35+00:00","dateModified":"2026-01-28T09:09:41+00:00","mainEntityOfPage":{"@id":"https:\/\/www.alveus.eu\/es\/blog\/curcuma\/"},"wordCount":1426,"commentCount":0,"publisher":{"@id":"https:\/\/www.alveus.eu\/es#organization"},"image":{"@id":"https:\/\/www.alveus.eu\/es\/blog\/curcuma\/#primaryimage"},"thumbnailUrl":"https:\/\/www.alveus.eu\/wp-content\/uploads\/089_a.jpg","articleSection":["Hierbas y Especias"],"inLanguage":"es","potentialAction":[{"@type":"CommentAction","name":"Comment","target":["https:\/\/www.alveus.eu\/es\/blog\/curcuma\/#respond"]}]},{"@type":"WebPage","@id":"https:\/\/www.alveus.eu\/es\/blog\/curcuma\/","url":"https:\/\/www.alveus.eu\/es\/blog\/curcuma\/","name":"La c\u00farcuma, la ra\u00edz que vuelve oro blends y platos. | Alveus","isPartOf":{"@id":"https:\/\/www.alveus.eu\/es#website"},"primaryImageOfPage":{"@id":"https:\/\/www.alveus.eu\/es\/blog\/curcuma\/#primaryimage"},"image":{"@id":"https:\/\/www.alveus.eu\/es\/blog\/curcuma\/#primaryimage"},"thumbnailUrl":"https:\/\/www.alveus.eu\/wp-content\/uploads\/089_a.jpg","datePublished":"2025-08-26T14:45:35+00:00","dateModified":"2026-01-28T09:09:41+00:00","description":"Conoce el valor de la c\u00farcuma en blends de t\u00e9 y tisanas: historia, sabor, uso tradicional y oportunidades para negocios de t\u00e9 e infusiones.","breadcrumb":{"@id":"https:\/\/www.alveus.eu\/es\/blog\/curcuma\/#breadcrumb"},"inLanguage":"es","potentialAction":[{"@type":"ReadAction","target":["https:\/\/www.alveus.eu\/es\/blog\/curcuma\/"]}]},{"@type":"ImageObject","inLanguage":"es","@id":"https:\/\/www.alveus.eu\/es\/blog\/curcuma\/#primaryimage","url":"https:\/\/www.alveus.eu\/wp-content\/uploads\/089_a.jpg","contentUrl":"https:\/\/www.alveus.eu\/wp-content\/uploads\/089_a.jpg","width":900,"height":600,"caption":"Ra\u00edz de c\u00farcuma"},{"@type":"BreadcrumbList","@id":"https:\/\/www.alveus.eu\/es\/blog\/curcuma\/#breadcrumb","itemListElement":[{"@type":"ListItem","position":1,"name":"Home","item":"https:\/\/www.alveus.eu\/es"},{"@type":"ListItem","position":2,"name":"Hierbas y Especias","item":"https:\/\/www.alveus.eu\/es\/blog\/category\/hierbas-y-especias\/"},{"@type":"ListItem","position":3,"name":"La c\u00farcuma, la ra\u00edz que vuelve oro blends y platos"}]},{"@type":"WebSite","@id":"https:\/\/www.alveus.eu\/es#website","url":"https:\/\/www.alveus.eu\/es","name":"Alveus","description":"","publisher":{"@id":"https:\/\/www.alveus.eu\/es#organization"},"potentialAction":[{"@type":"SearchAction","target":{"@type":"EntryPoint","urlTemplate":"https:\/\/www.alveus.eu\/es?s={search_term_string}"},"query-input":{"@type":"PropertyValueSpecification","valueRequired":true,"valueName":"search_term_string"}}],"inLanguage":"es"},{"@type":"Organization","@id":"https:\/\/www.alveus.eu\/es#organization","name":"Alveus","alternateName":"Alveus Premium Teas","url":"https:\/\/www.alveus.eu\/es","logo":{"@type":"ImageObject","inLanguage":"es","@id":"https:\/\/www.alveus.eu\/es#\/schema\/logo\/image\/","url":"https:\/\/www.alveus.eu\/wp-content\/uploads\/2023\/07\/alveus-logo-primary.png","contentUrl":"https:\/\/www.alveus.eu\/wp-content\/uploads\/2023\/07\/alveus-logo-primary.png","width":248,"height":248,"caption":"Alveus"},"image":{"@id":"https:\/\/www.alveus.eu\/es#\/schema\/logo\/image\/"},"sameAs":["https:\/\/www.facebook.com\/alveusinternational\/","https:\/\/www.instagram.com\/alveustea\/","https:\/\/de.linkedin.com\/company\/alveustea"]},{"@type":"Person","@id":"https:\/\/www.alveus.eu\/es#\/schema\/person\/6864b22051c6c128b3c72edaeac35855","name":"Alveus Blog Team","image":{"@type":"ImageObject","inLanguage":"es","@id":"https:\/\/secure.gravatar.com\/avatar\/f951c832a9809c8d01d2ce4fa8bb10716ac4997c3cf93244fa19413f7d28b08e?s=96&d=mm&r=g","url":"https:\/\/secure.gravatar.com\/avatar\/f951c832a9809c8d01d2ce4fa8bb10716ac4997c3cf93244fa19413f7d28b08e?s=96&d=mm&r=g","contentUrl":"https:\/\/secure.gravatar.com\/avatar\/f951c832a9809c8d01d2ce4fa8bb10716ac4997c3cf93244fa19413f7d28b08e?s=96&d=mm&r=g","caption":"Alveus Blog Team"},"description":"Editorial team formed by tea professionals from different countries. We are driven by our passion for tea and the dissemination of its culture.","sameAs":["https:\/\/www.alveus.eu\/"]}]}},"_links":{"self":[{"href":"https:\/\/www.alveus.eu\/es\/wp-json\/wp\/v2\/posts\/54844","targetHints":{"allow":["GET"]}}],"collection":[{"href":"https:\/\/www.alveus.eu\/es\/wp-json\/wp\/v2\/posts"}],"about":[{"href":"https:\/\/www.alveus.eu\/es\/wp-json\/wp\/v2\/types\/post"}],"author":[{"embeddable":true,"href":"https:\/\/www.alveus.eu\/es\/wp-json\/wp\/v2\/users\/11"}],"replies":[{"embeddable":true,"href":"https:\/\/www.alveus.eu\/es\/wp-json\/wp\/v2\/comments?post=54844"}],"version-history":[{"count":4,"href":"https:\/\/www.alveus.eu\/es\/wp-json\/wp\/v2\/posts\/54844\/revisions"}],"predecessor-version":[{"id":54996,"href":"https:\/\/www.alveus.eu\/es\/wp-json\/wp\/v2\/posts\/54844\/revisions\/54996"}],"wp:featuredmedia":[{"embeddable":true,"href":"https:\/\/www.alveus.eu\/es\/wp-json\/wp\/v2\/media\/54862"}],"wp:attachment":[{"href":"https:\/\/www.alveus.eu\/es\/wp-json\/wp\/v2\/media?parent=54844"}],"wp:term":[{"taxonomy":"category","embeddable":true,"href":"https:\/\/www.alveus.eu\/es\/wp-json\/wp\/v2\/categories?post=54844"},{"taxonomy":"post_tag","embeddable":true,"href":"https:\/\/www.alveus.eu\/es\/wp-json\/wp\/v2\/tags?post=54844"}],"curies":[{"name":"wp","href":"https:\/\/api.w.org\/{rel}","templated":true}]}}