{"id":60007,"date":"2026-02-20T12:57:05","date_gmt":"2026-02-20T11:57:05","guid":{"rendered":"https:\/\/www.alveus.eu\/?p=60007"},"modified":"2026-02-23T13:12:45","modified_gmt":"2026-02-23T12:12:45","slug":"cardamomo-que-es","status":"publish","type":"post","link":"https:\/\/www.alveus.eu\/es\/blog\/cardamomo-que-es\/","title":{"rendered":"Cardamomo: la especia que eleva las mezclas de t\u00e9 e infusiones"},"content":{"rendered":"\t\t<div data-elementor-type=\"wp-post\" data-elementor-id=\"60007\" class=\"elementor elementor-60007\" data-elementor-post-type=\"post\">\n\t\t\t\t<div class=\"elementor-element elementor-element-ec48546 e-con-full e-flex e-con e-parent\" data-id=\"ec48546\" data-element_type=\"container\" data-e-type=\"container\">\n\t\t\t\t<div class=\"elementor-element elementor-element-5629397 elementor-widget elementor-widget-text-editor\" data-id=\"5629397\" data-element_type=\"widget\" data-e-type=\"widget\" data-widget_type=\"text-editor.default\">\n\t\t\t\t<div class=\"elementor-widget-container\">\n\t\t\t\t\t\t\t\t\t<p><span style=\"font-weight: 400;\">Entre las especias m\u00e1s valoradas en el mundo del t\u00e9 profesional, el cardamomo ocupa un lugar destacado. Su demanda no ha dejado de crecer gracias a su versatilidad, su perfil arom\u00e1tico \u00fanico y su capacidad para transformar cualquier mezcla de t\u00e9, infusiones y especias.&nbsp;<\/span><\/p>\n<p><span style=\"font-weight: 400;\">A lo largo de esta gu\u00eda exploraremos su origen, sus caracter\u00edsticas bot\u00e1nicas, sus variedades m\u00e1s empleadas, su sabor y sus aplicaciones en mezclas.<\/span><\/p>\t\t\t\t\t\t\t\t<\/div>\n\t\t\t\t<\/div>\n\t\t\t\t<div class=\"elementor-element elementor-element-81850a7 elementor-toc--minimized-on-tablet elementor-widget elementor-widget-table-of-contents\" data-id=\"81850a7\" data-element_type=\"widget\" data-e-type=\"widget\" data-settings=\"{&quot;headings_by_tags&quot;:[&quot;h2&quot;],&quot;exclude_headings_by_selector&quot;:&quot;.elementor-grid .elementor-heading-title&quot;,&quot;no_headings_message&quot;:&quot;No headings were found on this page.&quot;,&quot;marker_view&quot;:&quot;numbers&quot;,&quot;minimize_box&quot;:&quot;yes&quot;,&quot;minimized_on&quot;:&quot;tablet&quot;,&quot;hierarchical_view&quot;:&quot;yes&quot;,&quot;min_height&quot;:{&quot;unit&quot;:&quot;px&quot;,&quot;size&quot;:&quot;&quot;,&quot;sizes&quot;:[]},&quot;min_height_tablet&quot;:{&quot;unit&quot;:&quot;px&quot;,&quot;size&quot;:&quot;&quot;,&quot;sizes&quot;:[]},&quot;min_height_mobile&quot;:{&quot;unit&quot;:&quot;px&quot;,&quot;size&quot;:&quot;&quot;,&quot;sizes&quot;:[]}}\" data-widget_type=\"table-of-contents.default\">\n\t\t\t\t<div class=\"elementor-widget-container\">\n\t\t\t\t\t\t\t\t\t<div class=\"elementor-toc__header\">\n\t\t\t\t\t\t<div class=\"elementor-toc__header-title\">\n\t\t\t\tContenidos\t\t\t<\/div>\n\t\t\t\t\t\t\t\t\t\t<div class=\"elementor-toc__toggle-button elementor-toc__toggle-button--expand\" role=\"button\" tabindex=\"0\" aria-controls=\"elementor-toc__81850a7\" aria-expanded=\"true\" aria-label=\"Abrir la tabla de contenidos\"><i aria-hidden=\"true\" class=\"alveus alveus-arrow\"><\/i><\/div>\n\t\t\t\t<div class=\"elementor-toc__toggle-button elementor-toc__toggle-button--collapse\" role=\"button\" tabindex=\"0\" aria-controls=\"elementor-toc__81850a7\" aria-expanded=\"true\" aria-label=\"Cerrar la tabla de contenidos\"><i aria-hidden=\"true\" class=\"alveus alveus-close\"><\/i><\/div>\n\t\t\t\t\t<\/div>\n\t\t\t\t<div id=\"elementor-toc__81850a7\" class=\"elementor-toc__body\">\n\t\t\t<div class=\"elementor-toc__spinner-container\">\n\t\t\t\t<i class=\"elementor-toc__spinner eicon-animation-spin eicon-loading\" aria-hidden=\"true\"><\/i>\t\t\t<\/div>\n\t\t<\/div>\n\t\t\t\t\t\t<\/div>\n\t\t\t\t<\/div>\n\t\t\t\t<div class=\"elementor-element elementor-element-aeb460f elementor-widget elementor-widget-heading\" data-id=\"aeb460f\" data-element_type=\"widget\" data-e-type=\"widget\" data-widget_type=\"heading.default\">\n\t\t\t\t<div class=\"elementor-widget-container\">\n\t\t\t\t\t<h2 class=\"elementor-heading-title elementor-size-default\">\u00bfQu\u00e9 es el cardamomo?\n\n<\/h2>\t\t\t\t<\/div>\n\t\t\t\t<\/div>\n\t\t\t\t<div class=\"elementor-element elementor-element-9fe3550 elementor-widget elementor-widget-image\" data-id=\"9fe3550\" data-element_type=\"widget\" data-e-type=\"widget\" data-widget_type=\"image.default\">\n\t\t\t\t<div class=\"elementor-widget-container\">\n\t\t\t\t\t\t\t\t\t\t\t\t\t\t\t<img fetchpriority=\"high\" decoding=\"async\" width=\"900\" height=\"600\" src=\"https:\/\/www.alveus.eu\/wp-content\/uploads\/112_a-2.jpg\" class=\"attachment-large size-large wp-image-60028\" alt=\"planta del cardamomo\" srcset=\"https:\/\/www.alveus.eu\/wp-content\/uploads\/112_a-2.jpg 900w, https:\/\/www.alveus.eu\/wp-content\/uploads\/112_a-2-300x200.jpg 300w, https:\/\/www.alveus.eu\/wp-content\/uploads\/112_a-2-768x512.jpg 768w\" sizes=\"(max-width: 900px) 100vw, 900px\" \/>\t\t\t\t\t\t\t\t\t\t\t\t\t\t\t<\/div>\n\t\t\t\t<\/div>\n\t\t\t\t<div class=\"elementor-element elementor-element-deddede elementor-widget elementor-widget-text-editor\" data-id=\"deddede\" data-element_type=\"widget\" data-e-type=\"widget\" data-widget_type=\"text-editor.default\">\n\t\t\t\t<div class=\"elementor-widget-container\">\n\t\t\t\t\t\t\t\t\t<p><span style=\"font-weight: 400;\">El cardamomo <\/span><b>(Elettaria cardamomum)<\/b><span style=\"font-weight: 400;\"> es una <\/span><b>especia arom\u00e1tica con un perfil olfativo y sabor distintivo<\/b><span style=\"font-weight: 400;\"> que la ha convertido en un ingrediente indispensable tanto en la gastronom\u00eda como en la industria del t\u00e9 y las infusiones.\u00a0<\/span><\/p><p><span style=\"font-weight: 400;\">Se obtiene de las c\u00e1psulas o vainas de plantas de los g\u00e9neros Elettaria y Amomum, pertenecientes a la familia Zingiberaceae, la misma que incluye el jengibre y la c\u00farcuma.\u00a0<\/span><\/p><p><span style=\"font-weight: 400;\">Su perfil sensorial fresco, c\u00e1lido y ligeramente c\u00edtrico, lo ha convertido en un sello distintivo de mezclas tradicionales y sigue inspirando la creatividad en formulaciones modernas de t\u00e9s y blends gourmet.<\/span><\/p>\t\t\t\t\t\t\t\t<\/div>\n\t\t\t\t<\/div>\n\t\t\t\t<div class=\"elementor-element elementor-element-d71a9ea elementor-widget elementor-widget-heading\" data-id=\"d71a9ea\" data-element_type=\"widget\" data-e-type=\"widget\" data-widget_type=\"heading.default\">\n\t\t\t\t<div class=\"elementor-widget-container\">\n\t\t\t\t\t<h2 class=\"elementor-heading-title elementor-size-default\">Antecedentes, origen y evoluci\u00f3n hist\u00f3rica\n<\/h2>\t\t\t\t<\/div>\n\t\t\t\t<\/div>\n\t\t\t\t<div class=\"elementor-element elementor-element-4f8e3e0 elementor-widget elementor-widget-text-editor\" data-id=\"4f8e3e0\" data-element_type=\"widget\" data-e-type=\"widget\" data-widget_type=\"text-editor.default\">\n\t\t\t\t<div class=\"elementor-widget-container\">\n\t\t\t\t\t\t\t\t\t<p><span style=\"font-weight: 400;\">El cardamomo tiene su origen en los bosques h\u00famedos del sur de la India, especialmente en los Ghats Occidentales, y en Sri Lanka, regiones caracterizadas por su biodiversidad y condiciones clim\u00e1ticas \u00fanicas.\u00a0<\/span><\/p><p><span style=\"font-weight: 400;\">Desde estos territorios, la especia comenz\u00f3 a viajar a lo largo de rutas comerciales antiguas, llegando primero a Birmania y el sudeste asi\u00e1tico, y posteriormente a Oriente Medio y Europa.\u00a0<\/span><\/p>\t\t\t\t\t\t\t\t<\/div>\n\t\t\t\t<\/div>\n\t\t<div class=\"elementor-element elementor-element-41e3ce9 e-flex e-con-boxed e-con e-child\" data-id=\"41e3ce9\" data-element_type=\"container\" data-e-type=\"container\" data-settings=\"{&quot;background_background&quot;:&quot;classic&quot;}\">\n\t\t\t\t\t<div class=\"e-con-inner\">\n\t\t\t\t<div class=\"elementor-element elementor-element-05d6455 elementor-widget__width-initial elementor-widget-mobile__width-inherit elementor-view-default elementor-widget elementor-widget-icon\" data-id=\"05d6455\" data-element_type=\"widget\" data-e-type=\"widget\" data-widget_type=\"icon.default\">\n\t\t\t\t<div class=\"elementor-widget-container\">\n\t\t\t\t\t\t\t<div class=\"elementor-icon-wrapper\">\n\t\t\t<div class=\"elementor-icon\">\n\t\t\t<svg xmlns=\"http:\/\/www.w3.org\/2000\/svg\" id=\"Layer_2\" data-name=\"Layer 2\" viewBox=\"0 0 192 192\"><defs><style> .cls-1 { fill: none; } .cls-2 { fill: #1d1d1b; } <\/style><\/defs><g id=\"medida\"><g><rect class=\"cls-1\" width=\"192\" height=\"192\"><\/rect><g><path class=\"cls-2\" d=\"M50.98,81.76h-15.81c-1.93,0-3.5,1.57-3.5,3.5s1.57,3.5,3.5,3.5h15.81c1.93,0,3.5-1.57,3.5-3.5s-1.57-3.5-3.5-3.5Z\"><\/path><path class=\"cls-2\" d=\"M64.9,53.79c1.37-1.37,1.37-3.58,0-4.95l-10.12-10.12c-1.37-1.37-3.58-1.37-4.95,0-1.37,1.37-1.37,3.58,0,4.95l10.12,10.12c.68,.68,1.58,1.03,2.47,1.03s1.79-.34,2.47-1.03Z\"><\/path><path class=\"cls-2\" d=\"M145.27,38.72c-1.37-1.37-3.58-1.37-4.95,0l-10.12,10.12c-1.37,1.37-1.37,3.58,0,4.95,.68,.68,1.58,1.03,2.47,1.03s1.79-.34,2.47-1.03l10.12-10.12c1.37-1.37,1.37-3.58,0-4.95Z\"><\/path><path class=\"cls-2\" d=\"M97.75,42c1.93,0,3.5-1.57,3.5-3.5v-14.15c0-1.93-1.57-3.5-3.5-3.5s-3.5,1.57-3.5,3.5v14.15c0,1.93,1.57,3.5,3.5,3.5Z\"><\/path><path class=\"cls-2\" d=\"M156.83,81.76h-14.03c-1.93,0-3.5,1.57-3.5,3.5s1.57,3.5,3.5,3.5h14.03c1.93,0,3.5-1.57,3.5-3.5s-1.57-3.5-3.5-3.5Z\"><\/path><path class=\"cls-2\" d=\"M97.75,48.42c-19.84,0-35.98,16.14-35.98,35.98,0,5.06,.99,9.78,3.03,14.44,.96,2.2,2.35,4.65,3.82,7.25,2.14,3.78,4.57,8.07,5.66,11.69,5.01,16.67,2.59,32.29,2.56,32.45l-.05,.56c0,11.22,9.13,20.36,20.36,20.36s20.36-9.13,20.36-20.36l-.04-.56c-.01-.09-.83-5.44-.21-13.48,.08-.29,.13-.58,.13-.89,0-.1-.02-.19-.03-.29,.48-5.16,1.55-11.3,3.76-17.81,1.37-4.04,4.12-8.95,6.55-13.28,1.09-1.95,2.12-3.79,2.96-5.44,2.75-5.36,3.12-10.41,3.12-14.64,0-19.84-16.14-35.98-35.98-35.98Zm12.3,90.94c-.16,4.07,0,7.32,.19,9.41h-26.18c.21-2.1,.44-5.36,.39-9.41h25.6Zm-12.91,24.79c-5.6,0-10.4-3.48-12.38-8.38h24.76c-1.98,4.9-6.78,8.38-12.38,8.38Zm27.24-68.3c-.79,1.54-1.79,3.32-2.84,5.21-2.57,4.6-5.49,9.8-7.07,14.45-2.06,6.07-3.23,11.82-3.85,16.86h-9.68c.34-.54,.54-1.17,.54-1.86v-19.97c5.79-1.55,10.07-6.82,10.07-13.1,0-1.93-1.57-3.5-3.5-3.5s-3.5,1.57-3.5,3.5c0,3.62-2.95,6.57-6.57,6.57s-6.57-2.95-6.57-6.57c0-1.93-1.57-3.5-3.5-3.5s-3.5,1.57-3.5,3.5c0,6.27,4.28,11.55,10.07,13.1v19.97c0,.68,.2,1.32,.54,1.86h-10.93c-.44-5.05-1.37-10.74-3.14-16.6-1.31-4.37-3.95-9.02-6.27-13.12-1.38-2.44-2.68-4.74-3.5-6.6-1.64-3.76-2.44-7.56-2.44-11.64,0-15.98,13-28.98,28.98-28.98s28.98,13,28.98,28.98c0,4.87-.68,8.19-2.35,11.45Z\"><\/path><\/g><\/g><\/g><\/svg>\t\t\t<\/div>\n\t\t<\/div>\n\t\t\t\t\t\t<\/div>\n\t\t\t\t<\/div>\n\t\t\t\t<div class=\"elementor-element elementor-element-eb27c75 elementor-widget__width-inherit elementor-widget elementor-widget-heading\" data-id=\"eb27c75\" data-element_type=\"widget\" data-e-type=\"widget\" data-widget_type=\"heading.default\">\n\t\t\t\t<div class=\"elementor-widget-container\">\n\t\t\t\t\t<span class=\"elementor-heading-title elementor-size-default\">A lo largo de la historia el cardamomo ha sido s\u00edmbolo de prestigio y poder. En las cortes reales de Asia y Oriente Medio se empleaba como muestra de hospitalidad y lujo, mientras que en perfumer\u00eda y mezclas arom\u00e1ticas su fragancia era considerada un bien de valor. \n<\/span>\t\t\t\t<\/div>\n\t\t\t\t<\/div>\n\t\t\t\t\t<\/div>\n\t\t\t\t<\/div>\n\t\t\t\t<div class=\"elementor-element elementor-element-cc293e0 elementor-widget elementor-widget-text-editor\" data-id=\"cc293e0\" data-element_type=\"widget\" data-e-type=\"widget\" data-widget_type=\"text-editor.default\">\n\t\t\t\t<div class=\"elementor-widget-container\">\n\t\t\t\t\t\t\t\t\t<p><span style=\"font-weight: 400;\">Durante la Edad Media, el cardamomo se convirti\u00f3 en un motor del comercio de especias, transitando por rutas \u00e1rabes hasta llegar a Europa, donde pronto se incorpor\u00f3 a la reposter\u00eda, los panes especiados y las bebidas calientes.\u00a0<\/span><\/p>\t\t\t\t\t\t\t\t<\/div>\n\t\t\t\t<\/div>\n\t\t\t\t<div class=\"elementor-element elementor-element-86c61a3 elementor-widget elementor-widget-heading\" data-id=\"86c61a3\" data-element_type=\"widget\" data-e-type=\"widget\" data-widget_type=\"heading.default\">\n\t\t\t\t<div class=\"elementor-widget-container\">\n\t\t\t\t\t<h3 class=\"elementor-heading-title elementor-size-default\">El cardamomo en el ayurveda\n<\/h3>\t\t\t\t<\/div>\n\t\t\t\t<\/div>\n\t\t\t\t<div class=\"elementor-element elementor-element-e5f71a4 elementor-widget elementor-widget-text-editor\" data-id=\"e5f71a4\" data-element_type=\"widget\" data-e-type=\"widget\" data-widget_type=\"text-editor.default\">\n\t\t\t\t<div class=\"elementor-widget-container\">\n\t\t\t\t\t\t\t\t\t<p><span style=\"font-weight: 400;\">El cardamomo ha sido un ingrediente central en la <\/span><b>Ayurveda<\/b><span style=\"font-weight: 400;\">, la medicina tradicional de la India, durante miles de a\u00f1os. Se valoraba por su versatilidad en infusiones, bebidas especiadas y preparaciones rituales.\u00a0<\/span><\/p><p><span style=\"font-weight: 400;\">En este contexto, el <\/span><b>cardamomo ayurveda<\/b><span style=\"font-weight: 400;\"> se integraba en f\u00f3rmulas funcionales tradicionales para potenciar aromas, equilibrar mezclas, aportar beneficios digestivos y matices sensoriales.\u00a0<\/span><\/p>\t\t\t\t\t\t\t\t<\/div>\n\t\t\t\t<\/div>\n\t\t\t\t<div class=\"elementor-element elementor-element-3e50bca elementor-widget elementor-widget-heading\" data-id=\"3e50bca\" data-element_type=\"widget\" data-e-type=\"widget\" data-widget_type=\"heading.default\">\n\t\t\t\t<div class=\"elementor-widget-container\">\n\t\t\t\t\t<h2 class=\"elementor-heading-title elementor-size-default\">Caracter\u00edsticas bot\u00e1nicas del cardamomo\n<\/h2>\t\t\t\t<\/div>\n\t\t\t\t<\/div>\n\t\t\t\t<div class=\"elementor-element elementor-element-f7faf32 elementor-widget elementor-widget-text-editor\" data-id=\"f7faf32\" data-element_type=\"widget\" data-e-type=\"widget\" data-widget_type=\"text-editor.default\">\n\t\t\t\t<div class=\"elementor-widget-container\">\n\t\t\t\t\t\t\t\t\t<p><span style=\"font-weight: 400;\">El cardamomo es una planta perenne de la familia <\/span><b>Zingiberaceae<\/b><span style=\"font-weight: 400;\">, que crece en racimos densos y desarrolla rizomas fuertes que sostienen sus tallos y hojas. Es una planta que se cultiva en climas tropicales h\u00famedos, con sombra parcial y suelos ricos, condiciones que ayudan a que sus semillas desarrollen su aroma caracter\u00edstico.<\/span><\/p><p><span style=\"font-weight: 400;\">Algunas de sus caracter\u00edsticas m\u00e1s destacadas son:<\/span><\/p><ul><li style=\"font-weight: 400;\" aria-level=\"1\"><b>Hojas<\/b><span style=\"font-weight: 400;\">: largas, lanceoladas, verdes y arom\u00e1ticas.<\/span><\/li><li style=\"font-weight: 400;\" aria-level=\"1\"><b>Flores<\/b><span style=\"font-weight: 400;\">: hermafroditas, de tonos verdosos con detalles blancos y morados.<\/span><\/li><li style=\"font-weight: 400;\" aria-level=\"1\"><b>Fruto<\/b><span style=\"font-weight: 400;\">: c\u00e1psula trilocular de 1-2 cm que contiene en su interior entre 10 y 20 semillas de cardamomo, responsables del aroma intenso.<\/span><\/li><\/ul><p><span style=\"font-weight: 400;\">El ciclo de producci\u00f3n del cardamomo es relativamente largo, ya que la planta tarda alrededor de tres a\u00f1os en generar frutos de calidad. Esta combinaci\u00f3n de crecimiento lento, cuidado manual en la cosecha y particularidades bot\u00e1nicas <\/span><b>contribuye a su exclusividad y a su valor <\/b><span style=\"font-weight: 400;\">dentro del mercado.<\/span><\/p>\t\t\t\t\t\t\t\t<\/div>\n\t\t\t\t<\/div>\n\t\t\t\t<div class=\"elementor-element elementor-element-e52c8a4 elementor-widget elementor-widget-image\" data-id=\"e52c8a4\" data-element_type=\"widget\" data-e-type=\"widget\" data-widget_type=\"image.default\">\n\t\t\t\t<div class=\"elementor-widget-container\">\n\t\t\t\t\t\t\t\t\t\t\t\t\t\t\t<img decoding=\"async\" width=\"1000\" height=\"738\" src=\"https:\/\/www.alveus.eu\/wp-content\/uploads\/112_b.png\" class=\"attachment-large size-large wp-image-60023\" alt=\"Taxonom\u00eda del cardamomo\" srcset=\"https:\/\/www.alveus.eu\/wp-content\/uploads\/112_b.png 1000w, https:\/\/www.alveus.eu\/wp-content\/uploads\/112_b-300x221.png 300w, https:\/\/www.alveus.eu\/wp-content\/uploads\/112_b-768x567.png 768w\" sizes=\"(max-width: 1000px) 100vw, 1000px\" \/>\t\t\t\t\t\t\t\t\t\t\t\t\t\t\t<\/div>\n\t\t\t\t<\/div>\n\t\t\t\t<div class=\"elementor-element elementor-element-541f309 elementor-widget elementor-widget-heading\" data-id=\"541f309\" data-element_type=\"widget\" data-e-type=\"widget\" data-widget_type=\"heading.default\">\n\t\t\t\t<div class=\"elementor-widget-container\">\n\t\t\t\t\t<h2 class=\"elementor-heading-title elementor-size-default\">Composici\u00f3n fitoqu\u00edmica y principios activos\n<\/h2>\t\t\t\t<\/div>\n\t\t\t\t<\/div>\n\t\t\t\t<div class=\"elementor-element elementor-element-2b327b4 elementor-widget elementor-widget-text-editor\" data-id=\"2b327b4\" data-element_type=\"widget\" data-e-type=\"widget\" data-widget_type=\"text-editor.default\">\n\t\t\t\t<div class=\"elementor-widget-container\">\n\t\t\t\t\t\t\t\t\t<p><span style=\"font-weight: 400;\">El cardamomo debe su aroma \u00fanico a una mezcla compleja de compuestos presentes en sus semillas. Los m\u00e1s destacados son los <\/span><b>aceites esenciales<\/b><span style=\"font-weight: 400;\">, entre los que se encuentran 1,8-cineol (eucaliptol), acetato de terpinilo, linalol, limoneno y sabinene.\u00a0<\/span><\/p><p><span style=\"font-weight: 400;\">La proporci\u00f3n de estos compuestos puede cambiar seg\u00fan la especie, la regi\u00f3n de cultivo, la \u00e9poca de cosecha y el m\u00e9todo de secado, lo que influye en el aroma y el sabor final al formular t\u00e9s e infusiones.<\/span><\/p><p><span style=\"font-weight: 400;\">Adem\u00e1s, el cardamomo contiene <\/span><b>flavonoides, esteroles y saponinas<\/b><span style=\"font-weight: 400;\">, que aportan complejidad y matices arom\u00e1ticos adicionales. <\/span><\/p>\t\t\t\t\t\t\t\t<\/div>\n\t\t\t\t<\/div>\n\t\t\t\t<div class=\"elementor-element elementor-element-6abbd7b elementor-widget elementor-widget-heading\" data-id=\"6abbd7b\" data-element_type=\"widget\" data-e-type=\"widget\" data-widget_type=\"heading.default\">\n\t\t\t\t<div class=\"elementor-widget-container\">\n\t\t\t\t\t<h2 class=\"elementor-heading-title elementor-size-default\">Producci\u00f3n actual del cardamomo\n<\/h2>\t\t\t\t<\/div>\n\t\t\t\t<\/div>\n\t\t\t\t<div class=\"elementor-element elementor-element-ebc64e0 elementor-widget elementor-widget-text-editor\" data-id=\"ebc64e0\" data-element_type=\"widget\" data-e-type=\"widget\" data-widget_type=\"text-editor.default\">\n\t\t\t\t<div class=\"elementor-widget-container\">\n\t\t\t\t\t\t\t\t\t<p><span style=\"font-weight: 400;\">Actualmente, las principales regiones productoras incluyen <\/span><b>India, Guatemala, Sri Lanka, Tanzania y Vietnam<\/b><span style=\"font-weight: 400;\">, aunque cada zona aporta matices distintos al producto final.\u00a0<\/span><\/p><p><span style=\"font-weight: 400;\">En India, los cultivos de los Ghats Occidentales producen cardamomo con un aroma fresco y resinoso, mientras que en Guatemala, donde el cultivo se ha industrializado, las vainas tienden a ser m\u00e1s grandes y uniformes, con un perfil arom\u00e1tico intenso y estable.<\/span><\/p><p><span style=\"font-weight: 400;\">La producci\u00f3n de cardamomo requiere procesos muy manuales, lo que significa que cada lote refleja tanto la geograf\u00eda como el cuidado del productor.<\/span><\/p>\t\t\t\t\t\t\t\t<\/div>\n\t\t\t\t<\/div>\n\t\t<div class=\"elementor-element elementor-element-e691b0b e-flex e-con-boxed e-con e-child\" data-id=\"e691b0b\" data-element_type=\"container\" data-e-type=\"container\" data-settings=\"{&quot;background_background&quot;:&quot;classic&quot;}\">\n\t\t\t\t\t<div class=\"e-con-inner\">\n\t\t\t\t<div class=\"elementor-element elementor-element-873f0d4 elementor-widget__width-initial elementor-widget-mobile__width-inherit elementor-view-default elementor-widget elementor-widget-icon\" data-id=\"873f0d4\" data-element_type=\"widget\" data-e-type=\"widget\" data-widget_type=\"icon.default\">\n\t\t\t\t<div class=\"elementor-widget-container\">\n\t\t\t\t\t\t\t<div class=\"elementor-icon-wrapper\">\n\t\t\t<div class=\"elementor-icon\">\n\t\t\t<svg xmlns=\"http:\/\/www.w3.org\/2000\/svg\" id=\"Layer_2\" data-name=\"Layer 2\" viewBox=\"0 0 192 192\"><defs><style> .cls-1 { fill: none; } .cls-2 { fill: #1d1d1b; } <\/style><\/defs><g id=\"medida\"><g><rect class=\"cls-1\" width=\"192\" height=\"192\"><\/rect><g><path class=\"cls-2\" d=\"M50.98,81.76h-15.81c-1.93,0-3.5,1.57-3.5,3.5s1.57,3.5,3.5,3.5h15.81c1.93,0,3.5-1.57,3.5-3.5s-1.57-3.5-3.5-3.5Z\"><\/path><path class=\"cls-2\" d=\"M64.9,53.79c1.37-1.37,1.37-3.58,0-4.95l-10.12-10.12c-1.37-1.37-3.58-1.37-4.95,0-1.37,1.37-1.37,3.58,0,4.95l10.12,10.12c.68,.68,1.58,1.03,2.47,1.03s1.79-.34,2.47-1.03Z\"><\/path><path class=\"cls-2\" d=\"M145.27,38.72c-1.37-1.37-3.58-1.37-4.95,0l-10.12,10.12c-1.37,1.37-1.37,3.58,0,4.95,.68,.68,1.58,1.03,2.47,1.03s1.79-.34,2.47-1.03l10.12-10.12c1.37-1.37,1.37-3.58,0-4.95Z\"><\/path><path class=\"cls-2\" d=\"M97.75,42c1.93,0,3.5-1.57,3.5-3.5v-14.15c0-1.93-1.57-3.5-3.5-3.5s-3.5,1.57-3.5,3.5v14.15c0,1.93,1.57,3.5,3.5,3.5Z\"><\/path><path class=\"cls-2\" d=\"M156.83,81.76h-14.03c-1.93,0-3.5,1.57-3.5,3.5s1.57,3.5,3.5,3.5h14.03c1.93,0,3.5-1.57,3.5-3.5s-1.57-3.5-3.5-3.5Z\"><\/path><path class=\"cls-2\" d=\"M97.75,48.42c-19.84,0-35.98,16.14-35.98,35.98,0,5.06,.99,9.78,3.03,14.44,.96,2.2,2.35,4.65,3.82,7.25,2.14,3.78,4.57,8.07,5.66,11.69,5.01,16.67,2.59,32.29,2.56,32.45l-.05,.56c0,11.22,9.13,20.36,20.36,20.36s20.36-9.13,20.36-20.36l-.04-.56c-.01-.09-.83-5.44-.21-13.48,.08-.29,.13-.58,.13-.89,0-.1-.02-.19-.03-.29,.48-5.16,1.55-11.3,3.76-17.81,1.37-4.04,4.12-8.95,6.55-13.28,1.09-1.95,2.12-3.79,2.96-5.44,2.75-5.36,3.12-10.41,3.12-14.64,0-19.84-16.14-35.98-35.98-35.98Zm12.3,90.94c-.16,4.07,0,7.32,.19,9.41h-26.18c.21-2.1,.44-5.36,.39-9.41h25.6Zm-12.91,24.79c-5.6,0-10.4-3.48-12.38-8.38h24.76c-1.98,4.9-6.78,8.38-12.38,8.38Zm27.24-68.3c-.79,1.54-1.79,3.32-2.84,5.21-2.57,4.6-5.49,9.8-7.07,14.45-2.06,6.07-3.23,11.82-3.85,16.86h-9.68c.34-.54,.54-1.17,.54-1.86v-19.97c5.79-1.55,10.07-6.82,10.07-13.1,0-1.93-1.57-3.5-3.5-3.5s-3.5,1.57-3.5,3.5c0,3.62-2.95,6.57-6.57,6.57s-6.57-2.95-6.57-6.57c0-1.93-1.57-3.5-3.5-3.5s-3.5,1.57-3.5,3.5c0,6.27,4.28,11.55,10.07,13.1v19.97c0,.68,.2,1.32,.54,1.86h-10.93c-.44-5.05-1.37-10.74-3.14-16.6-1.31-4.37-3.95-9.02-6.27-13.12-1.38-2.44-2.68-4.74-3.5-6.6-1.64-3.76-2.44-7.56-2.44-11.64,0-15.98,13-28.98,28.98-28.98s28.98,13,28.98,28.98c0,4.87-.68,8.19-2.35,11.45Z\"><\/path><\/g><\/g><\/g><\/svg>\t\t\t<\/div>\n\t\t<\/div>\n\t\t\t\t\t\t<\/div>\n\t\t\t\t<\/div>\n\t\t\t\t<div class=\"elementor-element elementor-element-1987838 elementor-widget__width-inherit elementor-widget elementor-widget-heading\" data-id=\"1987838\" data-element_type=\"widget\" data-e-type=\"widget\" data-widget_type=\"heading.default\">\n\t\t\t\t<div class=\"elementor-widget-container\">\n\t\t\t\t\t<span class=\"elementor-heading-title elementor-size-default\">Productores de India y Guatemala est\u00e1n adoptando pr\u00e1cticas de cultivo respetuosas con el medio ambiente, lo que permite ofrecer un cardamomo que combina calidad sensorial y trazabilidad.<\/span>\t\t\t\t<\/div>\n\t\t\t\t<\/div>\n\t\t\t\t\t<\/div>\n\t\t\t\t<\/div>\n\t\t\t\t<div class=\"elementor-element elementor-element-07cd9b9 elementor-widget elementor-widget-heading\" data-id=\"07cd9b9\" data-element_type=\"widget\" data-e-type=\"widget\" data-widget_type=\"heading.default\">\n\t\t\t\t<div class=\"elementor-widget-container\">\n\t\t\t\t\t<h2 class=\"elementor-heading-title elementor-size-default\">Tipos de cardamomo\n<\/h2>\t\t\t\t<\/div>\n\t\t\t\t<\/div>\n\t\t\t\t<div class=\"elementor-element elementor-element-a934663 elementor-widget elementor-widget-text-editor\" data-id=\"a934663\" data-element_type=\"widget\" data-e-type=\"widget\" data-widget_type=\"text-editor.default\">\n\t\t\t\t<div class=\"elementor-widget-container\">\n\t\t\t\t\t\t\t\t\t<p><span style=\"font-weight: 400;\">En el mercado profesional, los tipos de cardamomo m\u00e1s relevantes son:<\/span><\/p>\t\t\t\t\t\t\t\t<\/div>\n\t\t\t\t<\/div>\n\t\t\t\t<div class=\"elementor-element elementor-element-1844fed elementor-widget elementor-widget-heading\" data-id=\"1844fed\" data-element_type=\"widget\" data-e-type=\"widget\" data-widget_type=\"heading.default\">\n\t\t\t\t<div class=\"elementor-widget-container\">\n\t\t\t\t\t<h3 class=\"elementor-heading-title elementor-size-default\">Cardamomo verde (Elettaria cardamomum)\n<\/h3>\t\t\t\t<\/div>\n\t\t\t\t<\/div>\n\t\t\t\t<div class=\"elementor-element elementor-element-981c80e elementor-widget elementor-widget-text-editor\" data-id=\"981c80e\" data-element_type=\"widget\" data-e-type=\"widget\" data-widget_type=\"text-editor.default\">\n\t\t\t\t<div class=\"elementor-widget-container\">\n\t\t\t\t\t\t\t\t\t<ul><li style=\"font-weight: 400;\" aria-level=\"1\"><b>Origen y cultivo:<\/b><span style=\"font-weight: 400;\"> Se encuentra principalmente en los bosques h\u00famedos del sur de la India (especialmente Kerala y Karnataka) y Sri Lanka. Su cultivo exige sombra parcial, suelos ricos y humedad constante.<\/span><\/li><li style=\"font-weight: 400;\" aria-level=\"1\"><b>Perfil arom\u00e1tico:<\/b><span style=\"font-weight: 400;\"> Fresco, floral y ligeramente c\u00edtrico, con una sensaci\u00f3n resinoso-dulce que lo hace muy vers\u00e1til en t\u00e9s y mezclas arom\u00e1ticas.<\/span><\/li><li style=\"font-weight: 400;\" aria-level=\"1\"><b>Uso profesional:<\/b><span> Es la variedad m\u00e1s utilizada en la industria del t\u00e9 gracias a su aroma intenso y persistente.<\/span><\/li><\/ul>\t\t\t\t\t\t\t\t<\/div>\n\t\t\t\t<\/div>\n\t\t\t\t<div class=\"elementor-element elementor-element-dd25fe4 elementor-widget elementor-widget-heading\" data-id=\"dd25fe4\" data-element_type=\"widget\" data-e-type=\"widget\" data-widget_type=\"heading.default\">\n\t\t\t\t<div class=\"elementor-widget-container\">\n\t\t\t\t\t<h3 class=\"elementor-heading-title elementor-size-default\">Cardamomo negro (Amomum subulatum)\n<\/h3>\t\t\t\t<\/div>\n\t\t\t\t<\/div>\n\t\t\t\t<div class=\"elementor-element elementor-element-eff3097 elementor-widget elementor-widget-text-editor\" data-id=\"eff3097\" data-element_type=\"widget\" data-e-type=\"widget\" data-widget_type=\"text-editor.default\">\n\t\t\t\t<div class=\"elementor-widget-container\">\n\t\t\t\t\t\t\t\t\t<ul><li style=\"font-weight: 400;\" aria-level=\"1\"><b>Origen y cultivo:<\/b><span style=\"font-weight: 400;\"> Se cultiva principalmente en Nepal, el norte de la India y But\u00e1n. Requiere altitudes m\u00e1s elevadas y climas ligeramente m\u00e1s fr\u00edos que el cardamomo verde.<\/span><\/li><li style=\"font-weight: 400;\" aria-level=\"1\"><b>Perfil arom\u00e1tico:<\/b><span style=\"font-weight: 400;\"> M\u00e1s robusto, con notas ahumadas y terrosas. Su car\u00e1cter profundo lo hace ideal para blends oscuros o infusiones de estilo indio del norte, donde aporta cuerpo y complejidad.<\/span><\/li><li style=\"font-weight: 400;\" aria-level=\"1\"><b>Uso profesional:<\/b><span> Aunque menos com\u00fan en t\u00e9s convencionales, es muy apreciado en propuestas gourmet, infusiones fuertes o mezclas que buscan un matiz especiado intenso.<\/span><\/li><\/ul>\t\t\t\t\t\t\t\t<\/div>\n\t\t\t\t<\/div>\n\t\t\t\t<div class=\"elementor-element elementor-element-dfecaea elementor-widget elementor-widget-image\" data-id=\"dfecaea\" data-element_type=\"widget\" data-e-type=\"widget\" data-widget_type=\"image.default\">\n\t\t\t\t<div class=\"elementor-widget-container\">\n\t\t\t\t\t\t\t\t\t\t\t\t\t\t\t<img decoding=\"async\" width=\"900\" height=\"600\" src=\"https:\/\/www.alveus.eu\/wp-content\/uploads\/112_c.jpg\" class=\"attachment-large size-large wp-image-60013\" alt=\"tipos de cardamomo\" srcset=\"https:\/\/www.alveus.eu\/wp-content\/uploads\/112_c.jpg 900w, https:\/\/www.alveus.eu\/wp-content\/uploads\/112_c-300x200.jpg 300w, https:\/\/www.alveus.eu\/wp-content\/uploads\/112_c-768x512.jpg 768w\" sizes=\"(max-width: 900px) 100vw, 900px\" \/>\t\t\t\t\t\t\t\t\t\t\t\t\t\t\t<\/div>\n\t\t\t\t<\/div>\n\t\t\t\t<div class=\"elementor-element elementor-element-c53b413 elementor-widget elementor-widget-heading\" data-id=\"c53b413\" data-element_type=\"widget\" data-e-type=\"widget\" data-widget_type=\"heading.default\">\n\t\t\t\t<div class=\"elementor-widget-container\">\n\t\t\t\t\t<h3 class=\"elementor-heading-title elementor-size-default\">Otras variedades<\/h3>\t\t\t\t<\/div>\n\t\t\t\t<\/div>\n\t\t\t\t<div class=\"elementor-element elementor-element-7f37a51 elementor-widget elementor-widget-text-editor\" data-id=\"7f37a51\" data-element_type=\"widget\" data-e-type=\"widget\" data-widget_type=\"text-editor.default\">\n\t\t\t\t<div class=\"elementor-widget-container\">\n\t\t\t\t\t\t\t\t\t<p><span style=\"font-weight: 400;\">Existen cruces naturales y variedades locales, como la <\/span><b>vazhuka en Kerala<\/b><span style=\"font-weight: 400;\">, que combinan caracter\u00edsticas de los tipos verde y negro. Estas plantas ofrecen perfiles arom\u00e1ticos intermedios; su producci\u00f3n es m\u00e1s limitada y suelen encontrarse en mercados especializados o como parte de selecciones premium para marcas de t\u00e9.<\/span><\/p>\t\t\t\t\t\t\t\t<\/div>\n\t\t\t\t<\/div>\n\t\t\t\t<div class=\"elementor-element elementor-element-d51f38a elementor-widget elementor-widget-heading\" data-id=\"d51f38a\" data-element_type=\"widget\" data-e-type=\"widget\" data-widget_type=\"heading.default\">\n\t\t\t\t<div class=\"elementor-widget-container\">\n\t\t\t\t\t<h2 class=\"elementor-heading-title elementor-size-default\">Qu\u00e9 partes del cardamomo se utilizan y por qu\u00e9\n<\/h2>\t\t\t\t<\/div>\n\t\t\t\t<\/div>\n\t\t\t\t<div class=\"elementor-element elementor-element-beb779e elementor-widget elementor-widget-text-editor\" data-id=\"beb779e\" data-element_type=\"widget\" data-e-type=\"widget\" data-widget_type=\"text-editor.default\">\n\t\t\t\t<div class=\"elementor-widget-container\">\n\t\t\t\t\t\t\t\t\t<p><span style=\"font-weight: 400;\">Las distintas partes del cardamomo se emplean seg\u00fan el efecto arom\u00e1tico y sensorial deseado en la mezcla:<\/span><\/p><ul><li style=\"font-weight: 400;\" aria-level=\"1\"><b>Vaina o c\u00e1psula entera<\/b><span style=\"font-weight: 400;\">: protege las semillas y permite que el aroma se libere de forma gradual durante la infusi\u00f3n, ofreciendo una experiencia arom\u00e1tica m\u00e1s completa.<\/span><\/li><li style=\"font-weight: 400;\" aria-level=\"1\"><b>Semillas<\/b><span style=\"font-weight: 400;\">: son la parte m\u00e1s concentrada en compuestos arom\u00e1ticos y sabor. Proporcionan m\u00e1xima intensidad y un perfil m\u00e1s directo y persistente que la vaina completa y son especialmente \u00fatiles cuando se quiere un perfil arom\u00e1tico marcado.<\/span><\/li><li style=\"font-weight: 400;\" aria-level=\"1\"><b>C\u00e1scara<\/b><span style=\"font-weight: 400;\">: aunque no aporta la misma potencia que las semillas, puede ofrecer notas vegetales y suaves, ideales para infusiones ligeras.<\/span><\/li><\/ul>\t\t\t\t\t\t\t\t<\/div>\n\t\t\t\t<\/div>\n\t\t\t\t<div class=\"elementor-element elementor-element-35ad9e2 elementor-widget elementor-widget-heading\" data-id=\"35ad9e2\" data-element_type=\"widget\" data-e-type=\"widget\" data-widget_type=\"heading.default\">\n\t\t\t\t<div class=\"elementor-widget-container\">\n\t\t\t\t\t<h2 class=\"elementor-heading-title elementor-size-default\">Usos tradicionales y aplicaciones actuales \n<\/h2>\t\t\t\t<\/div>\n\t\t\t\t<\/div>\n\t\t\t\t<div class=\"elementor-element elementor-element-2d7f726 elementor-widget elementor-widget-text-editor\" data-id=\"2d7f726\" data-element_type=\"widget\" data-e-type=\"widget\" data-widget_type=\"text-editor.default\">\n\t\t\t\t<div class=\"elementor-widget-container\">\n\t\t\t\t\t\t\t\t\t<p><span style=\"font-weight: 400;\">Tradicionalmente, el uso del cardamomo se centraba en realzar sabores y aportar frescura en la cocina y la bebida. Tambi\u00e9n formaba parte de rituales culinarios y de la medicina ayurv\u00e9dica, donde se valoraba por su papel equilibrante en sabores dulces y salados y su capacidad de acompa\u00f1ar comidas pesadas seg\u00fan la tradici\u00f3n.<\/span><\/p>\t\t\t\t\t\t\t\t<\/div>\n\t\t\t\t<\/div>\n\t\t<div class=\"elementor-element elementor-element-1831b38 e-flex e-con-boxed e-con e-child\" data-id=\"1831b38\" data-element_type=\"container\" data-e-type=\"container\" data-settings=\"{&quot;background_background&quot;:&quot;classic&quot;}\">\n\t\t\t\t\t<div class=\"e-con-inner\">\n\t\t\t\t<div class=\"elementor-element elementor-element-3624753 elementor-widget__width-initial elementor-widget-mobile__width-inherit elementor-view-default elementor-widget elementor-widget-icon\" data-id=\"3624753\" data-element_type=\"widget\" data-e-type=\"widget\" data-widget_type=\"icon.default\">\n\t\t\t\t<div class=\"elementor-widget-container\">\n\t\t\t\t\t\t\t<div class=\"elementor-icon-wrapper\">\n\t\t\t<div class=\"elementor-icon\">\n\t\t\t<svg xmlns=\"http:\/\/www.w3.org\/2000\/svg\" id=\"Layer_2\" data-name=\"Layer 2\" viewBox=\"0 0 192 192\"><defs><style> .cls-1 { fill: none; } .cls-2 { fill: #1d1d1b; } <\/style><\/defs><g id=\"medida\"><g><rect class=\"cls-1\" width=\"192\" height=\"192\"><\/rect><g><path class=\"cls-2\" d=\"M50.98,81.76h-15.81c-1.93,0-3.5,1.57-3.5,3.5s1.57,3.5,3.5,3.5h15.81c1.93,0,3.5-1.57,3.5-3.5s-1.57-3.5-3.5-3.5Z\"><\/path><path class=\"cls-2\" d=\"M64.9,53.79c1.37-1.37,1.37-3.58,0-4.95l-10.12-10.12c-1.37-1.37-3.58-1.37-4.95,0-1.37,1.37-1.37,3.58,0,4.95l10.12,10.12c.68,.68,1.58,1.03,2.47,1.03s1.79-.34,2.47-1.03Z\"><\/path><path class=\"cls-2\" d=\"M145.27,38.72c-1.37-1.37-3.58-1.37-4.95,0l-10.12,10.12c-1.37,1.37-1.37,3.58,0,4.95,.68,.68,1.58,1.03,2.47,1.03s1.79-.34,2.47-1.03l10.12-10.12c1.37-1.37,1.37-3.58,0-4.95Z\"><\/path><path class=\"cls-2\" d=\"M97.75,42c1.93,0,3.5-1.57,3.5-3.5v-14.15c0-1.93-1.57-3.5-3.5-3.5s-3.5,1.57-3.5,3.5v14.15c0,1.93,1.57,3.5,3.5,3.5Z\"><\/path><path class=\"cls-2\" d=\"M156.83,81.76h-14.03c-1.93,0-3.5,1.57-3.5,3.5s1.57,3.5,3.5,3.5h14.03c1.93,0,3.5-1.57,3.5-3.5s-1.57-3.5-3.5-3.5Z\"><\/path><path class=\"cls-2\" d=\"M97.75,48.42c-19.84,0-35.98,16.14-35.98,35.98,0,5.06,.99,9.78,3.03,14.44,.96,2.2,2.35,4.65,3.82,7.25,2.14,3.78,4.57,8.07,5.66,11.69,5.01,16.67,2.59,32.29,2.56,32.45l-.05,.56c0,11.22,9.13,20.36,20.36,20.36s20.36-9.13,20.36-20.36l-.04-.56c-.01-.09-.83-5.44-.21-13.48,.08-.29,.13-.58,.13-.89,0-.1-.02-.19-.03-.29,.48-5.16,1.55-11.3,3.76-17.81,1.37-4.04,4.12-8.95,6.55-13.28,1.09-1.95,2.12-3.79,2.96-5.44,2.75-5.36,3.12-10.41,3.12-14.64,0-19.84-16.14-35.98-35.98-35.98Zm12.3,90.94c-.16,4.07,0,7.32,.19,9.41h-26.18c.21-2.1,.44-5.36,.39-9.41h25.6Zm-12.91,24.79c-5.6,0-10.4-3.48-12.38-8.38h24.76c-1.98,4.9-6.78,8.38-12.38,8.38Zm27.24-68.3c-.79,1.54-1.79,3.32-2.84,5.21-2.57,4.6-5.49,9.8-7.07,14.45-2.06,6.07-3.23,11.82-3.85,16.86h-9.68c.34-.54,.54-1.17,.54-1.86v-19.97c5.79-1.55,10.07-6.82,10.07-13.1,0-1.93-1.57-3.5-3.5-3.5s-3.5,1.57-3.5,3.5c0,3.62-2.95,6.57-6.57,6.57s-6.57-2.95-6.57-6.57c0-1.93-1.57-3.5-3.5-3.5s-3.5,1.57-3.5,3.5c0,6.27,4.28,11.55,10.07,13.1v19.97c0,.68,.2,1.32,.54,1.86h-10.93c-.44-5.05-1.37-10.74-3.14-16.6-1.31-4.37-3.95-9.02-6.27-13.12-1.38-2.44-2.68-4.74-3.5-6.6-1.64-3.76-2.44-7.56-2.44-11.64,0-15.98,13-28.98,28.98-28.98s28.98,13,28.98,28.98c0,4.87-.68,8.19-2.35,11.45Z\"><\/path><\/g><\/g><\/g><\/svg>\t\t\t<\/div>\n\t\t<\/div>\n\t\t\t\t\t\t<\/div>\n\t\t\t\t<\/div>\n\t\t\t\t<div class=\"elementor-element elementor-element-d99e09e elementor-widget__width-inherit elementor-widget elementor-widget-heading\" data-id=\"d99e09e\" data-element_type=\"widget\" data-e-type=\"widget\" data-widget_type=\"heading.default\">\n\t\t\t\t<div class=\"elementor-widget-container\">\n\t\t\t\t\t<span class=\"elementor-heading-title elementor-size-default\">En la India y Sri Lanka, por ejemplo, era habitual a\u00f1adir cardamomo a bebidas calientes y preparaciones especiadas, as\u00ed como masticar sus semillas tras las comidas para refrescar el aliento.<\/span>\t\t\t\t<\/div>\n\t\t\t\t<\/div>\n\t\t\t\t\t<\/div>\n\t\t\t\t<\/div>\n\t\t\t\t<div class=\"elementor-element elementor-element-177edc1 elementor-widget elementor-widget-text-editor\" data-id=\"177edc1\" data-element_type=\"widget\" data-e-type=\"widget\" data-widget_type=\"text-editor.default\">\n\t\t\t\t<div class=\"elementor-widget-container\">\n\t\t\t\t\t\t\t\t\t<p><span style=\"font-weight: 400;\">En el mundo profesional actual, el cardamomo se ha consolidado como un ingrediente estrat\u00e9gico para negocios que buscan diferenciar sus productos. Algunas de sus aplicaciones actuales son las siguientes:<\/span><\/p><ul><li style=\"font-weight: 400;\" aria-level=\"1\"><span style=\"font-weight: 400;\">Es un ingrediente clave en t\u00e9s negros, verdes y mezclas premium, aportando car\u00e1cter y complejidad arom\u00e1tica.<\/span><\/li><li style=\"font-weight: 400;\" aria-level=\"1\"><span style=\"font-weight: 400;\">Se incorpora en infusiones funcionales, t\u00e9s ayurv\u00e9dicos y productos digestivos por las propiedades digestivas que se le atribuyen.<\/span><\/li><li style=\"font-weight: 400;\" aria-level=\"1\"><span style=\"font-weight: 400;\">En gastronom\u00eda, su aroma fresco y c\u00e1lido realza dulces, panes, galletas, curries, arroces y guisos y forma parte de mezclas de especias o innovaciones culinarias modernas.<\/span><\/li><li style=\"font-weight: 400;\" aria-level=\"1\"><span style=\"font-weight: 400;\">Forma parte de productos gourmet, artesanales, bebidas innovadoras y l\u00edneas org\u00e1nicas, donde su prestigio hist\u00f3rico a\u00f1ade valor de marca.<\/span><\/li><li style=\"font-weight: 400;\" aria-level=\"1\"><span style=\"font-weight: 400;\">Incluso su aroma es aprovechado en aplicaciones de perfumer\u00eda y gastronom\u00eda moderna, reforzando su versatilidad.<\/span><\/li><\/ul>\t\t\t\t\t\t\t\t<\/div>\n\t\t\t\t<\/div>\n\t\t\t\t<div class=\"elementor-element elementor-element-a4a8179 elementor-widget elementor-widget-heading\" data-id=\"a4a8179\" data-element_type=\"widget\" data-e-type=\"widget\" data-widget_type=\"heading.default\">\n\t\t\t\t<div class=\"elementor-widget-container\">\n\t\t\t\t\t<h2 class=\"elementor-heading-title elementor-size-default\">Mezclas cl\u00e1sicas con cardamomo \n<\/h2>\t\t\t\t<\/div>\n\t\t\t\t<\/div>\n\t\t\t\t<div class=\"elementor-element elementor-element-5815d4b elementor-widget elementor-widget-text-editor\" data-id=\"5815d4b\" data-element_type=\"widget\" data-e-type=\"widget\" data-widget_type=\"text-editor.default\">\n\t\t\t\t<div class=\"elementor-widget-container\">\n\t\t\t\t\t\t\t\t\t<p><span style=\"font-weight: 400;\">El cardamomo desempe\u00f1a un papel protagonista en numerosas mezclas que hoy forman parte del repertorio esencial del sector del t\u00e9 y las infusiones. Su perfil arom\u00e1tico, reconocible y vers\u00e1til, lo convierte en una especia clave en recetas tradicionales y en formulaciones contempor\u00e1neas.<\/span><\/p>\t\t\t\t\t\t\t\t<\/div>\n\t\t\t\t<\/div>\n\t\t\t\t<div class=\"elementor-element elementor-element-7f2f5e1 elementor-widget elementor-widget-heading\" data-id=\"7f2f5e1\" data-element_type=\"widget\" data-e-type=\"widget\" data-widget_type=\"heading.default\">\n\t\t\t\t<div class=\"elementor-widget-container\">\n\t\t\t\t\t<h3 class=\"elementor-heading-title elementor-size-default\">Masala chai\n<\/h3>\t\t\t\t<\/div>\n\t\t\t\t<\/div>\n\t\t\t\t<div class=\"elementor-element elementor-element-ffb7adb elementor-widget elementor-widget-text-editor\" data-id=\"ffb7adb\" data-element_type=\"widget\" data-e-type=\"widget\" data-widget_type=\"text-editor.default\">\n\t\t\t\t<div class=\"elementor-widget-container\">\n\t\t\t\t\t\t\t\t\t<p><span style=\"font-weight: 400;\">El masala chai es, sin duda, la mezcla m\u00e1s emblem\u00e1tica asociada al cardamomo. En esta formulaci\u00f3n, el cardamomo verde act\u00faa como eje arom\u00e1tico, aportando frescura y equilibrio frente a especias m\u00e1s c\u00e1lidas.\u00a0<\/span><\/p><p><span style=\"font-weight: 400;\">Su correcta integraci\u00f3n define el car\u00e1cter del blend y resulta determinante para lograr una mezcla arm\u00f3nica y bien estructurada.<\/span><\/p>\t\t\t\t\t\t\t\t<\/div>\n\t\t\t\t<\/div>\n\t\t\t\t<div class=\"elementor-element elementor-element-3fee3d9 elementor-widget elementor-widget-shortcode\" data-id=\"3fee3d9\" data-element_type=\"widget\" data-e-type=\"widget\" data-widget_type=\"shortcode.default\">\n\t\t\t\t<div class=\"elementor-widget-container\">\n\t\t\t\t\t\t\t<div class=\"elementor-shortcode\">\t\t<div data-elementor-type=\"section\" data-elementor-id=\"51144\" class=\"elementor elementor-51144 elementor-51052 elementor-51052\" data-elementor-post-type=\"elementor_library\">\n\t\t\t<div class=\"elementor-element elementor-element-3039963 e-con-full e-flex e-con e-parent\" data-id=\"3039963\" data-element_type=\"container\" data-e-type=\"container\" data-settings=\"{&quot;background_background&quot;:&quot;classic&quot;}\">\n\t\t<div class=\"elementor-element elementor-element-4351092 e-con-full e-flex e-con e-child\" data-id=\"4351092\" data-element_type=\"container\" data-e-type=\"container\">\n\t\t\t\t<div class=\"elementor-element elementor-element-2090423 elementor-widget elementor-widget-heading\" data-id=\"2090423\" data-element_type=\"widget\" data-e-type=\"widget\" data-widget_type=\"heading.default\">\n\t\t\t\t<div class=\"elementor-widget-container\">\n\t\t\t\t\t<p class=\"elementor-heading-title elementor-size-default\">Consigue 10 muestras gratis<\/p>\t\t\t\t<\/div>\n\t\t\t\t<\/div>\n\t\t\t\t<div class=\"elementor-element elementor-element-1b4106c elementor-widget elementor-widget-heading\" data-id=\"1b4106c\" data-element_type=\"widget\" data-e-type=\"widget\" data-widget_type=\"heading.default\">\n\t\t\t\t<div class=\"elementor-widget-container\">\n\t\t\t\t\t<p class=\"elementor-heading-title elementor-size-default\">Exclusivo para profesionales del t\u00e9<\/p>\t\t\t\t<\/div>\n\t\t\t\t<\/div>\n\t\t\t\t<div class=\"elementor-element elementor-element-c6cc423 elementor-align-left elementor-widget elementor-widget-button\" data-id=\"c6cc423\" data-element_type=\"widget\" data-e-type=\"widget\" data-widget_type=\"button.default\">\n\t\t\t\t<div class=\"elementor-widget-container\">\n\t\t\t\t\t\t\t\t\t<div class=\"elementor-button-wrapper\">\n\t\t\t\t\t<a class=\"elementor-button elementor-button-link elementor-size-sm\" href=\"#request-catalogue\">\n\t\t\t\t\t\t<span class=\"elementor-button-content-wrapper\">\n\t\t\t\t\t\t\t\t\t<span class=\"elementor-button-text\">SOLICITAR CAT\u00c1LOGO<\/span>\n\t\t\t\t\t<\/span>\n\t\t\t\t\t<\/a>\n\t\t\t\t<\/div>\n\t\t\t\t\t\t\t\t<\/div>\n\t\t\t\t<\/div>\n\t\t\t\t<\/div>\n\t\t<div class=\"elementor-element elementor-element-92c569c e-con-full e-flex e-con e-child\" data-id=\"92c569c\" data-element_type=\"container\" data-e-type=\"container\">\n\t\t\t\t<div class=\"elementor-element elementor-element-82c5156 elementor-widget elementor-widget-image\" data-id=\"82c5156\" data-element_type=\"widget\" data-e-type=\"widget\" data-widget_type=\"image.default\">\n\t\t\t\t<div class=\"elementor-widget-container\">\n\t\t\t\t\t\t\t\t\t\t\t\t\t\t\t<img loading=\"lazy\" decoding=\"async\" width=\"863\" height=\"343\" src=\"https:\/\/www.alveus.eu\/wp-content\/uploads\/cta-catalogues.png\" class=\"attachment-large size-large wp-image-51124\" alt=\"\" srcset=\"https:\/\/www.alveus.eu\/wp-content\/uploads\/cta-catalogues.png 863w, https:\/\/www.alveus.eu\/wp-content\/uploads\/cta-catalogues-300x119.png 300w, https:\/\/www.alveus.eu\/wp-content\/uploads\/cta-catalogues-768x305.png 768w\" sizes=\"(max-width: 863px) 100vw, 863px\" \/>\t\t\t\t\t\t\t\t\t\t\t\t\t\t\t<\/div>\n\t\t\t\t<\/div>\n\t\t\t\t<\/div>\n\t\t\t\t<\/div>\n\t\t\t\t<\/div>\n\t\t<\/div>\n\t\t\t\t\t\t<\/div>\n\t\t\t\t<\/div>\n\t\t\t\t<div class=\"elementor-element elementor-element-524c177 elementor-widget elementor-widget-heading\" data-id=\"524c177\" data-element_type=\"widget\" data-e-type=\"widget\" data-widget_type=\"heading.default\">\n\t\t\t\t<div class=\"elementor-widget-container\">\n\t\t\t\t\t<h3 class=\"elementor-heading-title elementor-size-default\">T\u00e9s negros especiados\n<\/h3>\t\t\t\t<\/div>\n\t\t\t\t<\/div>\n\t\t\t\t<div class=\"elementor-element elementor-element-6d77d79 elementor-widget elementor-widget-text-editor\" data-id=\"6d77d79\" data-element_type=\"widget\" data-e-type=\"widget\" data-widget_type=\"text-editor.default\">\n\t\t\t\t<div class=\"elementor-widget-container\">\n\t\t\t\t\t\t\t\t\t<p><span style=\"font-weight: 400;\">En blends de t\u00e9 negro, el cardamomo refuerza la profundidad arom\u00e1tica y aporta una nota elegante y reconocible, muy apreciada en mezclas cl\u00e1sicas e invernales.<\/span><\/p>\t\t\t\t\t\t\t\t<\/div>\n\t\t\t\t<\/div>\n\t\t\t\t<div class=\"elementor-element elementor-element-5b34f51 elementor-widget elementor-widget-heading\" data-id=\"5b34f51\" data-element_type=\"widget\" data-e-type=\"widget\" data-widget_type=\"heading.default\">\n\t\t\t\t<div class=\"elementor-widget-container\">\n\t\t\t\t\t<h3 class=\"elementor-heading-title elementor-size-default\">T\u00e9s verdes aromatizados\n<\/h3>\t\t\t\t<\/div>\n\t\t\t\t<\/div>\n\t\t\t\t<div class=\"elementor-element elementor-element-83d712d elementor-widget elementor-widget-text-editor\" data-id=\"83d712d\" data-element_type=\"widget\" data-e-type=\"widget\" data-widget_type=\"text-editor.default\">\n\t\t\t\t<div class=\"elementor-widget-container\">\n\t\t\t\t\t\t\t\t\t<p><span style=\"font-weight: 400;\">En t\u00e9s verdes, se utiliza para introducir contraste y complejidad sin eclipsar la base, especialmente en combinaciones con ingredientes c\u00edtricos o bot\u00e1nicos suaves.<\/span><\/p>\t\t\t\t\t\t\t\t<\/div>\n\t\t\t\t<\/div>\n\t\t\t\t<div class=\"elementor-element elementor-element-f39070f elementor-widget elementor-widget-heading\" data-id=\"f39070f\" data-element_type=\"widget\" data-e-type=\"widget\" data-widget_type=\"heading.default\">\n\t\t\t\t<div class=\"elementor-widget-container\">\n\t\t\t\t\t<h3 class=\"elementor-heading-title elementor-size-default\">Infusiones herbales c\u00e1lidas\n<\/h3>\t\t\t\t<\/div>\n\t\t\t\t<\/div>\n\t\t\t\t<div class=\"elementor-element elementor-element-96503ba elementor-widget elementor-widget-text-editor\" data-id=\"96503ba\" data-element_type=\"widget\" data-e-type=\"widget\" data-widget_type=\"text-editor.default\">\n\t\t\t\t<div class=\"elementor-widget-container\">\n\t\t\t\t\t\t\t\t\t<p><span style=\"font-weight: 400;\">El cardamomo aporta calidez y estructura a infusiones sin te\u00edna, mejorando el perfil arom\u00e1tico de mezclas herbales orientadas al consumo diario.<\/span><\/p>\t\t\t\t\t\t\t\t<\/div>\n\t\t\t\t<\/div>\n\t\t\t\t<div class=\"elementor-element elementor-element-734638e elementor-widget elementor-widget-heading\" data-id=\"734638e\" data-element_type=\"widget\" data-e-type=\"widget\" data-widget_type=\"heading.default\">\n\t\t\t\t<div class=\"elementor-widget-container\">\n\t\t\t\t\t<h3 class=\"elementor-heading-title elementor-size-default\">Blends de inspiraci\u00f3n regional\n<\/h3>\t\t\t\t<\/div>\n\t\t\t\t<\/div>\n\t\t\t\t<div class=\"elementor-element elementor-element-84c475c elementor-widget elementor-widget-text-editor\" data-id=\"84c475c\" data-element_type=\"widget\" data-e-type=\"widget\" data-widget_type=\"text-editor.default\">\n\t\t\t\t<div class=\"elementor-widget-container\">\n\t\t\t\t\t\t\t\t\t<p><span style=\"font-weight: 400;\">Desde mezclas \u00e1rabes hasta formulaciones escandinavas, el cardamomo se emplea para aportar identidad cultural y un car\u00e1cter arom\u00e1tico distintivo.<\/span><\/p>\t\t\t\t\t\t\t\t<\/div>\n\t\t\t\t<\/div>\n\t\t\t\t<div class=\"elementor-element elementor-element-64344cf elementor-widget elementor-widget-heading\" data-id=\"64344cf\" data-element_type=\"widget\" data-e-type=\"widget\" data-widget_type=\"heading.default\">\n\t\t\t\t<div class=\"elementor-widget-container\">\n\t\t\t\t\t<h3 class=\"elementor-heading-title elementor-size-default\">T\u00e9s frutales gourmet\n<\/h3>\t\t\t\t<\/div>\n\t\t\t\t<\/div>\n\t\t\t\t<div class=\"elementor-element elementor-element-c1d9117 elementor-widget elementor-widget-text-editor\" data-id=\"c1d9117\" data-element_type=\"widget\" data-e-type=\"widget\" data-widget_type=\"text-editor.default\">\n\t\t\t\t<div class=\"elementor-widget-container\">\n\t\t\t\t\t\t\t\t\t<p><span style=\"font-weight: 400;\">En blends frutales, act\u00faa como nota de fondo que equilibra y eleva el conjunto, aportando complejidad sin dominar la mezcla.<\/span><\/p><p><span style=\"font-weight: 400;\">Descubre en este enlace a nuestra B2B para profesionales todas nuestras <\/span><a href=\"https:\/\/b2b.alveus.eu\/es\/te.html?nxt_ingredients_filter=1049\" target=\"_blank\" rel=\"noopener\"><span style=\"font-weight: 400;\">mezclas de t\u00e9, infusiones y especias que contienen cardamomo<\/span><\/a><span style=\"font-weight: 400;\"> entre sus ingredientes. O bien, nuestro <\/span><a href=\"https:\/\/b2b.alveus.eu\/es\/te\/cardamomo-bio-ref-82427.html\" target=\"_blank\" rel=\"noopener\"><span style=\"font-weight: 400;\">cardamomo a granel BIO<\/span><\/a><span style=\"font-weight: 400;\">, disponible para compras al por mayor.<\/span><\/p>\t\t\t\t\t\t\t\t<\/div>\n\t\t\t\t<\/div>\n\t\t\t\t<div class=\"elementor-element elementor-element-98e5ce3 elementor-widget elementor-widget-heading\" data-id=\"98e5ce3\" data-element_type=\"widget\" data-e-type=\"widget\" data-widget_type=\"heading.default\">\n\t\t\t\t<div class=\"elementor-widget-container\">\n\t\t\t\t\t<h2 class=\"elementor-heading-title elementor-size-default\">El cardamomo como herramienta estrat\u00e9gica en el cat\u00e1logo profesional\n<\/h2>\t\t\t\t<\/div>\n\t\t\t\t<\/div>\n\t\t\t\t<div class=\"elementor-element elementor-element-12d8b64 elementor-widget elementor-widget-text-editor\" data-id=\"12d8b64\" data-element_type=\"widget\" data-e-type=\"widget\" data-widget_type=\"text-editor.default\">\n\t\t\t\t<div class=\"elementor-widget-container\">\n\t\t\t\t\t\t\t\t\t<p><span style=\"font-weight: 400;\">El cardamomo no es solo una especia arom\u00e1tica, sino una aut\u00e9ntica herramienta de formulaci\u00f3n para marcas y profesionales del t\u00e9. Su historia, su complejidad sensorial y su versatilidad lo convierten en un ingrediente capaz de aportar identidad, coherencia y valor a\u00f1adido a cualquier colecci\u00f3n de t\u00e9s, infusiones o mezclas especiadas.<\/span><\/p><p><span style=\"font-weight: 400;\">Trabajado con criterio, el cardamomo permite desarrollar mezclas que conectan tradici\u00f3n y modernidad, responder a tendencias de consumo orientadas a lo natural y lo premium, y diferenciar una propuesta dentro de un mercado cada vez m\u00e1s exigente. Para negocios que buscan calidad, consistencia y personalidad arom\u00e1tica, entender esta especia en profundidad es una ventaja competitiva real.<\/span><\/p>\t\t\t\t\t\t\t\t<\/div>\n\t\t\t\t<\/div>\n\t\t\t\t<\/div>\n\t\t\t\t<\/div>\n\t\t","protected":false},"excerpt":{"rendered":"<p>Una visi\u00f3n integral del cardamomo para marcas y profesionales: origen y tipolog\u00edas, diferencias entre variedades y aplicaciones clave que lo consolidan como una de las especias m\u00e1s vers\u00e1tiles en t\u00e9s, infusiones, chai y mezclas arom\u00e1ticas de alta calidad.<\/p>\n","protected":false},"author":11,"featured_media":60018,"comment_status":"open","ping_status":"open","sticky":false,"template":"","format":"standard","meta":{"_acf_changed":false,"footnotes":""},"categories":[183],"tags":[],"class_list":["post-60007","post","type-post","status-publish","format-standard","has-post-thumbnail","hentry","category-hierbas-y-especias"],"acf":[],"yoast_head":"<!-- This site is optimized with the Yoast SEO Premium plugin v27.4 (Yoast SEO v27.4) - https:\/\/yoast.com\/product\/yoast-seo-premium-wordpress\/ -->\n<title>Cardamomo: La especia que eleva las mezclas de t\u00e9 | Alveus<\/title>\n<meta name=\"description\" content=\"Gu\u00eda profesional sobre el cardamomo: qu\u00e9 es, variedades y c\u00f3mo integrarlo en mezclas de t\u00e9 e infusiones profesionales.\" \/>\n<meta name=\"robots\" content=\"index, follow, max-snippet:-1, max-image-preview:large, max-video-preview:-1\" \/>\n<link rel=\"canonical\" href=\"https:\/\/www.alveus.eu\/es\/blog\/cardamomo-que-es\/\" \/>\n<meta property=\"og:locale\" content=\"es_ES\" \/>\n<meta property=\"og:type\" content=\"article\" \/>\n<meta property=\"og:title\" content=\"Cardamomo: la especia que eleva las mezclas de t\u00e9 e infusiones\" \/>\n<meta property=\"og:description\" content=\"Gu\u00eda profesional sobre el cardamomo: qu\u00e9 es, variedades y c\u00f3mo integrarlo en mezclas de t\u00e9 e infusiones profesionales.\" \/>\n<meta property=\"og:url\" content=\"https:\/\/www.alveus.eu\/es\/blog\/cardamomo-que-es\/\" \/>\n<meta property=\"og:site_name\" content=\"Alveus\" \/>\n<meta property=\"article:publisher\" content=\"https:\/\/www.facebook.com\/alveusinternational\/\" \/>\n<meta property=\"article:published_time\" content=\"2026-02-20T11:57:05+00:00\" \/>\n<meta property=\"article:modified_time\" content=\"2026-02-23T12:12:45+00:00\" \/>\n<meta property=\"og:image\" content=\"https:\/\/www.alveus.eu\/wp-content\/uploads\/112_a1.jpg\" \/>\n\t<meta property=\"og:image:width\" content=\"900\" \/>\n\t<meta property=\"og:image:height\" content=\"600\" \/>\n\t<meta property=\"og:image:type\" content=\"image\/jpeg\" \/>\n<meta name=\"author\" content=\"Alveus Blog Team\" \/>\n<meta name=\"twitter:card\" content=\"summary_large_image\" \/>\n<meta name=\"twitter:label1\" content=\"Escrito por\" \/>\n\t<meta name=\"twitter:data1\" content=\"Alveus Blog Team\" \/>\n\t<meta name=\"twitter:label2\" content=\"Tiempo de lectura\" \/>\n\t<meta name=\"twitter:data2\" content=\"10 minutos\" \/>\n<script type=\"application\/ld+json\" class=\"yoast-schema-graph\">{\"@context\":\"https:\\\/\\\/schema.org\",\"@graph\":[{\"@type\":\"Article\",\"@id\":\"https:\\\/\\\/www.alveus.eu\\\/es\\\/blog\\\/cardamomo-que-es\\\/#article\",\"isPartOf\":{\"@id\":\"https:\\\/\\\/www.alveus.eu\\\/es\\\/blog\\\/cardamomo-que-es\\\/\"},\"author\":{\"name\":\"Alveus Blog Team\",\"@id\":\"https:\\\/\\\/www.alveus.eu\\\/es#\\\/schema\\\/person\\\/6864b22051c6c128b3c72edaeac35855\"},\"headline\":\"Cardamomo: la especia que eleva las mezclas de t\u00e9 e infusiones\",\"datePublished\":\"2026-02-20T11:57:05+00:00\",\"dateModified\":\"2026-02-23T12:12:45+00:00\",\"mainEntityOfPage\":{\"@id\":\"https:\\\/\\\/www.alveus.eu\\\/es\\\/blog\\\/cardamomo-que-es\\\/\"},\"wordCount\":1819,\"commentCount\":0,\"publisher\":{\"@id\":\"https:\\\/\\\/www.alveus.eu\\\/es#organization\"},\"image\":{\"@id\":\"https:\\\/\\\/www.alveus.eu\\\/es\\\/blog\\\/cardamomo-que-es\\\/#primaryimage\"},\"thumbnailUrl\":\"https:\\\/\\\/www.alveus.eu\\\/wp-content\\\/uploads\\\/112_a1.jpg\",\"articleSection\":[\"Hierbas y Especias\"],\"inLanguage\":\"es\",\"potentialAction\":[{\"@type\":\"CommentAction\",\"name\":\"Comment\",\"target\":[\"https:\\\/\\\/www.alveus.eu\\\/es\\\/blog\\\/cardamomo-que-es\\\/#respond\"]}]},{\"@type\":\"WebPage\",\"@id\":\"https:\\\/\\\/www.alveus.eu\\\/es\\\/blog\\\/cardamomo-que-es\\\/\",\"url\":\"https:\\\/\\\/www.alveus.eu\\\/es\\\/blog\\\/cardamomo-que-es\\\/\",\"name\":\"Cardamomo: La especia que eleva las mezclas de t\u00e9 | Alveus\",\"isPartOf\":{\"@id\":\"https:\\\/\\\/www.alveus.eu\\\/es#website\"},\"primaryImageOfPage\":{\"@id\":\"https:\\\/\\\/www.alveus.eu\\\/es\\\/blog\\\/cardamomo-que-es\\\/#primaryimage\"},\"image\":{\"@id\":\"https:\\\/\\\/www.alveus.eu\\\/es\\\/blog\\\/cardamomo-que-es\\\/#primaryimage\"},\"thumbnailUrl\":\"https:\\\/\\\/www.alveus.eu\\\/wp-content\\\/uploads\\\/112_a1.jpg\",\"datePublished\":\"2026-02-20T11:57:05+00:00\",\"dateModified\":\"2026-02-23T12:12:45+00:00\",\"description\":\"Gu\u00eda profesional sobre el cardamomo: qu\u00e9 es, variedades y c\u00f3mo integrarlo en mezclas de t\u00e9 e infusiones profesionales.\",\"breadcrumb\":{\"@id\":\"https:\\\/\\\/www.alveus.eu\\\/es\\\/blog\\\/cardamomo-que-es\\\/#breadcrumb\"},\"inLanguage\":\"es\",\"potentialAction\":[{\"@type\":\"ReadAction\",\"target\":[\"https:\\\/\\\/www.alveus.eu\\\/es\\\/blog\\\/cardamomo-que-es\\\/\"]}]},{\"@type\":\"ImageObject\",\"inLanguage\":\"es\",\"@id\":\"https:\\\/\\\/www.alveus.eu\\\/es\\\/blog\\\/cardamomo-que-es\\\/#primaryimage\",\"url\":\"https:\\\/\\\/www.alveus.eu\\\/wp-content\\\/uploads\\\/112_a1.jpg\",\"contentUrl\":\"https:\\\/\\\/www.alveus.eu\\\/wp-content\\\/uploads\\\/112_a1.jpg\",\"width\":900,\"height\":600,\"caption\":\"cardamom\"},{\"@type\":\"BreadcrumbList\",\"@id\":\"https:\\\/\\\/www.alveus.eu\\\/es\\\/blog\\\/cardamomo-que-es\\\/#breadcrumb\",\"itemListElement\":[{\"@type\":\"ListItem\",\"position\":1,\"name\":\"Home\",\"item\":\"https:\\\/\\\/www.alveus.eu\\\/es\"},{\"@type\":\"ListItem\",\"position\":2,\"name\":\"Hierbas y Especias\",\"item\":\"https:\\\/\\\/www.alveus.eu\\\/es\\\/blog\\\/category\\\/hierbas-y-especias\\\/\"},{\"@type\":\"ListItem\",\"position\":3,\"name\":\"Cardamomo: la especia que eleva las mezclas de t\u00e9 e infusiones\"}]},{\"@type\":\"WebSite\",\"@id\":\"https:\\\/\\\/www.alveus.eu\\\/es#website\",\"url\":\"https:\\\/\\\/www.alveus.eu\\\/es\",\"name\":\"Alveus\",\"description\":\"\",\"publisher\":{\"@id\":\"https:\\\/\\\/www.alveus.eu\\\/es#organization\"},\"potentialAction\":[{\"@type\":\"SearchAction\",\"target\":{\"@type\":\"EntryPoint\",\"urlTemplate\":\"https:\\\/\\\/www.alveus.eu\\\/es?s={search_term_string}\"},\"query-input\":{\"@type\":\"PropertyValueSpecification\",\"valueRequired\":true,\"valueName\":\"search_term_string\"}}],\"inLanguage\":\"es\"},{\"@type\":\"Organization\",\"@id\":\"https:\\\/\\\/www.alveus.eu\\\/es#organization\",\"name\":\"Alveus\",\"alternateName\":\"Alveus Premium Teas\",\"url\":\"https:\\\/\\\/www.alveus.eu\\\/es\",\"logo\":{\"@type\":\"ImageObject\",\"inLanguage\":\"es\",\"@id\":\"https:\\\/\\\/www.alveus.eu\\\/es#\\\/schema\\\/logo\\\/image\\\/\",\"url\":\"https:\\\/\\\/www.alveus.eu\\\/wp-content\\\/uploads\\\/2023\\\/07\\\/alveus-logo-primary.png\",\"contentUrl\":\"https:\\\/\\\/www.alveus.eu\\\/wp-content\\\/uploads\\\/2023\\\/07\\\/alveus-logo-primary.png\",\"width\":248,\"height\":248,\"caption\":\"Alveus\"},\"image\":{\"@id\":\"https:\\\/\\\/www.alveus.eu\\\/es#\\\/schema\\\/logo\\\/image\\\/\"},\"sameAs\":[\"https:\\\/\\\/www.facebook.com\\\/alveusinternational\\\/\",\"https:\\\/\\\/www.instagram.com\\\/alveustea\\\/\",\"https:\\\/\\\/de.linkedin.com\\\/company\\\/alveustea\"]},{\"@type\":\"Person\",\"@id\":\"https:\\\/\\\/www.alveus.eu\\\/es#\\\/schema\\\/person\\\/6864b22051c6c128b3c72edaeac35855\",\"name\":\"Alveus Blog Team\",\"image\":{\"@type\":\"ImageObject\",\"inLanguage\":\"es\",\"@id\":\"https:\\\/\\\/secure.gravatar.com\\\/avatar\\\/f951c832a9809c8d01d2ce4fa8bb10716ac4997c3cf93244fa19413f7d28b08e?s=96&d=mm&r=g\",\"url\":\"https:\\\/\\\/secure.gravatar.com\\\/avatar\\\/f951c832a9809c8d01d2ce4fa8bb10716ac4997c3cf93244fa19413f7d28b08e?s=96&d=mm&r=g\",\"contentUrl\":\"https:\\\/\\\/secure.gravatar.com\\\/avatar\\\/f951c832a9809c8d01d2ce4fa8bb10716ac4997c3cf93244fa19413f7d28b08e?s=96&d=mm&r=g\",\"caption\":\"Alveus Blog Team\"},\"description\":\"Editorial team formed by tea professionals from different countries. We are driven by our passion for tea and the dissemination of its culture.\",\"sameAs\":[\"https:\\\/\\\/www.alveus.eu\\\/\"]}]}<\/script>\n<!-- \/ Yoast SEO Premium plugin. -->","yoast_head_json":{"title":"Cardamomo: La especia que eleva las mezclas de t\u00e9 | Alveus","description":"Gu\u00eda profesional sobre el cardamomo: qu\u00e9 es, variedades y c\u00f3mo integrarlo en mezclas de t\u00e9 e infusiones profesionales.","robots":{"index":"index","follow":"follow","max-snippet":"max-snippet:-1","max-image-preview":"max-image-preview:large","max-video-preview":"max-video-preview:-1"},"canonical":"https:\/\/www.alveus.eu\/es\/blog\/cardamomo-que-es\/","og_locale":"es_ES","og_type":"article","og_title":"Cardamomo: la especia que eleva las mezclas de t\u00e9 e infusiones","og_description":"Gu\u00eda profesional sobre el cardamomo: qu\u00e9 es, variedades y c\u00f3mo integrarlo en mezclas de t\u00e9 e infusiones profesionales.","og_url":"https:\/\/www.alveus.eu\/es\/blog\/cardamomo-que-es\/","og_site_name":"Alveus","article_publisher":"https:\/\/www.facebook.com\/alveusinternational\/","article_published_time":"2026-02-20T11:57:05+00:00","article_modified_time":"2026-02-23T12:12:45+00:00","og_image":[{"width":900,"height":600,"url":"https:\/\/www.alveus.eu\/wp-content\/uploads\/112_a1.jpg","type":"image\/jpeg"}],"author":"Alveus Blog Team","twitter_card":"summary_large_image","twitter_misc":{"Escrito por":"Alveus Blog Team","Tiempo de lectura":"10 minutos"},"schema":{"@context":"https:\/\/schema.org","@graph":[{"@type":"Article","@id":"https:\/\/www.alveus.eu\/es\/blog\/cardamomo-que-es\/#article","isPartOf":{"@id":"https:\/\/www.alveus.eu\/es\/blog\/cardamomo-que-es\/"},"author":{"name":"Alveus Blog Team","@id":"https:\/\/www.alveus.eu\/es#\/schema\/person\/6864b22051c6c128b3c72edaeac35855"},"headline":"Cardamomo: la especia que eleva las mezclas de t\u00e9 e infusiones","datePublished":"2026-02-20T11:57:05+00:00","dateModified":"2026-02-23T12:12:45+00:00","mainEntityOfPage":{"@id":"https:\/\/www.alveus.eu\/es\/blog\/cardamomo-que-es\/"},"wordCount":1819,"commentCount":0,"publisher":{"@id":"https:\/\/www.alveus.eu\/es#organization"},"image":{"@id":"https:\/\/www.alveus.eu\/es\/blog\/cardamomo-que-es\/#primaryimage"},"thumbnailUrl":"https:\/\/www.alveus.eu\/wp-content\/uploads\/112_a1.jpg","articleSection":["Hierbas y Especias"],"inLanguage":"es","potentialAction":[{"@type":"CommentAction","name":"Comment","target":["https:\/\/www.alveus.eu\/es\/blog\/cardamomo-que-es\/#respond"]}]},{"@type":"WebPage","@id":"https:\/\/www.alveus.eu\/es\/blog\/cardamomo-que-es\/","url":"https:\/\/www.alveus.eu\/es\/blog\/cardamomo-que-es\/","name":"Cardamomo: La especia que eleva las mezclas de t\u00e9 | Alveus","isPartOf":{"@id":"https:\/\/www.alveus.eu\/es#website"},"primaryImageOfPage":{"@id":"https:\/\/www.alveus.eu\/es\/blog\/cardamomo-que-es\/#primaryimage"},"image":{"@id":"https:\/\/www.alveus.eu\/es\/blog\/cardamomo-que-es\/#primaryimage"},"thumbnailUrl":"https:\/\/www.alveus.eu\/wp-content\/uploads\/112_a1.jpg","datePublished":"2026-02-20T11:57:05+00:00","dateModified":"2026-02-23T12:12:45+00:00","description":"Gu\u00eda profesional sobre el cardamomo: qu\u00e9 es, variedades y c\u00f3mo integrarlo en mezclas de t\u00e9 e infusiones profesionales.","breadcrumb":{"@id":"https:\/\/www.alveus.eu\/es\/blog\/cardamomo-que-es\/#breadcrumb"},"inLanguage":"es","potentialAction":[{"@type":"ReadAction","target":["https:\/\/www.alveus.eu\/es\/blog\/cardamomo-que-es\/"]}]},{"@type":"ImageObject","inLanguage":"es","@id":"https:\/\/www.alveus.eu\/es\/blog\/cardamomo-que-es\/#primaryimage","url":"https:\/\/www.alveus.eu\/wp-content\/uploads\/112_a1.jpg","contentUrl":"https:\/\/www.alveus.eu\/wp-content\/uploads\/112_a1.jpg","width":900,"height":600,"caption":"cardamom"},{"@type":"BreadcrumbList","@id":"https:\/\/www.alveus.eu\/es\/blog\/cardamomo-que-es\/#breadcrumb","itemListElement":[{"@type":"ListItem","position":1,"name":"Home","item":"https:\/\/www.alveus.eu\/es"},{"@type":"ListItem","position":2,"name":"Hierbas y Especias","item":"https:\/\/www.alveus.eu\/es\/blog\/category\/hierbas-y-especias\/"},{"@type":"ListItem","position":3,"name":"Cardamomo: la especia que eleva las mezclas de t\u00e9 e infusiones"}]},{"@type":"WebSite","@id":"https:\/\/www.alveus.eu\/es#website","url":"https:\/\/www.alveus.eu\/es","name":"Alveus","description":"","publisher":{"@id":"https:\/\/www.alveus.eu\/es#organization"},"potentialAction":[{"@type":"SearchAction","target":{"@type":"EntryPoint","urlTemplate":"https:\/\/www.alveus.eu\/es?s={search_term_string}"},"query-input":{"@type":"PropertyValueSpecification","valueRequired":true,"valueName":"search_term_string"}}],"inLanguage":"es"},{"@type":"Organization","@id":"https:\/\/www.alveus.eu\/es#organization","name":"Alveus","alternateName":"Alveus Premium Teas","url":"https:\/\/www.alveus.eu\/es","logo":{"@type":"ImageObject","inLanguage":"es","@id":"https:\/\/www.alveus.eu\/es#\/schema\/logo\/image\/","url":"https:\/\/www.alveus.eu\/wp-content\/uploads\/2023\/07\/alveus-logo-primary.png","contentUrl":"https:\/\/www.alveus.eu\/wp-content\/uploads\/2023\/07\/alveus-logo-primary.png","width":248,"height":248,"caption":"Alveus"},"image":{"@id":"https:\/\/www.alveus.eu\/es#\/schema\/logo\/image\/"},"sameAs":["https:\/\/www.facebook.com\/alveusinternational\/","https:\/\/www.instagram.com\/alveustea\/","https:\/\/de.linkedin.com\/company\/alveustea"]},{"@type":"Person","@id":"https:\/\/www.alveus.eu\/es#\/schema\/person\/6864b22051c6c128b3c72edaeac35855","name":"Alveus Blog Team","image":{"@type":"ImageObject","inLanguage":"es","@id":"https:\/\/secure.gravatar.com\/avatar\/f951c832a9809c8d01d2ce4fa8bb10716ac4997c3cf93244fa19413f7d28b08e?s=96&d=mm&r=g","url":"https:\/\/secure.gravatar.com\/avatar\/f951c832a9809c8d01d2ce4fa8bb10716ac4997c3cf93244fa19413f7d28b08e?s=96&d=mm&r=g","contentUrl":"https:\/\/secure.gravatar.com\/avatar\/f951c832a9809c8d01d2ce4fa8bb10716ac4997c3cf93244fa19413f7d28b08e?s=96&d=mm&r=g","caption":"Alveus Blog Team"},"description":"Editorial team formed by tea professionals from different countries. We are driven by our passion for tea and the dissemination of its culture.","sameAs":["https:\/\/www.alveus.eu\/"]}]}},"_links":{"self":[{"href":"https:\/\/www.alveus.eu\/es\/wp-json\/wp\/v2\/posts\/60007","targetHints":{"allow":["GET"]}}],"collection":[{"href":"https:\/\/www.alveus.eu\/es\/wp-json\/wp\/v2\/posts"}],"about":[{"href":"https:\/\/www.alveus.eu\/es\/wp-json\/wp\/v2\/types\/post"}],"author":[{"embeddable":true,"href":"https:\/\/www.alveus.eu\/es\/wp-json\/wp\/v2\/users\/11"}],"replies":[{"embeddable":true,"href":"https:\/\/www.alveus.eu\/es\/wp-json\/wp\/v2\/comments?post=60007"}],"version-history":[{"count":4,"href":"https:\/\/www.alveus.eu\/es\/wp-json\/wp\/v2\/posts\/60007\/revisions"}],"predecessor-version":[{"id":60066,"href":"https:\/\/www.alveus.eu\/es\/wp-json\/wp\/v2\/posts\/60007\/revisions\/60066"}],"wp:featuredmedia":[{"embeddable":true,"href":"https:\/\/www.alveus.eu\/es\/wp-json\/wp\/v2\/media\/60018"}],"wp:attachment":[{"href":"https:\/\/www.alveus.eu\/es\/wp-json\/wp\/v2\/media?parent=60007"}],"wp:term":[{"taxonomy":"category","embeddable":true,"href":"https:\/\/www.alveus.eu\/es\/wp-json\/wp\/v2\/categories?post=60007"},{"taxonomy":"post_tag","embeddable":true,"href":"https:\/\/www.alveus.eu\/es\/wp-json\/wp\/v2\/tags?post=60007"}],"curies":[{"name":"wp","href":"https:\/\/api.w.org\/{rel}","templated":true}]}}