{"id":60184,"date":"2026-03-05T16:29:37","date_gmt":"2026-03-05T15:29:37","guid":{"rendered":"https:\/\/www.alveus.eu\/?p=60184"},"modified":"2026-03-05T16:29:37","modified_gmt":"2026-03-05T15:29:37","slug":"greenpop-reforestacion-sudafrica","status":"publish","type":"post","link":"https:\/\/www.alveus.eu\/es\/blog\/greenpop-reforestacion-sudafrica\/","title":{"rendered":"Greenpop: restauraci\u00f3n forestal y biodiversidad en Sud\u00e1frica"},"content":{"rendered":"\t\t<div data-elementor-type=\"wp-post\" data-elementor-id=\"60184\" class=\"elementor elementor-60184\" data-elementor-post-type=\"post\">\n\t\t\t\t<div class=\"elementor-element elementor-element-41a2d465 e-con-full e-flex e-con e-parent\" data-id=\"41a2d465\" data-element_type=\"container\" data-e-type=\"container\">\n\t\t\t\t<div class=\"elementor-element elementor-element-19e7ee55 elementor-widget elementor-widget-text-editor\" data-id=\"19e7ee55\" data-element_type=\"widget\" data-e-type=\"widget\" data-widget_type=\"text-editor.default\">\n\t\t\t\t<div class=\"elementor-widget-container\">\n\t\t\t\t\t\t\t\t\t<p><span style=\"font-weight: 400;\">En el sector del t\u00e9 premium solemos hablar de terroir, de altitudes y de perfiles de cata. Pero como profesionales, sabemos que nada de esto existe sin un ecosistema en equilibrio.<\/span><\/p><p><span style=\"font-weight: 400;\">En Alveus, gestionamos m\u00e1s de 1.600 referencias y trabajamos con negocios en toda Europa desde nuestra sede en Hamburgo. Como mayoristas de productos agr\u00edcolas, entendemos que nuestra responsabilidad va m\u00e1s all\u00e1 de la transacci\u00f3n comercial.<\/span><\/p><p><span style=\"font-weight: 400;\">No vendemos solo t\u00e9 y especias; distribuimos el fruto de la tierra. Por eso, nuestra visi\u00f3n de futuro no se limita a ofrecer las mejores mezclas o la mayor gama org\u00e1nica de t\u00e9s. Se trata de asegurar que, dentro de cincuenta a\u00f1os, los suelos sigan siendo f\u00e9rtiles y las comunidades que cultivan nuestro t\u00e9 sigan prosperando.\u00a0<\/span><\/p>\t\t\t\t\t\t\t\t<\/div>\n\t\t\t\t<\/div>\n\t\t\t\t<div class=\"elementor-element elementor-element-2e5d0e86 elementor-toc--minimized-on-tablet elementor-widget elementor-widget-table-of-contents\" data-id=\"2e5d0e86\" data-element_type=\"widget\" data-e-type=\"widget\" data-settings=\"{&quot;headings_by_tags&quot;:[&quot;h2&quot;],&quot;exclude_headings_by_selector&quot;:&quot;.elementor-grid .elementor-heading-title&quot;,&quot;no_headings_message&quot;:&quot;No headings were found on this page.&quot;,&quot;marker_view&quot;:&quot;numbers&quot;,&quot;minimize_box&quot;:&quot;yes&quot;,&quot;minimized_on&quot;:&quot;tablet&quot;,&quot;hierarchical_view&quot;:&quot;yes&quot;,&quot;min_height&quot;:{&quot;unit&quot;:&quot;px&quot;,&quot;size&quot;:&quot;&quot;,&quot;sizes&quot;:[]},&quot;min_height_tablet&quot;:{&quot;unit&quot;:&quot;px&quot;,&quot;size&quot;:&quot;&quot;,&quot;sizes&quot;:[]},&quot;min_height_mobile&quot;:{&quot;unit&quot;:&quot;px&quot;,&quot;size&quot;:&quot;&quot;,&quot;sizes&quot;:[]}}\" data-widget_type=\"table-of-contents.default\">\n\t\t\t\t<div class=\"elementor-widget-container\">\n\t\t\t\t\t\t\t\t\t<div class=\"elementor-toc__header\">\n\t\t\t\t\t\t<div class=\"elementor-toc__header-title\">\n\t\t\t\tContenidos\t\t\t<\/div>\n\t\t\t\t\t\t\t\t\t\t<div class=\"elementor-toc__toggle-button elementor-toc__toggle-button--expand\" role=\"button\" tabindex=\"0\" aria-controls=\"elementor-toc__2e5d0e86\" aria-expanded=\"true\" aria-label=\"Abrir la tabla de contenidos\"><i aria-hidden=\"true\" class=\"alveus alveus-arrow\"><\/i><\/div>\n\t\t\t\t<div class=\"elementor-toc__toggle-button elementor-toc__toggle-button--collapse\" role=\"button\" tabindex=\"0\" aria-controls=\"elementor-toc__2e5d0e86\" aria-expanded=\"true\" aria-label=\"Cerrar la tabla de contenidos\"><i aria-hidden=\"true\" class=\"alveus alveus-close\"><\/i><\/div>\n\t\t\t\t\t<\/div>\n\t\t\t\t<div id=\"elementor-toc__2e5d0e86\" class=\"elementor-toc__body\">\n\t\t\t<div class=\"elementor-toc__spinner-container\">\n\t\t\t\t<i class=\"elementor-toc__spinner eicon-animation-spin eicon-loading\" aria-hidden=\"true\"><\/i>\t\t\t<\/div>\n\t\t<\/div>\n\t\t\t\t\t\t<\/div>\n\t\t\t\t<\/div>\n\t\t\t\t<div class=\"elementor-element elementor-element-d1de66c elementor-widget elementor-widget-shortcode\" data-id=\"d1de66c\" data-element_type=\"widget\" data-e-type=\"widget\" data-widget_type=\"shortcode.default\">\n\t\t\t\t<div class=\"elementor-widget-container\">\n\t\t\t\t\t\t\t<div class=\"elementor-shortcode\">\t\t<div data-elementor-type=\"section\" data-elementor-id=\"51144\" class=\"elementor elementor-51144 elementor-51052 elementor-51052\" data-elementor-post-type=\"elementor_library\">\n\t\t\t<div class=\"elementor-element elementor-element-3039963 e-con-full e-flex e-con e-parent\" data-id=\"3039963\" data-element_type=\"container\" data-e-type=\"container\" data-settings=\"{&quot;background_background&quot;:&quot;classic&quot;}\">\n\t\t<div class=\"elementor-element elementor-element-4351092 e-con-full e-flex e-con e-child\" data-id=\"4351092\" data-element_type=\"container\" data-e-type=\"container\">\n\t\t\t\t<div class=\"elementor-element elementor-element-2090423 elementor-widget elementor-widget-heading\" data-id=\"2090423\" data-element_type=\"widget\" data-e-type=\"widget\" data-widget_type=\"heading.default\">\n\t\t\t\t<div class=\"elementor-widget-container\">\n\t\t\t\t\t<p class=\"elementor-heading-title elementor-size-default\">Consigue 10 muestras gratis<\/p>\t\t\t\t<\/div>\n\t\t\t\t<\/div>\n\t\t\t\t<div class=\"elementor-element elementor-element-1b4106c elementor-widget elementor-widget-heading\" data-id=\"1b4106c\" data-element_type=\"widget\" data-e-type=\"widget\" data-widget_type=\"heading.default\">\n\t\t\t\t<div class=\"elementor-widget-container\">\n\t\t\t\t\t<p class=\"elementor-heading-title elementor-size-default\">Exclusivo para profesionales del t\u00e9<\/p>\t\t\t\t<\/div>\n\t\t\t\t<\/div>\n\t\t\t\t<div class=\"elementor-element elementor-element-c6cc423 elementor-align-left elementor-widget elementor-widget-button\" data-id=\"c6cc423\" data-element_type=\"widget\" data-e-type=\"widget\" data-widget_type=\"button.default\">\n\t\t\t\t<div class=\"elementor-widget-container\">\n\t\t\t\t\t\t\t\t\t<div class=\"elementor-button-wrapper\">\n\t\t\t\t\t<a class=\"elementor-button elementor-button-link elementor-size-sm\" href=\"#request-catalogue\">\n\t\t\t\t\t\t<span class=\"elementor-button-content-wrapper\">\n\t\t\t\t\t\t\t\t\t<span class=\"elementor-button-text\">SOLICITAR CAT\u00c1LOGO<\/span>\n\t\t\t\t\t<\/span>\n\t\t\t\t\t<\/a>\n\t\t\t\t<\/div>\n\t\t\t\t\t\t\t\t<\/div>\n\t\t\t\t<\/div>\n\t\t\t\t<\/div>\n\t\t<div class=\"elementor-element elementor-element-92c569c e-con-full e-flex e-con e-child\" data-id=\"92c569c\" data-element_type=\"container\" data-e-type=\"container\">\n\t\t\t\t<div class=\"elementor-element elementor-element-82c5156 elementor-widget elementor-widget-image\" data-id=\"82c5156\" data-element_type=\"widget\" data-e-type=\"widget\" data-widget_type=\"image.default\">\n\t\t\t\t<div class=\"elementor-widget-container\">\n\t\t\t\t\t\t\t\t\t\t\t\t\t\t\t<img fetchpriority=\"high\" decoding=\"async\" width=\"863\" height=\"343\" src=\"https:\/\/www.alveus.eu\/wp-content\/uploads\/cta-catalogues.png\" class=\"attachment-large size-large wp-image-51124\" alt=\"\" srcset=\"https:\/\/www.alveus.eu\/wp-content\/uploads\/cta-catalogues.png 863w, https:\/\/www.alveus.eu\/wp-content\/uploads\/cta-catalogues-300x119.png 300w, https:\/\/www.alveus.eu\/wp-content\/uploads\/cta-catalogues-768x305.png 768w\" sizes=\"(max-width: 863px) 100vw, 863px\" \/>\t\t\t\t\t\t\t\t\t\t\t\t\t\t\t<\/div>\n\t\t\t\t<\/div>\n\t\t\t\t<\/div>\n\t\t\t\t<\/div>\n\t\t\t\t<\/div>\n\t\t<\/div>\n\t\t\t\t\t\t<\/div>\n\t\t\t\t<\/div>\n\t\t\t\t<div class=\"elementor-element elementor-element-2bc12f47 elementor-widget elementor-widget-heading\" data-id=\"2bc12f47\" data-element_type=\"widget\" data-e-type=\"widget\" data-widget_type=\"heading.default\">\n\t\t\t\t<div class=\"elementor-widget-container\">\n\t\t\t\t\t<h2 class=\"elementor-heading-title elementor-size-default\">Fundaci\u00f3n Greenpop\n<\/h2>\t\t\t\t<\/div>\n\t\t\t\t<\/div>\n\t\t\t\t<div class=\"elementor-element elementor-element-49a89da1 elementor-widget elementor-widget-text-editor\" data-id=\"49a89da1\" data-element_type=\"widget\" data-e-type=\"widget\" data-widget_type=\"text-editor.default\">\n\t\t\t\t<div class=\"elementor-widget-container\">\n\t\t\t\t\t\t\t\t\t<p><span style=\"font-weight: 400;\">Para quienes a\u00fan no conozcan su trayectoria, la <\/span><b>Fundaci\u00f3n Greenpop<\/b><span style=\"font-weight: 400;\"> es una organizaci\u00f3n que ha redefinido el concepto de reforestaci\u00f3n en \u00c1frica subsahariana.\u00a0<\/span><\/p><p><span style=\"font-weight: 400;\">Nacida en 2010 como una peque\u00f1a iniciativa local en Ciudad del Cabo, ha evolucionado hasta convertirse en un movimiento que equilibra la ciencia bot\u00e1nica con el activismo social. Su enfoque no es simplemente el de \u00abplantar y olvidar\u00bb; es el de regenerar con prop\u00f3sito.<\/span><\/p>\t\t\t\t\t\t\t\t<\/div>\n\t\t\t\t<\/div>\n\t\t<div class=\"elementor-element elementor-element-3a98912 e-flex e-con-boxed e-con e-child\" data-id=\"3a98912\" data-element_type=\"container\" data-e-type=\"container\" data-settings=\"{&quot;background_background&quot;:&quot;classic&quot;}\">\n\t\t\t\t\t<div class=\"e-con-inner\">\n\t\t\t\t<div class=\"elementor-element elementor-element-f26a55a elementor-widget__width-initial elementor-widget-mobile__width-inherit elementor-view-default elementor-widget elementor-widget-icon\" data-id=\"f26a55a\" data-element_type=\"widget\" data-e-type=\"widget\" data-widget_type=\"icon.default\">\n\t\t\t\t<div class=\"elementor-widget-container\">\n\t\t\t\t\t\t\t<div class=\"elementor-icon-wrapper\">\n\t\t\t<div class=\"elementor-icon\">\n\t\t\t<svg xmlns=\"http:\/\/www.w3.org\/2000\/svg\" id=\"Layer_2\" data-name=\"Layer 2\" viewBox=\"0 0 192 192\"><defs><style> .cls-1 { fill: none; } .cls-2 { fill: #1d1d1b; } <\/style><\/defs><g id=\"medida\"><g><rect class=\"cls-1\" width=\"192\" height=\"192\"><\/rect><g><path class=\"cls-2\" d=\"M50.98,81.76h-15.81c-1.93,0-3.5,1.57-3.5,3.5s1.57,3.5,3.5,3.5h15.81c1.93,0,3.5-1.57,3.5-3.5s-1.57-3.5-3.5-3.5Z\"><\/path><path class=\"cls-2\" d=\"M64.9,53.79c1.37-1.37,1.37-3.58,0-4.95l-10.12-10.12c-1.37-1.37-3.58-1.37-4.95,0-1.37,1.37-1.37,3.58,0,4.95l10.12,10.12c.68,.68,1.58,1.03,2.47,1.03s1.79-.34,2.47-1.03Z\"><\/path><path class=\"cls-2\" d=\"M145.27,38.72c-1.37-1.37-3.58-1.37-4.95,0l-10.12,10.12c-1.37,1.37-1.37,3.58,0,4.95,.68,.68,1.58,1.03,2.47,1.03s1.79-.34,2.47-1.03l10.12-10.12c1.37-1.37,1.37-3.58,0-4.95Z\"><\/path><path class=\"cls-2\" d=\"M97.75,42c1.93,0,3.5-1.57,3.5-3.5v-14.15c0-1.93-1.57-3.5-3.5-3.5s-3.5,1.57-3.5,3.5v14.15c0,1.93,1.57,3.5,3.5,3.5Z\"><\/path><path class=\"cls-2\" d=\"M156.83,81.76h-14.03c-1.93,0-3.5,1.57-3.5,3.5s1.57,3.5,3.5,3.5h14.03c1.93,0,3.5-1.57,3.5-3.5s-1.57-3.5-3.5-3.5Z\"><\/path><path class=\"cls-2\" d=\"M97.75,48.42c-19.84,0-35.98,16.14-35.98,35.98,0,5.06,.99,9.78,3.03,14.44,.96,2.2,2.35,4.65,3.82,7.25,2.14,3.78,4.57,8.07,5.66,11.69,5.01,16.67,2.59,32.29,2.56,32.45l-.05,.56c0,11.22,9.13,20.36,20.36,20.36s20.36-9.13,20.36-20.36l-.04-.56c-.01-.09-.83-5.44-.21-13.48,.08-.29,.13-.58,.13-.89,0-.1-.02-.19-.03-.29,.48-5.16,1.55-11.3,3.76-17.81,1.37-4.04,4.12-8.95,6.55-13.28,1.09-1.95,2.12-3.79,2.96-5.44,2.75-5.36,3.12-10.41,3.12-14.64,0-19.84-16.14-35.98-35.98-35.98Zm12.3,90.94c-.16,4.07,0,7.32,.19,9.41h-26.18c.21-2.1,.44-5.36,.39-9.41h25.6Zm-12.91,24.79c-5.6,0-10.4-3.48-12.38-8.38h24.76c-1.98,4.9-6.78,8.38-12.38,8.38Zm27.24-68.3c-.79,1.54-1.79,3.32-2.84,5.21-2.57,4.6-5.49,9.8-7.07,14.45-2.06,6.07-3.23,11.82-3.85,16.86h-9.68c.34-.54,.54-1.17,.54-1.86v-19.97c5.79-1.55,10.07-6.82,10.07-13.1,0-1.93-1.57-3.5-3.5-3.5s-3.5,1.57-3.5,3.5c0,3.62-2.95,6.57-6.57,6.57s-6.57-2.95-6.57-6.57c0-1.93-1.57-3.5-3.5-3.5s-3.5,1.57-3.5,3.5c0,6.27,4.28,11.55,10.07,13.1v19.97c0,.68,.2,1.32,.54,1.86h-10.93c-.44-5.05-1.37-10.74-3.14-16.6-1.31-4.37-3.95-9.02-6.27-13.12-1.38-2.44-2.68-4.74-3.5-6.6-1.64-3.76-2.44-7.56-2.44-11.64,0-15.98,13-28.98,28.98-28.98s28.98,13,28.98,28.98c0,4.87-.68,8.19-2.35,11.45Z\"><\/path><\/g><\/g><\/g><\/svg>\t\t\t<\/div>\n\t\t<\/div>\n\t\t\t\t\t\t<\/div>\n\t\t\t\t<\/div>\n\t\t\t\t<div class=\"elementor-element elementor-element-eca0d44 elementor-widget__width-inherit elementor-widget elementor-widget-heading\" data-id=\"eca0d44\" data-element_type=\"widget\" data-e-type=\"widget\" data-widget_type=\"heading.default\">\n\t\t\t\t<div class=\"elementor-widget-container\">\n\t\t\t\t\t<span class=\"elementor-heading-title elementor-size-default\">Greenpop entiende que la naturaleza es un sistema complejo y que, para que un \u00e1rbol sobreviva, necesita una comunidad que lo cuide y lo entienda como propio.\n<\/span>\t\t\t\t<\/div>\n\t\t\t\t<\/div>\n\t\t\t\t\t<\/div>\n\t\t\t\t<\/div>\n\t\t\t\t<div class=\"elementor-element elementor-element-0e8c087 elementor-widget elementor-widget-text-editor\" data-id=\"0e8c087\" data-element_type=\"widget\" data-e-type=\"widget\" data-widget_type=\"text-editor.default\">\n\t\t\t\t<div class=\"elementor-widget-container\">\n\t\t\t\t\t\t\t\t\t<p><span style=\"font-weight: 400;\">Desde su base en Sud\u00e1frica, <\/span><b>Greenpop<\/b><span style=\"font-weight: 400;\"> ha logrado plantar m\u00e1s de 200.000 \u00e1rboles y restaurar hect\u00e1reas de terreno degradado. Pero su verdadera fuerza radica en su metodolog\u00eda participativa. No son cuadrillas externas las que intervienen en el terreno; son las comunidades locales, los ni\u00f1os en las escuelas y los voluntarios quienes trabajan el terreno.\u00a0<\/span><\/p><p><span style=\"font-weight: 400;\">Para nosotros en Alveus, su transparencia operativa y su capacidad de ejecuci\u00f3n fueron determinantes. No busc\u00e1bamos un sello de marketing para a\u00f1adir a nuestro cat\u00e1logo; busc\u00e1bamos un socio operativo que compartiera nuestro rigor por la calidad y el impacto real.<\/span><\/p><p><span style=\"font-weight: 400;\">Lo que diferencia a Greenpop es su visi\u00f3n <\/span><b>hol\u00edstica<\/b><span style=\"font-weight: 400;\">. No solo plantan \u00e1rboles para capturar carbono; tambi\u00e9n crean viveros, restauran h\u00e1bitats para la fauna nativa y desarrollan programas de educaci\u00f3n ambiental que aseguran que el impacto de hoy sea el bosque del ma\u00f1ana.\u00a0<\/span><\/p>\t\t\t\t\t\t\t\t<\/div>\n\t\t\t\t<\/div>\n\t\t\t\t<div class=\"elementor-element elementor-element-4e8f460 elementor-widget elementor-widget-image\" data-id=\"4e8f460\" data-element_type=\"widget\" data-e-type=\"widget\" data-widget_type=\"image.default\">\n\t\t\t\t<div class=\"elementor-widget-container\">\n\t\t\t\t\t\t\t\t\t\t\t\t\t\t\t<img decoding=\"async\" width=\"900\" height=\"600\" src=\"https:\/\/www.alveus.eu\/wp-content\/uploads\/114_B.jpg\" class=\"attachment-large size-large wp-image-60196\" alt=\"Logotipo de Greenpop\" srcset=\"https:\/\/www.alveus.eu\/wp-content\/uploads\/114_B.jpg 900w, https:\/\/www.alveus.eu\/wp-content\/uploads\/114_B-300x200.jpg 300w, https:\/\/www.alveus.eu\/wp-content\/uploads\/114_B-768x512.jpg 768w\" sizes=\"(max-width: 900px) 100vw, 900px\" \/>\t\t\t\t\t\t\t\t\t\t\t\t\t\t\t<\/div>\n\t\t\t\t<\/div>\n\t\t\t\t<div class=\"elementor-element elementor-element-abbe01c elementor-widget elementor-widget-heading\" data-id=\"abbe01c\" data-element_type=\"widget\" data-e-type=\"widget\" data-widget_type=\"heading.default\">\n\t\t\t\t<div class=\"elementor-widget-container\">\n\t\t\t\t\t<h2 class=\"elementor-heading-title elementor-size-default\">Reforestaci\u00f3n vs. Restauraci\u00f3n\n<\/h2>\t\t\t\t<\/div>\n\t\t\t\t<\/div>\n\t\t\t\t<div class=\"elementor-element elementor-element-e9b3ade elementor-widget elementor-widget-text-editor\" data-id=\"e9b3ade\" data-element_type=\"widget\" data-e-type=\"widget\" data-widget_type=\"text-editor.default\">\n\t\t\t\t<div class=\"elementor-widget-container\">\n\t\t\t\t\t\t\t\t\t<p><span style=\"font-weight: 400;\">Para la Fundaci\u00f3n Greenpop, existe una <\/span><b>diferencia vital entre plantar \u00e1rboles y restaurar ecosistemas<\/b><span style=\"font-weight: 400;\">. Mientras que la reforestaci\u00f3n convencional a veces se limita a cubrir \u00e1reas verdes, la restauraci\u00f3n busca recuperar el equilibrio biol\u00f3gico original.<\/span><\/p><ul><li style=\"font-weight: 400;\" aria-level=\"1\"><b>El peligro de los monocultivos:<\/b><span style=\"font-weight: 400;\"> Plantar miles de ejemplares de una sola especie crea \u00abdesiertos verdes\u00bb. Estos carecen de biodiversidad, agotan los nutrientes del suelo y resultan vulnerables a plagas.\u00a0<\/span><\/li><li style=\"font-weight: 400;\" aria-level=\"1\"><b>Biodiversidad nativa:<\/b><span style=\"font-weight: 400;\"> Greenpop utiliza exclusivamente <\/span><b>especies ind\u00edgenas<\/b><span style=\"font-weight: 400;\">. Esto garantiza que la fauna local regrese y que el suelo recupere su estructura natural, restaurando los ciclos de polinizaci\u00f3n.\u00a0<\/span><\/li><li style=\"font-weight: 400;\" aria-level=\"1\"><b>Resiliencia clim\u00e1tica:<\/b><span style=\"font-weight: 400;\"> Un bosque diverso sobrevive mejor a las sequ\u00edas y se autorregula ante los desaf\u00edos clim\u00e1ticos.<\/span><\/li><\/ul>\t\t\t\t\t\t\t\t<\/div>\n\t\t\t\t<\/div>\n\t\t\t\t<div class=\"elementor-element elementor-element-3cba72a elementor-widget elementor-widget-heading\" data-id=\"3cba72a\" data-element_type=\"widget\" data-e-type=\"widget\" data-widget_type=\"heading.default\">\n\t\t\t\t<div class=\"elementor-widget-container\">\n\t\t\t\t\t<h2 class=\"elementor-heading-title elementor-size-default\">Programa \"Forests for Life\": Restauraci\u00f3n en el coraz\u00f3n de \u00c1frica\n<\/h2>\t\t\t\t<\/div>\n\t\t\t\t<\/div>\n\t\t\t\t<div class=\"elementor-element elementor-element-ad6adbb elementor-widget elementor-widget-text-editor\" data-id=\"ad6adbb\" data-element_type=\"widget\" data-e-type=\"widget\" data-widget_type=\"text-editor.default\">\n\t\t\t\t<div class=\"elementor-widget-container\">\n\t\t\t\t\t\t\t\t\t<p><span style=\"font-weight: 400;\">Dentro de la diversidad de programas de la Fundaci\u00f3n Greenpop, elegimos \u00abForests for Life\u00bb por ser la iniciativa que mejor se alinea con nuestros valores y con nuestra forma de entender el producto org\u00e1nico.\u00a0<\/span><\/p><p><span style=\"font-weight: 400;\">Este proyecto no se limita a la plantaci\u00f3n de especies al azar. Es una iniciativa de restauraci\u00f3n forestal dise\u00f1ada para recuperar la biodiversidad en regiones cr\u00edticas del \u00c1frica subsahariana, donde la deforestaci\u00f3n ha causado estragos en el ciclo del agua y en la fertilidad del suelo.<\/span><\/p>\t\t\t\t\t\t\t\t<\/div>\n\t\t\t\t<\/div>\n\t\t\t\t<div class=\"elementor-element elementor-element-99c6af8 elementor-widget elementor-widget-heading\" data-id=\"99c6af8\" data-element_type=\"widget\" data-e-type=\"widget\" data-widget_type=\"heading.default\">\n\t\t\t\t<div class=\"elementor-widget-container\">\n\t\t\t\t\t<h3 class=\"elementor-heading-title elementor-size-default\">Sud\u00e1frica y Malawi: Regiones cr\u00edticas\n<\/h3>\t\t\t\t<\/div>\n\t\t\t\t<\/div>\n\t\t\t\t<div class=\"elementor-element elementor-element-d2327cb elementor-widget elementor-widget-text-editor\" data-id=\"d2327cb\" data-element_type=\"widget\" data-e-type=\"widget\" data-widget_type=\"text-editor.default\">\n\t\t\t\t<div class=\"elementor-widget-container\">\n\t\t\t\t\t\t\t\t\t<p><span style=\"font-weight: 400;\">Sud\u00e1frica es el hogar de ecosistemas \u00fanicos, como el Reino Flor\u00edstico del Cabo y la expansi\u00f3n hacia <\/span><b>Malawi<\/b><span style=\"font-weight: 400;\"> responde a una urgencia ambiental extrema.\u00a0<\/span><\/p><p><span style=\"font-weight: 400;\">Malawi es uno de los pa\u00edses con mayores tasas de deforestaci\u00f3n debido a la dependencia de la le\u00f1a y la agricultura de subsistencia. Restaurar aqu\u00ed no solo ayuda al clima, sino que protege la cuenca del lago Malawi y la seguridad alimentaria de miles de personas.<\/span><\/p>\t\t\t\t\t\t\t\t<\/div>\n\t\t\t\t<\/div>\n\t\t\t\t<div class=\"elementor-element elementor-element-14c52c0 elementor-widget elementor-widget-heading\" data-id=\"14c52c0\" data-element_type=\"widget\" data-e-type=\"widget\" data-widget_type=\"heading.default\">\n\t\t\t\t<div class=\"elementor-widget-container\">\n\t\t\t\t\t<h3 class=\"elementor-heading-title elementor-size-default\">Metodolog\u00eda: del vivero al bosque real\n<\/h3>\t\t\t\t<\/div>\n\t\t\t\t<\/div>\n\t\t\t\t<div class=\"elementor-element elementor-element-dfd8b2e elementor-widget elementor-widget-text-editor\" data-id=\"dfd8b2e\" data-element_type=\"widget\" data-e-type=\"widget\" data-widget_type=\"text-editor.default\">\n\t\t\t\t<div class=\"elementor-widget-container\">\n\t\t\t\t\t\t\t\t\t<p><span style=\"font-weight: 400;\">El trabajo de Greenpop comienza en los viveros, donde se seleccionan y cuidan especies nativas. Pero lo m\u00e1s importante sucede despu\u00e9s de la plantaci\u00f3n: el <\/span><b>monitoreo de supervivencia<\/b><span style=\"font-weight: 400;\">.\u00a0<\/span><\/p>\t\t\t\t\t\t\t\t<\/div>\n\t\t\t\t<\/div>\n\t\t\t\t<div class=\"elementor-element elementor-element-664e74b elementor-widget elementor-widget-image\" data-id=\"664e74b\" data-element_type=\"widget\" data-e-type=\"widget\" data-widget_type=\"image.default\">\n\t\t\t\t<div class=\"elementor-widget-container\">\n\t\t\t\t\t\t\t\t\t\t\t\t\t\t\t<img decoding=\"async\" width=\"900\" height=\"600\" src=\"https:\/\/www.alveus.eu\/wp-content\/uploads\/114_c.jpg\" class=\"attachment-large size-large wp-image-60186\" alt=\"Viveros de trabajo de Greenpop\" srcset=\"https:\/\/www.alveus.eu\/wp-content\/uploads\/114_c.jpg 900w, https:\/\/www.alveus.eu\/wp-content\/uploads\/114_c-300x200.jpg 300w, https:\/\/www.alveus.eu\/wp-content\/uploads\/114_c-768x512.jpg 768w\" sizes=\"(max-width: 900px) 100vw, 900px\" \/>\t\t\t\t\t\t\t\t\t\t\t\t\t\t\t<\/div>\n\t\t\t\t<\/div>\n\t\t\t\t<div class=\"elementor-element elementor-element-573dae9 elementor-widget elementor-widget-text-editor\" data-id=\"573dae9\" data-element_type=\"widget\" data-e-type=\"widget\" data-widget_type=\"text-editor.default\">\n\t\t\t\t<div class=\"elementor-widget-container\">\n\t\t\t\t\t\t\t\t\t<p><span style=\"font-weight: 400;\">Realizan un seguimiento exhaustivo durante a\u00f1os para asegurar que los ejemplares prosperen y se conviertan en un ecosistema autosuficiente, no solo en un grupo de \u00e1rboles aislados.<\/span><\/p><p><span style=\"font-weight: 400;\">En los pr\u00f3ximos 10 y 20 a\u00f1os, el objetivo es que estas \u00e1reas recuperen su capacidad de retener agua en los acu\u00edferos, frenen la erosi\u00f3n y act\u00faen como sumideros de carbono estables.<\/span><\/p><p><span style=\"font-weight: 400;\">Restaurar estos bosques significa luchar contra el cambio clim\u00e1tico de forma activa, protegiendo las fuentes de agua y mitigando el impacto de la erosi\u00f3n, factores que afectan directamente a la agricultura global y, por extensi\u00f3n, a la estabilidad de precios y calidad en nuestro sector.<\/span><\/p>\t\t\t\t\t\t\t\t<\/div>\n\t\t\t\t<\/div>\n\t\t\t\t<div class=\"elementor-element elementor-element-1e7436ba elementor-widget elementor-widget-heading\" data-id=\"1e7436ba\" data-element_type=\"widget\" data-e-type=\"widget\" data-widget_type=\"heading.default\">\n\t\t\t\t<div class=\"elementor-widget-container\">\n\t\t\t\t\t<h2 class=\"elementor-heading-title elementor-size-default\">Otros programas: Educaci\u00f3n, festivales y Urban Greening\n<\/h2>\t\t\t\t<\/div>\n\t\t\t\t<\/div>\n\t\t\t\t<div class=\"elementor-element elementor-element-d29af8a elementor-widget elementor-widget-text-editor\" data-id=\"d29af8a\" data-element_type=\"widget\" data-e-type=\"widget\" data-widget_type=\"text-editor.default\">\n\t\t\t\t<div class=\"elementor-widget-container\">\n\t\t\t\t\t\t\t\t\t<p><span style=\"font-weight: 400;\">La labor de <\/span><b>Greenpop<\/b><span style=\"font-weight: 400;\"> es polifac\u00e9tica y no se limita a las zonas rurales. Su enfoque busca integrar la naturaleza en todos los estratos de la sociedad, utilizando herramientas innovadoras para movilizar y educar.\u00a0<\/span><\/p>\t\t\t\t\t\t\t\t<\/div>\n\t\t\t\t<\/div>\n\t\t\t\t<div class=\"elementor-element elementor-element-9fe15c1 elementor-widget elementor-widget-heading\" data-id=\"9fe15c1\" data-element_type=\"widget\" data-e-type=\"widget\" data-widget_type=\"heading.default\">\n\t\t\t\t<div class=\"elementor-widget-container\">\n\t\t\t\t\t<h3 class=\"elementor-heading-title elementor-size-default\">Reforest Fest: Activismo a trav\u00e9s de la cultura\n<\/h3>\t\t\t\t<\/div>\n\t\t\t\t<\/div>\n\t\t\t\t<div class=\"elementor-element elementor-element-3d5c2af elementor-widget elementor-widget-text-editor\" data-id=\"3d5c2af\" data-element_type=\"widget\" data-e-type=\"widget\" data-widget_type=\"text-editor.default\">\n\t\t\t\t<div class=\"elementor-widget-container\">\n\t\t\t\t\t\t\t\t\t<p><span style=\"font-weight: 400;\">Este festival es un referente mundial de c\u00f3mo la sostenibilidad puede vivirse de manera positiva. Combina m\u00fasica, arte y talleres con jornadas de plantaci\u00f3n masiva, demostrando que la regeneraci\u00f3n ambiental tambi\u00e9n puede ser un motor de uni\u00f3n social y celebraci\u00f3n comunitaria.<\/span><\/p>\t\t\t\t\t\t\t\t<\/div>\n\t\t\t\t<\/div>\n\t\t\t\t<div class=\"elementor-element elementor-element-d5729f6 elementor-widget elementor-widget-heading\" data-id=\"d5729f6\" data-element_type=\"widget\" data-e-type=\"widget\" data-widget_type=\"heading.default\">\n\t\t\t\t<div class=\"elementor-widget-container\">\n\t\t\t\t\t<h3 class=\"elementor-heading-title elementor-size-default\">Urban Greening: Naturaleza en las ciudades\n<\/h3>\t\t\t\t<\/div>\n\t\t\t\t<\/div>\n\t\t\t\t<div class=\"elementor-element elementor-element-6e1a214 elementor-widget elementor-widget-text-editor\" data-id=\"6e1a214\" data-element_type=\"widget\" data-e-type=\"widget\" data-widget_type=\"text-editor.default\">\n\t\t\t\t<div class=\"elementor-widget-container\">\n\t\t\t\t\t\t\t\t\t<p><span style=\"font-weight: 400;\">Mediante proyectos de vegetaci\u00f3n urbana, la fundaci\u00f3n crea huertos escolares y zonas verdes en \u00e1reas desfavorecidas.\u00a0<\/span><\/p><p><span style=\"font-weight: 400;\">Estos espacios no solo mejoran la calidad del aire y reducen el calor urbano, sino que sirven como aulas vivas donde las futuras generaciones aprenden el valor de la biodiversidad en su propio entorno.<\/span><\/p>\t\t\t\t\t\t\t\t<\/div>\n\t\t\t\t<\/div>\n\t\t\t\t<div class=\"elementor-element elementor-element-539f871 elementor-widget elementor-widget-heading\" data-id=\"539f871\" data-element_type=\"widget\" data-e-type=\"widget\" data-widget_type=\"heading.default\">\n\t\t\t\t<div class=\"elementor-widget-container\">\n\t\t\t\t\t<h3 class=\"elementor-heading-title elementor-size-default\">Educaci\u00f3n ambiental y asesoramiento\n<\/h3>\t\t\t\t<\/div>\n\t\t\t\t<\/div>\n\t\t\t\t<div class=\"elementor-element elementor-element-69b49fc elementor-widget elementor-widget-text-editor\" data-id=\"69b49fc\" data-element_type=\"widget\" data-e-type=\"widget\" data-widget_type=\"text-editor.default\">\n\t\t\t\t<div class=\"elementor-widget-container\">\n\t\t\t\t\t\t\t\t\t<p><span style=\"font-weight: 400;\">La formaci\u00f3n es un pilar fundamental de su estrategia. Greenpop desarrolla programas espec\u00edficos para que las futuras generaciones comprendan la importancia de los ecosistemas y adquieran las herramientas necesarias para proteger el patrimonio natural a largo plazo.<\/span><\/p>\t\t\t\t\t\t\t\t<\/div>\n\t\t\t\t<\/div>\n\t\t\t\t<div class=\"elementor-element elementor-element-5aec4f2 elementor-widget elementor-widget-image\" data-id=\"5aec4f2\" data-element_type=\"widget\" data-e-type=\"widget\" data-widget_type=\"image.default\">\n\t\t\t\t<div class=\"elementor-widget-container\">\n\t\t\t\t\t\t\t\t\t\t\t\t\t\t\t<img loading=\"lazy\" decoding=\"async\" width=\"900\" height=\"600\" src=\"https:\/\/www.alveus.eu\/wp-content\/uploads\/114_d.jpg\" class=\"attachment-large size-large wp-image-60191\" alt=\"Programa Urban Greening\" srcset=\"https:\/\/www.alveus.eu\/wp-content\/uploads\/114_d.jpg 900w, https:\/\/www.alveus.eu\/wp-content\/uploads\/114_d-300x200.jpg 300w, https:\/\/www.alveus.eu\/wp-content\/uploads\/114_d-768x512.jpg 768w\" sizes=\"(max-width: 900px) 100vw, 900px\" \/>\t\t\t\t\t\t\t\t\t\t\t\t\t\t\t<\/div>\n\t\t\t\t<\/div>\n\t\t\t\t<div class=\"elementor-element elementor-element-8502d15 elementor-widget elementor-widget-heading\" data-id=\"8502d15\" data-element_type=\"widget\" data-e-type=\"widget\" data-widget_type=\"heading.default\">\n\t\t\t\t<div class=\"elementor-widget-container\">\n\t\t\t\t\t<h2 class=\"elementor-heading-title elementor-size-default\">Dimensi\u00f3n social y desarrollo local\n<\/h2>\t\t\t\t<\/div>\n\t\t\t\t<\/div>\n\t\t\t\t<div class=\"elementor-element elementor-element-a676bd2 elementor-widget elementor-widget-text-editor\" data-id=\"a676bd2\" data-element_type=\"widget\" data-e-type=\"widget\" data-widget_type=\"text-editor.default\">\n\t\t\t\t<div class=\"elementor-widget-container\">\n\t\t\t\t\t\t\t\t\t<p><span style=\"font-weight: 400;\">La restauraci\u00f3n ecol\u00f3gica no puede tener \u00e9xito si se ignora el contexto socioecon\u00f3mico de la regi\u00f3n.\u00a0<\/span><\/p><p><span style=\"font-weight: 400;\">Greenpop integra la recuperaci\u00f3n de la naturaleza con el desarrollo de las comunidades locales, asegurando que la protecci\u00f3n del entorno sea tambi\u00e9n un motor de estabilidad econ\u00f3mica.<\/span><\/p><ul><li style=\"font-weight: 400;\" aria-level=\"1\"><b>Creaci\u00f3n de empleo verde:<\/b><span style=\"font-weight: 400;\"> Se generan puestos de trabajo rurales en gesti\u00f3n de viveros y mantenimiento, creando ingresos dignos.<\/span><\/li><li style=\"font-weight: 400;\" aria-level=\"1\"><b>Transferencia de conocimientos:<\/b><span style=\"font-weight: 400;\"> Los talleres en agricultura regenerativa permiten que la comunidad proteja su territorio a largo plazo.<\/span><\/li><li style=\"font-weight: 400;\" aria-level=\"1\"><b>Resiliencia econ\u00f3mica:<\/b><span style=\"font-weight: 400;\"> Un suelo sano garantiza una agricultura m\u00e1s estable frente al cambio clim\u00e1tico.<\/span><\/li><\/ul>\t\t\t\t\t\t\t\t<\/div>\n\t\t\t\t<\/div>\n\t\t\t\t<div class=\"elementor-element elementor-element-e8a58cf elementor-widget elementor-widget-heading\" data-id=\"e8a58cf\" data-element_type=\"widget\" data-e-type=\"widget\" data-widget_type=\"heading.default\">\n\t\t\t\t<div class=\"elementor-widget-container\">\n\t\t\t\t\t<h2 class=\"elementor-heading-title elementor-size-default\">Por qu\u00e9 colaboramos con Greenpop\n<\/h2>\t\t\t\t<\/div>\n\t\t\t\t<\/div>\n\t\t\t\t<div class=\"elementor-element elementor-element-b4670be elementor-widget elementor-widget-text-editor\" data-id=\"b4670be\" data-element_type=\"widget\" data-e-type=\"widget\" data-widget_type=\"text-editor.default\">\n\t\t\t\t<div class=\"elementor-widget-container\">\n\t\t\t\t\t\t\t\t\t<p><span style=\"font-weight: 400;\">La elecci\u00f3n de la colaboraci\u00f3n con Greenpop responde a una b\u00fasqueda de coherencia t\u00e9cnica y profesional.\u00a0<\/span><\/p><p><span style=\"font-weight: 400;\">En la restauraci\u00f3n ambiental, no basta con la intenci\u00f3n, es imprescindible contar con una metodolog\u00eda transparente y resultados medibles. Greenpop destaca por su rigor operativo y su capacidad para gestionar proyectos complejos en el terreno, garantizando que cada acci\u00f3n se ejecute bajo criterios cient\u00edficos que aseguran la supervivencia de los ecosistemas a largo plazo.<\/span><\/p><p><span style=\"font-weight: 400;\">Para Alveus, participar en un proyecto que comparta nuestra exigencia por la excelencia es fundamental. Su labor en Sud\u00e1frica y Malawi es un ejemplo de c\u00f3mo el conocimiento t\u00e9cnico y la honestidad protegen el origen de nuestros productos.<\/span><\/p>\t\t\t\t\t\t\t\t<\/div>\n\t\t\t\t<\/div>\n\t\t\t\t<div class=\"elementor-element elementor-element-a5ae1d2 elementor-widget elementor-widget-heading\" data-id=\"a5ae1d2\" data-element_type=\"widget\" data-e-type=\"widget\" data-widget_type=\"heading.default\">\n\t\t\t\t<div class=\"elementor-widget-container\">\n\t\t\t\t\t<h2 class=\"elementor-heading-title elementor-size-default\">El v\u00ednculo entre ecosistemas y el sector del t\u00e9\n<\/h2>\t\t\t\t<\/div>\n\t\t\t\t<\/div>\n\t\t\t\t<div class=\"elementor-element elementor-element-40413b5 elementor-widget elementor-widget-text-editor\" data-id=\"40413b5\" data-element_type=\"widget\" data-e-type=\"widget\" data-widget_type=\"text-editor.default\">\n\t\t\t\t<div class=\"elementor-widget-container\">\n\t\t\t\t\t\t\t\t\t<p><span style=\"font-weight: 400;\">La estabilidad del sector del t\u00e9 depende directamente de la salud de los ecosistemas donde se cultiva.<\/span><\/p><p><span style=\"font-weight: 400;\">Los bosques y la cobertura vegetal influyen en factores cr\u00edticos para la producci\u00f3n agr\u00edcola, como la disponibilidad de agua, la fertilidad del suelo y la regulaci\u00f3n del microclima. Estos elementos determinan la regularidad de las cosechas, la consistencia de la calidad y la resiliencia de los cultivos frente al estr\u00e9s clim\u00e1tico.<\/span><\/p><p><span style=\"font-weight: 400;\">Cuando los ecosistemas se degradan, aumenta la variabilidad productiva y el riesgo de p\u00e9rdida de rendimiento, lo que impacta directamente en la disponibilidad de materia prima y en la volatilidad de precios a largo plazo.<\/span><\/p>\t\t\t\t\t\t\t\t<\/div>\n\t\t\t\t<\/div>\n\t\t<div class=\"elementor-element elementor-element-d742e9c e-flex e-con-boxed e-con e-child\" data-id=\"d742e9c\" data-element_type=\"container\" data-e-type=\"container\" data-settings=\"{&quot;background_background&quot;:&quot;classic&quot;}\">\n\t\t\t\t\t<div class=\"e-con-inner\">\n\t\t\t\t<div class=\"elementor-element elementor-element-f17fc3b elementor-widget__width-initial elementor-widget-mobile__width-inherit elementor-view-default elementor-widget elementor-widget-icon\" data-id=\"f17fc3b\" data-element_type=\"widget\" data-e-type=\"widget\" data-widget_type=\"icon.default\">\n\t\t\t\t<div class=\"elementor-widget-container\">\n\t\t\t\t\t\t\t<div class=\"elementor-icon-wrapper\">\n\t\t\t<div class=\"elementor-icon\">\n\t\t\t<svg xmlns=\"http:\/\/www.w3.org\/2000\/svg\" id=\"Layer_2\" data-name=\"Layer 2\" viewBox=\"0 0 192 192\"><defs><style> .cls-1 { fill: none; } .cls-2 { fill: #1d1d1b; } <\/style><\/defs><g id=\"medida\"><g><rect class=\"cls-1\" width=\"192\" height=\"192\"><\/rect><g><path class=\"cls-2\" d=\"M50.98,81.76h-15.81c-1.93,0-3.5,1.57-3.5,3.5s1.57,3.5,3.5,3.5h15.81c1.93,0,3.5-1.57,3.5-3.5s-1.57-3.5-3.5-3.5Z\"><\/path><path class=\"cls-2\" d=\"M64.9,53.79c1.37-1.37,1.37-3.58,0-4.95l-10.12-10.12c-1.37-1.37-3.58-1.37-4.95,0-1.37,1.37-1.37,3.58,0,4.95l10.12,10.12c.68,.68,1.58,1.03,2.47,1.03s1.79-.34,2.47-1.03Z\"><\/path><path class=\"cls-2\" d=\"M145.27,38.72c-1.37-1.37-3.58-1.37-4.95,0l-10.12,10.12c-1.37,1.37-1.37,3.58,0,4.95,.68,.68,1.58,1.03,2.47,1.03s1.79-.34,2.47-1.03l10.12-10.12c1.37-1.37,1.37-3.58,0-4.95Z\"><\/path><path class=\"cls-2\" d=\"M97.75,42c1.93,0,3.5-1.57,3.5-3.5v-14.15c0-1.93-1.57-3.5-3.5-3.5s-3.5,1.57-3.5,3.5v14.15c0,1.93,1.57,3.5,3.5,3.5Z\"><\/path><path class=\"cls-2\" d=\"M156.83,81.76h-14.03c-1.93,0-3.5,1.57-3.5,3.5s1.57,3.5,3.5,3.5h14.03c1.93,0,3.5-1.57,3.5-3.5s-1.57-3.5-3.5-3.5Z\"><\/path><path class=\"cls-2\" d=\"M97.75,48.42c-19.84,0-35.98,16.14-35.98,35.98,0,5.06,.99,9.78,3.03,14.44,.96,2.2,2.35,4.65,3.82,7.25,2.14,3.78,4.57,8.07,5.66,11.69,5.01,16.67,2.59,32.29,2.56,32.45l-.05,.56c0,11.22,9.13,20.36,20.36,20.36s20.36-9.13,20.36-20.36l-.04-.56c-.01-.09-.83-5.44-.21-13.48,.08-.29,.13-.58,.13-.89,0-.1-.02-.19-.03-.29,.48-5.16,1.55-11.3,3.76-17.81,1.37-4.04,4.12-8.95,6.55-13.28,1.09-1.95,2.12-3.79,2.96-5.44,2.75-5.36,3.12-10.41,3.12-14.64,0-19.84-16.14-35.98-35.98-35.98Zm12.3,90.94c-.16,4.07,0,7.32,.19,9.41h-26.18c.21-2.1,.44-5.36,.39-9.41h25.6Zm-12.91,24.79c-5.6,0-10.4-3.48-12.38-8.38h24.76c-1.98,4.9-6.78,8.38-12.38,8.38Zm27.24-68.3c-.79,1.54-1.79,3.32-2.84,5.21-2.57,4.6-5.49,9.8-7.07,14.45-2.06,6.07-3.23,11.82-3.85,16.86h-9.68c.34-.54,.54-1.17,.54-1.86v-19.97c5.79-1.55,10.07-6.82,10.07-13.1,0-1.93-1.57-3.5-3.5-3.5s-3.5,1.57-3.5,3.5c0,3.62-2.95,6.57-6.57,6.57s-6.57-2.95-6.57-6.57c0-1.93-1.57-3.5-3.5-3.5s-3.5,1.57-3.5,3.5c0,6.27,4.28,11.55,10.07,13.1v19.97c0,.68,.2,1.32,.54,1.86h-10.93c-.44-5.05-1.37-10.74-3.14-16.6-1.31-4.37-3.95-9.02-6.27-13.12-1.38-2.44-2.68-4.74-3.5-6.6-1.64-3.76-2.44-7.56-2.44-11.64,0-15.98,13-28.98,28.98-28.98s28.98,13,28.98,28.98c0,4.87-.68,8.19-2.35,11.45Z\"><\/path><\/g><\/g><\/g><\/svg>\t\t\t<\/div>\n\t\t<\/div>\n\t\t\t\t\t\t<\/div>\n\t\t\t\t<\/div>\n\t\t\t\t<div class=\"elementor-element elementor-element-bcc3f93 elementor-widget__width-inherit elementor-widget elementor-widget-heading\" data-id=\"bcc3f93\" data-element_type=\"widget\" data-e-type=\"widget\" data-widget_type=\"heading.default\">\n\t\t\t\t<div class=\"elementor-widget-container\">\n\t\t\t\t\t<span class=\"elementor-heading-title elementor-size-default\">Integrar proyectos de restauraci\u00f3n en la estrategia de sostenibilidad no es solo una cuesti\u00f3n reputacional. Refuerza la trazabilidad, responde a las exigencias crecientes del mercado y contribuye a la estabilidad del suministro en el largo plazo.<\/span>\t\t\t\t<\/div>\n\t\t\t\t<\/div>\n\t\t\t\t\t<\/div>\n\t\t\t\t<\/div>\n\t\t\t\t<div class=\"elementor-element elementor-element-77b9d0b elementor-widget elementor-widget-text-editor\" data-id=\"77b9d0b\" data-element_type=\"widget\" data-e-type=\"widget\" data-widget_type=\"text-editor.default\">\n\t\t\t\t<div class=\"elementor-widget-container\">\n\t\t\t\t\t\t\t\t\t<p><span style=\"font-weight: 400;\">Al priorizar iniciativas con base cient\u00edfica y un impacto social real, es posible alinear sostenibilidad y rendimiento empresarial. Proteger los ecosistemas de origen significa reducir riesgos en la cadena de valor y garantizar la continuidad de la calidad.<\/span><\/p><p><span style=\"font-weight: 400;\">En \u00faltima instancia, la sostenibilidad en el origen no es solo un compromiso ambiental, sino una inversi\u00f3n en la estabilidad futura del sector y en la competitividad de las empresas que operan en \u00e9l.<\/span><\/p>\t\t\t\t\t\t\t\t<\/div>\n\t\t\t\t<\/div>\n\t\t\t\t<\/div>\n\t\t\t\t<\/div>\n\t\t","protected":false},"excerpt":{"rendered":"<p>La restauraci\u00f3n de ecosistemas es clave para proteger la biodiversidad global. En este post analizamos la labor de la Fundaci\u00f3n Greenpop en Sud\u00e1frica, una organizaci\u00f3n que combina ciencia y comunidad para recuperar bosques nativos. <\/p>\n","protected":false},"author":11,"featured_media":60201,"comment_status":"open","ping_status":"open","sticky":false,"template":"","format":"standard","meta":{"_acf_changed":false,"footnotes":""},"categories":[105],"tags":[],"class_list":["post-60184","post","type-post","status-publish","format-standard","has-post-thumbnail","hentry","category-profesionales-del-te"],"acf":[],"yoast_head":"<!-- This site is optimized with the Yoast SEO Premium plugin v27.5 (Yoast SEO v27.5) - https:\/\/yoast.com\/product\/yoast-seo-premium-wordpress\/ -->\n<title>Colaborando con la reforestaci\u00f3n de Greenpop | Alveus<\/title>\n<meta name=\"description\" content=\"La labor de Greenpop en Sud\u00e1frica: Conoce sus proyectos de restauraci\u00f3n de ecosistemas y c\u00f3mo contribuyen a un futuro m\u00e1s sostenible.\" \/>\n<meta name=\"robots\" content=\"index, follow, max-snippet:-1, max-image-preview:large, max-video-preview:-1\" \/>\n<link rel=\"canonical\" href=\"https:\/\/www.alveus.eu\/es\/blog\/greenpop-reforestacion-sudafrica\/\" \/>\n<meta property=\"og:locale\" content=\"es_ES\" \/>\n<meta property=\"og:type\" content=\"article\" \/>\n<meta property=\"og:title\" content=\"Greenpop: restauraci\u00f3n forestal y biodiversidad en Sud\u00e1frica\" \/>\n<meta property=\"og:description\" content=\"La labor de Greenpop en Sud\u00e1frica: Conoce sus proyectos de restauraci\u00f3n de ecosistemas y c\u00f3mo contribuyen a un futuro m\u00e1s sostenible.\" \/>\n<meta property=\"og:url\" content=\"https:\/\/www.alveus.eu\/es\/blog\/greenpop-reforestacion-sudafrica\/\" \/>\n<meta property=\"og:site_name\" content=\"Alveus\" \/>\n<meta property=\"article:publisher\" content=\"https:\/\/www.facebook.com\/alveusinternational\/\" \/>\n<meta property=\"article:published_time\" content=\"2026-03-05T15:29:37+00:00\" \/>\n<meta property=\"og:image\" content=\"https:\/\/www.alveus.eu\/wp-content\/uploads\/114_a.jpg\" \/>\n\t<meta property=\"og:image:width\" content=\"900\" \/>\n\t<meta property=\"og:image:height\" content=\"600\" \/>\n\t<meta property=\"og:image:type\" content=\"image\/jpeg\" \/>\n<meta name=\"author\" content=\"Alveus Blog Team\" \/>\n<meta name=\"twitter:card\" content=\"summary_large_image\" \/>\n<meta name=\"twitter:label1\" content=\"Escrito por\" \/>\n\t<meta name=\"twitter:data1\" content=\"Alveus Blog Team\" \/>\n\t<meta name=\"twitter:label2\" content=\"Tiempo de lectura\" \/>\n\t<meta name=\"twitter:data2\" content=\"8 minutos\" \/>\n<script type=\"application\/ld+json\" class=\"yoast-schema-graph\">{\"@context\":\"https:\\\/\\\/schema.org\",\"@graph\":[{\"@type\":\"Article\",\"@id\":\"https:\\\/\\\/www.alveus.eu\\\/es\\\/blog\\\/greenpop-reforestacion-sudafrica\\\/#article\",\"isPartOf\":{\"@id\":\"https:\\\/\\\/www.alveus.eu\\\/es\\\/blog\\\/greenpop-reforestacion-sudafrica\\\/\"},\"author\":{\"name\":\"Alveus Blog Team\",\"@id\":\"https:\\\/\\\/www.alveus.eu\\\/es#\\\/schema\\\/person\\\/6864b22051c6c128b3c72edaeac35855\"},\"headline\":\"Greenpop: restauraci\u00f3n forestal y biodiversidad en Sud\u00e1frica\",\"datePublished\":\"2026-03-05T15:29:37+00:00\",\"mainEntityOfPage\":{\"@id\":\"https:\\\/\\\/www.alveus.eu\\\/es\\\/blog\\\/greenpop-reforestacion-sudafrica\\\/\"},\"wordCount\":1526,\"commentCount\":0,\"publisher\":{\"@id\":\"https:\\\/\\\/www.alveus.eu\\\/es#organization\"},\"image\":{\"@id\":\"https:\\\/\\\/www.alveus.eu\\\/es\\\/blog\\\/greenpop-reforestacion-sudafrica\\\/#primaryimage\"},\"thumbnailUrl\":\"https:\\\/\\\/www.alveus.eu\\\/wp-content\\\/uploads\\\/114_a.jpg\",\"articleSection\":[\"Profesionales del T\u00e9\"],\"inLanguage\":\"es\",\"potentialAction\":[{\"@type\":\"CommentAction\",\"name\":\"Comment\",\"target\":[\"https:\\\/\\\/www.alveus.eu\\\/es\\\/blog\\\/greenpop-reforestacion-sudafrica\\\/#respond\"]}]},{\"@type\":\"WebPage\",\"@id\":\"https:\\\/\\\/www.alveus.eu\\\/es\\\/blog\\\/greenpop-reforestacion-sudafrica\\\/\",\"url\":\"https:\\\/\\\/www.alveus.eu\\\/es\\\/blog\\\/greenpop-reforestacion-sudafrica\\\/\",\"name\":\"Colaborando con la reforestaci\u00f3n de Greenpop | Alveus\",\"isPartOf\":{\"@id\":\"https:\\\/\\\/www.alveus.eu\\\/es#website\"},\"primaryImageOfPage\":{\"@id\":\"https:\\\/\\\/www.alveus.eu\\\/es\\\/blog\\\/greenpop-reforestacion-sudafrica\\\/#primaryimage\"},\"image\":{\"@id\":\"https:\\\/\\\/www.alveus.eu\\\/es\\\/blog\\\/greenpop-reforestacion-sudafrica\\\/#primaryimage\"},\"thumbnailUrl\":\"https:\\\/\\\/www.alveus.eu\\\/wp-content\\\/uploads\\\/114_a.jpg\",\"datePublished\":\"2026-03-05T15:29:37+00:00\",\"description\":\"La labor de Greenpop en Sud\u00e1frica: Conoce sus proyectos de restauraci\u00f3n de ecosistemas y c\u00f3mo contribuyen a un futuro m\u00e1s sostenible.\",\"breadcrumb\":{\"@id\":\"https:\\\/\\\/www.alveus.eu\\\/es\\\/blog\\\/greenpop-reforestacion-sudafrica\\\/#breadcrumb\"},\"inLanguage\":\"es\",\"potentialAction\":[{\"@type\":\"ReadAction\",\"target\":[\"https:\\\/\\\/www.alveus.eu\\\/es\\\/blog\\\/greenpop-reforestacion-sudafrica\\\/\"]}]},{\"@type\":\"ImageObject\",\"inLanguage\":\"es\",\"@id\":\"https:\\\/\\\/www.alveus.eu\\\/es\\\/blog\\\/greenpop-reforestacion-sudafrica\\\/#primaryimage\",\"url\":\"https:\\\/\\\/www.alveus.eu\\\/wp-content\\\/uploads\\\/114_a.jpg\",\"contentUrl\":\"https:\\\/\\\/www.alveus.eu\\\/wp-content\\\/uploads\\\/114_a.jpg\",\"width\":900,\"height\":600,\"caption\":\"Refortestaci\u00f3n con Greenpop\"},{\"@type\":\"BreadcrumbList\",\"@id\":\"https:\\\/\\\/www.alveus.eu\\\/es\\\/blog\\\/greenpop-reforestacion-sudafrica\\\/#breadcrumb\",\"itemListElement\":[{\"@type\":\"ListItem\",\"position\":1,\"name\":\"Home\",\"item\":\"https:\\\/\\\/www.alveus.eu\\\/es\"},{\"@type\":\"ListItem\",\"position\":2,\"name\":\"Profesionales del T\u00e9\",\"item\":\"https:\\\/\\\/www.alveus.eu\\\/es\\\/blog\\\/category\\\/profesionales-del-te\\\/\"},{\"@type\":\"ListItem\",\"position\":3,\"name\":\"Greenpop: restauraci\u00f3n forestal y biodiversidad en Sud\u00e1frica\"}]},{\"@type\":\"WebSite\",\"@id\":\"https:\\\/\\\/www.alveus.eu\\\/es#website\",\"url\":\"https:\\\/\\\/www.alveus.eu\\\/es\",\"name\":\"Alveus\",\"description\":\"\",\"publisher\":{\"@id\":\"https:\\\/\\\/www.alveus.eu\\\/es#organization\"},\"potentialAction\":[{\"@type\":\"SearchAction\",\"target\":{\"@type\":\"EntryPoint\",\"urlTemplate\":\"https:\\\/\\\/www.alveus.eu\\\/es?s={search_term_string}\"},\"query-input\":{\"@type\":\"PropertyValueSpecification\",\"valueRequired\":true,\"valueName\":\"search_term_string\"}}],\"inLanguage\":\"es\"},{\"@type\":\"Organization\",\"@id\":\"https:\\\/\\\/www.alveus.eu\\\/es#organization\",\"name\":\"Alveus\",\"alternateName\":\"Alveus Premium Teas\",\"url\":\"https:\\\/\\\/www.alveus.eu\\\/es\",\"logo\":{\"@type\":\"ImageObject\",\"inLanguage\":\"es\",\"@id\":\"https:\\\/\\\/www.alveus.eu\\\/es#\\\/schema\\\/logo\\\/image\\\/\",\"url\":\"https:\\\/\\\/www.alveus.eu\\\/wp-content\\\/uploads\\\/2023\\\/07\\\/alveus-logo-primary.png\",\"contentUrl\":\"https:\\\/\\\/www.alveus.eu\\\/wp-content\\\/uploads\\\/2023\\\/07\\\/alveus-logo-primary.png\",\"width\":248,\"height\":248,\"caption\":\"Alveus\"},\"image\":{\"@id\":\"https:\\\/\\\/www.alveus.eu\\\/es#\\\/schema\\\/logo\\\/image\\\/\"},\"sameAs\":[\"https:\\\/\\\/www.facebook.com\\\/alveusinternational\\\/\",\"https:\\\/\\\/www.instagram.com\\\/alveustea\\\/\",\"https:\\\/\\\/de.linkedin.com\\\/company\\\/alveustea\"]},{\"@type\":\"Person\",\"@id\":\"https:\\\/\\\/www.alveus.eu\\\/es#\\\/schema\\\/person\\\/6864b22051c6c128b3c72edaeac35855\",\"name\":\"Alveus Blog Team\",\"image\":{\"@type\":\"ImageObject\",\"inLanguage\":\"es\",\"@id\":\"https:\\\/\\\/secure.gravatar.com\\\/avatar\\\/f951c832a9809c8d01d2ce4fa8bb10716ac4997c3cf93244fa19413f7d28b08e?s=96&d=mm&r=g\",\"url\":\"https:\\\/\\\/secure.gravatar.com\\\/avatar\\\/f951c832a9809c8d01d2ce4fa8bb10716ac4997c3cf93244fa19413f7d28b08e?s=96&d=mm&r=g\",\"contentUrl\":\"https:\\\/\\\/secure.gravatar.com\\\/avatar\\\/f951c832a9809c8d01d2ce4fa8bb10716ac4997c3cf93244fa19413f7d28b08e?s=96&d=mm&r=g\",\"caption\":\"Alveus Blog Team\"},\"description\":\"Editorial team formed by tea professionals from different countries. We are driven by our passion for tea and the dissemination of its culture.\",\"sameAs\":[\"https:\\\/\\\/www.alveus.eu\\\/\"]}]}<\/script>\n<!-- \/ Yoast SEO Premium plugin. -->","yoast_head_json":{"title":"Colaborando con la reforestaci\u00f3n de Greenpop | Alveus","description":"La labor de Greenpop en Sud\u00e1frica: Conoce sus proyectos de restauraci\u00f3n de ecosistemas y c\u00f3mo contribuyen a un futuro m\u00e1s sostenible.","robots":{"index":"index","follow":"follow","max-snippet":"max-snippet:-1","max-image-preview":"max-image-preview:large","max-video-preview":"max-video-preview:-1"},"canonical":"https:\/\/www.alveus.eu\/es\/blog\/greenpop-reforestacion-sudafrica\/","og_locale":"es_ES","og_type":"article","og_title":"Greenpop: restauraci\u00f3n forestal y biodiversidad en Sud\u00e1frica","og_description":"La labor de Greenpop en Sud\u00e1frica: Conoce sus proyectos de restauraci\u00f3n de ecosistemas y c\u00f3mo contribuyen a un futuro m\u00e1s sostenible.","og_url":"https:\/\/www.alveus.eu\/es\/blog\/greenpop-reforestacion-sudafrica\/","og_site_name":"Alveus","article_publisher":"https:\/\/www.facebook.com\/alveusinternational\/","article_published_time":"2026-03-05T15:29:37+00:00","og_image":[{"width":900,"height":600,"url":"https:\/\/www.alveus.eu\/wp-content\/uploads\/114_a.jpg","type":"image\/jpeg"}],"author":"Alveus Blog Team","twitter_card":"summary_large_image","twitter_misc":{"Escrito por":"Alveus Blog Team","Tiempo de lectura":"8 minutos"},"schema":{"@context":"https:\/\/schema.org","@graph":[{"@type":"Article","@id":"https:\/\/www.alveus.eu\/es\/blog\/greenpop-reforestacion-sudafrica\/#article","isPartOf":{"@id":"https:\/\/www.alveus.eu\/es\/blog\/greenpop-reforestacion-sudafrica\/"},"author":{"name":"Alveus Blog Team","@id":"https:\/\/www.alveus.eu\/es#\/schema\/person\/6864b22051c6c128b3c72edaeac35855"},"headline":"Greenpop: restauraci\u00f3n forestal y biodiversidad en Sud\u00e1frica","datePublished":"2026-03-05T15:29:37+00:00","mainEntityOfPage":{"@id":"https:\/\/www.alveus.eu\/es\/blog\/greenpop-reforestacion-sudafrica\/"},"wordCount":1526,"commentCount":0,"publisher":{"@id":"https:\/\/www.alveus.eu\/es#organization"},"image":{"@id":"https:\/\/www.alveus.eu\/es\/blog\/greenpop-reforestacion-sudafrica\/#primaryimage"},"thumbnailUrl":"https:\/\/www.alveus.eu\/wp-content\/uploads\/114_a.jpg","articleSection":["Profesionales del T\u00e9"],"inLanguage":"es","potentialAction":[{"@type":"CommentAction","name":"Comment","target":["https:\/\/www.alveus.eu\/es\/blog\/greenpop-reforestacion-sudafrica\/#respond"]}]},{"@type":"WebPage","@id":"https:\/\/www.alveus.eu\/es\/blog\/greenpop-reforestacion-sudafrica\/","url":"https:\/\/www.alveus.eu\/es\/blog\/greenpop-reforestacion-sudafrica\/","name":"Colaborando con la reforestaci\u00f3n de Greenpop | Alveus","isPartOf":{"@id":"https:\/\/www.alveus.eu\/es#website"},"primaryImageOfPage":{"@id":"https:\/\/www.alveus.eu\/es\/blog\/greenpop-reforestacion-sudafrica\/#primaryimage"},"image":{"@id":"https:\/\/www.alveus.eu\/es\/blog\/greenpop-reforestacion-sudafrica\/#primaryimage"},"thumbnailUrl":"https:\/\/www.alveus.eu\/wp-content\/uploads\/114_a.jpg","datePublished":"2026-03-05T15:29:37+00:00","description":"La labor de Greenpop en Sud\u00e1frica: Conoce sus proyectos de restauraci\u00f3n de ecosistemas y c\u00f3mo contribuyen a un futuro m\u00e1s sostenible.","breadcrumb":{"@id":"https:\/\/www.alveus.eu\/es\/blog\/greenpop-reforestacion-sudafrica\/#breadcrumb"},"inLanguage":"es","potentialAction":[{"@type":"ReadAction","target":["https:\/\/www.alveus.eu\/es\/blog\/greenpop-reforestacion-sudafrica\/"]}]},{"@type":"ImageObject","inLanguage":"es","@id":"https:\/\/www.alveus.eu\/es\/blog\/greenpop-reforestacion-sudafrica\/#primaryimage","url":"https:\/\/www.alveus.eu\/wp-content\/uploads\/114_a.jpg","contentUrl":"https:\/\/www.alveus.eu\/wp-content\/uploads\/114_a.jpg","width":900,"height":600,"caption":"Refortestaci\u00f3n con Greenpop"},{"@type":"BreadcrumbList","@id":"https:\/\/www.alveus.eu\/es\/blog\/greenpop-reforestacion-sudafrica\/#breadcrumb","itemListElement":[{"@type":"ListItem","position":1,"name":"Home","item":"https:\/\/www.alveus.eu\/es"},{"@type":"ListItem","position":2,"name":"Profesionales del T\u00e9","item":"https:\/\/www.alveus.eu\/es\/blog\/category\/profesionales-del-te\/"},{"@type":"ListItem","position":3,"name":"Greenpop: restauraci\u00f3n forestal y biodiversidad en Sud\u00e1frica"}]},{"@type":"WebSite","@id":"https:\/\/www.alveus.eu\/es#website","url":"https:\/\/www.alveus.eu\/es","name":"Alveus","description":"","publisher":{"@id":"https:\/\/www.alveus.eu\/es#organization"},"potentialAction":[{"@type":"SearchAction","target":{"@type":"EntryPoint","urlTemplate":"https:\/\/www.alveus.eu\/es?s={search_term_string}"},"query-input":{"@type":"PropertyValueSpecification","valueRequired":true,"valueName":"search_term_string"}}],"inLanguage":"es"},{"@type":"Organization","@id":"https:\/\/www.alveus.eu\/es#organization","name":"Alveus","alternateName":"Alveus Premium Teas","url":"https:\/\/www.alveus.eu\/es","logo":{"@type":"ImageObject","inLanguage":"es","@id":"https:\/\/www.alveus.eu\/es#\/schema\/logo\/image\/","url":"https:\/\/www.alveus.eu\/wp-content\/uploads\/2023\/07\/alveus-logo-primary.png","contentUrl":"https:\/\/www.alveus.eu\/wp-content\/uploads\/2023\/07\/alveus-logo-primary.png","width":248,"height":248,"caption":"Alveus"},"image":{"@id":"https:\/\/www.alveus.eu\/es#\/schema\/logo\/image\/"},"sameAs":["https:\/\/www.facebook.com\/alveusinternational\/","https:\/\/www.instagram.com\/alveustea\/","https:\/\/de.linkedin.com\/company\/alveustea"]},{"@type":"Person","@id":"https:\/\/www.alveus.eu\/es#\/schema\/person\/6864b22051c6c128b3c72edaeac35855","name":"Alveus Blog Team","image":{"@type":"ImageObject","inLanguage":"es","@id":"https:\/\/secure.gravatar.com\/avatar\/f951c832a9809c8d01d2ce4fa8bb10716ac4997c3cf93244fa19413f7d28b08e?s=96&d=mm&r=g","url":"https:\/\/secure.gravatar.com\/avatar\/f951c832a9809c8d01d2ce4fa8bb10716ac4997c3cf93244fa19413f7d28b08e?s=96&d=mm&r=g","contentUrl":"https:\/\/secure.gravatar.com\/avatar\/f951c832a9809c8d01d2ce4fa8bb10716ac4997c3cf93244fa19413f7d28b08e?s=96&d=mm&r=g","caption":"Alveus Blog Team"},"description":"Editorial team formed by tea professionals from different countries. We are driven by our passion for tea and the dissemination of its culture.","sameAs":["https:\/\/www.alveus.eu\/"]}]}},"_links":{"self":[{"href":"https:\/\/www.alveus.eu\/es\/wp-json\/wp\/v2\/posts\/60184","targetHints":{"allow":["GET"]}}],"collection":[{"href":"https:\/\/www.alveus.eu\/es\/wp-json\/wp\/v2\/posts"}],"about":[{"href":"https:\/\/www.alveus.eu\/es\/wp-json\/wp\/v2\/types\/post"}],"author":[{"embeddable":true,"href":"https:\/\/www.alveus.eu\/es\/wp-json\/wp\/v2\/users\/11"}],"replies":[{"embeddable":true,"href":"https:\/\/www.alveus.eu\/es\/wp-json\/wp\/v2\/comments?post=60184"}],"version-history":[{"count":4,"href":"https:\/\/www.alveus.eu\/es\/wp-json\/wp\/v2\/posts\/60184\/revisions"}],"predecessor-version":[{"id":60236,"href":"https:\/\/www.alveus.eu\/es\/wp-json\/wp\/v2\/posts\/60184\/revisions\/60236"}],"wp:featuredmedia":[{"embeddable":true,"href":"https:\/\/www.alveus.eu\/es\/wp-json\/wp\/v2\/media\/60201"}],"wp:attachment":[{"href":"https:\/\/www.alveus.eu\/es\/wp-json\/wp\/v2\/media?parent=60184"}],"wp:term":[{"taxonomy":"category","embeddable":true,"href":"https:\/\/www.alveus.eu\/es\/wp-json\/wp\/v2\/categories?post=60184"},{"taxonomy":"post_tag","embeddable":true,"href":"https:\/\/www.alveus.eu\/es\/wp-json\/wp\/v2\/tags?post=60184"}],"curies":[{"name":"wp","href":"https:\/\/api.w.org\/{rel}","templated":true}]}}