{"id":61670,"date":"2026-09-02T08:44:59","date_gmt":"2026-09-02T06:44:59","guid":{"rendered":"https:\/\/www.alveus.eu\/?p=61670"},"modified":"2026-09-02T08:44:59","modified_gmt":"2026-09-02T06:44:59","slug":"que-es-te-negro","status":"publish","type":"post","link":"https:\/\/www.alveus.eu\/es\/blog\/que-es-te-negro\/","title":{"rendered":"El t\u00e9 negro en 22 preguntas frecuentes"},"content":{"rendered":"\t\t<div data-elementor-type=\"wp-post\" data-elementor-id=\"61670\" class=\"elementor elementor-61670\" data-elementor-post-type=\"post\">\n\t\t\t\t<div class=\"elementor-element elementor-element-ec48546 e-con-full e-flex e-con e-parent\" data-id=\"ec48546\" data-element_type=\"container\" data-e-type=\"container\">\n\t\t\t\t<div class=\"elementor-element elementor-element-5629397 elementor-widget elementor-widget-text-editor\" data-id=\"5629397\" data-element_type=\"widget\" data-e-type=\"widget\" data-widget_type=\"text-editor.default\">\n\t\t\t\t<div class=\"elementor-widget-container\">\n\t\t\t\t\t\t\t\t\t<p><span style=\"font-weight: 400;\">El t\u00e9 negro es la categor\u00eda de t\u00e9 m\u00e1s consumida en buena parte de Occidente, pero detr\u00e1s de ese nombre existe una diversidad enorme. Un Assam intenso y maltoso, un Darjeeling floral, un Keemun sedoso o un Ceylon c\u00edtrico pueden parecer bebidas completamente distintas, aunque todos procedan de la misma planta.<\/span><\/p><p><span style=\"font-weight: 400;\">Su origen, cultivar, cosecha, elaboraci\u00f3n y forma de preparaci\u00f3n determinan el color, el aroma, el cuerpo y la astringencia de cada taza. Estas son las respuestas a las preguntas m\u00e1s frecuentes sobre el t\u00e9 negro.<\/span><\/p>\t\t\t\t\t\t\t\t<\/div>\n\t\t\t\t<\/div>\n\t\t\t\t<div class=\"elementor-element elementor-element-81850a7 elementor-toc--minimized-on-tablet elementor-widget elementor-widget-table-of-contents\" data-id=\"81850a7\" data-element_type=\"widget\" data-e-type=\"widget\" data-settings=\"{&quot;headings_by_tags&quot;:[&quot;h2&quot;],&quot;exclude_headings_by_selector&quot;:&quot;.elementor-grid .elementor-heading-title&quot;,&quot;no_headings_message&quot;:&quot;No headings were found on this page.&quot;,&quot;marker_view&quot;:&quot;numbers&quot;,&quot;minimize_box&quot;:&quot;yes&quot;,&quot;minimized_on&quot;:&quot;tablet&quot;,&quot;hierarchical_view&quot;:&quot;yes&quot;,&quot;min_height&quot;:{&quot;unit&quot;:&quot;px&quot;,&quot;size&quot;:&quot;&quot;,&quot;sizes&quot;:[]},&quot;min_height_tablet&quot;:{&quot;unit&quot;:&quot;px&quot;,&quot;size&quot;:&quot;&quot;,&quot;sizes&quot;:[]},&quot;min_height_mobile&quot;:{&quot;unit&quot;:&quot;px&quot;,&quot;size&quot;:&quot;&quot;,&quot;sizes&quot;:[]}}\" data-widget_type=\"table-of-contents.default\">\n\t\t\t\t<div class=\"elementor-widget-container\">\n\t\t\t\t\t\t\t\t\t<div class=\"elementor-toc__header\">\n\t\t\t\t\t\t<div class=\"elementor-toc__header-title\">\n\t\t\t\tContenidos\t\t\t<\/div>\n\t\t\t\t\t\t\t\t\t\t<div class=\"elementor-toc__toggle-button elementor-toc__toggle-button--expand\" role=\"button\" tabindex=\"0\" aria-controls=\"elementor-toc__81850a7\" aria-expanded=\"true\" aria-label=\"Abrir la tabla de contenidos\"><i aria-hidden=\"true\" class=\"alveus alveus-arrow\"><\/i><\/div>\n\t\t\t\t<div class=\"elementor-toc__toggle-button elementor-toc__toggle-button--collapse\" role=\"button\" tabindex=\"0\" aria-controls=\"elementor-toc__81850a7\" aria-expanded=\"true\" aria-label=\"Cerrar la tabla de contenidos\"><i aria-hidden=\"true\" class=\"alveus alveus-close\"><\/i><\/div>\n\t\t\t\t\t<\/div>\n\t\t\t\t<div id=\"elementor-toc__81850a7\" class=\"elementor-toc__body\">\n\t\t\t<div class=\"elementor-toc__spinner-container\">\n\t\t\t\t<i class=\"elementor-toc__spinner eicon-animation-spin eicon-loading\" aria-hidden=\"true\"><\/i>\t\t\t<\/div>\n\t\t<\/div>\n\t\t\t\t\t\t<\/div>\n\t\t\t\t<\/div>\n\t\t\t\t<div class=\"elementor-element elementor-element-aeb460f elementor-widget elementor-widget-heading\" data-id=\"aeb460f\" data-element_type=\"widget\" data-e-type=\"widget\" data-widget_type=\"heading.default\">\n\t\t\t\t<div class=\"elementor-widget-container\">\n\t\t\t\t\t<h2 class=\"elementor-heading-title elementor-size-default\">\u00bfQu\u00e9 es el t\u00e9 negro?<\/h2>\t\t\t\t<\/div>\n\t\t\t\t<\/div>\n\t\t\t\t<div class=\"elementor-element elementor-element-deddede elementor-widget elementor-widget-text-editor\" data-id=\"deddede\" data-element_type=\"widget\" data-e-type=\"widget\" data-widget_type=\"text-editor.default\">\n\t\t\t\t<div class=\"elementor-widget-container\">\n\t\t\t\t\t\t\t\t\t<p><span style=\"font-weight: 400;\">El t\u00e9 negro es un tipo de t\u00e9 elaborado con hojas de <\/span><a href=\"https:\/\/www.alveus.eu\/es\/blog\/variedades-planta-te\/\"><b>Camellia sinensis<\/b><\/a><span style=\"font-weight: 400;\"> que han sido marchitadas, enrolladas o cortadas, oxidadas y finalmente secadas.<\/span><\/p><p><span style=\"font-weight: 400;\">Procede de la misma especie vegetal que el t\u00e9 verde, el t\u00e9 blanco, el t\u00e9 amarillo, el oolong y los Dark teas. Lo que diferencia a estas categor\u00edas no es la planta, sino el tratamiento que reciben las hojas despu\u00e9s de la cosecha.<\/span><\/p><p><span style=\"font-weight: 400;\">En China se conoce como <\/span><i><span style=\"font-weight: 400;\">hong cha<\/span><\/i><span style=\"font-weight: 400;\">, que significa \u201ct\u00e9 rojo\u201d, en referencia al color cobrizo o rojizo de la infusi\u00f3n. En Occidente se adopt\u00f3 el nombre de t\u00e9 negro por el aspecto oscuro de las hojas secas.<\/span><\/p>\t\t\t\t\t\t\t\t<\/div>\n\t\t\t\t<\/div>\n\t\t\t\t<div class=\"elementor-element elementor-element-d71a9ea elementor-widget elementor-widget-heading\" data-id=\"d71a9ea\" data-element_type=\"widget\" data-e-type=\"widget\" data-widget_type=\"heading.default\">\n\t\t\t\t<div class=\"elementor-widget-container\">\n\t\t\t\t\t<h2 class=\"elementor-heading-title elementor-size-default\">\u00bfA qu\u00e9 sabe el t\u00e9 negro?<\/h2>\t\t\t\t<\/div>\n\t\t\t\t<\/div>\n\t\t\t\t\t<img fetchpriority=\"high\" decoding=\"async\" class=\"e-image-base \" data-interaction-id=\"7afe892\" data-e-type=\"widget\" data-id=\"7afe892\" id=\"61678\" src=\"https:\/\/www.alveus.eu\/wp-content\/uploads\/134_b.jpg\" width=\"900\" height=\"600\" srcset=\"https:\/\/www.alveus.eu\/wp-content\/uploads\/134_b.jpg 900w, https:\/\/www.alveus.eu\/wp-content\/uploads\/134_b-300x200.jpg 300w, https:\/\/www.alveus.eu\/wp-content\/uploads\/134_b-768x512.jpg 768w\" alt=\"t\u00e9 negro cata\"\/>\t\t\t\t<div class=\"elementor-element elementor-element-4f8e3e0 elementor-widget elementor-widget-text-editor\" data-id=\"4f8e3e0\" data-element_type=\"widget\" data-e-type=\"widget\" data-widget_type=\"text-editor.default\">\n\t\t\t\t<div class=\"elementor-widget-container\">\n\t\t\t\t\t\t\t\t\t<p><span style=\"font-weight: 400;\">El t\u00e9 negro puede presentar uno de los abanicos arom\u00e1ticos m\u00e1s amplios del mundo del t\u00e9. Dependiendo del origen y de la fabricaci\u00f3n, puede recordar a:<\/span><\/p><ul><li style=\"font-weight: 400;\" aria-level=\"1\"><span style=\"font-weight: 400;\">Malta, cereal, pan tostado o galleta.<\/span><\/li><li style=\"font-weight: 400;\" aria-level=\"1\"><span style=\"font-weight: 400;\">Miel, caramelo, melaza o az\u00facar moreno.<\/span><\/li><li style=\"font-weight: 400;\" aria-level=\"1\"><span style=\"font-weight: 400;\">Cacao, chocolate negro o caf\u00e9 suave.<\/span><\/li><li style=\"font-weight: 400;\" aria-level=\"1\"><span style=\"font-weight: 400;\">Uva moscatel, ciruela, albaricoque, pasas o frutos rojos.<\/span><\/li><li style=\"font-weight: 400;\" aria-level=\"1\"><span style=\"font-weight: 400;\">Rosa, orqu\u00eddea y otras flores.<\/span><\/li><li style=\"font-weight: 400;\" aria-level=\"1\"><span style=\"font-weight: 400;\">Madera, tabaco, cuero o bosque h\u00famedo.<\/span><\/li><li style=\"font-weight: 400;\" aria-level=\"1\"><span style=\"font-weight: 400;\">Canela, pimienta, clavo o jengibre.<\/span><\/li><li style=\"font-weight: 400;\" aria-level=\"1\"><span style=\"font-weight: 400;\">C\u00edtricos, mentol o resina.<\/span><\/li><li style=\"font-weight: 400;\" aria-level=\"1\"><span style=\"font-weight: 400;\">Humo, carb\u00f3n o madera quemada.<\/span><\/li><\/ul><p><span style=\"font-weight: 400;\">Un buen t\u00e9 negro no tiene que ser necesariamente fuerte. Puede ser ligero y floral, dulce y sedoso, maltoso y denso o intensamente ahumado.<\/span><\/p>\t\t\t\t\t\t\t\t<\/div>\n\t\t\t\t<\/div>\n\t\t\t\t<div class=\"elementor-element elementor-element-9d0f631 elementor-widget elementor-widget-heading\" data-id=\"9d0f631\" data-element_type=\"widget\" data-e-type=\"widget\" data-widget_type=\"heading.default\">\n\t\t\t\t<div class=\"elementor-widget-container\">\n\t\t\t\t\t<h2 class=\"elementor-heading-title elementor-size-default\">\u00bfC\u00f3mo se prepara el t\u00e9 negro?<\/h2>\t\t\t\t<\/div>\n\t\t\t\t<\/div>\n\t\t\t\t<div class=\"elementor-element elementor-element-f3f0388 elementor-widget elementor-widget-text-editor\" data-id=\"f3f0388\" data-element_type=\"widget\" data-e-type=\"widget\" data-widget_type=\"text-editor.default\">\n\t\t\t\t<div class=\"elementor-widget-container\">\n\t\t\t\t\t\t\t\t\t<p><span style=\"font-weight: 400;\">La preparaci\u00f3n del t\u00e9 negro depende del tipo de hoja, pero como norma general se utilizan entre 2 y 3 gramos por taza (250 ml) con agua entre 90 y 100 \u00b0C y una infusi\u00f3n de 2 a 4 minutos.\u00a0<\/span><\/p><p><span style=\"font-weight: 400;\">Los t\u00e9s m\u00e1s delicados, como el Darjeeling, requieren menos temperatura y tiempo, mientras que los m\u00e1s intensos o pensados para tomar con leche admiten agua m\u00e1s caliente y una extracci\u00f3n m\u00e1s larga. Es importante usar agua fresca y de calidad, ya que influye directamente en el sabor.\u00a0<\/span><\/p><p><span style=\"font-weight: 400;\">Los t\u00e9s de hoja entera pueden infusionarse varias veces, mientras que los de corte fino o tipo CTC suelen aprovecharse mejor en una sola preparaci\u00f3n. <\/span><\/p>\t\t\t\t\t\t\t\t<\/div>\n\t\t\t\t<\/div>\n\t\t\t\t<div class=\"elementor-element elementor-element-6f0d310 elementor-widget elementor-widget-shortcode\" data-id=\"6f0d310\" data-element_type=\"widget\" data-e-type=\"widget\" data-widget_type=\"shortcode.default\">\n\t\t\t\t<div class=\"elementor-widget-container\">\n\t\t\t\t\t\t\t<div class=\"elementor-shortcode\">\t\t<div data-elementor-type=\"section\" data-elementor-id=\"51144\" class=\"elementor elementor-51144 elementor-51052 elementor-51052\" data-elementor-post-type=\"elementor_library\">\n\t\t\t<div class=\"elementor-element elementor-element-3039963 e-con-full e-flex e-con e-parent\" data-id=\"3039963\" data-element_type=\"container\" data-e-type=\"container\" data-settings=\"{&quot;background_background&quot;:&quot;classic&quot;}\">\n\t\t<div class=\"elementor-element elementor-element-4351092 e-con-full e-flex e-con e-child\" data-id=\"4351092\" data-element_type=\"container\" data-e-type=\"container\">\n\t\t\t\t<div class=\"elementor-element elementor-element-2090423 elementor-widget elementor-widget-heading\" data-id=\"2090423\" data-element_type=\"widget\" data-e-type=\"widget\" data-widget_type=\"heading.default\">\n\t\t\t\t<div class=\"elementor-widget-container\">\n\t\t\t\t\t<p class=\"elementor-heading-title elementor-size-default\">Consigue 10 muestras gratis<\/p>\t\t\t\t<\/div>\n\t\t\t\t<\/div>\n\t\t\t\t<div class=\"elementor-element elementor-element-1b4106c elementor-widget elementor-widget-heading\" data-id=\"1b4106c\" data-element_type=\"widget\" data-e-type=\"widget\" data-widget_type=\"heading.default\">\n\t\t\t\t<div class=\"elementor-widget-container\">\n\t\t\t\t\t<p class=\"elementor-heading-title elementor-size-default\">Exclusivo para profesionales del t\u00e9<\/p>\t\t\t\t<\/div>\n\t\t\t\t<\/div>\n\t\t\t\t<div class=\"elementor-element elementor-element-c6cc423 elementor-align-left elementor-widget elementor-widget-button\" data-id=\"c6cc423\" data-element_type=\"widget\" data-e-type=\"widget\" data-widget_type=\"button.default\">\n\t\t\t\t<div class=\"elementor-widget-container\">\n\t\t\t\t\t\t\t\t\t<div class=\"elementor-button-wrapper\">\n\t\t\t\t\t<a class=\"elementor-button elementor-button-link elementor-size-sm\" href=\"#request-catalogue\">\n\t\t\t\t\t\t<span class=\"elementor-button-content-wrapper\">\n\t\t\t\t\t\t\t\t\t<span class=\"elementor-button-text\">SOLICITAR CAT\u00c1LOGO<\/span>\n\t\t\t\t\t<\/span>\n\t\t\t\t\t<\/a>\n\t\t\t\t<\/div>\n\t\t\t\t\t\t\t\t<\/div>\n\t\t\t\t<\/div>\n\t\t\t\t<\/div>\n\t\t<div class=\"elementor-element elementor-element-92c569c e-con-full e-flex e-con e-child\" data-id=\"92c569c\" data-element_type=\"container\" data-e-type=\"container\">\n\t\t\t\t<div class=\"elementor-element elementor-element-82c5156 elementor-widget elementor-widget-image\" data-id=\"82c5156\" data-element_type=\"widget\" data-e-type=\"widget\" data-widget_type=\"image.default\">\n\t\t\t\t<div class=\"elementor-widget-container\">\n\t\t\t\t\t\t\t\t\t\t\t\t\t\t\t<img decoding=\"async\" width=\"863\" height=\"343\" src=\"https:\/\/www.alveus.eu\/wp-content\/uploads\/cta-catalogues.png\" class=\"attachment-large size-large wp-image-51124\" alt=\"\" srcset=\"https:\/\/www.alveus.eu\/wp-content\/uploads\/cta-catalogues.png 863w, https:\/\/www.alveus.eu\/wp-content\/uploads\/cta-catalogues-300x119.png 300w, https:\/\/www.alveus.eu\/wp-content\/uploads\/cta-catalogues-768x305.png 768w\" sizes=\"(max-width: 863px) 100vw, 863px\" \/>\t\t\t\t\t\t\t\t\t\t\t\t\t\t\t<\/div>\n\t\t\t\t<\/div>\n\t\t\t\t<\/div>\n\t\t\t\t<\/div>\n\t\t\t\t<\/div>\n\t\t<\/div>\n\t\t\t\t\t\t<\/div>\n\t\t\t\t<\/div>\n\t\t\t\t<div class=\"elementor-element elementor-element-192e05d elementor-widget elementor-widget-heading\" data-id=\"192e05d\" data-element_type=\"widget\" data-e-type=\"widget\" data-widget_type=\"heading.default\">\n\t\t\t\t<div class=\"elementor-widget-container\">\n\t\t\t\t\t<h2 class=\"elementor-heading-title elementor-size-default\">\u00bfC\u00f3mo se produce el t\u00e9 negro?<\/h2>\t\t\t\t<\/div>\n\t\t\t\t<\/div>\n\t\t\t\t<div class=\"elementor-element elementor-element-ebc38c9 elementor-widget elementor-widget-text-editor\" data-id=\"ebc38c9\" data-element_type=\"widget\" data-e-type=\"widget\" data-widget_type=\"text-editor.default\">\n\t\t\t\t<div class=\"elementor-widget-container\">\n\t\t\t\t\t\t\t\t\t<p><span style=\"font-weight: 400;\">Aunque existen numerosas variantes regionales, su elaboraci\u00f3n suele comprender cinco etapas principales<\/span><\/p><p><b>Cosecha.<\/b><span style=\"font-weight: 400;\"> Se recogen brotes y hojas j\u00f3venes, de forma manual o mec\u00e1nica.<\/span><\/p><p><b>Marchitado.<\/b><span style=\"font-weight: 400;\"> Las hojas pierden parte de su humedad y se vuelven flexibles. En algunos t\u00e9s negros este proceso puede prolongarse entre 12 y 20 horas.<\/span><\/p><p><b>Enrollado o corte.<\/b><span style=\"font-weight: 400;\"> Las hojas se enrollan, presionan o fragmentan para romper parte de sus c\u00e9lulas. De esta manera, las enzimas y los polifenoles entran en contacto con el ox\u00edgeno.<\/span><\/p><p><b>Oxidaci\u00f3n.<\/b><span style=\"font-weight: 400;\"> Las hojas se mantienen en condiciones controladas de temperatura, humedad y ventilaci\u00f3n. Durante esta fase cambian de color y se desarrollan buena parte de los aromas, sabores y pigmentos caracter\u00edsticos del t\u00e9 negro.<\/span><\/p><p><b>Secado y clasificaci\u00f3n.<\/b><span style=\"font-weight: 400;\"> La aplicaci\u00f3n de calor detiene la oxidaci\u00f3n y reduce la humedad para estabilizar el producto. Despu\u00e9s, el t\u00e9 se clasifica seg\u00fan el tama\u00f1o y la apariencia de sus part\u00edculas.<\/span><\/p><p><span style=\"font-weight: 400;\">En este post te contamos todo en detalle sobre la <\/span><a href=\"https:\/\/www.alveus.eu\/es\/blog\/proceso-elaboracion-te-negro\/\"><span style=\"font-weight: 400;\">producci\u00f3n de t\u00e9 negro<\/span><\/a><span style=\"font-weight: 400;\">. <\/span><\/p>\t\t\t\t\t\t\t\t<\/div>\n\t\t\t\t<\/div>\n\t\t\t\t<div class=\"elementor-element elementor-element-5078d9f elementor-widget elementor-widget-heading\" data-id=\"5078d9f\" data-element_type=\"widget\" data-e-type=\"widget\" data-widget_type=\"heading.default\">\n\t\t\t\t<div class=\"elementor-widget-container\">\n\t\t\t\t\t<h2 class=\"elementor-heading-title elementor-size-default\">\u00bfPor qu\u00e9 el t\u00e9 negro tiene el color tan oscuro?<\/h2>\t\t\t\t<\/div>\n\t\t\t\t<\/div>\n\t\t\t\t<div class=\"elementor-element elementor-element-33eec3d elementor-widget elementor-widget-text-editor\" data-id=\"33eec3d\" data-element_type=\"widget\" data-e-type=\"widget\" data-widget_type=\"text-editor.default\">\n\t\t\t\t<div class=\"elementor-widget-container\">\n\t\t\t\t\t\t\t\t\t<p><span style=\"font-weight: 400;\">El color oscuro del t\u00e9 negro aparece principalmente durante la oxidaci\u00f3n.<\/span><\/p><p><span style=\"font-weight: 400;\">Al romperse las c\u00e9lulas de las hojas, la enzima polifenol oxidasa favorece la transformaci\u00f3n de las catequinas en nuevos compuestos. Entre ellos destacan las <\/span><b>teaflavinas<\/b><span style=\"font-weight: 400;\">, relacionadas con los tonos dorados, la viveza y parte de la astringencia, y las <\/span><b>tearubiginas<\/b><span style=\"font-weight: 400;\">, que aportan colores cobrizos, rojizos y marrones, adem\u00e1s de cuerpo y redondez.<\/span><\/p><p><span style=\"font-weight: 400;\">Como resultado, la hoja pasa del verde inicial a tonos cobrizos durante la fabricaci\u00f3n y termina con una apariencia marr\u00f3n oscura o negra. La infusi\u00f3n, sin embargo, no suele ser negra, sino \u00e1mbar, rojiza, caoba o cobriza.<\/span><\/p>\t\t\t\t\t\t\t\t<\/div>\n\t\t\t\t<\/div>\n\t\t\t\t<div class=\"elementor-element elementor-element-5521773 elementor-widget elementor-widget-heading\" data-id=\"5521773\" data-element_type=\"widget\" data-e-type=\"widget\" data-widget_type=\"heading.default\">\n\t\t\t\t<div class=\"elementor-widget-container\">\n\t\t\t\t\t<h2 class=\"elementor-heading-title elementor-size-default\">\u00bfCu\u00e1les son los principales tipos de t\u00e9 negro?<\/h2>\t\t\t\t<\/div>\n\t\t\t\t<\/div>\n\t\t\t\t<div class=\"elementor-element elementor-element-db3f02d elementor-widget elementor-widget-text-editor\" data-id=\"db3f02d\" data-element_type=\"widget\" data-e-type=\"widget\" data-widget_type=\"text-editor.default\">\n\t\t\t\t<div class=\"elementor-widget-container\">\n\t\t\t\t\t\t\t\t\t<p><span style=\"font-weight: 400;\">El t\u00e9 negro puede clasificarse por origen, estilo de elaboraci\u00f3n, jard\u00edn, cosecha o perfil sensorial. Entre las familias m\u00e1s conocidas se encuentran las siguientes:<\/span><\/p><p><b>T\u00e9s negros de China.<\/b><span style=\"font-weight: 400;\"> Incluyen Qimen o Keemun, Dian Hong de Yunnan, Zheng Shan Xiao Zhong (conocido fuera de China como Lapsang Souchong), Jin Jun Mei y otros estilos de Fujian, Anhui y Yunnan.<\/span><\/p><p><b>T\u00e9s negros de India.<\/b><span style=\"font-weight: 400;\"> Destacan Assam, Darjeeling, Nilgiri, Dooars y Kangra. Cada regi\u00f3n produce perfiles muy diferentes. Los del sur de la India son id\u00f3neos para la elaboraci\u00f3n de blends.<\/span><\/p><p><b>T\u00e9s de Sri Lanka o Ceylon.<\/b><span style=\"font-weight: 400;\"> Se clasifican frecuentemente seg\u00fan la regi\u00f3n y la altitud, como Nuwara Eliya, Dimbula, Uva, Kandy, Ruhuna o Sabaragamuwa.<\/span><\/p><p><b>T\u00e9s negros africanos.<\/b><span style=\"font-weight: 400;\"> Kenya es el origen m\u00e1s conocido, aunque tambi\u00e9n se producen en Rwanda, Malawi, Uganda, Tanzania, Burundi, Mozambique y otros pa\u00edses.<\/span><\/p><p><b>T\u00e9s de Nepal.<\/b><span style=\"font-weight: 400;\"> Algunos recuerdan a determinados Darjeeling, pero poseen una identidad propia y una producci\u00f3n cada vez m\u00e1s especializada.<\/span><\/p><p><b>Blends y t\u00e9s aromatizados.<\/b><span style=\"font-weight: 400;\"> English Breakfast, Irish Breakfast, Earl Grey y chai son mezclas o estilos comerciales elaborados normalmente con una o varias bases de t\u00e9 negro.<\/span><\/p>\t\t\t\t\t\t\t\t<\/div>\n\t\t\t\t<\/div>\n\t\t\t\t<div class=\"elementor-element elementor-element-2c26167 elementor-widget elementor-widget-heading\" data-id=\"2c26167\" data-element_type=\"widget\" data-e-type=\"widget\" data-widget_type=\"heading.default\">\n\t\t\t\t<div class=\"elementor-widget-container\">\n\t\t\t\t\t<h2 class=\"elementor-heading-title elementor-size-default\">\u00bfCu\u00e1les son los pa\u00edses productores de t\u00e9 negro m\u00e1s importantes?<\/h2>\t\t\t\t<\/div>\n\t\t\t\t<\/div>\n\t\t\t\t\t<img decoding=\"async\" class=\"e-image-base \" data-interaction-id=\"8a65084\" data-e-type=\"widget\" data-id=\"8a65084\" id=\"61683\" src=\"https:\/\/www.alveus.eu\/wp-content\/uploads\/134_c.jpg\" width=\"2083\" height=\"1538\" srcset=\"https:\/\/www.alveus.eu\/wp-content\/uploads\/134_c.jpg 2083w, https:\/\/www.alveus.eu\/wp-content\/uploads\/134_c-300x222.jpg 300w, https:\/\/www.alveus.eu\/wp-content\/uploads\/134_c-1024x756.jpg 1024w, https:\/\/www.alveus.eu\/wp-content\/uploads\/134_c-768x567.jpg 768w, https:\/\/www.alveus.eu\/wp-content\/uploads\/134_c-1536x1134.jpg 1536w, https:\/\/www.alveus.eu\/wp-content\/uploads\/134_c-2048x1512.jpg 2048w\" alt=\"Principales pa\u00edses productores t\u00e9 negro\"\/>\t\t\t\t<div class=\"elementor-element elementor-element-dc5bf1c elementor-widget elementor-widget-text-editor\" data-id=\"dc5bf1c\" data-element_type=\"widget\" data-e-type=\"widget\" data-widget_type=\"text-editor.default\">\n\t\t\t\t<div class=\"elementor-widget-container\">\n\t\t\t\t\t\t\t\t\t<p><span style=\"font-weight: 400;\">China, India y Kenya encabezan actualmente la producci\u00f3n mundial total de t\u00e9. Despu\u00e9s aparecen Turqu\u00eda, Sri Lanka, Vietnam e Indonesia, aunque cada pa\u00eds dedica proporciones diferentes de su cosecha al t\u00e9 negro, verde u otras categor\u00edas. <\/span><a href=\"https:\/\/www.linkedin.com\/posts\/international-tea-committee_tea-teaindustry-internationalteacommittee-activity-7390451316541788160-XG8F?utm_source=share&amp;utm_medium=member_desktop&amp;rcm=ACoAABumaW8BdxMqW4Wwb3sVos3gCEusXlI9EsE\"><span style=\"font-weight: 400;\">Los datos del International Tea Committee<\/span><\/a><span style=\"font-weight: 400;\"> situaron en 2024 a China en unos 3.740 millones de kilos de t\u00e9, India en 1.304 millones y Kenya cerca de 598 millones.<\/span><\/p><p><span style=\"font-weight: 400;\">Cuando se habla espec\u00edficamente de t\u00e9 negro para el comercio internacional, <\/span><b>India, Kenya y Sri Lanka<\/b><span style=\"font-weight: 400;\"> son especialmente importantes. Kenya es uno de los grandes exportadores de t\u00e9 negro, mientras que una gran parte de la producci\u00f3n turca se consume dentro del propio pa\u00eds. China, aunque es el mayor productor mundial de t\u00e9, dedica una parte considerable de su producci\u00f3n a los t\u00e9s verdes y a otras categor\u00edas.<\/span><\/p><p><span style=\"font-weight: 400;\">Tambi\u00e9n tienen relevancia Bangladesh, Indonesia, Vietnam, Uganda, Malawi, Rwanda y Argentina.<\/span><\/p>\t\t\t\t\t\t\t\t<\/div>\n\t\t\t\t<\/div>\n\t\t\t\t<div class=\"elementor-element elementor-element-be14319 elementor-widget elementor-widget-heading\" data-id=\"be14319\" data-element_type=\"widget\" data-e-type=\"widget\" data-widget_type=\"heading.default\">\n\t\t\t\t<div class=\"elementor-widget-container\">\n\t\t\t\t\t<h2 class=\"elementor-heading-title elementor-size-default\">\u00bfQu\u00e9 significan OP, BOP, FOP, FTGFOP y SFTGFOP en el t\u00e9 negro?<\/h2>\t\t\t\t<\/div>\n\t\t\t\t<\/div>\n\t\t\t\t<div class=\"elementor-element elementor-element-6f9c2b8 elementor-widget elementor-widget-text-editor\" data-id=\"6f9c2b8\" data-element_type=\"widget\" data-e-type=\"widget\" data-widget_type=\"text-editor.default\">\n\t\t\t\t<div class=\"elementor-widget-container\">\n\t\t\t\t\t\t\t\t\t<p><span style=\"font-weight: 400;\">Estas siglas pertenecen a sistemas de graduaci\u00f3n utilizados principalmente en India, Sri Lanka, Nepal y algunos pa\u00edses africanos. Describen sobre todo la apariencia, el tama\u00f1o de las part\u00edculas y la presencia de brotes.<\/span><\/p>\t\t\t\t\t\t\t\t<\/div>\n\t\t\t\t<\/div>\n\t\t\t\t<div class=\"elementor-element elementor-element-b89b5cb elementor-widget elementor-widget-heading\" data-id=\"b89b5cb\" data-element_type=\"widget\" data-e-type=\"widget\" data-widget_type=\"heading.default\">\n\t\t\t\t<div class=\"elementor-widget-container\">\n\t\t\t\t\t<h2 class=\"elementor-heading-title elementor-size-default\">\u00bfLas graduaciones del t\u00e9 negro indican su calidad?<\/h2>\t\t\t\t<\/div>\n\t\t\t\t<\/div>\n\t\t\t\t<div class=\"elementor-element elementor-element-df90066 elementor-widget elementor-widget-text-editor\" data-id=\"df90066\" data-element_type=\"widget\" data-e-type=\"widget\" data-widget_type=\"text-editor.default\">\n\t\t\t\t<div class=\"elementor-widget-container\">\n\t\t\t\t\t\t\t\t\t<p><span style=\"font-weight: 400;\">No de manera absoluta. Las graduaciones indican principalmente <\/span><b>tama\u00f1o, apariencia y composici\u00f3n f\u00edsica de la hoja<\/b><span style=\"font-weight: 400;\">, no la calidad sensorial total.<\/span><\/p><p><span style=\"font-weight: 400;\">Una hoja FTGFOP puede ser visualmente hermosa y contener numerosos brotes, pero eso no garantiza que su aroma, frescura, equilibrio o persistencia sean excepcionales. Del mismo modo, un BOP o un CTC bien elaborado puede ofrecer una magn\u00edfica taza para el uso al que est\u00e1 destinado.<\/span><\/p>\t\t\t\t\t\t\t\t<\/div>\n\t\t\t\t<\/div>\n\t\t\t\t<div class=\"elementor-element elementor-element-0099dbf elementor-widget elementor-widget-heading\" data-id=\"0099dbf\" data-element_type=\"widget\" data-e-type=\"widget\" data-widget_type=\"heading.default\">\n\t\t\t\t<div class=\"elementor-widget-container\">\n\t\t\t\t\t<h2 class=\"elementor-heading-title elementor-size-default\">\u00bfPor qu\u00e9 algunos t\u00e9s negros son astringentes o amargos y c\u00f3mo deben prepararse?<\/h2>\t\t\t\t<\/div>\n\t\t\t\t<\/div>\n\t\t\t\t<div class=\"elementor-element elementor-element-b7cfae3 elementor-widget elementor-widget-text-editor\" data-id=\"b7cfae3\" data-element_type=\"widget\" data-e-type=\"widget\" data-widget_type=\"text-editor.default\">\n\t\t\t\t<div class=\"elementor-widget-container\">\n\t\t\t\t\t\t\t\t\t<p><span style=\"font-weight: 400;\">La <\/span><b>astringencia<\/b><span style=\"font-weight: 400;\"> y el <\/span><b>amargor<\/b><span style=\"font-weight: 400;\"> no son exactamente lo mismo.<\/span><\/p><p><span style=\"font-weight: 400;\">El amargor es un sabor. En el t\u00e9 est\u00e1 relacionado, entre otros compuestos, con la cafe\u00edna y determinados polifenoles.<\/span><\/p><p><span style=\"font-weight: 400;\">La astringencia provoca una sensaci\u00f3n de sequedad, tirantez o rugosidad en la boca. Se produce cuando ciertos polifenoles interact\u00faan con las prote\u00ednas de la saliva.<\/span><\/p><p><span style=\"font-weight: 400;\">Una cierta astringencia puede aportar viveza, estructura y una sensaci\u00f3n refrescante. Se convierte en un problema cuando domina completamente la taza.<\/span><\/p><p><span style=\"font-weight: 400;\">Las causas habituales de una infusi\u00f3n excesivamente amarga o astringente son:<\/span><\/p><ul><li style=\"font-weight: 400;\" aria-level=\"1\"><span style=\"font-weight: 400;\">Utilizar demasiada cantidad de t\u00e9.<\/span><\/li><li style=\"font-weight: 400;\" aria-level=\"1\"><span style=\"font-weight: 400;\">Prolongar demasiado la infusi\u00f3n.<\/span><\/li><li style=\"font-weight: 400;\" aria-level=\"1\"><span style=\"font-weight: 400;\">Emplear agua demasiado caliente para un t\u00e9 delicado.<\/span><\/li><li style=\"font-weight: 400;\" aria-level=\"1\"><span style=\"font-weight: 400;\">Dejar las hojas dentro de la taza despu\u00e9s del tiempo indicado.<\/span><\/li><li style=\"font-weight: 400;\" aria-level=\"1\"><span style=\"font-weight: 400;\">Preparar un grado muy roto como si fuera una hoja entera.<\/span><\/li><li style=\"font-weight: 400;\" aria-level=\"1\"><span style=\"font-weight: 400;\">Hervir directamente las hojas durante demasiado tiempo.<\/span><\/li><\/ul>\t\t\t\t\t\t\t\t<\/div>\n\t\t\t\t<\/div>\n\t\t\t\t<div class=\"elementor-element elementor-element-8bef800 elementor-widget elementor-widget-heading\" data-id=\"8bef800\" data-element_type=\"widget\" data-e-type=\"widget\" data-widget_type=\"heading.default\">\n\t\t\t\t<div class=\"elementor-widget-container\">\n\t\t\t\t\t<h2 class=\"elementor-heading-title elementor-size-default\">\u00bfSe puede tomar el t\u00e9 negro con leche, az\u00facar o lim\u00f3n?<\/h2>\t\t\t\t<\/div>\n\t\t\t\t<\/div>\n\t\t\t\t<div class=\"elementor-element elementor-element-7dc279d elementor-widget elementor-widget-image\" data-id=\"7dc279d\" data-element_type=\"widget\" data-e-type=\"widget\" data-widget_type=\"image.default\">\n\t\t\t\t<div class=\"elementor-widget-container\">\n\t\t\t\t\t\t\t\t\t\t\t\t\t\t\t<img loading=\"lazy\" decoding=\"async\" width=\"900\" height=\"600\" src=\"https:\/\/www.alveus.eu\/wp-content\/uploads\/134_d.jpg\" class=\"attachment-large size-large wp-image-61688\" alt=\"t\u00e9 negro con leche\" srcset=\"https:\/\/www.alveus.eu\/wp-content\/uploads\/134_d.jpg 900w, https:\/\/www.alveus.eu\/wp-content\/uploads\/134_d-300x200.jpg 300w, https:\/\/www.alveus.eu\/wp-content\/uploads\/134_d-768x512.jpg 768w\" sizes=\"(max-width: 900px) 100vw, 900px\" \/>\t\t\t\t\t\t\t\t\t\t\t\t\t\t\t<\/div>\n\t\t\t\t<\/div>\n\t\t\t\t<div class=\"elementor-element elementor-element-7a113d9 elementor-widget elementor-widget-text-editor\" data-id=\"7a113d9\" data-element_type=\"widget\" data-e-type=\"widget\" data-widget_type=\"text-editor.default\">\n\t\t\t\t<div class=\"elementor-widget-container\">\n\t\t\t\t\t\t\t\t\t<p><span style=\"font-weight: 400;\">S\u00ed, aunque no todos los t\u00e9s negros reaccionan de la misma manera.<\/span><\/p><p><span style=\"font-weight: 400;\">La <\/span><b>leche<\/b><span style=\"font-weight: 400;\"> combina especialmente bien con Assam, Kenya CTC, algunos Ceylon, Irish Breakfast, English Breakfast y masala chai. Estos t\u00e9s tienen suficiente cuerpo y estructura para que la leche no oculte completamente su sabor.<\/span><\/p><p><span style=\"font-weight: 400;\">Los Darjeeling delicados, Qimen finos, Dian Hong y otros t\u00e9s complejos suelen apreciarse mejor solos, aunque la elecci\u00f3n final siempre depende del gusto personal.<\/span><\/p><p><span style=\"font-weight: 400;\">El <\/span><b>az\u00facar<\/b><span style=\"font-weight: 400;\"> u otros edulcorantes suavizan la astringencia y pueden equilibrar mezclas muy intensas, pero tambi\u00e9n ocultan matices. Conviene a\u00f1adir poca cantidad antes de decidir si el t\u00e9 necesita m\u00e1s. Aun as\u00ed, recomendamos disfrutar los t\u00e9s sin a\u00f1adir az\u00facar.<\/span><\/p><p><span style=\"font-weight: 400;\">El <\/span><b>lim\u00f3n<\/b><span style=\"font-weight: 400;\"> funciona bien con Ceylon, algunos t\u00e9s chinos y mezclas para t\u00e9 helado. No debe combinarse con leche, porque la acidez puede hacer que las prote\u00ednas l\u00e1cteas coagulen.<\/span><\/p>\t\t\t\t\t\t\t\t<\/div>\n\t\t\t\t<\/div>\n\t\t\t\t<div class=\"elementor-element elementor-element-237cb6d elementor-widget elementor-widget-heading\" data-id=\"237cb6d\" data-element_type=\"widget\" data-e-type=\"widget\" data-widget_type=\"heading.default\">\n\t\t\t\t<div class=\"elementor-widget-container\">\n\t\t\t\t\t<h2 class=\"elementor-heading-title elementor-size-default\">\u00bfCu\u00e1nta cafe\u00edna contiene el t\u00e9 negro?<\/h2>\t\t\t\t<\/div>\n\t\t\t\t<\/div>\n\t\t\t\t<div class=\"elementor-element elementor-element-57b45c3 elementor-widget elementor-widget-text-editor\" data-id=\"57b45c3\" data-element_type=\"widget\" data-e-type=\"widget\" data-widget_type=\"text-editor.default\">\n\t\t\t\t<div class=\"elementor-widget-container\">\n\t\t\t\t\t\t\t\t\t<p><span style=\"font-weight: 400;\">Una taza de t\u00e9 negro suele contener aproximadamente entre <\/span><b>30 y 60 miligramos de cafe\u00edna<\/b><span style=\"font-weight: 400;\">, aunque la variaci\u00f3n puede ser considerable. Aunque <\/span><b>esto es solo una aproximaci\u00f3n general <\/b><span style=\"font-weight: 400;\">pues depende de diversos factores como el cultivar, la proporci\u00f3n de hojas j\u00f3venes y, sobre todo, la preparaci\u00f3n. <\/span><\/p>\t\t\t\t\t\t\t\t<\/div>\n\t\t\t\t<\/div>\n\t\t\t\t<div class=\"elementor-element elementor-element-fcbe6a2 elementor-widget elementor-widget-heading\" data-id=\"fcbe6a2\" data-element_type=\"widget\" data-e-type=\"widget\" data-widget_type=\"heading.default\">\n\t\t\t\t<div class=\"elementor-widget-container\">\n\t\t\t\t\t<h2 class=\"elementor-heading-title elementor-size-default\">\u00bfCu\u00e1les son las propiedades y los beneficios del t\u00e9 negro?<\/h2>\t\t\t\t<\/div>\n\t\t\t\t<\/div>\n\t\t\t\t<div class=\"elementor-element elementor-element-f7307d9 elementor-widget elementor-widget-text-editor\" data-id=\"f7307d9\" data-element_type=\"widget\" data-e-type=\"widget\" data-widget_type=\"text-editor.default\">\n\t\t\t\t<div class=\"elementor-widget-container\">\n\t\t\t\t\t\t\t\t\t<p><span style=\"font-weight: 400;\">El t\u00e9 negro aporta cafe\u00edna, L-teanina y polifenoles, entre los que destacan teaflavinas y tearubiginas.<\/span><\/p><p><span style=\"font-weight: 400;\">Entre sus efectos mejor estudiados se atribuyen los siguientes:<\/span><\/p><ul><li style=\"font-weight: 400;\" aria-level=\"1\"><b>Atenci\u00f3n y estado de alerta.<\/b><span style=\"font-weight: 400;\"> Ensayos controlados han observado mejoras en determinadas pruebas de atenci\u00f3n y en la percepci\u00f3n de alerta despu\u00e9s de tomar t\u00e9 negro. Estos efectos est\u00e1n relacionados principalmente con la cafe\u00edna y su interacci\u00f3n con otros componentes del t\u00e9.<\/span><\/li><li style=\"font-weight: 400;\" aria-level=\"1\"><b>Funci\u00f3n vascular.<\/b><span style=\"font-weight: 400;\"> Algunos estudios han encontrado peque\u00f1as mejoras en marcadores vasculares y reducciones modestas de la presi\u00f3n arterial con el consumo habitual. En este sentido, la Autoridad Europea de Seguridad Alimentaria (EFSA) ha evaluado la relaci\u00f3n entre la cafe\u00edna y la funci\u00f3n cardiovascular dentro de su an\u00e1lisis de seguridad de consumo en la poblaci\u00f3n europea.<\/span><\/li><li style=\"font-weight: 400;\" aria-level=\"1\"><b>Salud cardiovascular.<\/b><span style=\"font-weight: 400;\"> Revisiones de estudios observacionales encuentran asociaciones entre el consumo moderado de t\u00e9 y un menor riesgo de determinados problemas cardiovasculares y de mortalidad. Sin embargo, una asociaci\u00f3n no demuestra que el t\u00e9 sea la causa directa del efecto. La EFSA y otros organismos europeos de salud p\u00fablica se\u00f1alan que estos resultados deben interpretarse dentro del conjunto de la dieta y el estilo de vida.<\/span><\/li><\/ul><p><span style=\"font-weight: 400;\">El t\u00e9 negro debe entenderse como una bebida que puede formar parte de una alimentaci\u00f3n saludable, preferiblemente sin az\u00facar. No es un medicamento ni sustituye el tratamiento de la hipertensi\u00f3n, el colesterol, la diabetes u otras enfermedades.<\/span><\/p>\t\t\t\t\t\t\t\t<\/div>\n\t\t\t\t<\/div>\n\t\t\t\t<div class=\"elementor-element elementor-element-90d6657 elementor-widget elementor-widget-heading\" data-id=\"90d6657\" data-element_type=\"widget\" data-e-type=\"widget\" data-widget_type=\"heading.default\">\n\t\t\t\t<div class=\"elementor-widget-container\">\n\t\t\t\t\t<h2 class=\"elementor-heading-title elementor-size-default\">\u00bfCu\u00e1ndo no se debe tomar t\u00e9 negro?<\/h2>\t\t\t\t<\/div>\n\t\t\t\t<\/div>\n\t\t\t\t<div class=\"elementor-element elementor-element-2a865f5 elementor-widget elementor-widget-text-editor\" data-id=\"2a865f5\" data-element_type=\"widget\" data-e-type=\"widget\" data-widget_type=\"text-editor.default\">\n\t\t\t\t<div class=\"elementor-widget-container\">\n\t\t\t\t\t\t\t\t\t<p><span style=\"font-weight: 400;\">No existe una prohibici\u00f3n general para la poblaci\u00f3n sana, pero conviene evitarlo o limitarlo en ciertas situaciones:\u00a0<\/span><\/p><ul><li style=\"font-weight: 400;\" aria-level=\"1\"><span style=\"font-weight: 400;\">Cerca de la hora de dormir, ya que la cafe\u00edna puede afectar el sue\u00f1o;\u00a0<\/span><\/li><li style=\"font-weight: 400;\" aria-level=\"1\"><span style=\"font-weight: 400;\">junto a comidas ricas en hierro si hay riesgo de anemia, porque puede reducir su absorci\u00f3n;\u00a0<\/span><\/li><li style=\"font-weight: 400;\" aria-level=\"1\"><span style=\"font-weight: 400;\">cuando provoca s\u00edntomas como nerviosismo, palpitaciones o molestias digestivas en personas sensibles;\u00a0<\/span><\/li><li style=\"font-weight: 400;\" aria-level=\"1\"><span style=\"font-weight: 400;\">o si un profesional sanitario recomienda limitar la cafe\u00edna por embarazo, enfermedad o medicaci\u00f3n.\u00a0<\/span><\/li><\/ul>\t\t\t\t\t\t\t\t<\/div>\n\t\t\t\t<\/div>\n\t\t\t\t<div class=\"elementor-element elementor-element-4e6ae2c elementor-widget elementor-widget-heading\" data-id=\"4e6ae2c\" data-element_type=\"widget\" data-e-type=\"widget\" data-widget_type=\"heading.default\">\n\t\t\t\t<div class=\"elementor-widget-container\">\n\t\t\t\t\t<h2 class=\"elementor-heading-title elementor-size-default\">\u00bfEl t\u00e9 negro es bueno para los triglic\u00e9ridos?<\/h2>\t\t\t\t<\/div>\n\t\t\t\t<\/div>\n\t\t\t\t<div class=\"elementor-element elementor-element-d470be0 elementor-widget elementor-widget-text-editor\" data-id=\"d470be0\" data-element_type=\"widget\" data-e-type=\"widget\" data-widget_type=\"text-editor.default\">\n\t\t\t\t<div class=\"elementor-widget-container\">\n\t\t\t\t\t\t\t\t\t<p><span style=\"font-weight: 400;\">No existe evidencia s\u00f3lida de que el t\u00e9 negro reduzca de manera significativa los triglic\u00e9ridos.<\/span><\/p><p><span style=\"font-weight: 400;\">Una revisi\u00f3n sistem\u00e1tica de ensayos cl\u00ednicos en personas con hipercolesterolemia no encontr\u00f3 diferencias significativas entre el t\u00e9 negro y el placebo en triglic\u00e9ridos, colesterol total, LDL o HDL. La diferencia media observada en triglic\u00e9ridos fue pr\u00e1cticamente nula. (<\/span><a href=\"https:\/\/pubmed.ncbi.nlm.nih.gov\/31235165\/\" target=\"_blank\" rel=\"noopener\"><span style=\"font-weight: 400;\">Ver aqu\u00ed estudio<\/span><\/a><span style=\"font-weight: 400;\">)<\/span><\/p><p><span style=\"font-weight: 400;\">Otra revisi\u00f3n de ensayos con t\u00e9 verde y negro tampoco confirm\u00f3 una reducci\u00f3n consistente de los l\u00edpidos sangu\u00edneos a corto plazo.<\/span><\/p><p><span style=\"font-weight: 400;\">Tomar t\u00e9 negro sin az\u00facar puede ser una buena sustituci\u00f3n de refrescos o bebidas azucaradas, lo que s\u00ed puede resultar favorable dentro del conjunto de la dieta. Pero no debe venderse como un producto capaz de disminuir por s\u00ed solo los triglic\u00e9ridos.<\/span><\/p>\t\t\t\t\t\t\t\t<\/div>\n\t\t\t\t<\/div>\n\t\t\t\t<div class=\"elementor-element elementor-element-9e48874 elementor-widget elementor-widget-heading\" data-id=\"9e48874\" data-element_type=\"widget\" data-e-type=\"widget\" data-widget_type=\"heading.default\">\n\t\t\t\t<div class=\"elementor-widget-container\">\n\t\t\t\t\t<h2 class=\"elementor-heading-title elementor-size-default\">\u00bfIncrementa el cortisol el t\u00e9 negro?<\/h2>\t\t\t\t<\/div>\n\t\t\t\t<\/div>\n\t\t\t\t<div class=\"elementor-element elementor-element-473fca1 elementor-widget elementor-widget-text-editor\" data-id=\"473fca1\" data-element_type=\"widget\" data-e-type=\"widget\" data-widget_type=\"text-editor.default\">\n\t\t\t\t<div class=\"elementor-widget-container\">\n\t\t\t\t\t\t\t\t\t<p><span style=\"font-weight: 400;\">La respuesta no es un simple s\u00ed o no.<\/span><\/p><p><span style=\"font-weight: 400;\">La cafe\u00edna aislada puede aumentar temporalmente la secreci\u00f3n de cortisol, sobre todo en personas poco habituadas o cuando se consumen dosis elevadas. La tolerancia reduce parte de esta respuesta, aunque puede no eliminarla por completo.<\/span><\/p><p><span style=\"font-weight: 400;\">Sin embargo, el t\u00e9 negro contiene adem\u00e1s L-teanina y polifenoles. En un ensayo aleatorizado, doble ciego y controlado, seis semanas de consumo de t\u00e9 negro no aumentaron la respuesta subjetiva al estr\u00e9s y produjeron niveles de cortisol posteriores a la tarea inferiores a los del placebo, adem\u00e1s de una mayor sensaci\u00f3n de relajaci\u00f3n durante la recuperaci\u00f3n. El estudio puede consultarse aqu\u00ed:<\/span><a href=\"https:\/\/pubmed.ncbi.nlm.nih.gov\/17013636\/\" target=\"_blank\" rel=\"noopener\"> <span style=\"font-weight: 400;\">https:\/\/pubmed.ncbi.nlm.nih.gov\/17013636\/<\/span><\/a><\/p><p><span style=\"font-weight: 400;\">Por tanto, no puede afirmarse que el t\u00e9 negro incremente cr\u00f3nicamente el cortisol. La respuesta depende de la dosis de cafe\u00edna, la habituaci\u00f3n, la hora del d\u00eda, el estr\u00e9s, el sue\u00f1o y la sensibilidad individual.<\/span><\/p>\t\t\t\t\t\t\t\t<\/div>\n\t\t\t\t<\/div>\n\t\t\t\t<div class=\"elementor-element elementor-element-26dd4ea elementor-widget elementor-widget-heading\" data-id=\"26dd4ea\" data-element_type=\"widget\" data-e-type=\"widget\" data-widget_type=\"heading.default\">\n\t\t\t\t<div class=\"elementor-widget-container\">\n\t\t\t\t\t<h2 class=\"elementor-heading-title elementor-size-default\">\u00bfEs el t\u00e9 oolong un t\u00e9 negro?<\/h2>\t\t\t\t<\/div>\n\t\t\t\t<\/div>\n\t\t\t\t<div class=\"elementor-element elementor-element-c836eb6 elementor-widget elementor-widget-text-editor\" data-id=\"c836eb6\" data-element_type=\"widget\" data-e-type=\"widget\" data-widget_type=\"text-editor.default\">\n\t\t\t\t<div class=\"elementor-widget-container\">\n\t\t\t\t\t\t\t\t\t<p><span style=\"font-weight: 400;\">No. El oolong y el t\u00e9 negro son dos categor\u00edas diferentes de t\u00e9.<\/span><\/p><p><span style=\"font-weight: 400;\">Ambos proceden de <\/span><b>Camellia sinensis<\/b><span style=\"font-weight: 400;\"> y permiten que se produzca oxidaci\u00f3n, pero esta se gestiona de forma distinta.<\/span><\/p><p><span style=\"font-weight: 400;\">El <\/span><b>oolong<\/b><span style=\"font-weight: 400;\"> es un t\u00e9 semioxidado o parcialmente oxidado. El <\/span><b>t\u00e9 negro<\/b><span style=\"font-weight: 400;\"> se deja oxidar de forma mucho m\u00e1s extensa antes del secado.<\/span><\/p><p><span style=\"font-weight: 400;\">No existe un porcentaje universal que separe ambas categor\u00edas. La clasificaci\u00f3n depende del conjunto del proceso, no solamente de una cifra de oxidaci\u00f3n. Un oolong oscuro puede acercarse visualmente a un t\u00e9 negro, pero conservar\u00e1 una elaboraci\u00f3n, una estructura arom\u00e1tica y una identidad totalmente diferente.<\/span><\/p>\t\t\t\t\t\t\t\t<\/div>\n\t\t\t\t<\/div>\n\t\t\t\t<div class=\"elementor-element elementor-element-3061b99 elementor-widget elementor-widget-heading\" data-id=\"3061b99\" data-element_type=\"widget\" data-e-type=\"widget\" data-widget_type=\"heading.default\">\n\t\t\t\t<div class=\"elementor-widget-container\">\n\t\t\t\t\t<h2 class=\"elementor-heading-title elementor-size-default\">\u00bfCu\u00e1l es la diferencia entre el t\u00e9 negro y el Earl Grey?<\/h2>\t\t\t\t<\/div>\n\t\t\t\t<\/div>\n\t\t\t\t<div class=\"elementor-element elementor-element-fa605a5 elementor-widget elementor-widget-text-editor\" data-id=\"fa605a5\" data-element_type=\"widget\" data-e-type=\"widget\" data-widget_type=\"text-editor.default\">\n\t\t\t\t<div class=\"elementor-widget-container\">\n\t\t\t\t\t\t\t\t\t<p><span style=\"font-weight: 400;\">El t\u00e9 negro es una <\/span><b>categor\u00eda de t\u00e9<\/b><span style=\"font-weight: 400;\">. El <\/span><a href=\"https:\/\/b2b.alveus.eu\/es\/earl-grey-bio-ref-84063.html\" target=\"_blank\" rel=\"noopener\"><span style=\"font-weight: 400;\">Earl Grey<\/span><\/a><span style=\"font-weight: 400;\"> es un <\/span><b>t\u00e9 negro aromatizado con bergamota<\/b><span style=\"font-weight: 400;\">, en su versi\u00f3n cl\u00e1sica. <\/span><\/p>\t\t\t\t\t\t\t\t<\/div>\n\t\t\t\t<\/div>\n\t\t\t\t<div class=\"elementor-element elementor-element-7d3f055 elementor-widget elementor-widget-heading\" data-id=\"7d3f055\" data-element_type=\"widget\" data-e-type=\"widget\" data-widget_type=\"heading.default\">\n\t\t\t\t<div class=\"elementor-widget-container\">\n\t\t\t\t\t<h2 class=\"elementor-heading-title elementor-size-default\">\u00bfEl Darjeeling es t\u00e9 negro o t\u00e9 verde?<\/h2>\t\t\t\t<\/div>\n\t\t\t\t<\/div>\n\t\t\t\t\t<img loading=\"lazy\" decoding=\"async\" class=\"e-image-base \" data-interaction-id=\"48e5ee6\" data-e-type=\"widget\" data-id=\"48e5ee6\" id=\"61693\" src=\"https:\/\/www.alveus.eu\/wp-content\/uploads\/134_e.jpg\" width=\"900\" height=\"600\" srcset=\"https:\/\/www.alveus.eu\/wp-content\/uploads\/134_e.jpg 900w, https:\/\/www.alveus.eu\/wp-content\/uploads\/134_e-300x200.jpg 300w, https:\/\/www.alveus.eu\/wp-content\/uploads\/134_e-768x512.jpg 768w\" alt=\"t\u00e9 negro Daarjeeling\"\/>\t\t\t\t<div class=\"elementor-element elementor-element-c32b580 elementor-widget elementor-widget-text-editor\" data-id=\"c32b580\" data-element_type=\"widget\" data-e-type=\"widget\" data-widget_type=\"text-editor.default\">\n\t\t\t\t<div class=\"elementor-widget-container\">\n\t\t\t\t\t\t\t\t\t<p style=\"text-align: center;\"><a href=\"https:\/\/b2b.alveus.eu\/es\/darjeeling-ftgfop1-singell-dj3-2026-airfreight-bio-ref-80088.html\" target=\"_blank\" rel=\"noopener\"><span style=\"font-weight: 400;\">Darjeeling FTGFOP1 Singell DJ3\/2026 Airfreight BIO<\/span><\/a><span style=\"font-weight: 400;\">, referencia 80088 de Alveus<\/span><\/p><p>\u00a0<\/p><p><span style=\"font-weight: 400;\">Darjeeling es un <\/span><b>origen geogr\u00e1fico<\/b><span style=\"font-weight: 400;\">, no una categor\u00eda de elaboraci\u00f3n.<\/span><\/p><p><span style=\"font-weight: 400;\">La mayor parte del Darjeeling tradicional se comercializa como t\u00e9 negro. Sin embargo, en la regi\u00f3n tambi\u00e9n se producen t\u00e9s verdes, blancos y oolong.<\/span><\/p><p><span style=\"font-weight: 400;\">La confusi\u00f3n aparece especialmente con los <\/span><i><span style=\"font-weight: 400;\">first flush<\/span><\/i><span style=\"font-weight: 400;\">. Algunos se someten a una oxidaci\u00f3n relativamente corta y conservan numerosas tonalidades verdes, aromas florales y una infusi\u00f3n clara. Desde una interpretaci\u00f3n estrictamente t\u00e9cnica, ciertos lotes se acercan a un oolong ligero. Aun as\u00ed, la industria y la tradici\u00f3n comercial suelen clasificarlos como t\u00e9s negros de Darjeeling.<\/span><\/p><p><span style=\"font-weight: 400;\">Por tanto, no debe determinarse la categor\u00eda mirando \u00fanicamente el color de las hojas. Es necesario conocer el m\u00e9todo de elaboraci\u00f3n declarado por el productor.<\/span><\/p>\t\t\t\t\t\t\t\t<\/div>\n\t\t\t\t<\/div>\n\t\t\t\t<div class=\"elementor-element elementor-element-e97a00f elementor-widget elementor-widget-heading\" data-id=\"e97a00f\" data-element_type=\"widget\" data-e-type=\"widget\" data-widget_type=\"heading.default\">\n\t\t\t\t<div class=\"elementor-widget-container\">\n\t\t\t\t\t<h2 class=\"elementor-heading-title elementor-size-default\">\u00bfQu\u00e9 t\u00e9 negro es m\u00e1s adecuado para preparar t\u00e9 helado?<\/h2>\t\t\t\t<\/div>\n\t\t\t\t<\/div>\n\t\t\t\t<div class=\"elementor-element elementor-element-67e4d5c elementor-widget elementor-widget-text-editor\" data-id=\"67e4d5c\" data-element_type=\"widget\" data-e-type=\"widget\" data-widget_type=\"text-editor.default\">\n\t\t\t\t<div class=\"elementor-widget-container\">\n\t\t\t\t\t\t\t\t\t<p><span style=\"font-weight: 400;\">Para un t\u00e9 helado cl\u00e1sico, limpio y refrescante, suelen funcionar especialmente bien los t\u00e9s de <\/span><a href=\"https:\/\/b2b.alveus.eu\/es\/ceylon-op-venture-bio-ref-82750.html\"><b>Ceylon<\/b><\/a><span style=\"font-weight: 400;\"> y <\/span><b>Nilgiri<\/b><span style=\"font-weight: 400;\">. Tienen viveza, notas c\u00edtricas o florales y suficiente estructura sin resultar excesivamente pesados.<\/span><\/p><p><span style=\"font-weight: 400;\">La elecci\u00f3n puede adaptarse al estilo buscado:<\/span><\/p><ul><li style=\"font-weight: 400;\" aria-level=\"1\"><b>Ceylon o Nilgiri:<\/b><span style=\"font-weight: 400;\"> t\u00e9 helado limpio, brillante y refrescante.<\/span><\/li><li style=\"font-weight: 400;\" aria-level=\"1\"><b>Assam o Kenya:<\/b><span style=\"font-weight: 400;\"> bebida intensa, adecuada para az\u00facar, lim\u00f3n o leche.<\/span><\/li><li style=\"font-weight: 400;\" aria-level=\"1\"><b>Earl Grey:<\/b><span style=\"font-weight: 400;\"> perfil c\u00edtrico y arom\u00e1tico.<\/span><\/li><li style=\"font-weight: 400;\" aria-level=\"1\"><b>Darjeeling o Qimen:<\/b><span style=\"font-weight: 400;\"> t\u00e9 fr\u00edo m\u00e1s delicado y gastron\u00f3mico.<\/span><\/li><\/ul><p><span style=\"font-weight: 400;\">Para prepararlo en caliente pueden utilizarse unos 8\u201310 gramos por litro, infusionando durante 3 minutos antes de enfriar r\u00e1pidamente con hielo.<\/span><\/p><p><span style=\"font-weight: 400;\">Para una extracci\u00f3n en fr\u00edo, pueden usarse alrededor de 8\u201312 gramos por litro y dejar el recipiente entre 6 y 10 horas en el frigor\u00edfico. La infusi\u00f3n en fr\u00edo suele producir menos amargor y una textura m\u00e1s suave.<\/span><\/p>\t\t\t\t\t\t\t\t<\/div>\n\t\t\t\t<\/div>\n\t\t\t\t<div class=\"elementor-element elementor-element-2588ed2 elementor-widget elementor-widget-heading\" data-id=\"2588ed2\" data-element_type=\"widget\" data-e-type=\"widget\" data-widget_type=\"heading.default\">\n\t\t\t\t<div class=\"elementor-widget-container\">\n\t\t\t\t\t<h2 class=\"elementor-heading-title elementor-size-default\">\u00bfEl t\u00e9 chai es siempre t\u00e9 negro?<\/h2>\t\t\t\t<\/div>\n\t\t\t\t<\/div>\n\t\t\t\t<div class=\"elementor-element elementor-element-766dc03 elementor-widget elementor-widget-text-editor\" data-id=\"766dc03\" data-element_type=\"widget\" data-e-type=\"widget\" data-widget_type=\"text-editor.default\">\n\t\t\t\t<div class=\"elementor-widget-container\">\n\t\t\t\t\t\t\t\t\t<p><span style=\"font-weight: 400;\">No. La palabra <\/span><i><span style=\"font-weight: 400;\">chai<\/span><\/i><span style=\"font-weight: 400;\"> significa simplemente \u201ct\u00e9\u201d en hindi y en otras lenguas de la regi\u00f3n. Lo que en Occidente suele llamarse chai es, m\u00e1s exactamente, <\/span><b>masala chai<\/b><span style=\"font-weight: 400;\">, es decir, t\u00e9 con una mezcla de especias. Sin embargo, no existe una receta \u00fanica. Puede prepararse con otros t\u00e9s e incluso comercializarse como mezcla de especias sin Camellia sinensis. <\/span><\/p>\t\t\t\t\t\t\t\t<\/div>\n\t\t\t\t<\/div>\n\t\t\t\t<div class=\"elementor-element elementor-element-7716419 elementor-widget elementor-widget-heading\" data-id=\"7716419\" data-element_type=\"widget\" data-e-type=\"widget\" data-widget_type=\"heading.default\">\n\t\t\t\t<div class=\"elementor-widget-container\">\n\t\t\t\t\t<h2 class=\"elementor-heading-title elementor-size-default\">\u00bfSe puede tomar t\u00e9 negro durante el embarazo?<\/h2>\t\t\t\t<\/div>\n\t\t\t\t<\/div>\n\t\t<div class=\"elementor-element elementor-element-5297c94 e-flex e-con-boxed e-con e-child\" data-id=\"5297c94\" data-element_type=\"container\" data-e-type=\"container\" data-settings=\"{&quot;background_background&quot;:&quot;classic&quot;}\">\n\t\t\t\t\t<div class=\"e-con-inner\">\n\t\t\t\t<div class=\"elementor-element elementor-element-636eaaf elementor-widget__width-initial elementor-widget-mobile__width-inherit elementor-view-default elementor-widget elementor-widget-icon\" data-id=\"636eaaf\" data-element_type=\"widget\" data-e-type=\"widget\" data-widget_type=\"icon.default\">\n\t\t\t\t<div class=\"elementor-widget-container\">\n\t\t\t\t\t\t\t<div class=\"elementor-icon-wrapper\">\n\t\t\t<div class=\"elementor-icon\">\n\t\t\t<svg xmlns=\"http:\/\/www.w3.org\/2000\/svg\" id=\"Layer_2\" data-name=\"Layer 2\" viewBox=\"0 0 192 192\"><defs><style> .cls-1 { fill: none; } .cls-2 { fill: #1d1d1b; } <\/style><\/defs><g id=\"medida\"><g><rect class=\"cls-1\" width=\"192\" height=\"192\"><\/rect><g><path class=\"cls-2\" d=\"M50.98,81.76h-15.81c-1.93,0-3.5,1.57-3.5,3.5s1.57,3.5,3.5,3.5h15.81c1.93,0,3.5-1.57,3.5-3.5s-1.57-3.5-3.5-3.5Z\"><\/path><path class=\"cls-2\" d=\"M64.9,53.79c1.37-1.37,1.37-3.58,0-4.95l-10.12-10.12c-1.37-1.37-3.58-1.37-4.95,0-1.37,1.37-1.37,3.58,0,4.95l10.12,10.12c.68,.68,1.58,1.03,2.47,1.03s1.79-.34,2.47-1.03Z\"><\/path><path class=\"cls-2\" d=\"M145.27,38.72c-1.37-1.37-3.58-1.37-4.95,0l-10.12,10.12c-1.37,1.37-1.37,3.58,0,4.95,.68,.68,1.58,1.03,2.47,1.03s1.79-.34,2.47-1.03l10.12-10.12c1.37-1.37,1.37-3.58,0-4.95Z\"><\/path><path class=\"cls-2\" d=\"M97.75,42c1.93,0,3.5-1.57,3.5-3.5v-14.15c0-1.93-1.57-3.5-3.5-3.5s-3.5,1.57-3.5,3.5v14.15c0,1.93,1.57,3.5,3.5,3.5Z\"><\/path><path class=\"cls-2\" d=\"M156.83,81.76h-14.03c-1.93,0-3.5,1.57-3.5,3.5s1.57,3.5,3.5,3.5h14.03c1.93,0,3.5-1.57,3.5-3.5s-1.57-3.5-3.5-3.5Z\"><\/path><path class=\"cls-2\" d=\"M97.75,48.42c-19.84,0-35.98,16.14-35.98,35.98,0,5.06,.99,9.78,3.03,14.44,.96,2.2,2.35,4.65,3.82,7.25,2.14,3.78,4.57,8.07,5.66,11.69,5.01,16.67,2.59,32.29,2.56,32.45l-.05,.56c0,11.22,9.13,20.36,20.36,20.36s20.36-9.13,20.36-20.36l-.04-.56c-.01-.09-.83-5.44-.21-13.48,.08-.29,.13-.58,.13-.89,0-.1-.02-.19-.03-.29,.48-5.16,1.55-11.3,3.76-17.81,1.37-4.04,4.12-8.95,6.55-13.28,1.09-1.95,2.12-3.79,2.96-5.44,2.75-5.36,3.12-10.41,3.12-14.64,0-19.84-16.14-35.98-35.98-35.98Zm12.3,90.94c-.16,4.07,0,7.32,.19,9.41h-26.18c.21-2.1,.44-5.36,.39-9.41h25.6Zm-12.91,24.79c-5.6,0-10.4-3.48-12.38-8.38h24.76c-1.98,4.9-6.78,8.38-12.38,8.38Zm27.24-68.3c-.79,1.54-1.79,3.32-2.84,5.21-2.57,4.6-5.49,9.8-7.07,14.45-2.06,6.07-3.23,11.82-3.85,16.86h-9.68c.34-.54,.54-1.17,.54-1.86v-19.97c5.79-1.55,10.07-6.82,10.07-13.1,0-1.93-1.57-3.5-3.5-3.5s-3.5,1.57-3.5,3.5c0,3.62-2.95,6.57-6.57,6.57s-6.57-2.95-6.57-6.57c0-1.93-1.57-3.5-3.5-3.5s-3.5,1.57-3.5,3.5c0,6.27,4.28,11.55,10.07,13.1v19.97c0,.68,.2,1.32,.54,1.86h-10.93c-.44-5.05-1.37-10.74-3.14-16.6-1.31-4.37-3.95-9.02-6.27-13.12-1.38-2.44-2.68-4.74-3.5-6.6-1.64-3.76-2.44-7.56-2.44-11.64,0-15.98,13-28.98,28.98-28.98s28.98,13,28.98,28.98c0,4.87-.68,8.19-2.35,11.45Z\"><\/path><\/g><\/g><\/g><\/svg>\t\t\t<\/div>\n\t\t<\/div>\n\t\t\t\t\t\t<\/div>\n\t\t\t\t<\/div>\n\t\t\t\t<div class=\"elementor-element elementor-element-6a8a8a5 elementor-widget__width-inherit elementor-widget elementor-widget-heading\" data-id=\"6a8a8a5\" data-element_type=\"widget\" data-e-type=\"widget\" data-widget_type=\"heading.default\">\n\t\t\t\t<div class=\"elementor-widget-container\">\n\t\t\t\t\t<span class=\"elementor-heading-title elementor-size-default\">Importante: durante el embarazo debes consultar siempre con un m\u00e9dico o profesional sanitario antes de consumir t\u00e9 negro o cualquier otro tipo de t\u00e9 o tisana, especialmente si existen condiciones m\u00e9dicas, anemia o dudas sobre la ingesta de cafe\u00edna.<\/span>\t\t\t\t<\/div>\n\t\t\t\t<\/div>\n\t\t\t\t\t<\/div>\n\t\t\t\t<\/div>\n\t\t\t\t<div class=\"elementor-element elementor-element-12a9b39 elementor-widget elementor-widget-text-editor\" data-id=\"12a9b39\" data-element_type=\"widget\" data-e-type=\"widget\" data-widget_type=\"text-editor.default\">\n\t\t\t\t<div class=\"elementor-widget-container\">\n\t\t\t\t\t\t\t\t\t<p><span style=\"font-weight: 400;\">S\u00ed, pero debe controlarse la ingesta total de cafe\u00edna a lo largo del d\u00eda. La EFSA indica que hasta <\/span><b>200 mg diarios de cafe\u00edna procedente de todas las fuentes<\/b><span style=\"font-weight: 400;\"> no supone un riesgo para el feto durante el embarazo (EFSA, 2015:<\/span><a href=\"https:\/\/www.efsa.europa.eu\/en\/efsajournal\/pub\/4102\"> <span style=\"font-weight: 400;\">https:\/\/www.efsa.europa.eu\/en\/efsajournal\/pub\/4102<\/span><\/a><span style=\"font-weight: 400;\">). El American College of Obstetricians and Gynecologists tambi\u00e9n recomienda no superar esta cantidad.<\/span><\/p><p><span style=\"font-weight: 400;\">La cafe\u00edna est\u00e1 presente no solo en el t\u00e9 negro, sino tambi\u00e9n en caf\u00e9, chocolate, refrescos de cola, bebidas energ\u00e9ticas y algunos medicamentos, por lo que debe sumarse el consumo total diario. Una taza de t\u00e9 negro puede aportar aproximadamente entre 30 y 60 mg de cafe\u00edna, dependiendo del tipo y la preparaci\u00f3n.<\/span><\/p>\t\t\t\t\t\t\t\t<\/div>\n\t\t\t\t<\/div>\n\t\t\t\t<\/div>\n\t\t\t\t<\/div>\n\t\t","protected":false},"excerpt":{"rendered":"<p>Una selecci\u00f3n de preguntas frecuentes que combina conocimientos t\u00e9cnicos, consejos de consumo y respuestas basadas en la evidencia disponible.<\/p>\n","protected":false},"author":11,"featured_media":61673,"comment_status":"open","ping_status":"open","sticky":false,"template":"","format":"standard","meta":{"_acf_changed":false,"footnotes":""},"categories":[183],"tags":[],"class_list":["post-61670","post","type-post","status-publish","format-standard","has-post-thumbnail","hentry","category-hierbas-y-especias"],"acf":[],"yoast_head":"<!-- This site is optimized with the Yoast SEO Premium plugin v28.3 (Yoast SEO v28.4) - https:\/\/yoast.com\/product\/yoast-seo-premium-wordpress\/ -->\n<title>22 preguntas frecuentes sobre el t\u00e9 negro y sus respuestas | Alveus<\/title>\n<meta name=\"description\" content=\"Resolvemos las 22 preguntas m\u00e1s frecuentes sobre el t\u00e9 negro: qu\u00e9 es, producci\u00f3n, preparaci\u00f3n, beneficios y mucho m\u00e1s.\" \/>\n<meta name=\"robots\" content=\"index, follow, max-snippet:-1, max-image-preview:large, max-video-preview:-1\" \/>\n<link rel=\"canonical\" href=\"https:\/\/www.alveus.eu\/es\/blog\/que-es-te-negro\/\" \/>\n<meta property=\"og:locale\" content=\"es_ES\" \/>\n<meta property=\"og:type\" content=\"article\" \/>\n<meta property=\"og:title\" content=\"El t\u00e9 negro en 22 preguntas frecuentes\" \/>\n<meta property=\"og:description\" content=\"Resolvemos las 22 preguntas m\u00e1s frecuentes sobre el t\u00e9 negro: qu\u00e9 es, producci\u00f3n, preparaci\u00f3n, beneficios y mucho m\u00e1s.\" \/>\n<meta property=\"og:url\" content=\"https:\/\/www.alveus.eu\/es\/blog\/que-es-te-negro\/\" \/>\n<meta property=\"og:site_name\" content=\"Alveus\" \/>\n<meta property=\"article:publisher\" content=\"https:\/\/www.facebook.com\/alveusinternational\/\" \/>\n<meta property=\"article:published_time\" content=\"2026-09-02T06:44:59+00:00\" \/>\n<meta property=\"og:image\" content=\"https:\/\/www.alveus.eu\/wp-content\/uploads\/134_a.jpg\" \/>\n\t<meta property=\"og:image:width\" content=\"900\" \/>\n\t<meta property=\"og:image:height\" content=\"600\" \/>\n\t<meta property=\"og:image:type\" content=\"image\/jpeg\" \/>\n<meta name=\"author\" content=\"Alveus Blog Team\" \/>\n<meta name=\"twitter:card\" content=\"summary_large_image\" \/>\n<meta name=\"twitter:label1\" content=\"Escrito por\" \/>\n\t<meta name=\"twitter:data1\" content=\"Alveus Blog Team\" \/>\n\t<meta name=\"twitter:label2\" content=\"Tiempo de lectura\" \/>\n\t<meta name=\"twitter:data2\" content=\"14 minutos\" \/>\n<script type=\"application\/ld+json\" class=\"yoast-schema-graph\">{\"@context\":\"https:\\\/\\\/schema.org\",\"@graph\":[{\"@type\":\"Article\",\"@id\":\"https:\\\/\\\/www.alveus.eu\\\/es\\\/blog\\\/que-es-te-negro\\\/#article\",\"isPartOf\":{\"@id\":\"https:\\\/\\\/www.alveus.eu\\\/es\\\/blog\\\/que-es-te-negro\\\/\"},\"author\":{\"name\":\"Alveus Blog Team\",\"@id\":\"https:\\\/\\\/www.alveus.eu\\\/es#\\\/schema\\\/person\\\/6864b22051c6c128b3c72edaeac35855\"},\"headline\":\"El t\u00e9 negro en 22 preguntas frecuentes\",\"datePublished\":\"2026-09-02T06:44:59+00:00\",\"mainEntityOfPage\":{\"@id\":\"https:\\\/\\\/www.alveus.eu\\\/es\\\/blog\\\/que-es-te-negro\\\/\"},\"wordCount\":2981,\"commentCount\":0,\"publisher\":{\"@id\":\"https:\\\/\\\/www.alveus.eu\\\/es#organization\"},\"image\":{\"@id\":\"https:\\\/\\\/www.alveus.eu\\\/es\\\/blog\\\/que-es-te-negro\\\/#primaryimage\"},\"thumbnailUrl\":\"https:\\\/\\\/www.alveus.eu\\\/wp-content\\\/uploads\\\/134_a.jpg\",\"articleSection\":[\"Hierbas y Especias\"],\"inLanguage\":\"es\",\"potentialAction\":[{\"@type\":\"CommentAction\",\"name\":\"Comment\",\"target\":[\"https:\\\/\\\/www.alveus.eu\\\/es\\\/blog\\\/que-es-te-negro\\\/#respond\"]}]},{\"@type\":\"WebPage\",\"@id\":\"https:\\\/\\\/www.alveus.eu\\\/es\\\/blog\\\/que-es-te-negro\\\/\",\"url\":\"https:\\\/\\\/www.alveus.eu\\\/es\\\/blog\\\/que-es-te-negro\\\/\",\"name\":\"22 preguntas frecuentes sobre el t\u00e9 negro y sus respuestas | Alveus\",\"isPartOf\":{\"@id\":\"https:\\\/\\\/www.alveus.eu\\\/es#website\"},\"primaryImageOfPage\":{\"@id\":\"https:\\\/\\\/www.alveus.eu\\\/es\\\/blog\\\/que-es-te-negro\\\/#primaryimage\"},\"image\":{\"@id\":\"https:\\\/\\\/www.alveus.eu\\\/es\\\/blog\\\/que-es-te-negro\\\/#primaryimage\"},\"thumbnailUrl\":\"https:\\\/\\\/www.alveus.eu\\\/wp-content\\\/uploads\\\/134_a.jpg\",\"datePublished\":\"2026-09-02T06:44:59+00:00\",\"description\":\"Resolvemos las 22 preguntas m\u00e1s frecuentes sobre el t\u00e9 negro: qu\u00e9 es, producci\u00f3n, preparaci\u00f3n, beneficios y mucho m\u00e1s.\",\"breadcrumb\":{\"@id\":\"https:\\\/\\\/www.alveus.eu\\\/es\\\/blog\\\/que-es-te-negro\\\/#breadcrumb\"},\"inLanguage\":\"es\",\"potentialAction\":[{\"@type\":\"ReadAction\",\"target\":[\"https:\\\/\\\/www.alveus.eu\\\/es\\\/blog\\\/que-es-te-negro\\\/\"]}]},{\"@type\":\"ImageObject\",\"inLanguage\":\"es\",\"@id\":\"https:\\\/\\\/www.alveus.eu\\\/es\\\/blog\\\/que-es-te-negro\\\/#primaryimage\",\"url\":\"https:\\\/\\\/www.alveus.eu\\\/wp-content\\\/uploads\\\/134_a.jpg\",\"contentUrl\":\"https:\\\/\\\/www.alveus.eu\\\/wp-content\\\/uploads\\\/134_a.jpg\",\"width\":900,\"height\":600,\"caption\":\"T\u00e9 negro en hoja e infusionado\"},{\"@type\":\"BreadcrumbList\",\"@id\":\"https:\\\/\\\/www.alveus.eu\\\/es\\\/blog\\\/que-es-te-negro\\\/#breadcrumb\",\"itemListElement\":[{\"@type\":\"ListItem\",\"position\":1,\"name\":\"Home\",\"item\":\"https:\\\/\\\/www.alveus.eu\\\/es\"},{\"@type\":\"ListItem\",\"position\":2,\"name\":\"Hierbas y Especias\",\"item\":\"https:\\\/\\\/www.alveus.eu\\\/es\\\/blog\\\/category\\\/hierbas-y-especias\\\/\"},{\"@type\":\"ListItem\",\"position\":3,\"name\":\"El t\u00e9 negro en 22 preguntas frecuentes\"}]},{\"@type\":\"WebSite\",\"@id\":\"https:\\\/\\\/www.alveus.eu\\\/es#website\",\"url\":\"https:\\\/\\\/www.alveus.eu\\\/es\",\"name\":\"Alveus\",\"description\":\"\",\"publisher\":{\"@id\":\"https:\\\/\\\/www.alveus.eu\\\/es#organization\"},\"potentialAction\":[{\"@type\":\"SearchAction\",\"target\":{\"@type\":\"EntryPoint\",\"urlTemplate\":\"https:\\\/\\\/www.alveus.eu\\\/es?s={search_term_string}\"},\"query-input\":{\"@type\":\"PropertyValueSpecification\",\"valueRequired\":true,\"valueName\":\"search_term_string\"}}],\"inLanguage\":\"es\"},{\"@type\":\"Organization\",\"@id\":\"https:\\\/\\\/www.alveus.eu\\\/es#organization\",\"name\":\"Alveus\",\"alternateName\":\"Alveus Premium Teas\",\"url\":\"https:\\\/\\\/www.alveus.eu\\\/es\",\"logo\":{\"@type\":\"ImageObject\",\"inLanguage\":\"es\",\"@id\":\"https:\\\/\\\/www.alveus.eu\\\/es#\\\/schema\\\/logo\\\/image\\\/\",\"url\":\"https:\\\/\\\/www.alveus.eu\\\/wp-content\\\/uploads\\\/2023\\\/07\\\/alveus-logo-primary.png\",\"contentUrl\":\"https:\\\/\\\/www.alveus.eu\\\/wp-content\\\/uploads\\\/2023\\\/07\\\/alveus-logo-primary.png\",\"width\":248,\"height\":248,\"caption\":\"Alveus\"},\"image\":{\"@id\":\"https:\\\/\\\/www.alveus.eu\\\/es#\\\/schema\\\/logo\\\/image\\\/\"},\"sameAs\":[\"https:\\\/\\\/www.facebook.com\\\/alveusinternational\\\/\",\"https:\\\/\\\/www.instagram.com\\\/alveustea\\\/\",\"https:\\\/\\\/de.linkedin.com\\\/company\\\/alveustea\"]},{\"@type\":\"Person\",\"@id\":\"https:\\\/\\\/www.alveus.eu\\\/es#\\\/schema\\\/person\\\/6864b22051c6c128b3c72edaeac35855\",\"name\":\"Alveus Blog Team\",\"image\":{\"@type\":\"ImageObject\",\"inLanguage\":\"es\",\"@id\":\"https:\\\/\\\/secure.gravatar.com\\\/avatar\\\/f951c832a9809c8d01d2ce4fa8bb10716ac4997c3cf93244fa19413f7d28b08e?s=96&d=mm&r=g\",\"url\":\"https:\\\/\\\/secure.gravatar.com\\\/avatar\\\/f951c832a9809c8d01d2ce4fa8bb10716ac4997c3cf93244fa19413f7d28b08e?s=96&d=mm&r=g\",\"contentUrl\":\"https:\\\/\\\/secure.gravatar.com\\\/avatar\\\/f951c832a9809c8d01d2ce4fa8bb10716ac4997c3cf93244fa19413f7d28b08e?s=96&d=mm&r=g\",\"caption\":\"Alveus Blog Team\"},\"description\":\"Editorial team formed by tea professionals from different countries. We are driven by our passion for tea and the dissemination of its culture.\",\"sameAs\":[\"https:\\\/\\\/www.alveus.eu\\\/\"]}]}<\/script>\n<!-- \/ Yoast SEO Premium plugin. -->","yoast_head_json":{"title":"22 preguntas frecuentes sobre el t\u00e9 negro y sus respuestas | Alveus","description":"Resolvemos las 22 preguntas m\u00e1s frecuentes sobre el t\u00e9 negro: qu\u00e9 es, producci\u00f3n, preparaci\u00f3n, beneficios y mucho m\u00e1s.","robots":{"index":"index","follow":"follow","max-snippet":"max-snippet:-1","max-image-preview":"max-image-preview:large","max-video-preview":"max-video-preview:-1"},"canonical":"https:\/\/www.alveus.eu\/es\/blog\/que-es-te-negro\/","og_locale":"es_ES","og_type":"article","og_title":"El t\u00e9 negro en 22 preguntas frecuentes","og_description":"Resolvemos las 22 preguntas m\u00e1s frecuentes sobre el t\u00e9 negro: qu\u00e9 es, producci\u00f3n, preparaci\u00f3n, beneficios y mucho m\u00e1s.","og_url":"https:\/\/www.alveus.eu\/es\/blog\/que-es-te-negro\/","og_site_name":"Alveus","article_publisher":"https:\/\/www.facebook.com\/alveusinternational\/","article_published_time":"2026-09-02T06:44:59+00:00","og_image":[{"width":900,"height":600,"url":"https:\/\/www.alveus.eu\/wp-content\/uploads\/134_a.jpg","type":"image\/jpeg"}],"author":"Alveus Blog Team","twitter_card":"summary_large_image","twitter_misc":{"Escrito por":"Alveus Blog Team","Tiempo de lectura":"14 minutos"},"schema":{"@context":"https:\/\/schema.org","@graph":[{"@type":"Article","@id":"https:\/\/www.alveus.eu\/es\/blog\/que-es-te-negro\/#article","isPartOf":{"@id":"https:\/\/www.alveus.eu\/es\/blog\/que-es-te-negro\/"},"author":{"name":"Alveus Blog Team","@id":"https:\/\/www.alveus.eu\/es#\/schema\/person\/6864b22051c6c128b3c72edaeac35855"},"headline":"El t\u00e9 negro en 22 preguntas frecuentes","datePublished":"2026-09-02T06:44:59+00:00","mainEntityOfPage":{"@id":"https:\/\/www.alveus.eu\/es\/blog\/que-es-te-negro\/"},"wordCount":2981,"commentCount":0,"publisher":{"@id":"https:\/\/www.alveus.eu\/es#organization"},"image":{"@id":"https:\/\/www.alveus.eu\/es\/blog\/que-es-te-negro\/#primaryimage"},"thumbnailUrl":"https:\/\/www.alveus.eu\/wp-content\/uploads\/134_a.jpg","articleSection":["Hierbas y Especias"],"inLanguage":"es","potentialAction":[{"@type":"CommentAction","name":"Comment","target":["https:\/\/www.alveus.eu\/es\/blog\/que-es-te-negro\/#respond"]}]},{"@type":"WebPage","@id":"https:\/\/www.alveus.eu\/es\/blog\/que-es-te-negro\/","url":"https:\/\/www.alveus.eu\/es\/blog\/que-es-te-negro\/","name":"22 preguntas frecuentes sobre el t\u00e9 negro y sus respuestas | Alveus","isPartOf":{"@id":"https:\/\/www.alveus.eu\/es#website"},"primaryImageOfPage":{"@id":"https:\/\/www.alveus.eu\/es\/blog\/que-es-te-negro\/#primaryimage"},"image":{"@id":"https:\/\/www.alveus.eu\/es\/blog\/que-es-te-negro\/#primaryimage"},"thumbnailUrl":"https:\/\/www.alveus.eu\/wp-content\/uploads\/134_a.jpg","datePublished":"2026-09-02T06:44:59+00:00","description":"Resolvemos las 22 preguntas m\u00e1s frecuentes sobre el t\u00e9 negro: qu\u00e9 es, producci\u00f3n, preparaci\u00f3n, beneficios y mucho m\u00e1s.","breadcrumb":{"@id":"https:\/\/www.alveus.eu\/es\/blog\/que-es-te-negro\/#breadcrumb"},"inLanguage":"es","potentialAction":[{"@type":"ReadAction","target":["https:\/\/www.alveus.eu\/es\/blog\/que-es-te-negro\/"]}]},{"@type":"ImageObject","inLanguage":"es","@id":"https:\/\/www.alveus.eu\/es\/blog\/que-es-te-negro\/#primaryimage","url":"https:\/\/www.alveus.eu\/wp-content\/uploads\/134_a.jpg","contentUrl":"https:\/\/www.alveus.eu\/wp-content\/uploads\/134_a.jpg","width":900,"height":600,"caption":"T\u00e9 negro en hoja e infusionado"},{"@type":"BreadcrumbList","@id":"https:\/\/www.alveus.eu\/es\/blog\/que-es-te-negro\/#breadcrumb","itemListElement":[{"@type":"ListItem","position":1,"name":"Home","item":"https:\/\/www.alveus.eu\/es"},{"@type":"ListItem","position":2,"name":"Hierbas y Especias","item":"https:\/\/www.alveus.eu\/es\/blog\/category\/hierbas-y-especias\/"},{"@type":"ListItem","position":3,"name":"El t\u00e9 negro en 22 preguntas frecuentes"}]},{"@type":"WebSite","@id":"https:\/\/www.alveus.eu\/es#website","url":"https:\/\/www.alveus.eu\/es","name":"Alveus","description":"","publisher":{"@id":"https:\/\/www.alveus.eu\/es#organization"},"potentialAction":[{"@type":"SearchAction","target":{"@type":"EntryPoint","urlTemplate":"https:\/\/www.alveus.eu\/es?s={search_term_string}"},"query-input":{"@type":"PropertyValueSpecification","valueRequired":true,"valueName":"search_term_string"}}],"inLanguage":"es"},{"@type":"Organization","@id":"https:\/\/www.alveus.eu\/es#organization","name":"Alveus","alternateName":"Alveus Premium Teas","url":"https:\/\/www.alveus.eu\/es","logo":{"@type":"ImageObject","inLanguage":"es","@id":"https:\/\/www.alveus.eu\/es#\/schema\/logo\/image\/","url":"https:\/\/www.alveus.eu\/wp-content\/uploads\/2023\/07\/alveus-logo-primary.png","contentUrl":"https:\/\/www.alveus.eu\/wp-content\/uploads\/2023\/07\/alveus-logo-primary.png","width":248,"height":248,"caption":"Alveus"},"image":{"@id":"https:\/\/www.alveus.eu\/es#\/schema\/logo\/image\/"},"sameAs":["https:\/\/www.facebook.com\/alveusinternational\/","https:\/\/www.instagram.com\/alveustea\/","https:\/\/de.linkedin.com\/company\/alveustea"]},{"@type":"Person","@id":"https:\/\/www.alveus.eu\/es#\/schema\/person\/6864b22051c6c128b3c72edaeac35855","name":"Alveus Blog Team","image":{"@type":"ImageObject","inLanguage":"es","@id":"https:\/\/secure.gravatar.com\/avatar\/f951c832a9809c8d01d2ce4fa8bb10716ac4997c3cf93244fa19413f7d28b08e?s=96&d=mm&r=g","url":"https:\/\/secure.gravatar.com\/avatar\/f951c832a9809c8d01d2ce4fa8bb10716ac4997c3cf93244fa19413f7d28b08e?s=96&d=mm&r=g","contentUrl":"https:\/\/secure.gravatar.com\/avatar\/f951c832a9809c8d01d2ce4fa8bb10716ac4997c3cf93244fa19413f7d28b08e?s=96&d=mm&r=g","caption":"Alveus Blog Team"},"description":"Editorial team formed by tea professionals from different countries. We are driven by our passion for tea and the dissemination of its culture.","sameAs":["https:\/\/www.alveus.eu\/"]}]}},"_links":{"self":[{"href":"https:\/\/www.alveus.eu\/es\/wp-json\/wp\/v2\/posts\/61670","targetHints":{"allow":["GET"]}}],"collection":[{"href":"https:\/\/www.alveus.eu\/es\/wp-json\/wp\/v2\/posts"}],"about":[{"href":"https:\/\/www.alveus.eu\/es\/wp-json\/wp\/v2\/types\/post"}],"author":[{"embeddable":true,"href":"https:\/\/www.alveus.eu\/es\/wp-json\/wp\/v2\/users\/11"}],"replies":[{"embeddable":true,"href":"https:\/\/www.alveus.eu\/es\/wp-json\/wp\/v2\/comments?post=61670"}],"version-history":[{"count":4,"href":"https:\/\/www.alveus.eu\/es\/wp-json\/wp\/v2\/posts\/61670\/revisions"}],"predecessor-version":[{"id":61993,"href":"https:\/\/www.alveus.eu\/es\/wp-json\/wp\/v2\/posts\/61670\/revisions\/61993"}],"wp:featuredmedia":[{"embeddable":true,"href":"https:\/\/www.alveus.eu\/es\/wp-json\/wp\/v2\/media\/61673"}],"wp:attachment":[{"href":"https:\/\/www.alveus.eu\/es\/wp-json\/wp\/v2\/media?parent=61670"}],"wp:term":[{"taxonomy":"category","embeddable":true,"href":"https:\/\/www.alveus.eu\/es\/wp-json\/wp\/v2\/categories?post=61670"},{"taxonomy":"post_tag","embeddable":true,"href":"https:\/\/www.alveus.eu\/es\/wp-json\/wp\/v2\/tags?post=61670"}],"curies":[{"name":"wp","href":"https:\/\/api.w.org\/{rel}","templated":true}]}}