{"id":55989,"date":"2025-10-08T08:38:04","date_gmt":"2025-10-08T07:38:04","guid":{"rendered":"https:\/\/www.alveus.eu\/?p=55989"},"modified":"2026-02-09T14:02:01","modified_gmt":"2026-02-09T13:02:01","slug":"anis-etoile","status":"publish","type":"post","link":"https:\/\/www.alveus.eu\/fr\/blog\/anis-etoile\/","title":{"rendered":"Anis \u00e9toil\u00e9 : l&rsquo;\u00e9pice aromatique qui inspire vos m\u00e9langes"},"content":{"rendered":"\t\t<div data-elementor-type=\"wp-post\" data-elementor-id=\"55989\" class=\"elementor elementor-55989 elementor-55954\" data-elementor-post-type=\"post\">\n\t\t\t\t<div class=\"elementor-element elementor-element-ec48546 e-con-full e-flex e-con e-parent\" data-id=\"ec48546\" data-element_type=\"container\" data-e-type=\"container\">\n\t\t\t\t<div class=\"elementor-element elementor-element-5629397 elementor-widget elementor-widget-text-editor\" data-id=\"5629397\" data-element_type=\"widget\" data-e-type=\"widget\" data-widget_type=\"text-editor.default\">\n\t\t\t\t<div class=\"elementor-widget-container\">\n\t\t\t\t\t\t\t\t\t<p><span style=\"font-weight: 400;\">L&rsquo;anis \u00e9toil\u00e9 (Illicium verum) est bien plus qu&rsquo;une \u00e9pice d\u00e9corative : sa forme en \u00e9toile et son ar\u00f4me incomparable en font un ingr\u00e9dient cl\u00e9 dans le monde des infusions, des m\u00e9langes de th\u00e9s et des \u00e9pices.<\/span><\/p><p><span style=\"font-weight: 400;\">Originaire d&rsquo;Asie, elle allie tradition et sophistication, offrant aux professionnels du secteur de nouvelles opportunit\u00e9s pour innover dans les produits et les pr\u00e9sentations.<\/span><\/p><p><span style=\"font-weight: 400;\">Avec chaque fruit et chaque graine, un \u00e9ventail de possibilit\u00e9s s&rsquo;ouvre pour la cr\u00e9ation de m\u00e9langes aromatiques, d&rsquo;\u00e9pices en poudre, d&rsquo;extraits et d&rsquo;autres pr\u00e9sentations qui font la diff\u00e9rence dans le monde professionnel. Explorer cette \u00e9pice, c&rsquo;est d\u00e9couvrir comment un ingr\u00e9dient unique peut apporter identit\u00e9, polyvalence et distinction \u00e0 toute gamme de produits au sein de l&rsquo;industrie des infusions.<\/span><\/p>\t\t\t\t\t\t\t\t<\/div>\n\t\t\t\t<\/div>\n\t\t\t\t<div class=\"elementor-element elementor-element-81850a7 elementor-toc--minimized-on-tablet elementor-widget elementor-widget-table-of-contents\" data-id=\"81850a7\" data-element_type=\"widget\" data-e-type=\"widget\" data-settings=\"{&quot;headings_by_tags&quot;:[&quot;h2&quot;],&quot;exclude_headings_by_selector&quot;:&quot;.elementor-grid .elementor-heading-title&quot;,&quot;no_headings_message&quot;:&quot;No headings were found on this page.&quot;,&quot;marker_view&quot;:&quot;numbers&quot;,&quot;minimize_box&quot;:&quot;yes&quot;,&quot;minimized_on&quot;:&quot;tablet&quot;,&quot;hierarchical_view&quot;:&quot;yes&quot;,&quot;min_height&quot;:{&quot;unit&quot;:&quot;px&quot;,&quot;size&quot;:&quot;&quot;,&quot;sizes&quot;:[]},&quot;min_height_tablet&quot;:{&quot;unit&quot;:&quot;px&quot;,&quot;size&quot;:&quot;&quot;,&quot;sizes&quot;:[]},&quot;min_height_mobile&quot;:{&quot;unit&quot;:&quot;px&quot;,&quot;size&quot;:&quot;&quot;,&quot;sizes&quot;:[]}}\" data-widget_type=\"table-of-contents.default\">\n\t\t\t\t<div class=\"elementor-widget-container\">\n\t\t\t\t\t\t\t\t\t<div class=\"elementor-toc__header\">\n\t\t\t\t\t\t<div class=\"elementor-toc__header-title\">\n\t\t\t\tTable des mati\u00e8res\t\t\t<\/div>\n\t\t\t\t\t\t\t\t\t\t<div class=\"elementor-toc__toggle-button elementor-toc__toggle-button--expand\" role=\"button\" tabindex=\"0\" aria-controls=\"elementor-toc__81850a7\" aria-expanded=\"true\" aria-label=\"Ouvrir la table des mati\u00e8res\"><i aria-hidden=\"true\" class=\"alveus alveus-arrow\"><\/i><\/div>\n\t\t\t\t<div class=\"elementor-toc__toggle-button elementor-toc__toggle-button--collapse\" role=\"button\" tabindex=\"0\" aria-controls=\"elementor-toc__81850a7\" aria-expanded=\"true\" aria-label=\"Fermer la table des mati\u00e8res\"><i aria-hidden=\"true\" class=\"alveus alveus-close\"><\/i><\/div>\n\t\t\t\t\t<\/div>\n\t\t\t\t<div id=\"elementor-toc__81850a7\" class=\"elementor-toc__body\">\n\t\t\t<div class=\"elementor-toc__spinner-container\">\n\t\t\t\t<i class=\"elementor-toc__spinner eicon-animation-spin eicon-loading\" aria-hidden=\"true\"><\/i>\t\t\t<\/div>\n\t\t<\/div>\n\t\t\t\t\t\t<\/div>\n\t\t\t\t<\/div>\n\t\t\t\t<div class=\"elementor-element elementor-element-aeb460f elementor-widget elementor-widget-heading\" data-id=\"aeb460f\" data-element_type=\"widget\" data-e-type=\"widget\" data-widget_type=\"heading.default\">\n\t\t\t\t<div class=\"elementor-widget-container\">\n\t\t\t\t\t<h2 class=\"elementor-heading-title elementor-size-default\">Qu'est-ce que l'anis \u00e9toil\u00e9 ?\n<\/h2>\t\t\t\t<\/div>\n\t\t\t\t<\/div>\n\t\t\t\t<div class=\"elementor-element elementor-element-deddede elementor-widget elementor-widget-text-editor\" data-id=\"deddede\" data-element_type=\"widget\" data-e-type=\"widget\" data-widget_type=\"text-editor.default\">\n\t\t\t\t<div class=\"elementor-widget-container\">\n\t\t\t\t\t\t\t\t\t<p><span style=\"font-weight: 400;\">L&rsquo;anis \u00e9toil\u00e9, \u00e9galement connu sous le nom d&rsquo;anis \u00e9toile ou anis en \u00e9toile, est le fruit de l&rsquo;arbre p\u00e9renne Illicium verum originaire d&rsquo;Asie, appartenant \u00e0 la famille des Schisandraceae.<\/span><\/p><p><span style=\"font-weight: 400;\">Sa forme en \u00e9toile, g\u00e9n\u00e9ralement \u00e0 six ou huit pointes, en a fait un symbole visuel dans le monde des \u00e9pices. Chaque pointe renferme une graine brillante, qui est utilis\u00e9e avec la cosse s\u00e8che, apportant ar\u00f4me et caract\u00e8re distinctif aux m\u00e9langes de th\u00e9 et d&rsquo;infusions.<\/span><\/p>\t\t\t\t\t\t\t\t<\/div>\n\t\t\t\t<\/div>\n\t\t\t\t<div class=\"elementor-element elementor-element-d71a9ea elementor-widget elementor-widget-heading\" data-id=\"d71a9ea\" data-element_type=\"widget\" data-e-type=\"widget\" data-widget_type=\"heading.default\">\n\t\t\t\t<div class=\"elementor-widget-container\">\n\t\t\t\t\t<h3 class=\"elementor-heading-title elementor-size-default\">Caract\u00e9ristiques botaniques\n<\/h3>\t\t\t\t<\/div>\n\t\t\t\t<\/div>\n\t\t\t\t<div class=\"elementor-element elementor-element-e5f71a4 elementor-widget elementor-widget-text-editor\" data-id=\"e5f71a4\" data-element_type=\"widget\" data-e-type=\"widget\" data-widget_type=\"text-editor.default\">\n\t\t\t\t<div class=\"elementor-widget-container\">\n\t\t\t\t\t\t\t\t\t<p><span style=\"font-weight: 400;\">L&rsquo;arbre de badiane peut atteindre jusqu&rsquo;\u00e0 18 m\u00e8tres de hauteur et pousse dans les climats tropicaux et subtropicaux. Ses feuilles sont brillantes et lanc\u00e9ol\u00e9es, tandis que les fleurs, de tons jaunes et verts, donnent lieu au fruit caract\u00e9ristique en forme d&rsquo;\u00e9toile.<\/span><\/p><p><span style=\"font-weight: 400;\">Pour les entreprises qui se consacrent aux infusions et aux \u00e9pices, ces caract\u00e9ristiques sont pertinentes, car elles d\u00e9terminent des aspects cl\u00e9s tels que la standardisation de la qualit\u00e9, la r\u00e9colte au moment optimal et les possibilit\u00e9s de transformation en diff\u00e9rentes pr\u00e9sentations commerciales.<\/span><\/p>\t\t\t\t\t\t\t\t<\/div>\n\t\t\t\t<\/div>\n\t\t\t\t<div class=\"elementor-element elementor-element-fda63d2 elementor-widget elementor-widget-image\" data-id=\"fda63d2\" data-element_type=\"widget\" data-e-type=\"widget\" data-widget_type=\"image.default\">\n\t\t\t\t<div class=\"elementor-widget-container\">\n\t\t\t\t\t\t\t\t\t\t\t\t\t\t\t<img fetchpriority=\"high\" decoding=\"async\" width=\"900\" height=\"600\" src=\"https:\/\/www.alveus.eu\/wp-content\/uploads\/094_a.jpg\" class=\"attachment-large size-large wp-image-55957\" alt=\"arbre \u00e0 an\u00eds \u00e9toil\u00e9\" srcset=\"https:\/\/www.alveus.eu\/wp-content\/uploads\/094_a.jpg 900w, https:\/\/www.alveus.eu\/wp-content\/uploads\/094_a-300x200.jpg 300w, https:\/\/www.alveus.eu\/wp-content\/uploads\/094_a-768x512.jpg 768w\" sizes=\"(max-width: 900px) 100vw, 900px\" \/>\t\t\t\t\t\t\t\t\t\t\t\t\t\t\t<\/div>\n\t\t\t\t<\/div>\n\t\t\t\t<div class=\"elementor-element elementor-element-3e50bca elementor-widget elementor-widget-heading\" data-id=\"3e50bca\" data-element_type=\"widget\" data-e-type=\"widget\" data-widget_type=\"heading.default\">\n\t\t\t\t<div class=\"elementor-widget-container\">\n\t\t\t\t\t<h2 class=\"elementor-heading-title elementor-size-default\">Origine et histoire de l'anis \u00e9toil\u00e9\n<\/h2>\t\t\t\t<\/div>\n\t\t\t\t<\/div>\n\t\t\t\t<div class=\"elementor-element elementor-element-272a626 elementor-widget elementor-widget-text-editor\" data-id=\"272a626\" data-element_type=\"widget\" data-e-type=\"widget\" data-widget_type=\"text-editor.default\">\n\t\t\t\t<div class=\"elementor-widget-container\">\n\t\t\t\t\t\t\t\t\t<p><span style=\"font-weight: 400;\">Avec des racines dans le sud de la Chine et au Vietnam, l&rsquo;Illicium verum est pr\u00e9sent depuis des si\u00e8cles dans la culture asiatique, notamment dans la gastronomie et la pr\u00e9paration de boissons chaudes.<\/span><\/p><p><span style=\"font-weight: 400;\">Son expansion vers l&rsquo;Inde, le Moyen-Orient et plus tard l&rsquo;Europe, a eu lieu \u00e0 partir du XVIe si\u00e8cle, en pleine \u00e8re des grandes routes commerciales, lorsque la demande d&rsquo;\u00e9pices exotiques augmentait dans tout l&rsquo;Occident.<\/span><\/p><p><span style=\"font-weight: 400;\">Il a rapidement trouv\u00e9 sa place dans les recettes sucr\u00e9es, les liqueurs et les condiments, s&rsquo;imposant comme un ingr\u00e9dient de grande valeur.<\/span><\/p>\t\t\t\t\t\t\t\t<\/div>\n\t\t\t\t<\/div>\n\t\t<div class=\"elementor-element elementor-element-41e3ce9 e-flex e-con-boxed e-con e-child\" data-id=\"41e3ce9\" data-element_type=\"container\" data-e-type=\"container\" data-settings=\"{&quot;background_background&quot;:&quot;classic&quot;}\">\n\t\t\t\t\t<div class=\"e-con-inner\">\n\t\t\t\t<div class=\"elementor-element elementor-element-05d6455 elementor-widget__width-initial elementor-widget-mobile__width-inherit elementor-view-default elementor-widget elementor-widget-icon\" data-id=\"05d6455\" data-element_type=\"widget\" data-e-type=\"widget\" data-widget_type=\"icon.default\">\n\t\t\t\t<div class=\"elementor-widget-container\">\n\t\t\t\t\t\t\t<div class=\"elementor-icon-wrapper\">\n\t\t\t<div class=\"elementor-icon\">\n\t\t\t<svg xmlns=\"http:\/\/www.w3.org\/2000\/svg\" id=\"Layer_2\" data-name=\"Layer 2\" viewBox=\"0 0 192 192\"><defs><style> .cls-1 { fill: none; } .cls-2 { fill: #1d1d1b; } <\/style><\/defs><g id=\"medida\"><g><rect class=\"cls-1\" width=\"192\" height=\"192\"><\/rect><g><path class=\"cls-2\" d=\"M50.98,81.76h-15.81c-1.93,0-3.5,1.57-3.5,3.5s1.57,3.5,3.5,3.5h15.81c1.93,0,3.5-1.57,3.5-3.5s-1.57-3.5-3.5-3.5Z\"><\/path><path class=\"cls-2\" d=\"M64.9,53.79c1.37-1.37,1.37-3.58,0-4.95l-10.12-10.12c-1.37-1.37-3.58-1.37-4.95,0-1.37,1.37-1.37,3.58,0,4.95l10.12,10.12c.68,.68,1.58,1.03,2.47,1.03s1.79-.34,2.47-1.03Z\"><\/path><path class=\"cls-2\" d=\"M145.27,38.72c-1.37-1.37-3.58-1.37-4.95,0l-10.12,10.12c-1.37,1.37-1.37,3.58,0,4.95,.68,.68,1.58,1.03,2.47,1.03s1.79-.34,2.47-1.03l10.12-10.12c1.37-1.37,1.37-3.58,0-4.95Z\"><\/path><path class=\"cls-2\" d=\"M97.75,42c1.93,0,3.5-1.57,3.5-3.5v-14.15c0-1.93-1.57-3.5-3.5-3.5s-3.5,1.57-3.5,3.5v14.15c0,1.93,1.57,3.5,3.5,3.5Z\"><\/path><path class=\"cls-2\" d=\"M156.83,81.76h-14.03c-1.93,0-3.5,1.57-3.5,3.5s1.57,3.5,3.5,3.5h14.03c1.93,0,3.5-1.57,3.5-3.5s-1.57-3.5-3.5-3.5Z\"><\/path><path class=\"cls-2\" d=\"M97.75,48.42c-19.84,0-35.98,16.14-35.98,35.98,0,5.06,.99,9.78,3.03,14.44,.96,2.2,2.35,4.65,3.82,7.25,2.14,3.78,4.57,8.07,5.66,11.69,5.01,16.67,2.59,32.29,2.56,32.45l-.05,.56c0,11.22,9.13,20.36,20.36,20.36s20.36-9.13,20.36-20.36l-.04-.56c-.01-.09-.83-5.44-.21-13.48,.08-.29,.13-.58,.13-.89,0-.1-.02-.19-.03-.29,.48-5.16,1.55-11.3,3.76-17.81,1.37-4.04,4.12-8.95,6.55-13.28,1.09-1.95,2.12-3.79,2.96-5.44,2.75-5.36,3.12-10.41,3.12-14.64,0-19.84-16.14-35.98-35.98-35.98Zm12.3,90.94c-.16,4.07,0,7.32,.19,9.41h-26.18c.21-2.1,.44-5.36,.39-9.41h25.6Zm-12.91,24.79c-5.6,0-10.4-3.48-12.38-8.38h24.76c-1.98,4.9-6.78,8.38-12.38,8.38Zm27.24-68.3c-.79,1.54-1.79,3.32-2.84,5.21-2.57,4.6-5.49,9.8-7.07,14.45-2.06,6.07-3.23,11.82-3.85,16.86h-9.68c.34-.54,.54-1.17,.54-1.86v-19.97c5.79-1.55,10.07-6.82,10.07-13.1,0-1.93-1.57-3.5-3.5-3.5s-3.5,1.57-3.5,3.5c0,3.62-2.95,6.57-6.57,6.57s-6.57-2.95-6.57-6.57c0-1.93-1.57-3.5-3.5-3.5s-3.5,1.57-3.5,3.5c0,6.27,4.28,11.55,10.07,13.1v19.97c0,.68,.2,1.32,.54,1.86h-10.93c-.44-5.05-1.37-10.74-3.14-16.6-1.31-4.37-3.95-9.02-6.27-13.12-1.38-2.44-2.68-4.74-3.5-6.6-1.64-3.76-2.44-7.56-2.44-11.64,0-15.98,13-28.98,28.98-28.98s28.98,13,28.98,28.98c0,4.87-.68,8.19-2.35,11.45Z\"><\/path><\/g><\/g><\/g><\/svg>\t\t\t<\/div>\n\t\t<\/div>\n\t\t\t\t\t\t<\/div>\n\t\t\t\t<\/div>\n\t\t\t\t<div class=\"elementor-element elementor-element-eb27c75 elementor-widget__width-inherit elementor-widget elementor-widget-heading\" data-id=\"eb27c75\" data-element_type=\"widget\" data-e-type=\"widget\" data-widget_type=\"heading.default\">\n\t\t\t\t<div class=\"elementor-widget-container\">\n\t\t\t\t\t<span class=\"elementor-heading-title elementor-size-default\">Au XVIIe si\u00e8cle, l'anis \u00e9toil\u00e9 \u00e9tait si pr\u00e9cieux en Europe qu'il ne se vendait que dans les pharmacies et \u00e9tait consid\u00e9r\u00e9 comme un luxe.\n<\/span>\t\t\t\t<\/div>\n\t\t\t\t<\/div>\n\t\t\t\t\t<\/div>\n\t\t\t\t<\/div>\n\t\t\t\t<div class=\"elementor-element elementor-element-f7faf32 elementor-widget elementor-widget-text-editor\" data-id=\"f7faf32\" data-element_type=\"widget\" data-e-type=\"widget\" data-widget_type=\"text-editor.default\">\n\t\t\t\t<div class=\"elementor-widget-container\">\n\t\t\t\t\t\t\t\t\t<p><span style=\"font-weight: 400;\">Aujourd&rsquo;hui, la Chine reste le principal centre de production mondial, en particulier dans les provinces du Guangxi et du Yunnan, qui concentrent plus de 80 % de l&rsquo;offre mondiale.<\/span><\/p><p><span style=\"font-weight: 400;\">Le Vietnam, l&rsquo;Inde et d&rsquo;autres pays d&rsquo;Asie du Sud-Est participent \u00e9galement \u00e0 sa culture, bien que dans une moindre mesure. En plus de son r\u00f4le dans le secteur gastronomique, l&rsquo;anis \u00e9toil\u00e9 occupe une place importante dans l&rsquo;industrie des ingr\u00e9dients et des extraits, o\u00f9 il est utilis\u00e9, entre autres, comme source d&rsquo;acide shikimique, un compos\u00e9 d&rsquo;un grand int\u00e9r\u00eat pour l&rsquo;industrie pharmaceutique.<\/span><\/p>\t\t\t\t\t\t\t\t<\/div>\n\t\t\t\t<\/div>\n\t\t\t\t<div class=\"elementor-element elementor-element-1844fed elementor-widget elementor-widget-heading\" data-id=\"1844fed\" data-element_type=\"widget\" data-e-type=\"widget\" data-widget_type=\"heading.default\">\n\t\t\t\t<div class=\"elementor-widget-container\">\n\t\t\t\t\t<h2 class=\"elementor-heading-title elementor-size-default\">Composition phytochimique, principes actifs et saveur\n<\/h2>\t\t\t\t<\/div>\n\t\t\t\t<\/div>\n\t\t\t\t<div class=\"elementor-element elementor-element-981c80e elementor-widget elementor-widget-text-editor\" data-id=\"981c80e\" data-element_type=\"widget\" data-e-type=\"widget\" data-widget_type=\"text-editor.default\">\n\t\t\t\t<div class=\"elementor-widget-container\">\n\t\t\t\t\t\t\t\t\t<p><span style=\"font-weight: 400;\">L&rsquo;anis \u00e9toil\u00e9 poss\u00e8de une composition phytochimique complexe qui d\u00e9finit son ar\u00f4me et son go\u00fbt, des \u00e9l\u00e9ments tr\u00e8s appr\u00e9ci\u00e9s dans les th\u00e9s, les infusions et les m\u00e9langes d&rsquo;\u00e9pices.<\/span><\/p><p><span style=\"font-weight: 400;\">Parmi ses principaux composants, on trouve :<\/span><\/p><ul><li style=\"font-weight: 400;\" aria-level=\"1\"><b>An\u00e9thol<\/b><span style=\"font-weight: 400;\"> : composant majoritaire des huiles essentielles, responsable de l&rsquo;ar\u00f4me doux et anis\u00e9 caract\u00e9ristique.<\/span><\/li><li style=\"font-weight: 400;\" aria-level=\"1\"><b>Flavono\u00efdes<\/b><span style=\"font-weight: 400;\"> (querc\u00e9tine, kaempf\u00e9rol) : ils apportent de la complexit\u00e9 aromatique et de la profondeur au go\u00fbt.<\/span><\/li><li style=\"font-weight: 400;\" aria-level=\"1\"><b>Huiles essentielles<\/b><span style=\"font-weight: 400;\"> (linalol, limon\u00e8ne) : ajoutent des nuances aromatiques compl\u00e9mentaires.<\/span><\/li><li style=\"font-weight: 400;\" aria-level=\"1\"><span style=\"font-weight: 400;\">T<\/span><b>anins et polyph\u00e9nols<\/b><span style=\"font-weight: 400;\"> : ils contribuent subtilement \u00e0 l&rsquo;ar\u00f4me et \u00e0 la perception sensorielle.<\/span><\/li><li style=\"font-weight: 400;\" aria-level=\"1\"><b>Acide shikimique<\/b><span style=\"font-weight: 400;\"> : pr\u00e9sent dans les graines et les gousses, reconnu pour son importance en tant que mati\u00e8re premi\u00e8re dans l&rsquo;industrie des ingr\u00e9dients et des extraits.<\/span><\/li><\/ul><p><span style=\"font-weight: 400;\">La pr\u00e9sence de ces compos\u00e9s permet \u00e0 l&rsquo;anis \u00e9toil\u00e9 de s&rsquo;adapter \u00e0 diff\u00e9rents formats (fruit entier, poudre ou extraits), offrant des opportunit\u00e9s pour mettre en valeur diff\u00e9rentes nuances aromatiques et sensorielles en fonction de la pr\u00e9paration ou du m\u00e9lange.<\/span><\/p>\t\t\t\t\t\t\t\t<\/div>\n\t\t\t\t<\/div>\n\t\t<div class=\"elementor-element elementor-element-a4560c7 e-flex e-con-boxed e-con e-child\" data-id=\"a4560c7\" data-element_type=\"container\" data-e-type=\"container\" data-settings=\"{&quot;background_background&quot;:&quot;classic&quot;}\">\n\t\t\t\t\t<div class=\"e-con-inner\">\n\t\t\t\t<div class=\"elementor-element elementor-element-dd1dd6e elementor-widget__width-initial elementor-widget-mobile__width-inherit elementor-view-default elementor-widget elementor-widget-icon\" data-id=\"dd1dd6e\" data-element_type=\"widget\" data-e-type=\"widget\" data-widget_type=\"icon.default\">\n\t\t\t\t<div class=\"elementor-widget-container\">\n\t\t\t\t\t\t\t<div class=\"elementor-icon-wrapper\">\n\t\t\t<div class=\"elementor-icon\">\n\t\t\t<svg xmlns=\"http:\/\/www.w3.org\/2000\/svg\" id=\"Layer_2\" data-name=\"Layer 2\" viewBox=\"0 0 192 192\"><defs><style> .cls-1 { fill: none; } .cls-2 { fill: #1d1d1b; } <\/style><\/defs><g id=\"medida\"><g><rect class=\"cls-1\" width=\"192\" height=\"192\"><\/rect><g><path class=\"cls-2\" d=\"M50.98,81.76h-15.81c-1.93,0-3.5,1.57-3.5,3.5s1.57,3.5,3.5,3.5h15.81c1.93,0,3.5-1.57,3.5-3.5s-1.57-3.5-3.5-3.5Z\"><\/path><path class=\"cls-2\" d=\"M64.9,53.79c1.37-1.37,1.37-3.58,0-4.95l-10.12-10.12c-1.37-1.37-3.58-1.37-4.95,0-1.37,1.37-1.37,3.58,0,4.95l10.12,10.12c.68,.68,1.58,1.03,2.47,1.03s1.79-.34,2.47-1.03Z\"><\/path><path class=\"cls-2\" d=\"M145.27,38.72c-1.37-1.37-3.58-1.37-4.95,0l-10.12,10.12c-1.37,1.37-1.37,3.58,0,4.95,.68,.68,1.58,1.03,2.47,1.03s1.79-.34,2.47-1.03l10.12-10.12c1.37-1.37,1.37-3.58,0-4.95Z\"><\/path><path class=\"cls-2\" d=\"M97.75,42c1.93,0,3.5-1.57,3.5-3.5v-14.15c0-1.93-1.57-3.5-3.5-3.5s-3.5,1.57-3.5,3.5v14.15c0,1.93,1.57,3.5,3.5,3.5Z\"><\/path><path class=\"cls-2\" d=\"M156.83,81.76h-14.03c-1.93,0-3.5,1.57-3.5,3.5s1.57,3.5,3.5,3.5h14.03c1.93,0,3.5-1.57,3.5-3.5s-1.57-3.5-3.5-3.5Z\"><\/path><path class=\"cls-2\" d=\"M97.75,48.42c-19.84,0-35.98,16.14-35.98,35.98,0,5.06,.99,9.78,3.03,14.44,.96,2.2,2.35,4.65,3.82,7.25,2.14,3.78,4.57,8.07,5.66,11.69,5.01,16.67,2.59,32.29,2.56,32.45l-.05,.56c0,11.22,9.13,20.36,20.36,20.36s20.36-9.13,20.36-20.36l-.04-.56c-.01-.09-.83-5.44-.21-13.48,.08-.29,.13-.58,.13-.89,0-.1-.02-.19-.03-.29,.48-5.16,1.55-11.3,3.76-17.81,1.37-4.04,4.12-8.95,6.55-13.28,1.09-1.95,2.12-3.79,2.96-5.44,2.75-5.36,3.12-10.41,3.12-14.64,0-19.84-16.14-35.98-35.98-35.98Zm12.3,90.94c-.16,4.07,0,7.32,.19,9.41h-26.18c.21-2.1,.44-5.36,.39-9.41h25.6Zm-12.91,24.79c-5.6,0-10.4-3.48-12.38-8.38h24.76c-1.98,4.9-6.78,8.38-12.38,8.38Zm27.24-68.3c-.79,1.54-1.79,3.32-2.84,5.21-2.57,4.6-5.49,9.8-7.07,14.45-2.06,6.07-3.23,11.82-3.85,16.86h-9.68c.34-.54,.54-1.17,.54-1.86v-19.97c5.79-1.55,10.07-6.82,10.07-13.1,0-1.93-1.57-3.5-3.5-3.5s-3.5,1.57-3.5,3.5c0,3.62-2.95,6.57-6.57,6.57s-6.57-2.95-6.57-6.57c0-1.93-1.57-3.5-3.5-3.5s-3.5,1.57-3.5,3.5c0,6.27,4.28,11.55,10.07,13.1v19.97c0,.68,.2,1.32,.54,1.86h-10.93c-.44-5.05-1.37-10.74-3.14-16.6-1.31-4.37-3.95-9.02-6.27-13.12-1.38-2.44-2.68-4.74-3.5-6.6-1.64-3.76-2.44-7.56-2.44-11.64,0-15.98,13-28.98,28.98-28.98s28.98,13,28.98,28.98c0,4.87-.68,8.19-2.35,11.45Z\"><\/path><\/g><\/g><\/g><\/svg>\t\t\t<\/div>\n\t\t<\/div>\n\t\t\t\t\t\t<\/div>\n\t\t\t\t<\/div>\n\t\t\t\t<div class=\"elementor-element elementor-element-0fb618e elementor-widget__width-inherit elementor-widget elementor-widget-heading\" data-id=\"0fb618e\" data-element_type=\"widget\" data-e-type=\"widget\" data-widget_type=\"heading.default\">\n\t\t\t\t<div class=\"elementor-widget-container\">\n\t\t\t\t\t<span class=\"elementor-heading-title elementor-size-default\">L'an\u00e9thol est \u00e9galement le compos\u00e9 responsable de l'ar\u00f4me d'autres \u00e9pices comme l'anis vert et le fenouil, ce qui explique sa familiarit\u00e9 au palais occidental.\n<\/span>\t\t\t\t<\/div>\n\t\t\t\t<\/div>\n\t\t\t\t\t<\/div>\n\t\t\t\t<\/div>\n\t\t\t\t<div class=\"elementor-element elementor-element-d51f38a elementor-widget elementor-widget-heading\" data-id=\"d51f38a\" data-element_type=\"widget\" data-e-type=\"widget\" data-widget_type=\"heading.default\">\n\t\t\t\t<div class=\"elementor-widget-container\">\n\t\t\t\t\t<h3 class=\"elementor-heading-title elementor-size-default\">Le go\u00fbt de l'anis \u00e9toil\u00e9\n<\/h3>\t\t\t\t<\/div>\n\t\t\t\t<\/div>\n\t\t\t\t<div class=\"elementor-element elementor-element-beb779e elementor-widget elementor-widget-text-editor\" data-id=\"beb779e\" data-element_type=\"widget\" data-e-type=\"widget\" data-widget_type=\"text-editor.default\">\n\t\t\t\t<div class=\"elementor-widget-container\">\n\t\t\t\t\t\t\t\t\t<p><span style=\"font-weight: 400;\">Cet ingr\u00e9dient, consid\u00e9r\u00e9 comme une plante m\u00e9dicinale, se distingue par un go\u00fbt intense et sucr\u00e9, avec des nuances rappelant la r\u00e9glisse, bien que plus profond et l\u00e9g\u00e8rement \u00e9pic\u00e9.\u00a0<\/span><\/p><p><span style=\"font-weight: 400;\">Cette complexit\u00e9 en fait un ingr\u00e9dient polyvalent, id\u00e9al pour enrichir des m\u00e9langes de th\u00e9s, des infusions et des pr\u00e9parations aromatiques.<\/span><\/p><p><span style=\"font-weight: 400;\">Son profil organoleptique peut \u00eatre r\u00e9sum\u00e9 en trois aspects :<\/span><\/p><ul><li style=\"font-weight: 400;\" aria-level=\"1\"><b>Ar\u00f4me<\/b><span style=\"font-weight: 400;\"> : doux, chaleureux et intense, avec des notes de r\u00e9glisse perceptibles d\u00e8s le premier contact.<\/span><\/li><li style=\"font-weight: 400;\" aria-level=\"1\"><b>Saveur<\/b><span style=\"font-weight: 400;\"> : anis\u00e9e, l\u00e9g\u00e8rement piquante et persistante, elle donne du caract\u00e8re aux m\u00e9langes.<\/span><\/li><li style=\"font-weight: 400;\" aria-level=\"1\"><b>Assemblage<\/b><span style=\"font-weight: 400;\"> : se marie naturellement avec des \u00e9pices telles que la cannelle, le clou de girofle, la cardamome, le fenouil ou la coriandre, renfor\u00e7ant l&rsquo;harmonie dans les infusions \u00e9pic\u00e9es et les m\u00e9langes de th\u00e9 chai.<\/span><\/li><\/ul><p><span style=\"font-weight: 400;\">Dans les infusions avec de l\u2019anis \u00e9toil\u00e9 ; cet ingr\u00e9dient lib\u00e8re un profil enveloppant et \u00e9quilibr\u00e9, s&rsquo;int\u00e9grant facilement dans les th\u00e9s noirs, verts, rooibos ou infusions d&rsquo;herbes, apportant un caract\u00e8re distinctif sans dominer le m\u00e9lange.<\/span><\/p><p><span style=\"font-weight: 400;\">Sa pr\u00e9sence sensorielle en fait un atout tr\u00e8s appr\u00e9ci\u00e9 par les professionnels qui cherchent \u00e0 diff\u00e9rencier leurs produits et \u00e0 offrir des exp\u00e9riences olfactives uniques \u00e0 leurs clients.<\/span><\/p>\t\t\t\t\t\t\t\t<\/div>\n\t\t\t\t<\/div>\n\t\t\t\t<div class=\"elementor-element elementor-element-35ad9e2 elementor-widget elementor-widget-heading\" data-id=\"35ad9e2\" data-element_type=\"widget\" data-e-type=\"widget\" data-widget_type=\"heading.default\">\n\t\t\t\t<div class=\"elementor-widget-container\">\n\t\t\t\t\t<h2 class=\"elementor-heading-title elementor-size-default\">Usages traditionnels et applications actuelles de l'anis \u00e9toil\u00e9\n<\/h2>\t\t\t\t<\/div>\n\t\t\t\t<\/div>\n\t\t\t\t<div class=\"elementor-element elementor-element-2d7f726 elementor-widget elementor-widget-text-editor\" data-id=\"2d7f726\" data-element_type=\"widget\" data-e-type=\"widget\" data-widget_type=\"text-editor.default\">\n\t\t\t\t<div class=\"elementor-widget-container\">\n\t\t\t\t\t\t\t\t\t<p><span style=\"font-weight: 400;\">Historiquement, l&rsquo;anis \u00e9toil\u00e9 a \u00e9t\u00e9 un ingr\u00e9dient central dans la <\/span><b>cuisine asiatique<\/b><span style=\"font-weight: 400;\">, tant dans les pr\u00e9parations sal\u00e9es que sucr\u00e9es, faisant partie de m\u00e9langes embl\u00e9matiques comme les \u00ab cinq \u00e9pices chinoises \u00bb.<\/span><\/p><p><span style=\"font-weight: 400;\">Elle faisait \u00e9galement partie de la m\u00e9decine traditionnelle chinoise, o\u00f9 elle \u00e9tait tr\u00e8s appr\u00e9ci\u00e9e en tant que plante m\u00e9dicinale pour ses propri\u00e9t\u00e9s digestives, carminatives et antivirales, et \u00e9tait utilis\u00e9e en infusion chaude pour soulager les rhumes, les probl\u00e8mes digestifs et les malaises en g\u00e9n\u00e9ral.<\/span><\/p><p><span style=\"font-weight: 400;\">Ce patrimoine culturel a permis de consolider la place de l&rsquo;anis \u00e9toil\u00e9 comme l&rsquo;une <a href=\"https:\/\/www.alveus.eu\/fr\/blog\/plantes-medicinales-asia\">des \u00e9pices m\u00e9dicinales asiatiques<\/a> de grande valeur historique, dont l&rsquo;importance a transcend\u00e9 les fronti\u00e8res et les \u00e9poques, jusqu&rsquo;\u00e0 s&rsquo;int\u00e9grer dans les traditions culinaires de l&rsquo;Inde, du Moyen-Orient et de l&rsquo;Europe.<\/span><\/p>\t\t\t\t\t\t\t\t<\/div>\n\t\t\t\t<\/div>\n\t\t\t\t<div class=\"elementor-element elementor-element-a4a8179 elementor-widget elementor-widget-heading\" data-id=\"a4a8179\" data-element_type=\"widget\" data-e-type=\"widget\" data-widget_type=\"heading.default\">\n\t\t\t\t<div class=\"elementor-widget-container\">\n\t\t\t\t\t<h3 class=\"elementor-heading-title elementor-size-default\">Applications actuelles les plus courantes\n<\/h3>\t\t\t\t<\/div>\n\t\t\t\t<\/div>\n\t\t\t\t<div class=\"elementor-element elementor-element-5815d4b elementor-widget elementor-widget-text-editor\" data-id=\"5815d4b\" data-element_type=\"widget\" data-e-type=\"widget\" data-widget_type=\"text-editor.default\">\n\t\t\t\t<div class=\"elementor-widget-container\">\n\t\t\t\t\t\t\t\t\t<p><span style=\"font-weight: 400;\">Aujourd&rsquo;hui, cette \u00e9pice a \u00e9largi ses utilisations et est devenue un ingr\u00e9dient mondial. Ses applications les plus courantes comprennent notamment les suivantes :<\/span><\/p>\t\t\t\t\t\t\t\t<\/div>\n\t\t\t\t<\/div>\n\t\t\t\t<div class=\"elementor-element elementor-element-3fee3d9 elementor-widget elementor-widget-shortcode\" data-id=\"3fee3d9\" data-element_type=\"widget\" data-e-type=\"widget\" data-widget_type=\"shortcode.default\">\n\t\t\t\t<div class=\"elementor-widget-container\">\n\t\t\t\t\t\t\t<div class=\"elementor-shortcode\">\t\t<div data-elementor-type=\"section\" data-elementor-id=\"51132\" class=\"elementor elementor-51132 elementor-51052 elementor-51052\" data-elementor-post-type=\"elementor_library\">\n\t\t\t<div class=\"elementor-element elementor-element-3039963 e-con-full e-flex e-con e-parent\" data-id=\"3039963\" data-element_type=\"container\" data-e-type=\"container\" data-settings=\"{&quot;background_background&quot;:&quot;classic&quot;}\">\n\t\t<div class=\"elementor-element elementor-element-4351092 e-con-full e-flex e-con e-child\" data-id=\"4351092\" data-element_type=\"container\" data-e-type=\"container\">\n\t\t\t\t<div class=\"elementor-element elementor-element-2090423 elementor-widget elementor-widget-heading\" data-id=\"2090423\" data-element_type=\"widget\" data-e-type=\"widget\" data-widget_type=\"heading.default\">\n\t\t\t\t<div class=\"elementor-widget-container\">\n\t\t\t\t\t<p class=\"elementor-heading-title elementor-size-default\">Recevez 10 \u00e9chantillons gratuits<\/p>\t\t\t\t<\/div>\n\t\t\t\t<\/div>\n\t\t\t\t<div class=\"elementor-element elementor-element-1b4106c elementor-widget elementor-widget-heading\" data-id=\"1b4106c\" data-element_type=\"widget\" data-e-type=\"widget\" data-widget_type=\"heading.default\">\n\t\t\t\t<div class=\"elementor-widget-container\">\n\t\t\t\t\t<p class=\"elementor-heading-title elementor-size-default\">Exclusivement r\u00e9serv\u00e9s aux professionnels du th\u00e9<\/p>\t\t\t\t<\/div>\n\t\t\t\t<\/div>\n\t\t\t\t<div class=\"elementor-element elementor-element-c6cc423 elementor-align-left elementor-widget elementor-widget-button\" data-id=\"c6cc423\" data-element_type=\"widget\" data-e-type=\"widget\" data-widget_type=\"button.default\">\n\t\t\t\t<div class=\"elementor-widget-container\">\n\t\t\t\t\t\t\t\t\t<div class=\"elementor-button-wrapper\">\n\t\t\t\t\t<a class=\"elementor-button elementor-button-link elementor-size-sm\" href=\"#request-catalogue\">\n\t\t\t\t\t\t<span class=\"elementor-button-content-wrapper\">\n\t\t\t\t\t\t\t\t\t<span class=\"elementor-button-text\">DEMANDER LE CATALOGUE<\/span>\n\t\t\t\t\t<\/span>\n\t\t\t\t\t<\/a>\n\t\t\t\t<\/div>\n\t\t\t\t\t\t\t\t<\/div>\n\t\t\t\t<\/div>\n\t\t\t\t<\/div>\n\t\t<div class=\"elementor-element elementor-element-92c569c e-con-full e-flex e-con e-child\" data-id=\"92c569c\" data-element_type=\"container\" data-e-type=\"container\">\n\t\t\t\t<div class=\"elementor-element elementor-element-82c5156 elementor-widget elementor-widget-image\" data-id=\"82c5156\" data-element_type=\"widget\" data-e-type=\"widget\" data-widget_type=\"image.default\">\n\t\t\t\t<div class=\"elementor-widget-container\">\n\t\t\t\t\t\t\t\t\t\t\t\t\t\t\t<img decoding=\"async\" width=\"863\" height=\"343\" src=\"https:\/\/www.alveus.eu\/wp-content\/uploads\/cta-catalogues.png\" class=\"attachment-large size-large wp-image-51121\" alt=\"\" srcset=\"https:\/\/www.alveus.eu\/wp-content\/uploads\/cta-catalogues.png 863w, https:\/\/www.alveus.eu\/wp-content\/uploads\/cta-catalogues-300x119.png 300w, https:\/\/www.alveus.eu\/wp-content\/uploads\/cta-catalogues-768x305.png 768w\" sizes=\"(max-width: 863px) 100vw, 863px\" \/>\t\t\t\t\t\t\t\t\t\t\t\t\t\t\t<\/div>\n\t\t\t\t<\/div>\n\t\t\t\t<\/div>\n\t\t\t\t<\/div>\n\t\t\t\t<\/div>\n\t\t<\/div>\n\t\t\t\t\t\t<\/div>\n\t\t\t\t<\/div>\n\t\t\t\t<div class=\"elementor-element elementor-element-7f2f5e1 elementor-widget elementor-widget-heading\" data-id=\"7f2f5e1\" data-element_type=\"widget\" data-e-type=\"widget\" data-widget_type=\"heading.default\">\n\t\t\t\t<div class=\"elementor-widget-container\">\n\t\t\t\t\t<h4 class=\"elementor-heading-title elementor-size-default\">Infusions d'anis \u00e9toil\u00e9\n<\/h4>\t\t\t\t<\/div>\n\t\t\t\t<\/div>\n\t\t\t\t<div class=\"elementor-element elementor-element-c42b97b elementor-widget elementor-widget-text-editor\" data-id=\"c42b97b\" data-element_type=\"widget\" data-e-type=\"widget\" data-widget_type=\"text-editor.default\">\n\t\t\t\t<div class=\"elementor-widget-container\">\n\t\t\t\t\t\t\t\t\t<p><span style=\"font-weight: 400;\">Cet ingr\u00e9dient embl\u00e9matique apporte un profil doux, chaleureux et enveloppant, avec des nuances de r\u00e9glisse et une touche \u00e9pic\u00e9e au th\u00e9 et aux infusions. Il est particuli\u00e8rement courant dans les m\u00e9langes d&rsquo;hiver, car en plus de rehausser le go\u00fbt, il apporte des propri\u00e9t\u00e9s digestives et r\u00e9confortantes.<\/span><\/p>\t\t\t\t\t\t\t\t<\/div>\n\t\t\t\t<\/div>\n\t\t\t\t<div class=\"elementor-element elementor-element-e02daed elementor-widget elementor-widget-image\" data-id=\"e02daed\" data-element_type=\"widget\" data-e-type=\"widget\" data-widget_type=\"image.default\">\n\t\t\t\t<div class=\"elementor-widget-container\">\n\t\t\t\t\t\t\t\t\t\t\t\t\t\t\t<img decoding=\"async\" width=\"900\" height=\"600\" src=\"https:\/\/www.alveus.eu\/wp-content\/uploads\/094_c.jpg\" class=\"attachment-large size-large wp-image-55967\" alt=\"infusion d&#039;anis \u00e9toil\u00e9\" srcset=\"https:\/\/www.alveus.eu\/wp-content\/uploads\/094_c.jpg 900w, https:\/\/www.alveus.eu\/wp-content\/uploads\/094_c-300x200.jpg 300w, https:\/\/www.alveus.eu\/wp-content\/uploads\/094_c-768x512.jpg 768w\" sizes=\"(max-width: 900px) 100vw, 900px\" \/>\t\t\t\t\t\t\t\t\t\t\t\t\t\t\t<\/div>\n\t\t\t\t<\/div>\n\t\t\t\t<div class=\"elementor-element elementor-element-cc43fbe elementor-widget elementor-widget-text-editor\" data-id=\"cc43fbe\" data-element_type=\"widget\" data-e-type=\"widget\" data-widget_type=\"text-editor.default\">\n\t\t\t\t<div class=\"elementor-widget-container\">\n\t\t\t\t\t\t\t\t\t<p><i><span style=\"font-weight: 400;\">* <\/span><\/i><a href=\"https:\/\/b2b.alveus.eu\/fr\/branded-editions\/winter-chai-bio-72486.html\" target=\"_blank\" rel=\"noopener\"><i><span style=\"font-weight: 400;\">Winter Chai Bio<\/span><\/i><\/a><i><span style=\"font-weight: 400;\">, Infusion d&rsquo;anis \u00e9toil\u00e9 Bio disponible \u00e0 l&rsquo;achat en gros dans notre boutique en ligne Alveus B2B Shop.<\/span><\/i><\/p><p><span style=\"font-weight: 400;\">Pendant la p\u00e9riode de No\u00ebl, les infusions \u00e0 base d\u2019anis \u00e9toil\u00e9 deviennent les vedettes dans des pr\u00e9parations telles que <\/span><b>le th\u00e9 chai de No\u00ebl<\/b><span style=\"font-weight: 400;\"> ou <\/span><b>le vin chaud<\/b><span style=\"font-weight: 400;\">, \u00e9voquant des ar\u00f4mes festifs qui font r\u00e9f\u00e9rence \u00e0 la tradition.<\/span><\/p>\t\t\t\t\t\t\t\t<\/div>\n\t\t\t\t<\/div>\n\t\t<div class=\"elementor-element elementor-element-f8a078b e-flex e-con-boxed e-con e-child\" data-id=\"f8a078b\" data-element_type=\"container\" data-e-type=\"container\" data-settings=\"{&quot;background_background&quot;:&quot;classic&quot;}\">\n\t\t\t\t\t<div class=\"e-con-inner\">\n\t\t\t\t<div class=\"elementor-element elementor-element-5b47da7 elementor-widget__width-initial elementor-widget-mobile__width-inherit elementor-view-default elementor-widget elementor-widget-icon\" data-id=\"5b47da7\" data-element_type=\"widget\" data-e-type=\"widget\" data-widget_type=\"icon.default\">\n\t\t\t\t<div class=\"elementor-widget-container\">\n\t\t\t\t\t\t\t<div class=\"elementor-icon-wrapper\">\n\t\t\t<div class=\"elementor-icon\">\n\t\t\t<svg xmlns=\"http:\/\/www.w3.org\/2000\/svg\" id=\"Layer_2\" data-name=\"Layer 2\" viewBox=\"0 0 192 192\"><defs><style> .cls-1 { fill: none; } .cls-2 { fill: #1d1d1b; } <\/style><\/defs><g id=\"medida\"><g><rect class=\"cls-1\" width=\"192\" height=\"192\"><\/rect><g><path class=\"cls-2\" d=\"M50.98,81.76h-15.81c-1.93,0-3.5,1.57-3.5,3.5s1.57,3.5,3.5,3.5h15.81c1.93,0,3.5-1.57,3.5-3.5s-1.57-3.5-3.5-3.5Z\"><\/path><path class=\"cls-2\" d=\"M64.9,53.79c1.37-1.37,1.37-3.58,0-4.95l-10.12-10.12c-1.37-1.37-3.58-1.37-4.95,0-1.37,1.37-1.37,3.58,0,4.95l10.12,10.12c.68,.68,1.58,1.03,2.47,1.03s1.79-.34,2.47-1.03Z\"><\/path><path class=\"cls-2\" d=\"M145.27,38.72c-1.37-1.37-3.58-1.37-4.95,0l-10.12,10.12c-1.37,1.37-1.37,3.58,0,4.95,.68,.68,1.58,1.03,2.47,1.03s1.79-.34,2.47-1.03l10.12-10.12c1.37-1.37,1.37-3.58,0-4.95Z\"><\/path><path class=\"cls-2\" d=\"M97.75,42c1.93,0,3.5-1.57,3.5-3.5v-14.15c0-1.93-1.57-3.5-3.5-3.5s-3.5,1.57-3.5,3.5v14.15c0,1.93,1.57,3.5,3.5,3.5Z\"><\/path><path class=\"cls-2\" d=\"M156.83,81.76h-14.03c-1.93,0-3.5,1.57-3.5,3.5s1.57,3.5,3.5,3.5h14.03c1.93,0,3.5-1.57,3.5-3.5s-1.57-3.5-3.5-3.5Z\"><\/path><path class=\"cls-2\" d=\"M97.75,48.42c-19.84,0-35.98,16.14-35.98,35.98,0,5.06,.99,9.78,3.03,14.44,.96,2.2,2.35,4.65,3.82,7.25,2.14,3.78,4.57,8.07,5.66,11.69,5.01,16.67,2.59,32.29,2.56,32.45l-.05,.56c0,11.22,9.13,20.36,20.36,20.36s20.36-9.13,20.36-20.36l-.04-.56c-.01-.09-.83-5.44-.21-13.48,.08-.29,.13-.58,.13-.89,0-.1-.02-.19-.03-.29,.48-5.16,1.55-11.3,3.76-17.81,1.37-4.04,4.12-8.95,6.55-13.28,1.09-1.95,2.12-3.79,2.96-5.44,2.75-5.36,3.12-10.41,3.12-14.64,0-19.84-16.14-35.98-35.98-35.98Zm12.3,90.94c-.16,4.07,0,7.32,.19,9.41h-26.18c.21-2.1,.44-5.36,.39-9.41h25.6Zm-12.91,24.79c-5.6,0-10.4-3.48-12.38-8.38h24.76c-1.98,4.9-6.78,8.38-12.38,8.38Zm27.24-68.3c-.79,1.54-1.79,3.32-2.84,5.21-2.57,4.6-5.49,9.8-7.07,14.45-2.06,6.07-3.23,11.82-3.85,16.86h-9.68c.34-.54,.54-1.17,.54-1.86v-19.97c5.79-1.55,10.07-6.82,10.07-13.1,0-1.93-1.57-3.5-3.5-3.5s-3.5,1.57-3.5,3.5c0,3.62-2.95,6.57-6.57,6.57s-6.57-2.95-6.57-6.57c0-1.93-1.57-3.5-3.5-3.5s-3.5,1.57-3.5,3.5c0,6.27,4.28,11.55,10.07,13.1v19.97c0,.68,.2,1.32,.54,1.86h-10.93c-.44-5.05-1.37-10.74-3.14-16.6-1.31-4.37-3.95-9.02-6.27-13.12-1.38-2.44-2.68-4.74-3.5-6.6-1.64-3.76-2.44-7.56-2.44-11.64,0-15.98,13-28.98,28.98-28.98s28.98,13,28.98,28.98c0,4.87-.68,8.19-2.35,11.45Z\"><\/path><\/g><\/g><\/g><\/svg>\t\t\t<\/div>\n\t\t<\/div>\n\t\t\t\t\t\t<\/div>\n\t\t\t\t<\/div>\n\t\t\t\t<div class=\"elementor-element elementor-element-502e77e elementor-widget__width-inherit elementor-widget elementor-widget-heading\" data-id=\"502e77e\" data-element_type=\"widget\" data-e-type=\"widget\" data-widget_type=\"heading.default\">\n\t\t\t\t<div class=\"elementor-widget-container\">\n\t\t\t\t\t<span class=\"elementor-heading-title elementor-size-default\">Il se marie parfaitement avec le th\u00e9 noir, le rooibos et les herbes telles que le fenouil ou la menthe, cr\u00e9ant des infusions \u00e9quilibr\u00e9es.\n<\/span>\t\t\t\t<\/div>\n\t\t\t\t<\/div>\n\t\t\t\t\t<\/div>\n\t\t\t\t<\/div>\n\t\t\t\t<div class=\"elementor-element elementor-element-e7445fb elementor-widget elementor-widget-heading\" data-id=\"e7445fb\" data-element_type=\"widget\" data-e-type=\"widget\" data-widget_type=\"heading.default\">\n\t\t\t\t<div class=\"elementor-widget-container\">\n\t\t\t\t\t<h4 class=\"elementor-heading-title elementor-size-default\">Cosm\u00e9tiques et produits aromatiques\n<\/h4>\t\t\t\t<\/div>\n\t\t\t\t<\/div>\n\t\t\t\t<div class=\"elementor-element elementor-element-ffb7adb elementor-widget elementor-widget-text-editor\" data-id=\"ffb7adb\" data-element_type=\"widget\" data-e-type=\"widget\" data-widget_type=\"text-editor.default\">\n\t\t\t\t<div class=\"elementor-widget-container\">\n\t\t\t\t\t\t\t\t\t<p><span style=\"font-weight: 400;\">Ses huiles essentielles et extraits concentr\u00e9s sont tr\u00e8s courants dans la fabrication de parfums, de savons et de bougies, o\u00f9 ils apportent une odeur douce et \u00e9pic\u00e9e<\/span><\/p>\t\t\t\t\t\t\t\t<\/div>\n\t\t\t\t<\/div>\n\t\t\t\t<div class=\"elementor-element elementor-element-11314bd elementor-widget elementor-widget-heading\" data-id=\"11314bd\" data-element_type=\"widget\" data-e-type=\"widget\" data-widget_type=\"heading.default\">\n\t\t\t\t<div class=\"elementor-widget-container\">\n\t\t\t\t\t<h4 class=\"elementor-heading-title elementor-size-default\">Industrie pharmaceutique\n<\/h4>\t\t\t\t<\/div>\n\t\t\t\t<\/div>\n\t\t\t\t<div class=\"elementor-element elementor-element-9af0dd7 elementor-widget elementor-widget-text-editor\" data-id=\"9af0dd7\" data-element_type=\"widget\" data-e-type=\"widget\" data-widget_type=\"text-editor.default\">\n\t\t\t\t<div class=\"elementor-widget-container\">\n\t\t\t\t\t\t\t\t\t<p><span style=\"font-weight: 400;\">Une grande partie de la r\u00e9colte est destin\u00e9e \u00e0 l&rsquo;extraction de l&rsquo;acide shikimique, un pr\u00e9curseur essentiel dans la synth\u00e8se des antiviraux, ce qui influence la disponibilit\u00e9 et le prix du fruit sur le march\u00e9 des \u00e9pices.<\/span><\/p>\t\t\t\t\t\t\t\t<\/div>\n\t\t\t\t<\/div>\n\t\t<div class=\"elementor-element elementor-element-1ed2a60 e-flex e-con-boxed e-con e-child\" data-id=\"1ed2a60\" data-element_type=\"container\" data-e-type=\"container\" data-settings=\"{&quot;background_background&quot;:&quot;classic&quot;}\">\n\t\t\t\t\t<div class=\"e-con-inner\">\n\t\t\t\t<div class=\"elementor-element elementor-element-bd8fa86 elementor-widget__width-initial elementor-widget-mobile__width-inherit elementor-view-default elementor-widget elementor-widget-icon\" data-id=\"bd8fa86\" data-element_type=\"widget\" data-e-type=\"widget\" data-widget_type=\"icon.default\">\n\t\t\t\t<div class=\"elementor-widget-container\">\n\t\t\t\t\t\t\t<div class=\"elementor-icon-wrapper\">\n\t\t\t<div class=\"elementor-icon\">\n\t\t\t<svg xmlns=\"http:\/\/www.w3.org\/2000\/svg\" id=\"Layer_2\" data-name=\"Layer 2\" viewBox=\"0 0 192 192\"><defs><style> .cls-1 { fill: none; } .cls-2 { fill: #1d1d1b; } <\/style><\/defs><g id=\"medida\"><g><rect class=\"cls-1\" width=\"192\" height=\"192\"><\/rect><g><path class=\"cls-2\" d=\"M50.98,81.76h-15.81c-1.93,0-3.5,1.57-3.5,3.5s1.57,3.5,3.5,3.5h15.81c1.93,0,3.5-1.57,3.5-3.5s-1.57-3.5-3.5-3.5Z\"><\/path><path class=\"cls-2\" d=\"M64.9,53.79c1.37-1.37,1.37-3.58,0-4.95l-10.12-10.12c-1.37-1.37-3.58-1.37-4.95,0-1.37,1.37-1.37,3.58,0,4.95l10.12,10.12c.68,.68,1.58,1.03,2.47,1.03s1.79-.34,2.47-1.03Z\"><\/path><path class=\"cls-2\" d=\"M145.27,38.72c-1.37-1.37-3.58-1.37-4.95,0l-10.12,10.12c-1.37,1.37-1.37,3.58,0,4.95,.68,.68,1.58,1.03,2.47,1.03s1.79-.34,2.47-1.03l10.12-10.12c1.37-1.37,1.37-3.58,0-4.95Z\"><\/path><path class=\"cls-2\" d=\"M97.75,42c1.93,0,3.5-1.57,3.5-3.5v-14.15c0-1.93-1.57-3.5-3.5-3.5s-3.5,1.57-3.5,3.5v14.15c0,1.93,1.57,3.5,3.5,3.5Z\"><\/path><path class=\"cls-2\" d=\"M156.83,81.76h-14.03c-1.93,0-3.5,1.57-3.5,3.5s1.57,3.5,3.5,3.5h14.03c1.93,0,3.5-1.57,3.5-3.5s-1.57-3.5-3.5-3.5Z\"><\/path><path class=\"cls-2\" d=\"M97.75,48.42c-19.84,0-35.98,16.14-35.98,35.98,0,5.06,.99,9.78,3.03,14.44,.96,2.2,2.35,4.65,3.82,7.25,2.14,3.78,4.57,8.07,5.66,11.69,5.01,16.67,2.59,32.29,2.56,32.45l-.05,.56c0,11.22,9.13,20.36,20.36,20.36s20.36-9.13,20.36-20.36l-.04-.56c-.01-.09-.83-5.44-.21-13.48,.08-.29,.13-.58,.13-.89,0-.1-.02-.19-.03-.29,.48-5.16,1.55-11.3,3.76-17.81,1.37-4.04,4.12-8.95,6.55-13.28,1.09-1.95,2.12-3.79,2.96-5.44,2.75-5.36,3.12-10.41,3.12-14.64,0-19.84-16.14-35.98-35.98-35.98Zm12.3,90.94c-.16,4.07,0,7.32,.19,9.41h-26.18c.21-2.1,.44-5.36,.39-9.41h25.6Zm-12.91,24.79c-5.6,0-10.4-3.48-12.38-8.38h24.76c-1.98,4.9-6.78,8.38-12.38,8.38Zm27.24-68.3c-.79,1.54-1.79,3.32-2.84,5.21-2.57,4.6-5.49,9.8-7.07,14.45-2.06,6.07-3.23,11.82-3.85,16.86h-9.68c.34-.54,.54-1.17,.54-1.86v-19.97c5.79-1.55,10.07-6.82,10.07-13.1,0-1.93-1.57-3.5-3.5-3.5s-3.5,1.57-3.5,3.5c0,3.62-2.95,6.57-6.57,6.57s-6.57-2.95-6.57-6.57c0-1.93-1.57-3.5-3.5-3.5s-3.5,1.57-3.5,3.5c0,6.27,4.28,11.55,10.07,13.1v19.97c0,.68,.2,1.32,.54,1.86h-10.93c-.44-5.05-1.37-10.74-3.14-16.6-1.31-4.37-3.95-9.02-6.27-13.12-1.38-2.44-2.68-4.74-3.5-6.6-1.64-3.76-2.44-7.56-2.44-11.64,0-15.98,13-28.98,28.98-28.98s28.98,13,28.98,28.98c0,4.87-.68,8.19-2.35,11.45Z\"><\/path><\/g><\/g><\/g><\/svg>\t\t\t<\/div>\n\t\t<\/div>\n\t\t\t\t\t\t<\/div>\n\t\t\t\t<\/div>\n\t\t\t\t<div class=\"elementor-element elementor-element-c32ab0c elementor-widget__width-inherit elementor-widget elementor-widget-heading\" data-id=\"c32ab0c\" data-element_type=\"widget\" data-e-type=\"widget\" data-widget_type=\"heading.default\">\n\t\t\t\t<div class=\"elementor-widget-container\">\n\t\t\t\t\t<span class=\"elementor-heading-title elementor-size-default\">Plus de 70 % de l'acide shikimique utilis\u00e9 dans l'industrie antivirale provient de l'anis \u00e9toil\u00e9 chinois.\n<\/span>\t\t\t\t<\/div>\n\t\t\t\t<\/div>\n\t\t\t\t\t<\/div>\n\t\t\t\t<\/div>\n\t\t\t\t<div class=\"elementor-element elementor-element-2244c05 elementor-widget elementor-widget-heading\" data-id=\"2244c05\" data-element_type=\"widget\" data-e-type=\"widget\" data-widget_type=\"heading.default\">\n\t\t\t\t<div class=\"elementor-widget-container\">\n\t\t\t\t\t<h4 class=\"elementor-heading-title elementor-size-default\">Boissons avec ou sans alcool\n<\/h4>\t\t\t\t<\/div>\n\t\t\t\t<\/div>\n\t\t\t\t<div class=\"elementor-element elementor-element-c1d9117 elementor-widget elementor-widget-text-editor\" data-id=\"c1d9117\" data-element_type=\"widget\" data-e-type=\"widget\" data-widget_type=\"text-editor.default\">\n\t\t\t\t<div class=\"elementor-widget-container\">\n\t\t\t\t\t\t\t\t\t<p><span style=\"font-weight: 400;\">Utilis\u00e9 dans les liqueurs, les cocktails et les boissons chaudes \u00e9pic\u00e9es pour donner des notes anis\u00e9es distinctives.<\/span><\/p>\t\t\t\t\t\t\t\t<\/div>\n\t\t\t\t<\/div>\n\t\t<div class=\"elementor-element elementor-element-464d1d6 e-flex e-con-boxed e-con e-child\" data-id=\"464d1d6\" data-element_type=\"container\" data-e-type=\"container\" data-settings=\"{&quot;background_background&quot;:&quot;classic&quot;}\">\n\t\t\t\t\t<div class=\"e-con-inner\">\n\t\t\t\t<div class=\"elementor-element elementor-element-419cedc elementor-widget__width-initial elementor-widget-mobile__width-inherit elementor-view-default elementor-widget elementor-widget-icon\" data-id=\"419cedc\" data-element_type=\"widget\" data-e-type=\"widget\" data-widget_type=\"icon.default\">\n\t\t\t\t<div class=\"elementor-widget-container\">\n\t\t\t\t\t\t\t<div class=\"elementor-icon-wrapper\">\n\t\t\t<div class=\"elementor-icon\">\n\t\t\t<svg xmlns=\"http:\/\/www.w3.org\/2000\/svg\" id=\"Layer_2\" data-name=\"Layer 2\" viewBox=\"0 0 192 192\"><defs><style> .cls-1 { fill: none; } .cls-2 { fill: #1d1d1b; } <\/style><\/defs><g id=\"medida\"><g><rect class=\"cls-1\" width=\"192\" height=\"192\"><\/rect><g><path class=\"cls-2\" d=\"M50.98,81.76h-15.81c-1.93,0-3.5,1.57-3.5,3.5s1.57,3.5,3.5,3.5h15.81c1.93,0,3.5-1.57,3.5-3.5s-1.57-3.5-3.5-3.5Z\"><\/path><path class=\"cls-2\" d=\"M64.9,53.79c1.37-1.37,1.37-3.58,0-4.95l-10.12-10.12c-1.37-1.37-3.58-1.37-4.95,0-1.37,1.37-1.37,3.58,0,4.95l10.12,10.12c.68,.68,1.58,1.03,2.47,1.03s1.79-.34,2.47-1.03Z\"><\/path><path class=\"cls-2\" d=\"M145.27,38.72c-1.37-1.37-3.58-1.37-4.95,0l-10.12,10.12c-1.37,1.37-1.37,3.58,0,4.95,.68,.68,1.58,1.03,2.47,1.03s1.79-.34,2.47-1.03l10.12-10.12c1.37-1.37,1.37-3.58,0-4.95Z\"><\/path><path class=\"cls-2\" d=\"M97.75,42c1.93,0,3.5-1.57,3.5-3.5v-14.15c0-1.93-1.57-3.5-3.5-3.5s-3.5,1.57-3.5,3.5v14.15c0,1.93,1.57,3.5,3.5,3.5Z\"><\/path><path class=\"cls-2\" d=\"M156.83,81.76h-14.03c-1.93,0-3.5,1.57-3.5,3.5s1.57,3.5,3.5,3.5h14.03c1.93,0,3.5-1.57,3.5-3.5s-1.57-3.5-3.5-3.5Z\"><\/path><path class=\"cls-2\" d=\"M97.75,48.42c-19.84,0-35.98,16.14-35.98,35.98,0,5.06,.99,9.78,3.03,14.44,.96,2.2,2.35,4.65,3.82,7.25,2.14,3.78,4.57,8.07,5.66,11.69,5.01,16.67,2.59,32.29,2.56,32.45l-.05,.56c0,11.22,9.13,20.36,20.36,20.36s20.36-9.13,20.36-20.36l-.04-.56c-.01-.09-.83-5.44-.21-13.48,.08-.29,.13-.58,.13-.89,0-.1-.02-.19-.03-.29,.48-5.16,1.55-11.3,3.76-17.81,1.37-4.04,4.12-8.95,6.55-13.28,1.09-1.95,2.12-3.79,2.96-5.44,2.75-5.36,3.12-10.41,3.12-14.64,0-19.84-16.14-35.98-35.98-35.98Zm12.3,90.94c-.16,4.07,0,7.32,.19,9.41h-26.18c.21-2.1,.44-5.36,.39-9.41h25.6Zm-12.91,24.79c-5.6,0-10.4-3.48-12.38-8.38h24.76c-1.98,4.9-6.78,8.38-12.38,8.38Zm27.24-68.3c-.79,1.54-1.79,3.32-2.84,5.21-2.57,4.6-5.49,9.8-7.07,14.45-2.06,6.07-3.23,11.82-3.85,16.86h-9.68c.34-.54,.54-1.17,.54-1.86v-19.97c5.79-1.55,10.07-6.82,10.07-13.1,0-1.93-1.57-3.5-3.5-3.5s-3.5,1.57-3.5,3.5c0,3.62-2.95,6.57-6.57,6.57s-6.57-2.95-6.57-6.57c0-1.93-1.57-3.5-3.5-3.5s-3.5,1.57-3.5,3.5c0,6.27,4.28,11.55,10.07,13.1v19.97c0,.68,.2,1.32,.54,1.86h-10.93c-.44-5.05-1.37-10.74-3.14-16.6-1.31-4.37-3.95-9.02-6.27-13.12-1.38-2.44-2.68-4.74-3.5-6.6-1.64-3.76-2.44-7.56-2.44-11.64,0-15.98,13-28.98,28.98-28.98s28.98,13,28.98,28.98c0,4.87-.68,8.19-2.35,11.45Z\"><\/path><\/g><\/g><\/g><\/svg>\t\t\t<\/div>\n\t\t<\/div>\n\t\t\t\t\t\t<\/div>\n\t\t\t\t<\/div>\n\t\t\t\t<div class=\"elementor-element elementor-element-c31ddf8 elementor-widget__width-inherit elementor-widget elementor-widget-heading\" data-id=\"c31ddf8\" data-element_type=\"widget\" data-e-type=\"widget\" data-widget_type=\"heading.default\">\n\t\t\t\t<div class=\"elementor-widget-container\">\n\t\t\t\t\t<span class=\"elementor-heading-title elementor-size-default\">Cet ingr\u00e9dient est tr\u00e8s utilis\u00e9 en mixologie moderne comme garniture pour les cocktails et les verres en raison de son attrait visuel et de son ar\u00f4me caract\u00e9ristique.\n<\/span>\t\t\t\t<\/div>\n\t\t\t\t<\/div>\n\t\t\t\t\t<\/div>\n\t\t\t\t<\/div>\n\t\t\t\t<div class=\"elementor-element elementor-element-e4d05bc elementor-widget elementor-widget-image\" data-id=\"e4d05bc\" data-element_type=\"widget\" data-e-type=\"widget\" data-widget_type=\"image.default\">\n\t\t\t\t<div class=\"elementor-widget-container\">\n\t\t\t\t\t\t\t\t\t\t\t\t\t\t\t<img loading=\"lazy\" decoding=\"async\" width=\"900\" height=\"600\" src=\"https:\/\/www.alveus.eu\/wp-content\/uploads\/094_e.jpg\" class=\"attachment-large size-large wp-image-55977\" alt=\"Usages de l&#039;anis \u00e9toil\u00e9\" srcset=\"https:\/\/www.alveus.eu\/wp-content\/uploads\/094_e.jpg 900w, https:\/\/www.alveus.eu\/wp-content\/uploads\/094_e-300x200.jpg 300w, https:\/\/www.alveus.eu\/wp-content\/uploads\/094_e-768x512.jpg 768w\" sizes=\"(max-width: 900px) 100vw, 900px\" \/>\t\t\t\t\t\t\t\t\t\t\t\t\t\t\t<\/div>\n\t\t\t\t<\/div>\n\t\t\t\t<div class=\"elementor-element elementor-element-fee0519 elementor-widget elementor-widget-heading\" data-id=\"fee0519\" data-element_type=\"widget\" data-e-type=\"widget\" data-widget_type=\"heading.default\">\n\t\t\t\t<div class=\"elementor-widget-container\">\n\t\t\t\t\t<h4 class=\"elementor-heading-title elementor-size-default\">Boulangerie et p\u00e2tisserie\n<\/h4>\t\t\t\t<\/div>\n\t\t\t\t<\/div>\n\t\t\t\t<div class=\"elementor-element elementor-element-3c5c5b1 elementor-widget elementor-widget-text-editor\" data-id=\"3c5c5b1\" data-element_type=\"widget\" data-e-type=\"widget\" data-widget_type=\"text-editor.default\">\n\t\t\t\t<div class=\"elementor-widget-container\">\n\t\t\t\t\t\t\t\t\t<p><span style=\"font-weight: 400;\">En tant qu&rsquo;ar\u00f4me, il rehausse les douceurs, les biscuits et les p\u00e2tes, apportant un caract\u00e8re anis\u00e9 qui est associ\u00e9 aux recettes traditionnelles et de saison.<\/span><\/p>\t\t\t\t\t\t\t\t<\/div>\n\t\t\t\t<\/div>\n\t\t\t\t<div class=\"elementor-element elementor-element-98e5ce3 elementor-widget elementor-widget-heading\" data-id=\"98e5ce3\" data-element_type=\"widget\" data-e-type=\"widget\" data-widget_type=\"heading.default\">\n\t\t\t\t<div class=\"elementor-widget-container\">\n\t\t\t\t\t<h3 class=\"elementor-heading-title elementor-size-default\">Forme de pr\u00e9sentation et utilisations de l'anis \u00e9toil\u00e9\n<\/h3>\t\t\t\t<\/div>\n\t\t\t\t<\/div>\n\t\t\t\t<div class=\"elementor-element elementor-element-d15b106 elementor-widget elementor-widget-text-editor\" data-id=\"d15b106\" data-element_type=\"widget\" data-e-type=\"widget\" data-widget_type=\"text-editor.default\">\n\t\t\t\t<div class=\"elementor-widget-container\">\n\t\t\t\t\t\t\t\t\t<p><span style=\"font-weight: 400;\">L&rsquo;une des forces de l&rsquo;anis \u00e9toil\u00e9 est la diversit\u00e9 des formats dans lesquels il est commercialis\u00e9, ce qui permet de l&rsquo;adapter \u00e0 diff\u00e9rentes exigences de production :<\/span><\/p><ul><li style=\"font-weight: 400;\" aria-level=\"1\"><b>Fruit entier <\/b><span style=\"font-weight: 400;\">: appr\u00e9ci\u00e9 pour son attrait visuel dans les infusions, les cocktails et la d\u00e9coration gastronomique.<\/span><\/li><li style=\"font-weight: 400;\" aria-level=\"1\"><b>Moulu<\/b><span style=\"font-weight: 400;\"> : pratique pour les m\u00e9langes d&rsquo;\u00e9pices, la boulangerie, la p\u00e2tisserie et les th\u00e9s en poudre.<\/span><\/li><li style=\"font-weight: 400;\" aria-level=\"1\"><b>Huile essentielle<\/b><span style=\"font-weight: 400;\"> : utilis\u00e9e dans l&rsquo;industrie alimentaire, cosm\u00e9tique et aromatique pour apporter un go\u00fbt et un ar\u00f4me concentr\u00e9s.<\/span><\/li><li style=\"font-weight: 400;\" aria-level=\"1\"><b>Extraits et ol\u00e9or\u00e9sines<\/b><span style=\"font-weight: 400;\"> : formats standardis\u00e9s permettant des applications dans les boissons, les compl\u00e9ments et les produits \u00e0 forte valeur ajout\u00e9e<\/span><\/li><\/ul><p><span style=\"font-weight: 400;\">Cette vari\u00e9t\u00e9 offre de la flexibilit\u00e9 aux petites marques de th\u00e9 et d&rsquo;infusions, ainsi qu&rsquo;aux fabricants industriels qui exigent une production constante et homog\u00e8ne.<\/span><\/p>\t\t\t\t\t\t\t\t<\/div>\n\t\t\t\t<\/div>\n\t\t\t\t<div class=\"elementor-element elementor-element-43920e5 elementor-widget elementor-widget-image\" data-id=\"43920e5\" data-element_type=\"widget\" data-e-type=\"widget\" data-widget_type=\"image.default\">\n\t\t\t\t<div class=\"elementor-widget-container\">\n\t\t\t\t\t\t\t\t\t\t\t\t\t\t\t<img loading=\"lazy\" decoding=\"async\" width=\"900\" height=\"600\" src=\"https:\/\/www.alveus.eu\/wp-content\/uploads\/094_d.jpg\" class=\"attachment-large size-large wp-image-55972\" alt=\"Anis \u00e9toil\u00e9 d\u00e9coratif\" srcset=\"https:\/\/www.alveus.eu\/wp-content\/uploads\/094_d.jpg 900w, https:\/\/www.alveus.eu\/wp-content\/uploads\/094_d-300x200.jpg 300w, https:\/\/www.alveus.eu\/wp-content\/uploads\/094_d-768x512.jpg 768w\" sizes=\"(max-width: 900px) 100vw, 900px\" \/>\t\t\t\t\t\t\t\t\t\t\t\t\t\t\t<\/div>\n\t\t\t\t<\/div>\n\t\t\t\t<div class=\"elementor-element elementor-element-9aa6471 elementor-widget elementor-widget-heading\" data-id=\"9aa6471\" data-element_type=\"widget\" data-e-type=\"widget\" data-widget_type=\"heading.default\">\n\t\t\t\t<div class=\"elementor-widget-container\">\n\t\t\t\t\t<h2 class=\"elementor-heading-title elementor-size-default\">Production et march\u00e9 actuel de l'illicium verum\n<\/h2>\t\t\t\t<\/div>\n\t\t\t\t<\/div>\n\t\t\t\t<div class=\"elementor-element elementor-element-12d8b64 elementor-widget elementor-widget-text-editor\" data-id=\"12d8b64\" data-element_type=\"widget\" data-e-type=\"widget\" data-widget_type=\"text-editor.default\">\n\t\t\t\t<div class=\"elementor-widget-container\">\n\t\t\t\t\t\t\t\t\t<p><span style=\"font-weight: 400;\">La demande internationale de l&rsquo;illicium verum a connu une croissance constante, stimul\u00e9e par sa valeur gastronomique et son utilisation comme mati\u00e8re premi\u00e8re dans les infusions et les boissons aromatiques.<\/span><\/p><p><span style=\"font-weight: 400;\">Dans le march\u00e9 actuel, l&rsquo;anis \u00e9toil\u00e9 se pr\u00e9sente comme un ingr\u00e9dient strat\u00e9gique pour les marques de th\u00e9s et d&rsquo;infusions, les entreprises d&rsquo;\u00e9pices, les fabricants de boissons et l&rsquo;industrie pharmaceutique. Cet ingr\u00e9dient, reconnu comme plante m\u00e9dicinale, maintient une demande solide et en croissance, notamment gr\u00e2ce \u00e0 :<\/span><\/p><ul><li style=\"font-weight: 400;\" aria-level=\"1\"><span style=\"font-weight: 400;\">L&rsquo;essor des infusions et des m\u00e9langes fonctionnels.<\/span><\/li><li style=\"font-weight: 400;\" aria-level=\"1\"><span style=\"font-weight: 400;\">L&rsquo;int\u00e9r\u00eat pour les ingr\u00e9dients naturels et d&rsquo;origine asiatique.<\/span><\/li><li style=\"font-weight: 400;\" aria-level=\"1\"><span style=\"font-weight: 400;\">Son importance strat\u00e9gique dans l&rsquo;industrie pharmaceutique.<\/span><\/li><\/ul><p><span style=\"font-weight: 400;\">Cependant, la d\u00e9pendance \u00e0 un nombre limit\u00e9 de r\u00e9gions productrices pose des d\u00e9fis li\u00e9s \u00e0 la s\u00e9curit\u00e9 d&rsquo;approvisionnement et \u00e0 la stabilit\u00e9 des prix. Pour les entreprises, cela fait de l&rsquo;anis \u00e9toil\u00e9 un ingr\u00e9dient \u00e0 <\/span><b>fort potentiel<\/b><span style=\"font-weight: 400;\">, mais qui n\u00e9cessite \u00e9galement une gestion minutieuse de la cha\u00eene d&rsquo;approvisionnement.<\/span><\/p>\t\t\t\t\t\t\t\t<\/div>\n\t\t\t\t<\/div>\n\t\t\t\t<div class=\"elementor-element elementor-element-26f7440 elementor-widget elementor-widget-heading\" data-id=\"26f7440\" data-element_type=\"widget\" data-e-type=\"widget\" data-widget_type=\"heading.default\">\n\t\t\t\t<div class=\"elementor-widget-container\">\n\t\t\t\t\t<h2 class=\"elementor-heading-title elementor-size-default\">Une \u00e9pice m\u00e9dicinale embl\u00e9matique avec un potentiel de march\u00e9\n<\/h2>\t\t\t\t<\/div>\n\t\t\t\t<\/div>\n\t\t\t\t<div class=\"elementor-element elementor-element-bcc188f elementor-widget elementor-widget-text-editor\" data-id=\"bcc188f\" data-element_type=\"widget\" data-e-type=\"widget\" data-widget_type=\"text-editor.default\">\n\t\t\t\t<div class=\"elementor-widget-container\">\n\t\t\t\t\t\t\t\t\t<p><span style=\"font-weight: 400;\">Le march\u00e9 des \u00e9pices est en pleine mutation, port\u00e9 par des consommateurs qui recherchent des produits authentiques, de qualit\u00e9 et dot\u00e9s d&rsquo;un arri\u00e8re-plan culturel. Dans ce contexte, l&rsquo;anis \u00e9toil\u00e9 se pr\u00e9sente comme un ingr\u00e9dient qui r\u00e9pond \u00e0 tous ces crit\u00e8res, offrant aux entreprises la possibilit\u00e9 de se positionner avec un produit polyvalent et reconnaissable.<\/span><\/p><p><span style=\"font-weight: 400;\">Au-del\u00e0 de son profil sensoriel, cet ingr\u00e9dient asiatique se distingue par la diversit\u00e9 de ses applications et de ses formats.<\/span><\/p><p><span style=\"font-weight: 400;\">Cela en fait un outil adaptable \u00e0 diff\u00e9rents mod\u00e8les d&rsquo;affaires ; des petites marques sp\u00e9cialis\u00e9es qui recherchent un impact visuel et un caract\u00e8re dans leurs infusions, aux grandes industries qui n\u00e9cessitent une coh\u00e9rence et une standardisation dans leurs processus.<\/span><\/p><p><span style=\"font-weight: 400;\">\u00c0 l&rsquo;avenir, son importance ne fera que cro\u00eetre. La combinaison de tradition, d&rsquo;identit\u00e9 et d&rsquo;adaptabilit\u00e9 le place au c\u0153ur des opportunit\u00e9s qui marqueront le secteur des th\u00e9s, des infusions et des \u00e9pices dans les ann\u00e9es \u00e0 venir.<\/span><\/p>\t\t\t\t\t\t\t\t<\/div>\n\t\t\t\t<\/div>\n\t\t\t\t<\/div>\n\t\t\t\t<\/div>\n\t\t","protected":false},"excerpt":{"rendered":"<p>Le badiane transforme toute infusion ou m\u00e9lange de th\u00e9 avec son ar\u00f4me anis\u00e9 et sa forme embl\u00e9matique. D\u00e9couvrez son histoire, ses propri\u00e9t\u00e9s et ses applications, et comment cet ingr\u00e9dient peut apporter identit\u00e9, saveur et distinction \u00e0 des produits professionnels.<\/p>\n","protected":false},"author":11,"featured_media":55957,"comment_status":"open","ping_status":"open","sticky":false,"template":"","format":"standard","meta":{"_acf_changed":false,"footnotes":""},"categories":[180],"tags":[],"class_list":["post-55989","post","type-post","status-publish","format-standard","has-post-thumbnail","hentry","category-herbes-et-epices"],"acf":[],"yoast_head":"<!-- This site is optimized with the Yoast SEO Premium plugin v27.5 (Yoast SEO v27.5) - https:\/\/yoast.com\/product\/yoast-seo-premium-wordpress\/ -->\n<title>Anis \u00e9toil\u00e9 : origine et utilisation en infusion | Alveus<\/title>\n<meta name=\"description\" content=\"D\u00e9couvrez l&#039;anis \u00e9toil\u00e9, son origine, sa composition et ses utilisations en infusion, en p\u00e2tisserie, en cocktails et en cosm\u00e9tique.\" \/>\n<meta name=\"robots\" content=\"index, follow, max-snippet:-1, max-image-preview:large, max-video-preview:-1\" \/>\n<link rel=\"canonical\" href=\"https:\/\/www.alveus.eu\/fr\/blog\/anis-etoile\/\" \/>\n<meta property=\"og:locale\" content=\"fr_FR\" \/>\n<meta property=\"og:type\" content=\"article\" \/>\n<meta property=\"og:title\" content=\"Anis \u00e9toil\u00e9 : l&#039;\u00e9pice aromatique qui inspire vos m\u00e9langes\" \/>\n<meta property=\"og:description\" content=\"D\u00e9couvrez l&#039;anis \u00e9toil\u00e9, son origine, sa composition et ses utilisations en infusion, en p\u00e2tisserie, en cocktails et en cosm\u00e9tique.\" \/>\n<meta property=\"og:url\" content=\"https:\/\/www.alveus.eu\/fr\/blog\/anis-etoile\/\" \/>\n<meta property=\"og:site_name\" content=\"Alveus\" \/>\n<meta property=\"article:publisher\" content=\"https:\/\/www.facebook.com\/alveusinternational\/\" \/>\n<meta property=\"article:published_time\" content=\"2025-10-08T07:38:04+00:00\" \/>\n<meta property=\"article:modified_time\" content=\"2026-02-09T13:02:01+00:00\" \/>\n<meta property=\"og:image\" content=\"https:\/\/www.alveus.eu\/wp-content\/uploads\/094_a.jpg\" \/>\n\t<meta property=\"og:image:width\" content=\"900\" \/>\n\t<meta property=\"og:image:height\" content=\"600\" \/>\n\t<meta property=\"og:image:type\" content=\"image\/jpeg\" \/>\n<meta name=\"author\" content=\"Alveus Blog Team\" \/>\n<meta name=\"twitter:card\" content=\"summary_large_image\" \/>\n<meta name=\"twitter:label1\" content=\"\u00c9crit par\" \/>\n\t<meta name=\"twitter:data1\" content=\"Alveus Blog Team\" \/>\n\t<meta name=\"twitter:label2\" content=\"Dur\u00e9e de lecture estim\u00e9e\" \/>\n\t<meta name=\"twitter:data2\" content=\"9 minutes\" \/>\n<script type=\"application\/ld+json\" class=\"yoast-schema-graph\">{\"@context\":\"https:\\\/\\\/schema.org\",\"@graph\":[{\"@type\":\"Article\",\"@id\":\"https:\\\/\\\/www.alveus.eu\\\/fr\\\/blog\\\/anis-etoile\\\/#article\",\"isPartOf\":{\"@id\":\"https:\\\/\\\/www.alveus.eu\\\/fr\\\/blog\\\/anis-etoile\\\/\"},\"author\":{\"name\":\"Alveus Blog Team\",\"@id\":\"https:\\\/\\\/www.alveus.eu\\\/fr#\\\/schema\\\/person\\\/6864b22051c6c128b3c72edaeac35855\"},\"headline\":\"Anis \u00e9toil\u00e9 : l&rsquo;\u00e9pice aromatique qui inspire vos m\u00e9langes\",\"datePublished\":\"2025-10-08T07:38:04+00:00\",\"dateModified\":\"2026-02-09T13:02:01+00:00\",\"mainEntityOfPage\":{\"@id\":\"https:\\\/\\\/www.alveus.eu\\\/fr\\\/blog\\\/anis-etoile\\\/\"},\"wordCount\":2056,\"commentCount\":0,\"publisher\":{\"@id\":\"https:\\\/\\\/www.alveus.eu\\\/fr#organization\"},\"image\":{\"@id\":\"https:\\\/\\\/www.alveus.eu\\\/fr\\\/blog\\\/anis-etoile\\\/#primaryimage\"},\"thumbnailUrl\":\"https:\\\/\\\/www.alveus.eu\\\/wp-content\\\/uploads\\\/094_a.jpg\",\"articleSection\":[\"Herbes et \u00c9pices\"],\"inLanguage\":\"fr-FR\",\"potentialAction\":[{\"@type\":\"CommentAction\",\"name\":\"Comment\",\"target\":[\"https:\\\/\\\/www.alveus.eu\\\/fr\\\/blog\\\/anis-etoile\\\/#respond\"]}]},{\"@type\":\"WebPage\",\"@id\":\"https:\\\/\\\/www.alveus.eu\\\/fr\\\/blog\\\/anis-etoile\\\/\",\"url\":\"https:\\\/\\\/www.alveus.eu\\\/fr\\\/blog\\\/anis-etoile\\\/\",\"name\":\"Anis \u00e9toil\u00e9 : origine et utilisation en infusion | Alveus\",\"isPartOf\":{\"@id\":\"https:\\\/\\\/www.alveus.eu\\\/fr#website\"},\"primaryImageOfPage\":{\"@id\":\"https:\\\/\\\/www.alveus.eu\\\/fr\\\/blog\\\/anis-etoile\\\/#primaryimage\"},\"image\":{\"@id\":\"https:\\\/\\\/www.alveus.eu\\\/fr\\\/blog\\\/anis-etoile\\\/#primaryimage\"},\"thumbnailUrl\":\"https:\\\/\\\/www.alveus.eu\\\/wp-content\\\/uploads\\\/094_a.jpg\",\"datePublished\":\"2025-10-08T07:38:04+00:00\",\"dateModified\":\"2026-02-09T13:02:01+00:00\",\"description\":\"D\u00e9couvrez l'anis \u00e9toil\u00e9, son origine, sa composition et ses utilisations en infusion, en p\u00e2tisserie, en cocktails et en cosm\u00e9tique.\",\"breadcrumb\":{\"@id\":\"https:\\\/\\\/www.alveus.eu\\\/fr\\\/blog\\\/anis-etoile\\\/#breadcrumb\"},\"inLanguage\":\"fr-FR\",\"potentialAction\":[{\"@type\":\"ReadAction\",\"target\":[\"https:\\\/\\\/www.alveus.eu\\\/fr\\\/blog\\\/anis-etoile\\\/\"]}]},{\"@type\":\"ImageObject\",\"inLanguage\":\"fr-FR\",\"@id\":\"https:\\\/\\\/www.alveus.eu\\\/fr\\\/blog\\\/anis-etoile\\\/#primaryimage\",\"url\":\"https:\\\/\\\/www.alveus.eu\\\/wp-content\\\/uploads\\\/094_a.jpg\",\"contentUrl\":\"https:\\\/\\\/www.alveus.eu\\\/wp-content\\\/uploads\\\/094_a.jpg\",\"width\":900,\"height\":600,\"caption\":\"arbre \u00e0 an\u00eds \u00e9toil\u00e9\"},{\"@type\":\"BreadcrumbList\",\"@id\":\"https:\\\/\\\/www.alveus.eu\\\/fr\\\/blog\\\/anis-etoile\\\/#breadcrumb\",\"itemListElement\":[{\"@type\":\"ListItem\",\"position\":1,\"name\":\"Home\",\"item\":\"https:\\\/\\\/www.alveus.eu\\\/fr\"},{\"@type\":\"ListItem\",\"position\":2,\"name\":\"Herbes et \u00c9pices\",\"item\":\"https:\\\/\\\/www.alveus.eu\\\/fr\\\/blog\\\/category\\\/herbes-et-epices\\\/\"},{\"@type\":\"ListItem\",\"position\":3,\"name\":\"Anis \u00e9toil\u00e9 : l&#8217;\u00e9pice aromatique qui inspire vos m\u00e9langes\"}]},{\"@type\":\"WebSite\",\"@id\":\"https:\\\/\\\/www.alveus.eu\\\/fr#website\",\"url\":\"https:\\\/\\\/www.alveus.eu\\\/fr\",\"name\":\"Alveus\",\"description\":\"\",\"publisher\":{\"@id\":\"https:\\\/\\\/www.alveus.eu\\\/fr#organization\"},\"potentialAction\":[{\"@type\":\"SearchAction\",\"target\":{\"@type\":\"EntryPoint\",\"urlTemplate\":\"https:\\\/\\\/www.alveus.eu\\\/fr?s={search_term_string}\"},\"query-input\":{\"@type\":\"PropertyValueSpecification\",\"valueRequired\":true,\"valueName\":\"search_term_string\"}}],\"inLanguage\":\"fr-FR\"},{\"@type\":\"Organization\",\"@id\":\"https:\\\/\\\/www.alveus.eu\\\/fr#organization\",\"name\":\"Alveus\",\"alternateName\":\"Alveus Premium Teas\",\"url\":\"https:\\\/\\\/www.alveus.eu\\\/fr\",\"logo\":{\"@type\":\"ImageObject\",\"inLanguage\":\"fr-FR\",\"@id\":\"https:\\\/\\\/www.alveus.eu\\\/fr#\\\/schema\\\/logo\\\/image\\\/\",\"url\":\"https:\\\/\\\/www.alveus.eu\\\/wp-content\\\/uploads\\\/2023\\\/07\\\/alveus-logo-primary.png\",\"contentUrl\":\"https:\\\/\\\/www.alveus.eu\\\/wp-content\\\/uploads\\\/2023\\\/07\\\/alveus-logo-primary.png\",\"width\":248,\"height\":248,\"caption\":\"Alveus\"},\"image\":{\"@id\":\"https:\\\/\\\/www.alveus.eu\\\/fr#\\\/schema\\\/logo\\\/image\\\/\"},\"sameAs\":[\"https:\\\/\\\/www.facebook.com\\\/alveusinternational\\\/\",\"https:\\\/\\\/www.instagram.com\\\/alveustea\\\/\",\"https:\\\/\\\/de.linkedin.com\\\/company\\\/alveustea\"]},{\"@type\":\"Person\",\"@id\":\"https:\\\/\\\/www.alveus.eu\\\/fr#\\\/schema\\\/person\\\/6864b22051c6c128b3c72edaeac35855\",\"name\":\"Alveus Blog Team\",\"image\":{\"@type\":\"ImageObject\",\"inLanguage\":\"fr-FR\",\"@id\":\"https:\\\/\\\/secure.gravatar.com\\\/avatar\\\/f951c832a9809c8d01d2ce4fa8bb10716ac4997c3cf93244fa19413f7d28b08e?s=96&d=mm&r=g\",\"url\":\"https:\\\/\\\/secure.gravatar.com\\\/avatar\\\/f951c832a9809c8d01d2ce4fa8bb10716ac4997c3cf93244fa19413f7d28b08e?s=96&d=mm&r=g\",\"contentUrl\":\"https:\\\/\\\/secure.gravatar.com\\\/avatar\\\/f951c832a9809c8d01d2ce4fa8bb10716ac4997c3cf93244fa19413f7d28b08e?s=96&d=mm&r=g\",\"caption\":\"Alveus Blog Team\"},\"description\":\"Editorial team formed by tea professionals from different countries. We are driven by our passion for tea and the dissemination of its culture.\",\"sameAs\":[\"https:\\\/\\\/www.alveus.eu\\\/\"]}]}<\/script>\n<!-- \/ Yoast SEO Premium plugin. -->","yoast_head_json":{"title":"Anis \u00e9toil\u00e9 : origine et utilisation en infusion | Alveus","description":"D\u00e9couvrez l'anis \u00e9toil\u00e9, son origine, sa composition et ses utilisations en infusion, en p\u00e2tisserie, en cocktails et en cosm\u00e9tique.","robots":{"index":"index","follow":"follow","max-snippet":"max-snippet:-1","max-image-preview":"max-image-preview:large","max-video-preview":"max-video-preview:-1"},"canonical":"https:\/\/www.alveus.eu\/fr\/blog\/anis-etoile\/","og_locale":"fr_FR","og_type":"article","og_title":"Anis \u00e9toil\u00e9 : l'\u00e9pice aromatique qui inspire vos m\u00e9langes","og_description":"D\u00e9couvrez l'anis \u00e9toil\u00e9, son origine, sa composition et ses utilisations en infusion, en p\u00e2tisserie, en cocktails et en cosm\u00e9tique.","og_url":"https:\/\/www.alveus.eu\/fr\/blog\/anis-etoile\/","og_site_name":"Alveus","article_publisher":"https:\/\/www.facebook.com\/alveusinternational\/","article_published_time":"2025-10-08T07:38:04+00:00","article_modified_time":"2026-02-09T13:02:01+00:00","og_image":[{"width":900,"height":600,"url":"https:\/\/www.alveus.eu\/wp-content\/uploads\/094_a.jpg","type":"image\/jpeg"}],"author":"Alveus Blog Team","twitter_card":"summary_large_image","twitter_misc":{"\u00c9crit par":"Alveus Blog Team","Dur\u00e9e de lecture estim\u00e9e":"9 minutes"},"schema":{"@context":"https:\/\/schema.org","@graph":[{"@type":"Article","@id":"https:\/\/www.alveus.eu\/fr\/blog\/anis-etoile\/#article","isPartOf":{"@id":"https:\/\/www.alveus.eu\/fr\/blog\/anis-etoile\/"},"author":{"name":"Alveus Blog Team","@id":"https:\/\/www.alveus.eu\/fr#\/schema\/person\/6864b22051c6c128b3c72edaeac35855"},"headline":"Anis \u00e9toil\u00e9 : l&rsquo;\u00e9pice aromatique qui inspire vos m\u00e9langes","datePublished":"2025-10-08T07:38:04+00:00","dateModified":"2026-02-09T13:02:01+00:00","mainEntityOfPage":{"@id":"https:\/\/www.alveus.eu\/fr\/blog\/anis-etoile\/"},"wordCount":2056,"commentCount":0,"publisher":{"@id":"https:\/\/www.alveus.eu\/fr#organization"},"image":{"@id":"https:\/\/www.alveus.eu\/fr\/blog\/anis-etoile\/#primaryimage"},"thumbnailUrl":"https:\/\/www.alveus.eu\/wp-content\/uploads\/094_a.jpg","articleSection":["Herbes et \u00c9pices"],"inLanguage":"fr-FR","potentialAction":[{"@type":"CommentAction","name":"Comment","target":["https:\/\/www.alveus.eu\/fr\/blog\/anis-etoile\/#respond"]}]},{"@type":"WebPage","@id":"https:\/\/www.alveus.eu\/fr\/blog\/anis-etoile\/","url":"https:\/\/www.alveus.eu\/fr\/blog\/anis-etoile\/","name":"Anis \u00e9toil\u00e9 : origine et utilisation en infusion | Alveus","isPartOf":{"@id":"https:\/\/www.alveus.eu\/fr#website"},"primaryImageOfPage":{"@id":"https:\/\/www.alveus.eu\/fr\/blog\/anis-etoile\/#primaryimage"},"image":{"@id":"https:\/\/www.alveus.eu\/fr\/blog\/anis-etoile\/#primaryimage"},"thumbnailUrl":"https:\/\/www.alveus.eu\/wp-content\/uploads\/094_a.jpg","datePublished":"2025-10-08T07:38:04+00:00","dateModified":"2026-02-09T13:02:01+00:00","description":"D\u00e9couvrez l'anis \u00e9toil\u00e9, son origine, sa composition et ses utilisations en infusion, en p\u00e2tisserie, en cocktails et en cosm\u00e9tique.","breadcrumb":{"@id":"https:\/\/www.alveus.eu\/fr\/blog\/anis-etoile\/#breadcrumb"},"inLanguage":"fr-FR","potentialAction":[{"@type":"ReadAction","target":["https:\/\/www.alveus.eu\/fr\/blog\/anis-etoile\/"]}]},{"@type":"ImageObject","inLanguage":"fr-FR","@id":"https:\/\/www.alveus.eu\/fr\/blog\/anis-etoile\/#primaryimage","url":"https:\/\/www.alveus.eu\/wp-content\/uploads\/094_a.jpg","contentUrl":"https:\/\/www.alveus.eu\/wp-content\/uploads\/094_a.jpg","width":900,"height":600,"caption":"arbre \u00e0 an\u00eds \u00e9toil\u00e9"},{"@type":"BreadcrumbList","@id":"https:\/\/www.alveus.eu\/fr\/blog\/anis-etoile\/#breadcrumb","itemListElement":[{"@type":"ListItem","position":1,"name":"Home","item":"https:\/\/www.alveus.eu\/fr"},{"@type":"ListItem","position":2,"name":"Herbes et \u00c9pices","item":"https:\/\/www.alveus.eu\/fr\/blog\/category\/herbes-et-epices\/"},{"@type":"ListItem","position":3,"name":"Anis \u00e9toil\u00e9 : l&#8217;\u00e9pice aromatique qui inspire vos m\u00e9langes"}]},{"@type":"WebSite","@id":"https:\/\/www.alveus.eu\/fr#website","url":"https:\/\/www.alveus.eu\/fr","name":"Alveus","description":"","publisher":{"@id":"https:\/\/www.alveus.eu\/fr#organization"},"potentialAction":[{"@type":"SearchAction","target":{"@type":"EntryPoint","urlTemplate":"https:\/\/www.alveus.eu\/fr?s={search_term_string}"},"query-input":{"@type":"PropertyValueSpecification","valueRequired":true,"valueName":"search_term_string"}}],"inLanguage":"fr-FR"},{"@type":"Organization","@id":"https:\/\/www.alveus.eu\/fr#organization","name":"Alveus","alternateName":"Alveus Premium Teas","url":"https:\/\/www.alveus.eu\/fr","logo":{"@type":"ImageObject","inLanguage":"fr-FR","@id":"https:\/\/www.alveus.eu\/fr#\/schema\/logo\/image\/","url":"https:\/\/www.alveus.eu\/wp-content\/uploads\/2023\/07\/alveus-logo-primary.png","contentUrl":"https:\/\/www.alveus.eu\/wp-content\/uploads\/2023\/07\/alveus-logo-primary.png","width":248,"height":248,"caption":"Alveus"},"image":{"@id":"https:\/\/www.alveus.eu\/fr#\/schema\/logo\/image\/"},"sameAs":["https:\/\/www.facebook.com\/alveusinternational\/","https:\/\/www.instagram.com\/alveustea\/","https:\/\/de.linkedin.com\/company\/alveustea"]},{"@type":"Person","@id":"https:\/\/www.alveus.eu\/fr#\/schema\/person\/6864b22051c6c128b3c72edaeac35855","name":"Alveus Blog Team","image":{"@type":"ImageObject","inLanguage":"fr-FR","@id":"https:\/\/secure.gravatar.com\/avatar\/f951c832a9809c8d01d2ce4fa8bb10716ac4997c3cf93244fa19413f7d28b08e?s=96&d=mm&r=g","url":"https:\/\/secure.gravatar.com\/avatar\/f951c832a9809c8d01d2ce4fa8bb10716ac4997c3cf93244fa19413f7d28b08e?s=96&d=mm&r=g","contentUrl":"https:\/\/secure.gravatar.com\/avatar\/f951c832a9809c8d01d2ce4fa8bb10716ac4997c3cf93244fa19413f7d28b08e?s=96&d=mm&r=g","caption":"Alveus Blog Team"},"description":"Editorial team formed by tea professionals from different countries. We are driven by our passion for tea and the dissemination of its culture.","sameAs":["https:\/\/www.alveus.eu\/"]}]}},"_links":{"self":[{"href":"https:\/\/www.alveus.eu\/fr\/wp-json\/wp\/v2\/posts\/55989","targetHints":{"allow":["GET"]}}],"collection":[{"href":"https:\/\/www.alveus.eu\/fr\/wp-json\/wp\/v2\/posts"}],"about":[{"href":"https:\/\/www.alveus.eu\/fr\/wp-json\/wp\/v2\/types\/post"}],"author":[{"embeddable":true,"href":"https:\/\/www.alveus.eu\/fr\/wp-json\/wp\/v2\/users\/11"}],"replies":[{"embeddable":true,"href":"https:\/\/www.alveus.eu\/fr\/wp-json\/wp\/v2\/comments?post=55989"}],"version-history":[{"count":4,"href":"https:\/\/www.alveus.eu\/fr\/wp-json\/wp\/v2\/posts\/55989\/revisions"}],"predecessor-version":[{"id":56017,"href":"https:\/\/www.alveus.eu\/fr\/wp-json\/wp\/v2\/posts\/55989\/revisions\/56017"}],"wp:featuredmedia":[{"embeddable":true,"href":"https:\/\/www.alveus.eu\/fr\/wp-json\/wp\/v2\/media\/55957"}],"wp:attachment":[{"href":"https:\/\/www.alveus.eu\/fr\/wp-json\/wp\/v2\/media?parent=55989"}],"wp:term":[{"taxonomy":"category","embeddable":true,"href":"https:\/\/www.alveus.eu\/fr\/wp-json\/wp\/v2\/categories?post=55989"},{"taxonomy":"post_tag","embeddable":true,"href":"https:\/\/www.alveus.eu\/fr\/wp-json\/wp\/v2\/tags?post=55989"}],"curies":[{"name":"wp","href":"https:\/\/api.w.org\/{rel}","templated":true}]}}