{"id":60042,"date":"2026-02-20T12:57:05","date_gmt":"2026-02-20T11:57:05","guid":{"rendered":"https:\/\/www.alveus.eu\/?p=60042"},"modified":"2026-02-20T12:58:02","modified_gmt":"2026-02-20T11:58:02","slug":"cardamome-quest-ce-que-cest","status":"publish","type":"post","link":"https:\/\/www.alveus.eu\/fr\/blog\/cardamome-quest-ce-que-cest\/","title":{"rendered":"Cardamome : l&rsquo;\u00e9pice qui rehausse les m\u00e9langes de th\u00e9s et d&rsquo;infusions"},"content":{"rendered":"\t\t<div data-elementor-type=\"wp-post\" data-elementor-id=\"60042\" class=\"elementor elementor-60042 elementor-60007\" data-elementor-post-type=\"post\">\n\t\t\t\t<div class=\"elementor-element elementor-element-ec48546 e-con-full e-flex e-con e-parent\" data-id=\"ec48546\" data-element_type=\"container\" data-e-type=\"container\">\n\t\t\t\t<div class=\"elementor-element elementor-element-5629397 elementor-widget elementor-widget-text-editor\" data-id=\"5629397\" data-element_type=\"widget\" data-e-type=\"widget\" data-widget_type=\"text-editor.default\">\n\t\t\t\t<div class=\"elementor-widget-container\">\n\t\t\t\t\t\t\t\t\t<p><span style=\"font-weight: 400;\">Parmi les \u00e9pices les plus appr\u00e9ci\u00e9es dans le monde du th\u00e9 professionnel, la cardamome occupe une place de choix. Sa demande n&rsquo;a cess\u00e9 de cro\u00eetre gr\u00e2ce \u00e0 sa polyvalence, son profil aromatique unique et sa capacit\u00e9 \u00e0 transformer n&rsquo;importe quel m\u00e9lange de th\u00e9, d&rsquo;infusions et d&rsquo;\u00e9pices.\u00a0<\/span><\/p><p><span style=\"font-weight: 400;\">Tout au long de ce guide, nous explorerons son origine, ses caract\u00e9ristiques botaniques, ses vari\u00e9t\u00e9s les plus utilis\u00e9es, son go\u00fbt et ses applications dans les m\u00e9langes.<\/span><\/p>\t\t\t\t\t\t\t\t<\/div>\n\t\t\t\t<\/div>\n\t\t\t\t<div class=\"elementor-element elementor-element-81850a7 elementor-toc--minimized-on-tablet elementor-widget elementor-widget-table-of-contents\" data-id=\"81850a7\" data-element_type=\"widget\" data-e-type=\"widget\" data-settings=\"{&quot;headings_by_tags&quot;:[&quot;h2&quot;],&quot;exclude_headings_by_selector&quot;:&quot;.elementor-grid .elementor-heading-title&quot;,&quot;no_headings_message&quot;:&quot;No headings were found on this page.&quot;,&quot;marker_view&quot;:&quot;numbers&quot;,&quot;minimize_box&quot;:&quot;yes&quot;,&quot;minimized_on&quot;:&quot;tablet&quot;,&quot;hierarchical_view&quot;:&quot;yes&quot;,&quot;min_height&quot;:{&quot;unit&quot;:&quot;px&quot;,&quot;size&quot;:&quot;&quot;,&quot;sizes&quot;:[]},&quot;min_height_tablet&quot;:{&quot;unit&quot;:&quot;px&quot;,&quot;size&quot;:&quot;&quot;,&quot;sizes&quot;:[]},&quot;min_height_mobile&quot;:{&quot;unit&quot;:&quot;px&quot;,&quot;size&quot;:&quot;&quot;,&quot;sizes&quot;:[]}}\" data-widget_type=\"table-of-contents.default\">\n\t\t\t\t<div class=\"elementor-widget-container\">\n\t\t\t\t\t\t\t\t\t<div class=\"elementor-toc__header\">\n\t\t\t\t\t\t<div class=\"elementor-toc__header-title\">\n\t\t\t\tTable des mati\u00e8res\t\t\t<\/div>\n\t\t\t\t\t\t\t\t\t\t<div class=\"elementor-toc__toggle-button elementor-toc__toggle-button--expand\" role=\"button\" tabindex=\"0\" aria-controls=\"elementor-toc__81850a7\" aria-expanded=\"true\" aria-label=\"Ouvrir la table des mati\u00e8res\"><i aria-hidden=\"true\" class=\"alveus alveus-arrow\"><\/i><\/div>\n\t\t\t\t<div class=\"elementor-toc__toggle-button elementor-toc__toggle-button--collapse\" role=\"button\" tabindex=\"0\" aria-controls=\"elementor-toc__81850a7\" aria-expanded=\"true\" aria-label=\"Fermer la table des mati\u00e8res\"><i aria-hidden=\"true\" class=\"alveus alveus-close\"><\/i><\/div>\n\t\t\t\t\t<\/div>\n\t\t\t\t<div id=\"elementor-toc__81850a7\" class=\"elementor-toc__body\">\n\t\t\t<div class=\"elementor-toc__spinner-container\">\n\t\t\t\t<i class=\"elementor-toc__spinner eicon-animation-spin eicon-loading\" aria-hidden=\"true\"><\/i>\t\t\t<\/div>\n\t\t<\/div>\n\t\t\t\t\t\t<\/div>\n\t\t\t\t<\/div>\n\t\t\t\t<div class=\"elementor-element elementor-element-aeb460f elementor-widget elementor-widget-heading\" data-id=\"aeb460f\" data-element_type=\"widget\" data-e-type=\"widget\" data-widget_type=\"heading.default\">\n\t\t\t\t<div class=\"elementor-widget-container\">\n\t\t\t\t\t<h2 class=\"elementor-heading-title elementor-size-default\">Qu'est-ce que la cardamome ?\n\n<\/h2>\t\t\t\t<\/div>\n\t\t\t\t<\/div>\n\t\t\t\t<div class=\"elementor-element elementor-element-9fe3550 elementor-widget elementor-widget-image\" data-id=\"9fe3550\" data-element_type=\"widget\" data-e-type=\"widget\" data-widget_type=\"image.default\">\n\t\t\t\t<div class=\"elementor-widget-container\">\n\t\t\t\t\t\t\t\t\t\t\t\t\t\t\t<img fetchpriority=\"high\" decoding=\"async\" width=\"900\" height=\"600\" src=\"https:\/\/www.alveus.eu\/wp-content\/uploads\/112_a-2.jpg\" class=\"attachment-large size-large wp-image-60030\" alt=\"plante de cardamome\" srcset=\"https:\/\/www.alveus.eu\/wp-content\/uploads\/112_a-2.jpg 900w, https:\/\/www.alveus.eu\/wp-content\/uploads\/112_a-2-300x200.jpg 300w, https:\/\/www.alveus.eu\/wp-content\/uploads\/112_a-2-768x512.jpg 768w\" sizes=\"(max-width: 900px) 100vw, 900px\" \/>\t\t\t\t\t\t\t\t\t\t\t\t\t\t\t<\/div>\n\t\t\t\t<\/div>\n\t\t\t\t<div class=\"elementor-element elementor-element-deddede elementor-widget elementor-widget-text-editor\" data-id=\"deddede\" data-element_type=\"widget\" data-e-type=\"widget\" data-widget_type=\"text-editor.default\">\n\t\t\t\t<div class=\"elementor-widget-container\">\n\t\t\t\t\t\t\t\t\t<p><span style=\"font-weight: 400;\">La cardamome <\/span><b>(Elettaria cardamomum) <\/b><span style=\"font-weight: 400;\">est une <\/span><b>\u00e9pice aromatique au profil olfactif et au go\u00fbt distinctifs <\/b><span style=\"font-weight: 400;\">qui en ont fait un ingr\u00e9dient indispensable tant dans la gastronomie que dans l&rsquo;industrie du th\u00e9 et des infusions.\u00a0<\/span><\/p><p><span style=\"font-weight: 400;\">Elle est obtenue \u00e0 partir des capsules ou gousses de plantes des genres Elettaria et Amomum, appartenant \u00e0 la famille des Zingiberaceae, qui comprend \u00e9galement le gingembre et le curcuma.\u00a0<\/span><\/p><p><span style=\"font-weight: 400;\">Son profil sensoriel frais, chaud et l\u00e9g\u00e8rement citrique en a fait une marque de fabrique des m\u00e9langes traditionnels et continue d&rsquo;inspirer la cr\u00e9ativit\u00e9 dans les formulations modernes de th\u00e9s et de m\u00e9langes gastronomiques.<\/span><\/p>\t\t\t\t\t\t\t\t<\/div>\n\t\t\t\t<\/div>\n\t\t\t\t<div class=\"elementor-element elementor-element-d71a9ea elementor-widget elementor-widget-heading\" data-id=\"d71a9ea\" data-element_type=\"widget\" data-e-type=\"widget\" data-widget_type=\"heading.default\">\n\t\t\t\t<div class=\"elementor-widget-container\">\n\t\t\t\t\t<h2 class=\"elementor-heading-title elementor-size-default\">Contexte, origine et \u00e9volution historique\n<\/h2>\t\t\t\t<\/div>\n\t\t\t\t<\/div>\n\t\t\t\t<div class=\"elementor-element elementor-element-4f8e3e0 elementor-widget elementor-widget-text-editor\" data-id=\"4f8e3e0\" data-element_type=\"widget\" data-e-type=\"widget\" data-widget_type=\"text-editor.default\">\n\t\t\t\t<div class=\"elementor-widget-container\">\n\t\t\t\t\t\t\t\t\t<p><span style=\"font-weight: 400;\">La cardamome est originaire des for\u00eats humides du sud de l&rsquo;Inde, en particulier des Gh\u00e2ts occidentaux, et du Sri Lanka, r\u00e9gions caract\u00e9ris\u00e9es par leur biodiversit\u00e9 et leurs conditions climatiques uniques.\u00a0<\/span><\/p><p><span style=\"font-weight: 400;\">\u00c0 partir de ces territoires, l&rsquo;\u00e9pice a commenc\u00e9 \u00e0 voyager le long des anciennes routes commerciales, arrivant d&rsquo;abord en Birmanie et en Asie du Sud-Est, puis au Moyen-Orient et en Europe.\u00a0<\/span><\/p>\t\t\t\t\t\t\t\t<\/div>\n\t\t\t\t<\/div>\n\t\t<div class=\"elementor-element elementor-element-41e3ce9 e-flex e-con-boxed e-con e-child\" data-id=\"41e3ce9\" data-element_type=\"container\" data-e-type=\"container\" data-settings=\"{&quot;background_background&quot;:&quot;classic&quot;}\">\n\t\t\t\t\t<div class=\"e-con-inner\">\n\t\t\t\t<div class=\"elementor-element elementor-element-05d6455 elementor-widget__width-initial elementor-widget-mobile__width-inherit elementor-view-default elementor-widget elementor-widget-icon\" data-id=\"05d6455\" data-element_type=\"widget\" data-e-type=\"widget\" data-widget_type=\"icon.default\">\n\t\t\t\t<div class=\"elementor-widget-container\">\n\t\t\t\t\t\t\t<div class=\"elementor-icon-wrapper\">\n\t\t\t<div class=\"elementor-icon\">\n\t\t\t<svg xmlns=\"http:\/\/www.w3.org\/2000\/svg\" id=\"Layer_2\" data-name=\"Layer 2\" viewBox=\"0 0 192 192\"><defs><style> .cls-1 { fill: none; } .cls-2 { fill: #1d1d1b; } <\/style><\/defs><g id=\"medida\"><g><rect class=\"cls-1\" width=\"192\" height=\"192\"><\/rect><g><path class=\"cls-2\" d=\"M50.98,81.76h-15.81c-1.93,0-3.5,1.57-3.5,3.5s1.57,3.5,3.5,3.5h15.81c1.93,0,3.5-1.57,3.5-3.5s-1.57-3.5-3.5-3.5Z\"><\/path><path class=\"cls-2\" d=\"M64.9,53.79c1.37-1.37,1.37-3.58,0-4.95l-10.12-10.12c-1.37-1.37-3.58-1.37-4.95,0-1.37,1.37-1.37,3.58,0,4.95l10.12,10.12c.68,.68,1.58,1.03,2.47,1.03s1.79-.34,2.47-1.03Z\"><\/path><path class=\"cls-2\" d=\"M145.27,38.72c-1.37-1.37-3.58-1.37-4.95,0l-10.12,10.12c-1.37,1.37-1.37,3.58,0,4.95,.68,.68,1.58,1.03,2.47,1.03s1.79-.34,2.47-1.03l10.12-10.12c1.37-1.37,1.37-3.58,0-4.95Z\"><\/path><path class=\"cls-2\" d=\"M97.75,42c1.93,0,3.5-1.57,3.5-3.5v-14.15c0-1.93-1.57-3.5-3.5-3.5s-3.5,1.57-3.5,3.5v14.15c0,1.93,1.57,3.5,3.5,3.5Z\"><\/path><path class=\"cls-2\" d=\"M156.83,81.76h-14.03c-1.93,0-3.5,1.57-3.5,3.5s1.57,3.5,3.5,3.5h14.03c1.93,0,3.5-1.57,3.5-3.5s-1.57-3.5-3.5-3.5Z\"><\/path><path class=\"cls-2\" d=\"M97.75,48.42c-19.84,0-35.98,16.14-35.98,35.98,0,5.06,.99,9.78,3.03,14.44,.96,2.2,2.35,4.65,3.82,7.25,2.14,3.78,4.57,8.07,5.66,11.69,5.01,16.67,2.59,32.29,2.56,32.45l-.05,.56c0,11.22,9.13,20.36,20.36,20.36s20.36-9.13,20.36-20.36l-.04-.56c-.01-.09-.83-5.44-.21-13.48,.08-.29,.13-.58,.13-.89,0-.1-.02-.19-.03-.29,.48-5.16,1.55-11.3,3.76-17.81,1.37-4.04,4.12-8.95,6.55-13.28,1.09-1.95,2.12-3.79,2.96-5.44,2.75-5.36,3.12-10.41,3.12-14.64,0-19.84-16.14-35.98-35.98-35.98Zm12.3,90.94c-.16,4.07,0,7.32,.19,9.41h-26.18c.21-2.1,.44-5.36,.39-9.41h25.6Zm-12.91,24.79c-5.6,0-10.4-3.48-12.38-8.38h24.76c-1.98,4.9-6.78,8.38-12.38,8.38Zm27.24-68.3c-.79,1.54-1.79,3.32-2.84,5.21-2.57,4.6-5.49,9.8-7.07,14.45-2.06,6.07-3.23,11.82-3.85,16.86h-9.68c.34-.54,.54-1.17,.54-1.86v-19.97c5.79-1.55,10.07-6.82,10.07-13.1,0-1.93-1.57-3.5-3.5-3.5s-3.5,1.57-3.5,3.5c0,3.62-2.95,6.57-6.57,6.57s-6.57-2.95-6.57-6.57c0-1.93-1.57-3.5-3.5-3.5s-3.5,1.57-3.5,3.5c0,6.27,4.28,11.55,10.07,13.1v19.97c0,.68,.2,1.32,.54,1.86h-10.93c-.44-5.05-1.37-10.74-3.14-16.6-1.31-4.37-3.95-9.02-6.27-13.12-1.38-2.44-2.68-4.74-3.5-6.6-1.64-3.76-2.44-7.56-2.44-11.64,0-15.98,13-28.98,28.98-28.98s28.98,13,28.98,28.98c0,4.87-.68,8.19-2.35,11.45Z\"><\/path><\/g><\/g><\/g><\/svg>\t\t\t<\/div>\n\t\t<\/div>\n\t\t\t\t\t\t<\/div>\n\t\t\t\t<\/div>\n\t\t\t\t<div class=\"elementor-element elementor-element-eb27c75 elementor-widget__width-inherit elementor-widget elementor-widget-heading\" data-id=\"eb27c75\" data-element_type=\"widget\" data-e-type=\"widget\" data-widget_type=\"heading.default\">\n\t\t\t\t<div class=\"elementor-widget-container\">\n\t\t\t\t\t<span class=\"elementor-heading-title elementor-size-default\">Tout au long de l'histoire, la cardamome a \u00e9t\u00e9 un symbole de prestige et de pouvoir. Dans les cours royales d'Asie et du Moyen-Orient, elle \u00e9tait utilis\u00e9e comme signe d'hospitalit\u00e9 et de luxe, tandis que dans la parfumerie et les m\u00e9langes aromatiques, son parfum \u00e9tait consid\u00e9r\u00e9 comme un bien de valeur. \n<\/span>\t\t\t\t<\/div>\n\t\t\t\t<\/div>\n\t\t\t\t\t<\/div>\n\t\t\t\t<\/div>\n\t\t\t\t<div class=\"elementor-element elementor-element-cc293e0 elementor-widget elementor-widget-text-editor\" data-id=\"cc293e0\" data-element_type=\"widget\" data-e-type=\"widget\" data-widget_type=\"text-editor.default\">\n\t\t\t\t<div class=\"elementor-widget-container\">\n\t\t\t\t\t\t\t\t\t<p><span style=\"font-weight: 400;\">Au Moyen \u00c2ge, la cardamome est devenue un moteur du commerce des \u00e9pices, transitant par les routes arabes jusqu&rsquo;en Europe, o\u00f9 elle a rapidement \u00e9t\u00e9 incorpor\u00e9e dans les p\u00e2tisseries, les pains d&rsquo;\u00e9pices et les boissons chaudes.\u00a0<\/span><\/p>\t\t\t\t\t\t\t\t<\/div>\n\t\t\t\t<\/div>\n\t\t\t\t<div class=\"elementor-element elementor-element-86c61a3 elementor-widget elementor-widget-heading\" data-id=\"86c61a3\" data-element_type=\"widget\" data-e-type=\"widget\" data-widget_type=\"heading.default\">\n\t\t\t\t<div class=\"elementor-widget-container\">\n\t\t\t\t\t<h3 class=\"elementor-heading-title elementor-size-default\">La cardamome dans l'ayurv\u00e9da\n<\/h3>\t\t\t\t<\/div>\n\t\t\t\t<\/div>\n\t\t\t\t<div class=\"elementor-element elementor-element-e5f71a4 elementor-widget elementor-widget-text-editor\" data-id=\"e5f71a4\" data-element_type=\"widget\" data-e-type=\"widget\" data-widget_type=\"text-editor.default\">\n\t\t\t\t<div class=\"elementor-widget-container\">\n\t\t\t\t\t\t\t\t\t<p><span style=\"font-weight: 400;\">La cardamome est un ingr\u00e9dient central de <\/span><b>l&rsquo;Ayurveda<\/b><span style=\"font-weight: 400;\">, la m\u00e9decine traditionnelle indienne, depuis des milliers d&rsquo;ann\u00e9es. Elle \u00e9tait appr\u00e9ci\u00e9e pour sa polyvalence dans les infusions, les boissons \u00e9pic\u00e9es et les pr\u00e9parations rituelles.\u00a0<\/span><\/p><p><span style=\"font-weight: 400;\">Dans ce contexte, la <\/span><b>cardamome ayurv\u00e9dique <\/b><span style=\"font-weight: 400;\">\u00e9tait int\u00e9gr\u00e9e dans des formules fonctionnelles traditionnelles pour rehausser les ar\u00f4mes, \u00e9quilibrer les m\u00e9langes, apporter des bienfaits digestifs et des nuances sensorielles.\u00a0<\/span><\/p>\t\t\t\t\t\t\t\t<\/div>\n\t\t\t\t<\/div>\n\t\t\t\t<div class=\"elementor-element elementor-element-3e50bca elementor-widget elementor-widget-heading\" data-id=\"3e50bca\" data-element_type=\"widget\" data-e-type=\"widget\" data-widget_type=\"heading.default\">\n\t\t\t\t<div class=\"elementor-widget-container\">\n\t\t\t\t\t<h2 class=\"elementor-heading-title elementor-size-default\">Caract\u00e9ristiques botaniques de la cardamome\n<\/h2>\t\t\t\t<\/div>\n\t\t\t\t<\/div>\n\t\t\t\t<div class=\"elementor-element elementor-element-f7faf32 elementor-widget elementor-widget-text-editor\" data-id=\"f7faf32\" data-element_type=\"widget\" data-e-type=\"widget\" data-widget_type=\"text-editor.default\">\n\t\t\t\t<div class=\"elementor-widget-container\">\n\t\t\t\t\t\t\t\t\t<p><span style=\"font-weight: 400;\">La cardamome est une plante vivace de la famille <\/span><b>des Zingiberaceae<\/b><span style=\"font-weight: 400;\">, qui pousse en grappes denses et d\u00e9veloppe des rhizomes solides qui soutiennent ses tiges et ses feuilles. Elle est cultiv\u00e9e dans les climats tropicaux humides, \u00e0 mi-ombre et dans des sols riches, des conditions qui favorisent le d\u00e9veloppement de l&rsquo;ar\u00f4me caract\u00e9ristique de ses graines.<\/span><\/p><p><span style=\"font-weight: 400;\">Voici quelques-unes de ses caract\u00e9ristiques les plus remarquables :<\/span><\/p><ul><li style=\"font-weight: 400;\" aria-level=\"1\"><b>Feuilles <\/b><span style=\"font-weight: 400;\">: longues, lanc\u00e9ol\u00e9es, vertes et aromatiques.<\/span><\/li><li style=\"font-weight: 400;\" aria-level=\"1\"><b>Fleurs <\/b><span style=\"font-weight: 400;\">: hermaphrodites, de couleur verd\u00e2tre avec des d\u00e9tails blancs et violets.<\/span><\/li><li style=\"font-weight: 400;\" aria-level=\"1\"><b>Fruit <\/b><span style=\"font-weight: 400;\">: capsule triloculaire de 1 \u00e0 2 cm contenant entre 10 et 20 graines de cardamome, responsables de son ar\u00f4me intense.<\/span><\/li><\/ul><p><span style=\"font-weight: 400;\">Le cycle de production de la cardamome est relativement long, car la plante met environ trois ans \u00e0 produire des fruits de qualit\u00e9. Cette combinaison de croissance lente, de soins manuels lors de la r\u00e9colte et de particularit\u00e9s botaniques <\/span><b>contribue \u00e0 son exclusivit\u00e9 et \u00e0 sa valeur <\/b><span style=\"font-weight: 400;\">sur le march\u00e9.<\/span><\/p>\t\t\t\t\t\t\t\t<\/div>\n\t\t\t\t<\/div>\n\t\t\t\t<div class=\"elementor-element elementor-element-e52c8a4 elementor-widget elementor-widget-image\" data-id=\"e52c8a4\" data-element_type=\"widget\" data-e-type=\"widget\" data-widget_type=\"image.default\">\n\t\t\t\t<div class=\"elementor-widget-container\">\n\t\t\t\t\t\t\t\t\t\t\t\t\t\t\t<img decoding=\"async\" width=\"1000\" height=\"738\" src=\"https:\/\/www.alveus.eu\/wp-content\/uploads\/112_b.png\" class=\"attachment-large size-large wp-image-60025\" alt=\"Taxonomie de la cardamome\" srcset=\"https:\/\/www.alveus.eu\/wp-content\/uploads\/112_b.png 1000w, https:\/\/www.alveus.eu\/wp-content\/uploads\/112_b-300x221.png 300w, https:\/\/www.alveus.eu\/wp-content\/uploads\/112_b-768x567.png 768w\" sizes=\"(max-width: 1000px) 100vw, 1000px\" \/>\t\t\t\t\t\t\t\t\t\t\t\t\t\t\t<\/div>\n\t\t\t\t<\/div>\n\t\t\t\t<div class=\"elementor-element elementor-element-541f309 elementor-widget elementor-widget-heading\" data-id=\"541f309\" data-element_type=\"widget\" data-e-type=\"widget\" data-widget_type=\"heading.default\">\n\t\t\t\t<div class=\"elementor-widget-container\">\n\t\t\t\t\t<h2 class=\"elementor-heading-title elementor-size-default\">Composition phytochimique et principes actifs\n<\/h2>\t\t\t\t<\/div>\n\t\t\t\t<\/div>\n\t\t\t\t<div class=\"elementor-element elementor-element-2b327b4 elementor-widget elementor-widget-text-editor\" data-id=\"2b327b4\" data-element_type=\"widget\" data-e-type=\"widget\" data-widget_type=\"text-editor.default\">\n\t\t\t\t<div class=\"elementor-widget-container\">\n\t\t\t\t\t\t\t\t\t<p><span style=\"font-weight: 400;\">La cardamome doit son ar\u00f4me unique \u00e0 un m\u00e9lange complexe de compos\u00e9s pr\u00e9sents dans ses graines. Les plus importants sont les <\/span><b>huiles essentielles<\/b><span style=\"font-weight: 400;\">, parmi lesquelles on trouve le 1,8-cin\u00e9ol (eucalyptol), l&rsquo;ac\u00e9tate de terpinyle, le linalol, le limon\u00e8ne et le sabin\u00e8ne.\u00a0<\/span><\/p><p><span style=\"font-weight: 400;\">La proportion de ces compos\u00e9s peut varier en fonction de l&rsquo;esp\u00e8ce, de la r\u00e9gion de culture, de la p\u00e9riode de r\u00e9colte et de la m\u00e9thode de s\u00e9chage. Ces variations influencent l&rsquo;ar\u00f4me et le go\u00fbt final lors de la pr\u00e9paration de th\u00e9s et d&rsquo;infusions.<\/span><\/p><p><span style=\"font-weight: 400;\">De plus, la cardamome contient <\/span><b>des flavono\u00efdes, des st\u00e9rols et des saponines<\/b><span style=\"font-weight: 400;\">, qui apportent une complexit\u00e9 et des nuances aromatiques suppl\u00e9mentaires.\u00a0<\/span><\/p>\t\t\t\t\t\t\t\t<\/div>\n\t\t\t\t<\/div>\n\t\t\t\t<div class=\"elementor-element elementor-element-6abbd7b elementor-widget elementor-widget-heading\" data-id=\"6abbd7b\" data-element_type=\"widget\" data-e-type=\"widget\" data-widget_type=\"heading.default\">\n\t\t\t\t<div class=\"elementor-widget-container\">\n\t\t\t\t\t<h2 class=\"elementor-heading-title elementor-size-default\">Production actuelle de cardamome\n<\/h2>\t\t\t\t<\/div>\n\t\t\t\t<\/div>\n\t\t\t\t<div class=\"elementor-element elementor-element-ebc64e0 elementor-widget elementor-widget-text-editor\" data-id=\"ebc64e0\" data-element_type=\"widget\" data-e-type=\"widget\" data-widget_type=\"text-editor.default\">\n\t\t\t\t<div class=\"elementor-widget-container\">\n\t\t\t\t\t\t\t\t\t<p><span style=\"font-weight: 400;\">Actuellement, les principales r\u00e9gions productrices sont <\/span><b>l&rsquo;Inde, le Guatemala, le Sri Lanka, la Tanzanie et le Vietnam<\/b><span style=\"font-weight: 400;\">, bien que chaque zone apporte diff\u00e9rentes nuances au produit final.\u00a0<\/span><\/p><p><span style=\"font-weight: 400;\">En Inde, les cultures des Ghats occidentaux produisent une cardamome \u00e0 l&rsquo;ar\u00f4me frais et r\u00e9sineux, tandis qu&rsquo;au Guatemala, o\u00f9 la culture s&rsquo;est industrialis\u00e9e, les gousses ont tendance \u00e0 \u00eatre plus grosses et plus uniformes, avec un profil aromatique intense et stable.<\/span><\/p><p><span style=\"font-weight: 400;\">La production de cardamome n\u00e9cessite des processus tr\u00e8s manuels, ce qui signifie que chaque lot refl\u00e8te \u00e0 la fois la g\u00e9ographie et le soin apport\u00e9 par le producteur.<\/span><\/p>\t\t\t\t\t\t\t\t<\/div>\n\t\t\t\t<\/div>\n\t\t<div class=\"elementor-element elementor-element-e691b0b e-flex e-con-boxed e-con e-child\" data-id=\"e691b0b\" data-element_type=\"container\" data-e-type=\"container\" data-settings=\"{&quot;background_background&quot;:&quot;classic&quot;}\">\n\t\t\t\t\t<div class=\"e-con-inner\">\n\t\t\t\t<div class=\"elementor-element elementor-element-873f0d4 elementor-widget__width-initial elementor-widget-mobile__width-inherit elementor-view-default elementor-widget elementor-widget-icon\" data-id=\"873f0d4\" data-element_type=\"widget\" data-e-type=\"widget\" data-widget_type=\"icon.default\">\n\t\t\t\t<div class=\"elementor-widget-container\">\n\t\t\t\t\t\t\t<div class=\"elementor-icon-wrapper\">\n\t\t\t<div class=\"elementor-icon\">\n\t\t\t<svg xmlns=\"http:\/\/www.w3.org\/2000\/svg\" id=\"Layer_2\" data-name=\"Layer 2\" viewBox=\"0 0 192 192\"><defs><style> .cls-1 { fill: none; } .cls-2 { fill: #1d1d1b; } <\/style><\/defs><g id=\"medida\"><g><rect class=\"cls-1\" width=\"192\" height=\"192\"><\/rect><g><path class=\"cls-2\" d=\"M50.98,81.76h-15.81c-1.93,0-3.5,1.57-3.5,3.5s1.57,3.5,3.5,3.5h15.81c1.93,0,3.5-1.57,3.5-3.5s-1.57-3.5-3.5-3.5Z\"><\/path><path class=\"cls-2\" d=\"M64.9,53.79c1.37-1.37,1.37-3.58,0-4.95l-10.12-10.12c-1.37-1.37-3.58-1.37-4.95,0-1.37,1.37-1.37,3.58,0,4.95l10.12,10.12c.68,.68,1.58,1.03,2.47,1.03s1.79-.34,2.47-1.03Z\"><\/path><path class=\"cls-2\" d=\"M145.27,38.72c-1.37-1.37-3.58-1.37-4.95,0l-10.12,10.12c-1.37,1.37-1.37,3.58,0,4.95,.68,.68,1.58,1.03,2.47,1.03s1.79-.34,2.47-1.03l10.12-10.12c1.37-1.37,1.37-3.58,0-4.95Z\"><\/path><path class=\"cls-2\" d=\"M97.75,42c1.93,0,3.5-1.57,3.5-3.5v-14.15c0-1.93-1.57-3.5-3.5-3.5s-3.5,1.57-3.5,3.5v14.15c0,1.93,1.57,3.5,3.5,3.5Z\"><\/path><path class=\"cls-2\" d=\"M156.83,81.76h-14.03c-1.93,0-3.5,1.57-3.5,3.5s1.57,3.5,3.5,3.5h14.03c1.93,0,3.5-1.57,3.5-3.5s-1.57-3.5-3.5-3.5Z\"><\/path><path class=\"cls-2\" d=\"M97.75,48.42c-19.84,0-35.98,16.14-35.98,35.98,0,5.06,.99,9.78,3.03,14.44,.96,2.2,2.35,4.65,3.82,7.25,2.14,3.78,4.57,8.07,5.66,11.69,5.01,16.67,2.59,32.29,2.56,32.45l-.05,.56c0,11.22,9.13,20.36,20.36,20.36s20.36-9.13,20.36-20.36l-.04-.56c-.01-.09-.83-5.44-.21-13.48,.08-.29,.13-.58,.13-.89,0-.1-.02-.19-.03-.29,.48-5.16,1.55-11.3,3.76-17.81,1.37-4.04,4.12-8.95,6.55-13.28,1.09-1.95,2.12-3.79,2.96-5.44,2.75-5.36,3.12-10.41,3.12-14.64,0-19.84-16.14-35.98-35.98-35.98Zm12.3,90.94c-.16,4.07,0,7.32,.19,9.41h-26.18c.21-2.1,.44-5.36,.39-9.41h25.6Zm-12.91,24.79c-5.6,0-10.4-3.48-12.38-8.38h24.76c-1.98,4.9-6.78,8.38-12.38,8.38Zm27.24-68.3c-.79,1.54-1.79,3.32-2.84,5.21-2.57,4.6-5.49,9.8-7.07,14.45-2.06,6.07-3.23,11.82-3.85,16.86h-9.68c.34-.54,.54-1.17,.54-1.86v-19.97c5.79-1.55,10.07-6.82,10.07-13.1,0-1.93-1.57-3.5-3.5-3.5s-3.5,1.57-3.5,3.5c0,3.62-2.95,6.57-6.57,6.57s-6.57-2.95-6.57-6.57c0-1.93-1.57-3.5-3.5-3.5s-3.5,1.57-3.5,3.5c0,6.27,4.28,11.55,10.07,13.1v19.97c0,.68,.2,1.32,.54,1.86h-10.93c-.44-5.05-1.37-10.74-3.14-16.6-1.31-4.37-3.95-9.02-6.27-13.12-1.38-2.44-2.68-4.74-3.5-6.6-1.64-3.76-2.44-7.56-2.44-11.64,0-15.98,13-28.98,28.98-28.98s28.98,13,28.98,28.98c0,4.87-.68,8.19-2.35,11.45Z\"><\/path><\/g><\/g><\/g><\/svg>\t\t\t<\/div>\n\t\t<\/div>\n\t\t\t\t\t\t<\/div>\n\t\t\t\t<\/div>\n\t\t\t\t<div class=\"elementor-element elementor-element-1987838 elementor-widget__width-inherit elementor-widget elementor-widget-heading\" data-id=\"1987838\" data-element_type=\"widget\" data-e-type=\"widget\" data-widget_type=\"heading.default\">\n\t\t\t\t<div class=\"elementor-widget-container\">\n\t\t\t\t\t<span class=\"elementor-heading-title elementor-size-default\">Les producteurs indiens et guat\u00e9malt\u00e8ques adoptent des pratiques agricoles respectueuses de l'environnement, ce qui leur permet d'offrir une cardamome alliant qualit\u00e9 sensorielle et tra\u00e7abilit\u00e9.<\/span>\t\t\t\t<\/div>\n\t\t\t\t<\/div>\n\t\t\t\t\t<\/div>\n\t\t\t\t<\/div>\n\t\t\t\t<div class=\"elementor-element elementor-element-07cd9b9 elementor-widget elementor-widget-heading\" data-id=\"07cd9b9\" data-element_type=\"widget\" data-e-type=\"widget\" data-widget_type=\"heading.default\">\n\t\t\t\t<div class=\"elementor-widget-container\">\n\t\t\t\t\t<h2 class=\"elementor-heading-title elementor-size-default\">Types de cardamome\n<\/h2>\t\t\t\t<\/div>\n\t\t\t\t<\/div>\n\t\t\t\t<div class=\"elementor-element elementor-element-a934663 elementor-widget elementor-widget-text-editor\" data-id=\"a934663\" data-element_type=\"widget\" data-e-type=\"widget\" data-widget_type=\"text-editor.default\">\n\t\t\t\t<div class=\"elementor-widget-container\">\n\t\t\t\t\t\t\t\t\t<p><span style=\"font-weight: 400;\">Sur le march\u00e9 professionnel, les types de cardamome les plus importants sont les suivants :<\/span><\/p>\t\t\t\t\t\t\t\t<\/div>\n\t\t\t\t<\/div>\n\t\t\t\t<div class=\"elementor-element elementor-element-1844fed elementor-widget elementor-widget-heading\" data-id=\"1844fed\" data-element_type=\"widget\" data-e-type=\"widget\" data-widget_type=\"heading.default\">\n\t\t\t\t<div class=\"elementor-widget-container\">\n\t\t\t\t\t<h3 class=\"elementor-heading-title elementor-size-default\">Cardamome verte (Elettaria cardamomum)\n<\/h3>\t\t\t\t<\/div>\n\t\t\t\t<\/div>\n\t\t\t\t<div class=\"elementor-element elementor-element-981c80e elementor-widget elementor-widget-text-editor\" data-id=\"981c80e\" data-element_type=\"widget\" data-e-type=\"widget\" data-widget_type=\"text-editor.default\">\n\t\t\t\t<div class=\"elementor-widget-container\">\n\t\t\t\t\t\t\t\t\t<ul><li style=\"font-weight: 400;\" aria-level=\"1\"><b>Origine et culture : <\/b><span style=\"font-weight: 400;\">on la trouve principalement dans les for\u00eats humides du sud de l&rsquo;Inde (en particulier au Kerala et au Karnataka) et au Sri Lanka. Sa culture n\u00e9cessite un ombrage partiel, des sols riches et une humidit\u00e9 constante.<\/span><\/li><li style=\"font-weight: 400;\" aria-level=\"1\"><b>Profil aromatique : <\/b><span style=\"font-weight: 400;\">frais, floral et l\u00e9g\u00e8rement citrique, avec une sensation r\u00e9sineuse-sucr\u00e9e qui le rend tr\u00e8s polyvalent dans les th\u00e9s et les m\u00e9langes aromatiques.<\/span><\/li><li aria-level=\"1\"><b>Utilisation professionnelle : <\/b><span>c&rsquo;est la vari\u00e9t\u00e9 la plus utilis\u00e9e dans l&rsquo;industrie du th\u00e9 gr\u00e2ce \u00e0 son ar\u00f4me intense et persistant.<\/span><\/li><\/ul>\t\t\t\t\t\t\t\t<\/div>\n\t\t\t\t<\/div>\n\t\t\t\t<div class=\"elementor-element elementor-element-dd25fe4 elementor-widget elementor-widget-heading\" data-id=\"dd25fe4\" data-element_type=\"widget\" data-e-type=\"widget\" data-widget_type=\"heading.default\">\n\t\t\t\t<div class=\"elementor-widget-container\">\n\t\t\t\t\t<h3 class=\"elementor-heading-title elementor-size-default\">Cardamome noire (Amomum subulatum)\n<\/h3>\t\t\t\t<\/div>\n\t\t\t\t<\/div>\n\t\t\t\t<div class=\"elementor-element elementor-element-eff3097 elementor-widget elementor-widget-text-editor\" data-id=\"eff3097\" data-element_type=\"widget\" data-e-type=\"widget\" data-widget_type=\"text-editor.default\">\n\t\t\t\t<div class=\"elementor-widget-container\">\n\t\t\t\t\t\t\t\t\t<ul><li style=\"font-weight: 400;\" aria-level=\"1\"><b>Origine et culture : <\/b><span style=\"font-weight: 400;\">elle est essentiellement cultiv\u00e9e au N\u00e9pal, dans le nord de l&rsquo;Inde et au Bhoutan. Elle n\u00e9cessite des altitudes plus \u00e9lev\u00e9es et des climats l\u00e9g\u00e8rement plus froids que la cardamome verte.<\/span><\/li><li style=\"font-weight: 400;\" aria-level=\"1\"><b>Profil aromatique : <\/b><span style=\"font-weight: 400;\">plus robuste, avec des notes fum\u00e9es et terreuses. Son caract\u00e8re profond la rend id\u00e9ale pour les m\u00e9langes fonc\u00e9s ou les infusions de style nord-indien, auxquels elle apporte du corps et de la complexit\u00e9.<\/span><\/li><li style=\"font-weight: 400;\" aria-level=\"1\"><b>Utilisation professionnelle : <\/b><span>bien que moins courante dans les th\u00e9s conventionnels, elle est tr\u00e8s appr\u00e9ci\u00e9e dans les propositions gastronomiques, les infusions fortes ou les m\u00e9langes qui recherchent une nuance \u00e9pic\u00e9e intense.<\/span><\/li><\/ul>\t\t\t\t\t\t\t\t<\/div>\n\t\t\t\t<\/div>\n\t\t\t\t<div class=\"elementor-element elementor-element-dfecaea elementor-widget elementor-widget-image\" data-id=\"dfecaea\" data-element_type=\"widget\" data-e-type=\"widget\" data-widget_type=\"image.default\">\n\t\t\t\t<div class=\"elementor-widget-container\">\n\t\t\t\t\t\t\t\t\t\t\t\t\t\t\t<img decoding=\"async\" width=\"900\" height=\"600\" src=\"https:\/\/www.alveus.eu\/wp-content\/uploads\/112_c.jpg\" class=\"attachment-large size-large wp-image-60015\" alt=\"types de cardamome\" srcset=\"https:\/\/www.alveus.eu\/wp-content\/uploads\/112_c.jpg 900w, https:\/\/www.alveus.eu\/wp-content\/uploads\/112_c-300x200.jpg 300w, https:\/\/www.alveus.eu\/wp-content\/uploads\/112_c-768x512.jpg 768w\" sizes=\"(max-width: 900px) 100vw, 900px\" \/>\t\t\t\t\t\t\t\t\t\t\t\t\t\t\t<\/div>\n\t\t\t\t<\/div>\n\t\t\t\t<div class=\"elementor-element elementor-element-c53b413 elementor-widget elementor-widget-heading\" data-id=\"c53b413\" data-element_type=\"widget\" data-e-type=\"widget\" data-widget_type=\"heading.default\">\n\t\t\t\t<div class=\"elementor-widget-container\">\n\t\t\t\t\t<h3 class=\"elementor-heading-title elementor-size-default\">Autres vari\u00e9t\u00e9s\n<\/h3>\t\t\t\t<\/div>\n\t\t\t\t<\/div>\n\t\t\t\t<div class=\"elementor-element elementor-element-7f37a51 elementor-widget elementor-widget-text-editor\" data-id=\"7f37a51\" data-element_type=\"widget\" data-e-type=\"widget\" data-widget_type=\"text-editor.default\">\n\t\t\t\t<div class=\"elementor-widget-container\">\n\t\t\t\t\t\t\t\t\t<p><span style=\"font-weight: 400;\">Il existe des croisements naturels et des vari\u00e9t\u00e9s locales, comme la <\/span><b>vazhuka au Kerala<\/b><span style=\"font-weight: 400;\">, qui combinent les caract\u00e9ristiques des types vert et noir. Ces plantes offrent des profils aromatiques interm\u00e9diaires ; leur production est plus limit\u00e9e et on les trouve g\u00e9n\u00e9ralement sur les march\u00e9s sp\u00e9cialis\u00e9s ou dans le cadre de s\u00e9lections haut de gamme pour les marques de th\u00e9.<\/span><\/p>\t\t\t\t\t\t\t\t<\/div>\n\t\t\t\t<\/div>\n\t\t\t\t<div class=\"elementor-element elementor-element-d51f38a elementor-widget elementor-widget-heading\" data-id=\"d51f38a\" data-element_type=\"widget\" data-e-type=\"widget\" data-widget_type=\"heading.default\">\n\t\t\t\t<div class=\"elementor-widget-container\">\n\t\t\t\t\t<h2 class=\"elementor-heading-title elementor-size-default\">Quelles parties du cardamome sont utilis\u00e9es et pourquoi\n<\/h2>\t\t\t\t<\/div>\n\t\t\t\t<\/div>\n\t\t\t\t<div class=\"elementor-element elementor-element-beb779e elementor-widget elementor-widget-text-editor\" data-id=\"beb779e\" data-element_type=\"widget\" data-e-type=\"widget\" data-widget_type=\"text-editor.default\">\n\t\t\t\t<div class=\"elementor-widget-container\">\n\t\t\t\t\t\t\t\t\t<p><span style=\"font-weight: 400;\">Les diff\u00e9rentes parties de la cardamome sont utilis\u00e9es en fonction de l&rsquo;effet aromatique et sensoriel souhait\u00e9 dans le m\u00e9lange :<\/span><\/p><ul><li style=\"font-weight: 400;\" aria-level=\"1\"><b>Gousse ou capsule enti\u00e8re :<\/b><span style=\"font-weight: 400;\"> elle prot\u00e8ge les graines et permet \u00e0 l&rsquo;ar\u00f4me de se lib\u00e9rer progressivement pendant l&rsquo;infusion, offrant une exp\u00e9rience aromatique plus compl\u00e8te.<\/span><\/li><li style=\"font-weight: 400;\" aria-level=\"1\"><b>Graines :<\/b><span style=\"font-weight: 400;\"> elles sont la partie la plus concentr\u00e9e en compos\u00e9s aromatiques et en saveur. Elles offrent une intensit\u00e9 maximale et un profil plus direct et persistant que la gousse enti\u00e8re et sont particuli\u00e8rement utiles lorsque l&rsquo;on souhaite obtenir un profil aromatique marqu\u00e9.<\/span><\/li><li style=\"font-weight: 400;\" aria-level=\"1\"><b>\u00c9corce :<\/b><span style=\"font-weight: 400;\"> bien qu&rsquo;elle n&rsquo;apporte pas la m\u00eame puissance que les graines, elle peut offrir des notes v\u00e9g\u00e9tales et douces, id\u00e9ales pour les infusions l\u00e9g\u00e8res.<\/span><\/li><\/ul>\t\t\t\t\t\t\t\t<\/div>\n\t\t\t\t<\/div>\n\t\t\t\t<div class=\"elementor-element elementor-element-35ad9e2 elementor-widget elementor-widget-heading\" data-id=\"35ad9e2\" data-element_type=\"widget\" data-e-type=\"widget\" data-widget_type=\"heading.default\">\n\t\t\t\t<div class=\"elementor-widget-container\">\n\t\t\t\t\t<h2 class=\"elementor-heading-title elementor-size-default\">Utilisations traditionnelles et applications actuelles \n<\/h2>\t\t\t\t<\/div>\n\t\t\t\t<\/div>\n\t\t\t\t<div class=\"elementor-element elementor-element-2d7f726 elementor-widget elementor-widget-text-editor\" data-id=\"2d7f726\" data-element_type=\"widget\" data-e-type=\"widget\" data-widget_type=\"text-editor.default\">\n\t\t\t\t<div class=\"elementor-widget-container\">\n\t\t\t\t\t\t\t\t\t<p><span style=\"font-weight: 400;\">Traditionnellement, la cardamome \u00e9tait principalement utilis\u00e9e pour rehausser les saveurs et apporter de la fra\u00eecheur aux plats et aux boissons. Elle faisait \u00e9galement partie des rituels culinaires et de la m\u00e9decine ayurv\u00e9dique, o\u00f9 elle \u00e9tait appr\u00e9ci\u00e9e pour son r\u00f4le \u00e9quilibrant entre les saveurs sucr\u00e9es et sal\u00e9es et sa capacit\u00e9 \u00e0 accompagner les repas copieux selon la tradition.<\/span><\/p>\t\t\t\t\t\t\t\t<\/div>\n\t\t\t\t<\/div>\n\t\t<div class=\"elementor-element elementor-element-1831b38 e-flex e-con-boxed e-con e-child\" data-id=\"1831b38\" data-element_type=\"container\" data-e-type=\"container\" data-settings=\"{&quot;background_background&quot;:&quot;classic&quot;}\">\n\t\t\t\t\t<div class=\"e-con-inner\">\n\t\t\t\t<div class=\"elementor-element elementor-element-3624753 elementor-widget__width-initial elementor-widget-mobile__width-inherit elementor-view-default elementor-widget elementor-widget-icon\" data-id=\"3624753\" data-element_type=\"widget\" data-e-type=\"widget\" data-widget_type=\"icon.default\">\n\t\t\t\t<div class=\"elementor-widget-container\">\n\t\t\t\t\t\t\t<div class=\"elementor-icon-wrapper\">\n\t\t\t<div class=\"elementor-icon\">\n\t\t\t<svg xmlns=\"http:\/\/www.w3.org\/2000\/svg\" id=\"Layer_2\" data-name=\"Layer 2\" viewBox=\"0 0 192 192\"><defs><style> .cls-1 { fill: none; } .cls-2 { fill: #1d1d1b; } <\/style><\/defs><g id=\"medida\"><g><rect class=\"cls-1\" width=\"192\" height=\"192\"><\/rect><g><path class=\"cls-2\" d=\"M50.98,81.76h-15.81c-1.93,0-3.5,1.57-3.5,3.5s1.57,3.5,3.5,3.5h15.81c1.93,0,3.5-1.57,3.5-3.5s-1.57-3.5-3.5-3.5Z\"><\/path><path class=\"cls-2\" d=\"M64.9,53.79c1.37-1.37,1.37-3.58,0-4.95l-10.12-10.12c-1.37-1.37-3.58-1.37-4.95,0-1.37,1.37-1.37,3.58,0,4.95l10.12,10.12c.68,.68,1.58,1.03,2.47,1.03s1.79-.34,2.47-1.03Z\"><\/path><path class=\"cls-2\" d=\"M145.27,38.72c-1.37-1.37-3.58-1.37-4.95,0l-10.12,10.12c-1.37,1.37-1.37,3.58,0,4.95,.68,.68,1.58,1.03,2.47,1.03s1.79-.34,2.47-1.03l10.12-10.12c1.37-1.37,1.37-3.58,0-4.95Z\"><\/path><path class=\"cls-2\" d=\"M97.75,42c1.93,0,3.5-1.57,3.5-3.5v-14.15c0-1.93-1.57-3.5-3.5-3.5s-3.5,1.57-3.5,3.5v14.15c0,1.93,1.57,3.5,3.5,3.5Z\"><\/path><path class=\"cls-2\" d=\"M156.83,81.76h-14.03c-1.93,0-3.5,1.57-3.5,3.5s1.57,3.5,3.5,3.5h14.03c1.93,0,3.5-1.57,3.5-3.5s-1.57-3.5-3.5-3.5Z\"><\/path><path class=\"cls-2\" d=\"M97.75,48.42c-19.84,0-35.98,16.14-35.98,35.98,0,5.06,.99,9.78,3.03,14.44,.96,2.2,2.35,4.65,3.82,7.25,2.14,3.78,4.57,8.07,5.66,11.69,5.01,16.67,2.59,32.29,2.56,32.45l-.05,.56c0,11.22,9.13,20.36,20.36,20.36s20.36-9.13,20.36-20.36l-.04-.56c-.01-.09-.83-5.44-.21-13.48,.08-.29,.13-.58,.13-.89,0-.1-.02-.19-.03-.29,.48-5.16,1.55-11.3,3.76-17.81,1.37-4.04,4.12-8.95,6.55-13.28,1.09-1.95,2.12-3.79,2.96-5.44,2.75-5.36,3.12-10.41,3.12-14.64,0-19.84-16.14-35.98-35.98-35.98Zm12.3,90.94c-.16,4.07,0,7.32,.19,9.41h-26.18c.21-2.1,.44-5.36,.39-9.41h25.6Zm-12.91,24.79c-5.6,0-10.4-3.48-12.38-8.38h24.76c-1.98,4.9-6.78,8.38-12.38,8.38Zm27.24-68.3c-.79,1.54-1.79,3.32-2.84,5.21-2.57,4.6-5.49,9.8-7.07,14.45-2.06,6.07-3.23,11.82-3.85,16.86h-9.68c.34-.54,.54-1.17,.54-1.86v-19.97c5.79-1.55,10.07-6.82,10.07-13.1,0-1.93-1.57-3.5-3.5-3.5s-3.5,1.57-3.5,3.5c0,3.62-2.95,6.57-6.57,6.57s-6.57-2.95-6.57-6.57c0-1.93-1.57-3.5-3.5-3.5s-3.5,1.57-3.5,3.5c0,6.27,4.28,11.55,10.07,13.1v19.97c0,.68,.2,1.32,.54,1.86h-10.93c-.44-5.05-1.37-10.74-3.14-16.6-1.31-4.37-3.95-9.02-6.27-13.12-1.38-2.44-2.68-4.74-3.5-6.6-1.64-3.76-2.44-7.56-2.44-11.64,0-15.98,13-28.98,28.98-28.98s28.98,13,28.98,28.98c0,4.87-.68,8.19-2.35,11.45Z\"><\/path><\/g><\/g><\/g><\/svg>\t\t\t<\/div>\n\t\t<\/div>\n\t\t\t\t\t\t<\/div>\n\t\t\t\t<\/div>\n\t\t\t\t<div class=\"elementor-element elementor-element-d99e09e elementor-widget__width-inherit elementor-widget elementor-widget-heading\" data-id=\"d99e09e\" data-element_type=\"widget\" data-e-type=\"widget\" data-widget_type=\"heading.default\">\n\t\t\t\t<div class=\"elementor-widget-container\">\n\t\t\t\t\t<span class=\"elementor-heading-title elementor-size-default\">En Inde et au Sri Lanka, par exemple, il \u00e9tait courant d'ajouter de la cardamome aux boissons chaudes et aux pr\u00e9parations \u00e9pic\u00e9es, mais aussi de m\u00e2cher ses graines apr\u00e8s les repas pour rafra\u00eechir l'haleine. <\/span>\t\t\t\t<\/div>\n\t\t\t\t<\/div>\n\t\t\t\t\t<\/div>\n\t\t\t\t<\/div>\n\t\t\t\t<div class=\"elementor-element elementor-element-177edc1 elementor-widget elementor-widget-text-editor\" data-id=\"177edc1\" data-element_type=\"widget\" data-e-type=\"widget\" data-widget_type=\"text-editor.default\">\n\t\t\t\t<div class=\"elementor-widget-container\">\n\t\t\t\t\t\t\t\t\t<p><span style=\"font-weight: 400;\">Dans le monde professionnel actuel, la cardamome s&rsquo;est impos\u00e9e comme un ingr\u00e9dient strat\u00e9gique pour les entreprises qui cherchent \u00e0 diff\u00e9rencier leurs produits. Voici quelques-unes de ses applications actuelles :<\/span><\/p><ul><li style=\"font-weight: 400;\" aria-level=\"1\"><span style=\"font-weight: 400;\">C&rsquo;est un ingr\u00e9dient cl\u00e9 dans les th\u00e9s noirs, verts et les m\u00e9langes haut de gamme, auxquels elle apporte caract\u00e8re et complexit\u00e9 aromatique.<\/span><\/li><li style=\"font-weight: 400;\" aria-level=\"1\"><span style=\"font-weight: 400;\">Elle est incorpor\u00e9e dans les infusions fonctionnelles, les th\u00e9s ayurv\u00e9diques et les produits digestifs en raison des propri\u00e9t\u00e9s digestives qui lui sont attribu\u00e9es.<\/span><\/li><li style=\"font-weight: 400;\" aria-level=\"1\"><span style=\"font-weight: 400;\">En gastronomie, son ar\u00f4me frais et chaleureux rehausse les desserts, les pains, les biscuits, les currys, les riz et les rago\u00fbts, et elle entre dans la composition de m\u00e9langes d&rsquo;\u00e9pices ou d&rsquo;innovations culinaires modernes.<\/span><\/li><li style=\"font-weight: 400;\" aria-level=\"1\"><span style=\"font-weight: 400;\">Elle entre dans la composition de produits gastronomiques, artisanaux, de boissons innovantes et de gammes biologiques, o\u00f9 son prestige historique ajoute de la valeur \u00e0 la marque.<\/span><\/li><li style=\"font-weight: 400;\" aria-level=\"1\"><span style=\"font-weight: 400;\">Son ar\u00f4me est m\u00eame utilis\u00e9 dans la parfumerie et la gastronomie moderne, renfor\u00e7ant ainsi sa polyvalence.<\/span><\/li><\/ul>\t\t\t\t\t\t\t\t<\/div>\n\t\t\t\t<\/div>\n\t\t\t\t<div class=\"elementor-element elementor-element-a4a8179 elementor-widget elementor-widget-heading\" data-id=\"a4a8179\" data-element_type=\"widget\" data-e-type=\"widget\" data-widget_type=\"heading.default\">\n\t\t\t\t<div class=\"elementor-widget-container\">\n\t\t\t\t\t<h2 class=\"elementor-heading-title elementor-size-default\">M\u00e9langes classiques \u00e0 base de cardamome \n<\/h2>\t\t\t\t<\/div>\n\t\t\t\t<\/div>\n\t\t\t\t<div class=\"elementor-element elementor-element-5815d4b elementor-widget elementor-widget-text-editor\" data-id=\"5815d4b\" data-element_type=\"widget\" data-e-type=\"widget\" data-widget_type=\"text-editor.default\">\n\t\t\t\t<div class=\"elementor-widget-container\">\n\t\t\t\t\t\t\t\t\t<p><span style=\"font-weight: 400;\">La cardamome joue un r\u00f4le de premier plan dans de nombreux m\u00e9langes qui font aujourd&rsquo;hui partie du r\u00e9pertoire essentiel du secteur du th\u00e9 et des infusions. Son profil aromatique, reconnaissable et polyvalent, en fait une \u00e9pice cl\u00e9 dans les recettes traditionnelles et les formulations contemporaines.<\/span><\/p>\t\t\t\t\t\t\t\t<\/div>\n\t\t\t\t<\/div>\n\t\t\t\t<div class=\"elementor-element elementor-element-7f2f5e1 elementor-widget elementor-widget-heading\" data-id=\"7f2f5e1\" data-element_type=\"widget\" data-e-type=\"widget\" data-widget_type=\"heading.default\">\n\t\t\t\t<div class=\"elementor-widget-container\">\n\t\t\t\t\t<h3 class=\"elementor-heading-title elementor-size-default\">Masala chai\n<\/h3>\t\t\t\t<\/div>\n\t\t\t\t<\/div>\n\t\t\t\t<div class=\"elementor-element elementor-element-ffb7adb elementor-widget elementor-widget-text-editor\" data-id=\"ffb7adb\" data-element_type=\"widget\" data-e-type=\"widget\" data-widget_type=\"text-editor.default\">\n\t\t\t\t<div class=\"elementor-widget-container\">\n\t\t\t\t\t\t\t\t\t<p><span style=\"font-weight: 400;\">Le masala chai est sans aucun doute le m\u00e9lange le plus embl\u00e9matique associ\u00e9 \u00e0 la cardamome. Dans cette formulation, la cardamome verte agit comme un axe aromatique, apportant fra\u00eecheur et \u00e9quilibre face \u00e0 des \u00e9pices plus chaudes.\u00a0<\/span><\/p><p><span style=\"font-weight: 400;\">Sa bonne int\u00e9gration d\u00e9finit le caract\u00e8re du m\u00e9lange et est d\u00e9terminante pour obtenir un m\u00e9lange harmonieux et bien structur\u00e9.<\/span><\/p>\t\t\t\t\t\t\t\t<\/div>\n\t\t\t\t<\/div>\n\t\t\t\t<div class=\"elementor-element elementor-element-3fee3d9 elementor-widget elementor-widget-shortcode\" data-id=\"3fee3d9\" data-element_type=\"widget\" data-e-type=\"widget\" data-widget_type=\"shortcode.default\">\n\t\t\t\t<div class=\"elementor-widget-container\">\n\t\t\t\t\t\t\t<div class=\"elementor-shortcode\">\t\t<div data-elementor-type=\"section\" data-elementor-id=\"51132\" class=\"elementor elementor-51132 elementor-51052 elementor-51052\" data-elementor-post-type=\"elementor_library\">\n\t\t\t<div class=\"elementor-element elementor-element-3039963 e-con-full e-flex e-con e-parent\" data-id=\"3039963\" data-element_type=\"container\" data-e-type=\"container\" data-settings=\"{&quot;background_background&quot;:&quot;classic&quot;}\">\n\t\t<div class=\"elementor-element elementor-element-4351092 e-con-full e-flex e-con e-child\" data-id=\"4351092\" data-element_type=\"container\" data-e-type=\"container\">\n\t\t\t\t<div class=\"elementor-element elementor-element-2090423 elementor-widget elementor-widget-heading\" data-id=\"2090423\" data-element_type=\"widget\" data-e-type=\"widget\" data-widget_type=\"heading.default\">\n\t\t\t\t<div class=\"elementor-widget-container\">\n\t\t\t\t\t<p class=\"elementor-heading-title elementor-size-default\">Recevez 10 \u00e9chantillons gratuits<\/p>\t\t\t\t<\/div>\n\t\t\t\t<\/div>\n\t\t\t\t<div class=\"elementor-element elementor-element-1b4106c elementor-widget elementor-widget-heading\" data-id=\"1b4106c\" data-element_type=\"widget\" data-e-type=\"widget\" data-widget_type=\"heading.default\">\n\t\t\t\t<div class=\"elementor-widget-container\">\n\t\t\t\t\t<p class=\"elementor-heading-title elementor-size-default\">Exclusivement r\u00e9serv\u00e9s aux professionnels du th\u00e9<\/p>\t\t\t\t<\/div>\n\t\t\t\t<\/div>\n\t\t\t\t<div class=\"elementor-element elementor-element-c6cc423 elementor-align-left elementor-widget elementor-widget-button\" data-id=\"c6cc423\" data-element_type=\"widget\" data-e-type=\"widget\" data-widget_type=\"button.default\">\n\t\t\t\t<div class=\"elementor-widget-container\">\n\t\t\t\t\t\t\t\t\t<div class=\"elementor-button-wrapper\">\n\t\t\t\t\t<a class=\"elementor-button elementor-button-link elementor-size-sm\" href=\"#request-catalogue\">\n\t\t\t\t\t\t<span class=\"elementor-button-content-wrapper\">\n\t\t\t\t\t\t\t\t\t<span class=\"elementor-button-text\">DEMANDER LE CATALOGUE<\/span>\n\t\t\t\t\t<\/span>\n\t\t\t\t\t<\/a>\n\t\t\t\t<\/div>\n\t\t\t\t\t\t\t\t<\/div>\n\t\t\t\t<\/div>\n\t\t\t\t<\/div>\n\t\t<div class=\"elementor-element elementor-element-92c569c e-con-full e-flex e-con e-child\" data-id=\"92c569c\" data-element_type=\"container\" data-e-type=\"container\">\n\t\t\t\t<div class=\"elementor-element elementor-element-82c5156 elementor-widget elementor-widget-image\" data-id=\"82c5156\" data-element_type=\"widget\" data-e-type=\"widget\" data-widget_type=\"image.default\">\n\t\t\t\t<div class=\"elementor-widget-container\">\n\t\t\t\t\t\t\t\t\t\t\t\t\t\t\t<img loading=\"lazy\" decoding=\"async\" width=\"863\" height=\"343\" src=\"https:\/\/www.alveus.eu\/wp-content\/uploads\/cta-catalogues.png\" class=\"attachment-large size-large wp-image-51121\" alt=\"\" srcset=\"https:\/\/www.alveus.eu\/wp-content\/uploads\/cta-catalogues.png 863w, https:\/\/www.alveus.eu\/wp-content\/uploads\/cta-catalogues-300x119.png 300w, https:\/\/www.alveus.eu\/wp-content\/uploads\/cta-catalogues-768x305.png 768w\" sizes=\"(max-width: 863px) 100vw, 863px\" \/>\t\t\t\t\t\t\t\t\t\t\t\t\t\t\t<\/div>\n\t\t\t\t<\/div>\n\t\t\t\t<\/div>\n\t\t\t\t<\/div>\n\t\t\t\t<\/div>\n\t\t<\/div>\n\t\t\t\t\t\t<\/div>\n\t\t\t\t<\/div>\n\t\t\t\t<div class=\"elementor-element elementor-element-524c177 elementor-widget elementor-widget-heading\" data-id=\"524c177\" data-element_type=\"widget\" data-e-type=\"widget\" data-widget_type=\"heading.default\">\n\t\t\t\t<div class=\"elementor-widget-container\">\n\t\t\t\t\t<h3 class=\"elementor-heading-title elementor-size-default\">Th\u00e9s noirs \u00e9pic\u00e9s\n<\/h3>\t\t\t\t<\/div>\n\t\t\t\t<\/div>\n\t\t\t\t<div class=\"elementor-element elementor-element-6d77d79 elementor-widget elementor-widget-text-editor\" data-id=\"6d77d79\" data-element_type=\"widget\" data-e-type=\"widget\" data-widget_type=\"text-editor.default\">\n\t\t\t\t<div class=\"elementor-widget-container\">\n\t\t\t\t\t\t\t\t\t<p><span style=\"font-weight: 400;\">Dans les m\u00e9langes de th\u00e9 noir, la cardamome renforce la profondeur aromatique et apporte une note \u00e9l\u00e9gante et reconnaissable, tr\u00e8s appr\u00e9ci\u00e9e dans les m\u00e9langes classiques et hivernaux.<\/span><\/p>\t\t\t\t\t\t\t\t<\/div>\n\t\t\t\t<\/div>\n\t\t\t\t<div class=\"elementor-element elementor-element-5b34f51 elementor-widget elementor-widget-heading\" data-id=\"5b34f51\" data-element_type=\"widget\" data-e-type=\"widget\" data-widget_type=\"heading.default\">\n\t\t\t\t<div class=\"elementor-widget-container\">\n\t\t\t\t\t<h3 class=\"elementor-heading-title elementor-size-default\">Th\u00e9s verts aromatis\u00e9s\n<\/h3>\t\t\t\t<\/div>\n\t\t\t\t<\/div>\n\t\t\t\t<div class=\"elementor-element elementor-element-83d712d elementor-widget elementor-widget-text-editor\" data-id=\"83d712d\" data-element_type=\"widget\" data-e-type=\"widget\" data-widget_type=\"text-editor.default\">\n\t\t\t\t<div class=\"elementor-widget-container\">\n\t\t\t\t\t\t\t\t\t<p><span style=\"font-weight: 400;\">Dans les th\u00e9s verts, elle est utilis\u00e9e pour apporter contraste et complexit\u00e9 sans \u00e9clipser la base, en particulier dans les combinaisons avec des ingr\u00e9dients citriques ou botaniques doux.<\/span><\/p>\t\t\t\t\t\t\t\t<\/div>\n\t\t\t\t<\/div>\n\t\t\t\t<div class=\"elementor-element elementor-element-f39070f elementor-widget elementor-widget-heading\" data-id=\"f39070f\" data-element_type=\"widget\" data-e-type=\"widget\" data-widget_type=\"heading.default\">\n\t\t\t\t<div class=\"elementor-widget-container\">\n\t\t\t\t\t<h3 class=\"elementor-heading-title elementor-size-default\">Infusions chaudes \u00e0 base de plantes\n<\/h3>\t\t\t\t<\/div>\n\t\t\t\t<\/div>\n\t\t\t\t<div class=\"elementor-element elementor-element-96503ba elementor-widget elementor-widget-text-editor\" data-id=\"96503ba\" data-element_type=\"widget\" data-e-type=\"widget\" data-widget_type=\"text-editor.default\">\n\t\t\t\t<div class=\"elementor-widget-container\">\n\t\t\t\t\t\t\t\t\t<p><span style=\"font-weight: 400;\">La cardamome apporte chaleur et structure aux infusions sans th\u00e9ine, am\u00e9liorant le profil aromatique des m\u00e9langes \u00e0 base de plantes destin\u00e9s \u00e0 une consommation quotidienne.<\/span><\/p>\t\t\t\t\t\t\t\t<\/div>\n\t\t\t\t<\/div>\n\t\t\t\t<div class=\"elementor-element elementor-element-734638e elementor-widget elementor-widget-heading\" data-id=\"734638e\" data-element_type=\"widget\" data-e-type=\"widget\" data-widget_type=\"heading.default\">\n\t\t\t\t<div class=\"elementor-widget-container\">\n\t\t\t\t\t<h3 class=\"elementor-heading-title elementor-size-default\">M\u00e9langes d'inspiration r\u00e9gionale<\/h3>\t\t\t\t<\/div>\n\t\t\t\t<\/div>\n\t\t\t\t<div class=\"elementor-element elementor-element-84c475c elementor-widget elementor-widget-text-editor\" data-id=\"84c475c\" data-element_type=\"widget\" data-e-type=\"widget\" data-widget_type=\"text-editor.default\">\n\t\t\t\t<div class=\"elementor-widget-container\">\n\t\t\t\t\t\t\t\t\t<p><span style=\"font-weight: 400;\">Des m\u00e9langes arabes aux formulations scandinaves, la cardamome est utilis\u00e9e pour apporter une identit\u00e9 culturelle et un caract\u00e8re aromatique distinctif.<\/span><\/p>\t\t\t\t\t\t\t\t<\/div>\n\t\t\t\t<\/div>\n\t\t\t\t<div class=\"elementor-element elementor-element-64344cf elementor-widget elementor-widget-heading\" data-id=\"64344cf\" data-element_type=\"widget\" data-e-type=\"widget\" data-widget_type=\"heading.default\">\n\t\t\t\t<div class=\"elementor-widget-container\">\n\t\t\t\t\t<h3 class=\"elementor-heading-title elementor-size-default\">Th\u00e9s fruit\u00e9s gourmands\n<\/h3>\t\t\t\t<\/div>\n\t\t\t\t<\/div>\n\t\t\t\t<div class=\"elementor-element elementor-element-c1d9117 elementor-widget elementor-widget-text-editor\" data-id=\"c1d9117\" data-element_type=\"widget\" data-e-type=\"widget\" data-widget_type=\"text-editor.default\">\n\t\t\t\t<div class=\"elementor-widget-container\">\n\t\t\t\t\t\t\t\t\t<p><span style=\"font-weight: 400;\">Dans les m\u00e9langes fruit\u00e9s, elle agit comme une note de fond qui \u00e9quilibre et rehausse l&rsquo;ensemble, apportant de la complexit\u00e9 sans dominer le m\u00e9lange.<\/span><\/p><p><span style=\"font-weight: 400;\">D\u00e9couvrez sur ce lien vers notre B2B pour professionnels tous nos <\/span><a href=\"https:\/\/b2b.alveus.eu\/fr\/the.html?nxt_ingredients_filter=1049\" target=\"_blank\" rel=\"noopener\"><span style=\"font-weight: 400;\">m\u00e9langes de th\u00e9s, infusions et \u00e9pices contenant de la cardamome<\/span><\/a><span style=\"font-weight: 400;\"> parmi leurs ingr\u00e9dients. Ou bien, notre <\/span><a href=\"https:\/\/b2b.alveus.eu\/fr\/the\/cardamome-bio-ref-82427.html\" target=\"_blank\" rel=\"noopener\"><span style=\"font-weight: 400;\">cardamome en vrac BIO<\/span><\/a><span style=\"font-weight: 400;\">, disponible pour les achats en gros.<\/span><\/p>\t\t\t\t\t\t\t\t<\/div>\n\t\t\t\t<\/div>\n\t\t\t\t<div class=\"elementor-element elementor-element-98e5ce3 elementor-widget elementor-widget-heading\" data-id=\"98e5ce3\" data-element_type=\"widget\" data-e-type=\"widget\" data-widget_type=\"heading.default\">\n\t\t\t\t<div class=\"elementor-widget-container\">\n\t\t\t\t\t<h2 class=\"elementor-heading-title elementor-size-default\">La cardamome comme outil strat\u00e9gique dans le catalogue professionnel\n<\/h2>\t\t\t\t<\/div>\n\t\t\t\t<\/div>\n\t\t\t\t<div class=\"elementor-element elementor-element-12d8b64 elementor-widget elementor-widget-text-editor\" data-id=\"12d8b64\" data-element_type=\"widget\" data-e-type=\"widget\" data-widget_type=\"text-editor.default\">\n\t\t\t\t<div class=\"elementor-widget-container\">\n\t\t\t\t\t\t\t\t\t<p><span style=\"font-weight: 400;\">La cardamome n&rsquo;est pas seulement une \u00e9pice aromatique, mais un v\u00e9ritable outil de formulation pour les marques et les professionnels du th\u00e9. Son histoire, sa complexit\u00e9 sensorielle et sa polyvalence en font un ingr\u00e9dient capable d&rsquo;apporter identit\u00e9, coh\u00e9rence et valeur ajout\u00e9e \u00e0 toute collection de th\u00e9s, d&rsquo;infusions ou de m\u00e9langes \u00e9pic\u00e9s.<\/span><\/p><p><span style=\"font-weight: 400;\">Utilis\u00e9e \u00e0 bon escient, la cardamome permet de d\u00e9velopper des m\u00e9langes qui allient tradition et modernit\u00e9. Elle permet \u00e9galement de r\u00e9pondre aux tendances de consommation orient\u00e9es vers le naturel et le haut de gamme, et de se d\u00e9marquer sur un march\u00e9 de plus en plus exigeant. Pour les entreprises qui recherchent la qualit\u00e9, la coh\u00e9rence et la personnalit\u00e9 aromatique, une connaissance approfondie de cette \u00e9pice constitue un v\u00e9ritable avantage concurrentiel.<\/span><\/p>\t\t\t\t\t\t\t\t<\/div>\n\t\t\t\t<\/div>\n\t\t\t\t<\/div>\n\t\t\t\t<\/div>\n\t\t","protected":false},"excerpt":{"rendered":"<p>Une vision globale de la cardamome pour les marques et les professionnels : origine et typologies, diff\u00e9rences entre les vari\u00e9t\u00e9s et applications cl\u00e9s qui la consolident comme l&rsquo;une des \u00e9pices les plus polyvalentes dans les th\u00e9s, les infusions, le chai et les m\u00e9langes aromatiques de haute qualit\u00e9.<\/p>\n","protected":false},"author":11,"featured_media":60020,"comment_status":"open","ping_status":"open","sticky":false,"template":"","format":"standard","meta":{"_acf_changed":false,"footnotes":""},"categories":[180],"tags":[],"class_list":["post-60042","post","type-post","status-publish","format-standard","has-post-thumbnail","hentry","category-herbes-et-epices"],"acf":[],"yoast_head":"<!-- This site is optimized with the Yoast SEO Premium plugin v27.5 (Yoast SEO v27.5) - https:\/\/yoast.com\/product\/yoast-seo-premium-wordpress\/ -->\n<title>Cardamome : l&#039;\u00e9pice qui rehausse les m\u00e9langes de th\u00e9s et d&#039;infusions - Alveus<\/title>\n<meta name=\"description\" content=\"Guide professionnel sur la cardamome : qu&#039;est-ce que c&#039;est, quelles sont les vari\u00e9t\u00e9s et comment l&#039;int\u00e9grer dans les m\u00e9langes de th\u00e9 et les infusions professionnels.\" \/>\n<meta name=\"robots\" content=\"index, follow, max-snippet:-1, max-image-preview:large, max-video-preview:-1\" \/>\n<link rel=\"canonical\" href=\"https:\/\/www.alveus.eu\/fr\/blog\/cardamome-quest-ce-que-cest\/\" \/>\n<meta property=\"og:locale\" content=\"fr_FR\" \/>\n<meta property=\"og:type\" content=\"article\" \/>\n<meta property=\"og:title\" content=\"Cardamome : l&#039;\u00e9pice qui rehausse les m\u00e9langes de th\u00e9s et d&#039;infusions\" \/>\n<meta property=\"og:description\" content=\"Guide professionnel sur la cardamome : qu&#039;est-ce que c&#039;est, quelles sont les vari\u00e9t\u00e9s et comment l&#039;int\u00e9grer dans les m\u00e9langes de th\u00e9 et les infusions professionnels.\" \/>\n<meta property=\"og:url\" content=\"https:\/\/www.alveus.eu\/fr\/blog\/cardamome-quest-ce-que-cest\/\" \/>\n<meta property=\"og:site_name\" content=\"Alveus\" \/>\n<meta property=\"article:publisher\" content=\"https:\/\/www.facebook.com\/alveusinternational\/\" \/>\n<meta property=\"article:published_time\" content=\"2026-02-20T11:57:05+00:00\" \/>\n<meta property=\"article:modified_time\" content=\"2026-02-20T11:58:02+00:00\" \/>\n<meta property=\"og:image\" content=\"https:\/\/www.alveus.eu\/wp-content\/uploads\/112_a1.jpg\" \/>\n\t<meta property=\"og:image:width\" content=\"900\" \/>\n\t<meta property=\"og:image:height\" content=\"600\" \/>\n\t<meta property=\"og:image:type\" content=\"image\/jpeg\" \/>\n<meta name=\"author\" content=\"Alveus Blog Team\" \/>\n<meta name=\"twitter:card\" content=\"summary_large_image\" \/>\n<meta name=\"twitter:label1\" content=\"\u00c9crit par\" \/>\n\t<meta name=\"twitter:data1\" content=\"Alveus Blog Team\" \/>\n\t<meta name=\"twitter:label2\" content=\"Dur\u00e9e de lecture estim\u00e9e\" \/>\n\t<meta name=\"twitter:data2\" content=\"11 minutes\" \/>\n<script type=\"application\/ld+json\" class=\"yoast-schema-graph\">{\"@context\":\"https:\\\/\\\/schema.org\",\"@graph\":[{\"@type\":\"Article\",\"@id\":\"https:\\\/\\\/www.alveus.eu\\\/fr\\\/blog\\\/cardamome-quest-ce-que-cest\\\/#article\",\"isPartOf\":{\"@id\":\"https:\\\/\\\/www.alveus.eu\\\/fr\\\/blog\\\/cardamome-quest-ce-que-cest\\\/\"},\"author\":{\"name\":\"Alveus Blog Team\",\"@id\":\"https:\\\/\\\/www.alveus.eu\\\/fr#\\\/schema\\\/person\\\/6864b22051c6c128b3c72edaeac35855\"},\"headline\":\"Cardamome : l&rsquo;\u00e9pice qui rehausse les m\u00e9langes de th\u00e9s et d&rsquo;infusions\",\"datePublished\":\"2026-02-20T11:57:05+00:00\",\"dateModified\":\"2026-02-20T11:58:02+00:00\",\"mainEntityOfPage\":{\"@id\":\"https:\\\/\\\/www.alveus.eu\\\/fr\\\/blog\\\/cardamome-quest-ce-que-cest\\\/\"},\"wordCount\":2114,\"commentCount\":0,\"publisher\":{\"@id\":\"https:\\\/\\\/www.alveus.eu\\\/fr#organization\"},\"image\":{\"@id\":\"https:\\\/\\\/www.alveus.eu\\\/fr\\\/blog\\\/cardamome-quest-ce-que-cest\\\/#primaryimage\"},\"thumbnailUrl\":\"https:\\\/\\\/www.alveus.eu\\\/wp-content\\\/uploads\\\/112_a1.jpg\",\"articleSection\":[\"Herbes et \u00c9pices\"],\"inLanguage\":\"fr-FR\",\"potentialAction\":[{\"@type\":\"CommentAction\",\"name\":\"Comment\",\"target\":[\"https:\\\/\\\/www.alveus.eu\\\/fr\\\/blog\\\/cardamome-quest-ce-que-cest\\\/#respond\"]}]},{\"@type\":\"WebPage\",\"@id\":\"https:\\\/\\\/www.alveus.eu\\\/fr\\\/blog\\\/cardamome-quest-ce-que-cest\\\/\",\"url\":\"https:\\\/\\\/www.alveus.eu\\\/fr\\\/blog\\\/cardamome-quest-ce-que-cest\\\/\",\"name\":\"Cardamome : l'\u00e9pice qui rehausse les m\u00e9langes de th\u00e9s et d'infusions - Alveus\",\"isPartOf\":{\"@id\":\"https:\\\/\\\/www.alveus.eu\\\/fr#website\"},\"primaryImageOfPage\":{\"@id\":\"https:\\\/\\\/www.alveus.eu\\\/fr\\\/blog\\\/cardamome-quest-ce-que-cest\\\/#primaryimage\"},\"image\":{\"@id\":\"https:\\\/\\\/www.alveus.eu\\\/fr\\\/blog\\\/cardamome-quest-ce-que-cest\\\/#primaryimage\"},\"thumbnailUrl\":\"https:\\\/\\\/www.alveus.eu\\\/wp-content\\\/uploads\\\/112_a1.jpg\",\"datePublished\":\"2026-02-20T11:57:05+00:00\",\"dateModified\":\"2026-02-20T11:58:02+00:00\",\"description\":\"Guide professionnel sur la cardamome : qu'est-ce que c'est, quelles sont les vari\u00e9t\u00e9s et comment l'int\u00e9grer dans les m\u00e9langes de th\u00e9 et les infusions professionnels.\",\"breadcrumb\":{\"@id\":\"https:\\\/\\\/www.alveus.eu\\\/fr\\\/blog\\\/cardamome-quest-ce-que-cest\\\/#breadcrumb\"},\"inLanguage\":\"fr-FR\",\"potentialAction\":[{\"@type\":\"ReadAction\",\"target\":[\"https:\\\/\\\/www.alveus.eu\\\/fr\\\/blog\\\/cardamome-quest-ce-que-cest\\\/\"]}]},{\"@type\":\"ImageObject\",\"inLanguage\":\"fr-FR\",\"@id\":\"https:\\\/\\\/www.alveus.eu\\\/fr\\\/blog\\\/cardamome-quest-ce-que-cest\\\/#primaryimage\",\"url\":\"https:\\\/\\\/www.alveus.eu\\\/wp-content\\\/uploads\\\/112_a1.jpg\",\"contentUrl\":\"https:\\\/\\\/www.alveus.eu\\\/wp-content\\\/uploads\\\/112_a1.jpg\",\"width\":900,\"height\":600,\"caption\":\"cardamome\"},{\"@type\":\"BreadcrumbList\",\"@id\":\"https:\\\/\\\/www.alveus.eu\\\/fr\\\/blog\\\/cardamome-quest-ce-que-cest\\\/#breadcrumb\",\"itemListElement\":[{\"@type\":\"ListItem\",\"position\":1,\"name\":\"Home\",\"item\":\"https:\\\/\\\/www.alveus.eu\\\/fr\"},{\"@type\":\"ListItem\",\"position\":2,\"name\":\"Herbes et \u00c9pices\",\"item\":\"https:\\\/\\\/www.alveus.eu\\\/fr\\\/blog\\\/category\\\/herbes-et-epices\\\/\"},{\"@type\":\"ListItem\",\"position\":3,\"name\":\"Cardamome : l&#8217;\u00e9pice qui rehausse les m\u00e9langes de th\u00e9s et d&#8217;infusions\"}]},{\"@type\":\"WebSite\",\"@id\":\"https:\\\/\\\/www.alveus.eu\\\/fr#website\",\"url\":\"https:\\\/\\\/www.alveus.eu\\\/fr\",\"name\":\"Alveus\",\"description\":\"\",\"publisher\":{\"@id\":\"https:\\\/\\\/www.alveus.eu\\\/fr#organization\"},\"potentialAction\":[{\"@type\":\"SearchAction\",\"target\":{\"@type\":\"EntryPoint\",\"urlTemplate\":\"https:\\\/\\\/www.alveus.eu\\\/fr?s={search_term_string}\"},\"query-input\":{\"@type\":\"PropertyValueSpecification\",\"valueRequired\":true,\"valueName\":\"search_term_string\"}}],\"inLanguage\":\"fr-FR\"},{\"@type\":\"Organization\",\"@id\":\"https:\\\/\\\/www.alveus.eu\\\/fr#organization\",\"name\":\"Alveus\",\"alternateName\":\"Alveus Premium Teas\",\"url\":\"https:\\\/\\\/www.alveus.eu\\\/fr\",\"logo\":{\"@type\":\"ImageObject\",\"inLanguage\":\"fr-FR\",\"@id\":\"https:\\\/\\\/www.alveus.eu\\\/fr#\\\/schema\\\/logo\\\/image\\\/\",\"url\":\"https:\\\/\\\/www.alveus.eu\\\/wp-content\\\/uploads\\\/2023\\\/07\\\/alveus-logo-primary.png\",\"contentUrl\":\"https:\\\/\\\/www.alveus.eu\\\/wp-content\\\/uploads\\\/2023\\\/07\\\/alveus-logo-primary.png\",\"width\":248,\"height\":248,\"caption\":\"Alveus\"},\"image\":{\"@id\":\"https:\\\/\\\/www.alveus.eu\\\/fr#\\\/schema\\\/logo\\\/image\\\/\"},\"sameAs\":[\"https:\\\/\\\/www.facebook.com\\\/alveusinternational\\\/\",\"https:\\\/\\\/www.instagram.com\\\/alveustea\\\/\",\"https:\\\/\\\/de.linkedin.com\\\/company\\\/alveustea\"]},{\"@type\":\"Person\",\"@id\":\"https:\\\/\\\/www.alveus.eu\\\/fr#\\\/schema\\\/person\\\/6864b22051c6c128b3c72edaeac35855\",\"name\":\"Alveus Blog Team\",\"image\":{\"@type\":\"ImageObject\",\"inLanguage\":\"fr-FR\",\"@id\":\"https:\\\/\\\/secure.gravatar.com\\\/avatar\\\/f951c832a9809c8d01d2ce4fa8bb10716ac4997c3cf93244fa19413f7d28b08e?s=96&d=mm&r=g\",\"url\":\"https:\\\/\\\/secure.gravatar.com\\\/avatar\\\/f951c832a9809c8d01d2ce4fa8bb10716ac4997c3cf93244fa19413f7d28b08e?s=96&d=mm&r=g\",\"contentUrl\":\"https:\\\/\\\/secure.gravatar.com\\\/avatar\\\/f951c832a9809c8d01d2ce4fa8bb10716ac4997c3cf93244fa19413f7d28b08e?s=96&d=mm&r=g\",\"caption\":\"Alveus Blog Team\"},\"description\":\"Editorial team formed by tea professionals from different countries. We are driven by our passion for tea and the dissemination of its culture.\",\"sameAs\":[\"https:\\\/\\\/www.alveus.eu\\\/\"]}]}<\/script>\n<!-- \/ Yoast SEO Premium plugin. -->","yoast_head_json":{"title":"Cardamome : l'\u00e9pice qui rehausse les m\u00e9langes de th\u00e9s et d'infusions - Alveus","description":"Guide professionnel sur la cardamome : qu'est-ce que c'est, quelles sont les vari\u00e9t\u00e9s et comment l'int\u00e9grer dans les m\u00e9langes de th\u00e9 et les infusions professionnels.","robots":{"index":"index","follow":"follow","max-snippet":"max-snippet:-1","max-image-preview":"max-image-preview:large","max-video-preview":"max-video-preview:-1"},"canonical":"https:\/\/www.alveus.eu\/fr\/blog\/cardamome-quest-ce-que-cest\/","og_locale":"fr_FR","og_type":"article","og_title":"Cardamome : l'\u00e9pice qui rehausse les m\u00e9langes de th\u00e9s et d'infusions","og_description":"Guide professionnel sur la cardamome : qu'est-ce que c'est, quelles sont les vari\u00e9t\u00e9s et comment l'int\u00e9grer dans les m\u00e9langes de th\u00e9 et les infusions professionnels.","og_url":"https:\/\/www.alveus.eu\/fr\/blog\/cardamome-quest-ce-que-cest\/","og_site_name":"Alveus","article_publisher":"https:\/\/www.facebook.com\/alveusinternational\/","article_published_time":"2026-02-20T11:57:05+00:00","article_modified_time":"2026-02-20T11:58:02+00:00","og_image":[{"width":900,"height":600,"url":"https:\/\/www.alveus.eu\/wp-content\/uploads\/112_a1.jpg","type":"image\/jpeg"}],"author":"Alveus Blog Team","twitter_card":"summary_large_image","twitter_misc":{"\u00c9crit par":"Alveus Blog Team","Dur\u00e9e de lecture estim\u00e9e":"11 minutes"},"schema":{"@context":"https:\/\/schema.org","@graph":[{"@type":"Article","@id":"https:\/\/www.alveus.eu\/fr\/blog\/cardamome-quest-ce-que-cest\/#article","isPartOf":{"@id":"https:\/\/www.alveus.eu\/fr\/blog\/cardamome-quest-ce-que-cest\/"},"author":{"name":"Alveus Blog Team","@id":"https:\/\/www.alveus.eu\/fr#\/schema\/person\/6864b22051c6c128b3c72edaeac35855"},"headline":"Cardamome : l&rsquo;\u00e9pice qui rehausse les m\u00e9langes de th\u00e9s et d&rsquo;infusions","datePublished":"2026-02-20T11:57:05+00:00","dateModified":"2026-02-20T11:58:02+00:00","mainEntityOfPage":{"@id":"https:\/\/www.alveus.eu\/fr\/blog\/cardamome-quest-ce-que-cest\/"},"wordCount":2114,"commentCount":0,"publisher":{"@id":"https:\/\/www.alveus.eu\/fr#organization"},"image":{"@id":"https:\/\/www.alveus.eu\/fr\/blog\/cardamome-quest-ce-que-cest\/#primaryimage"},"thumbnailUrl":"https:\/\/www.alveus.eu\/wp-content\/uploads\/112_a1.jpg","articleSection":["Herbes et \u00c9pices"],"inLanguage":"fr-FR","potentialAction":[{"@type":"CommentAction","name":"Comment","target":["https:\/\/www.alveus.eu\/fr\/blog\/cardamome-quest-ce-que-cest\/#respond"]}]},{"@type":"WebPage","@id":"https:\/\/www.alveus.eu\/fr\/blog\/cardamome-quest-ce-que-cest\/","url":"https:\/\/www.alveus.eu\/fr\/blog\/cardamome-quest-ce-que-cest\/","name":"Cardamome : l'\u00e9pice qui rehausse les m\u00e9langes de th\u00e9s et d'infusions - Alveus","isPartOf":{"@id":"https:\/\/www.alveus.eu\/fr#website"},"primaryImageOfPage":{"@id":"https:\/\/www.alveus.eu\/fr\/blog\/cardamome-quest-ce-que-cest\/#primaryimage"},"image":{"@id":"https:\/\/www.alveus.eu\/fr\/blog\/cardamome-quest-ce-que-cest\/#primaryimage"},"thumbnailUrl":"https:\/\/www.alveus.eu\/wp-content\/uploads\/112_a1.jpg","datePublished":"2026-02-20T11:57:05+00:00","dateModified":"2026-02-20T11:58:02+00:00","description":"Guide professionnel sur la cardamome : qu'est-ce que c'est, quelles sont les vari\u00e9t\u00e9s et comment l'int\u00e9grer dans les m\u00e9langes de th\u00e9 et les infusions professionnels.","breadcrumb":{"@id":"https:\/\/www.alveus.eu\/fr\/blog\/cardamome-quest-ce-que-cest\/#breadcrumb"},"inLanguage":"fr-FR","potentialAction":[{"@type":"ReadAction","target":["https:\/\/www.alveus.eu\/fr\/blog\/cardamome-quest-ce-que-cest\/"]}]},{"@type":"ImageObject","inLanguage":"fr-FR","@id":"https:\/\/www.alveus.eu\/fr\/blog\/cardamome-quest-ce-que-cest\/#primaryimage","url":"https:\/\/www.alveus.eu\/wp-content\/uploads\/112_a1.jpg","contentUrl":"https:\/\/www.alveus.eu\/wp-content\/uploads\/112_a1.jpg","width":900,"height":600,"caption":"cardamome"},{"@type":"BreadcrumbList","@id":"https:\/\/www.alveus.eu\/fr\/blog\/cardamome-quest-ce-que-cest\/#breadcrumb","itemListElement":[{"@type":"ListItem","position":1,"name":"Home","item":"https:\/\/www.alveus.eu\/fr"},{"@type":"ListItem","position":2,"name":"Herbes et \u00c9pices","item":"https:\/\/www.alveus.eu\/fr\/blog\/category\/herbes-et-epices\/"},{"@type":"ListItem","position":3,"name":"Cardamome : l&#8217;\u00e9pice qui rehausse les m\u00e9langes de th\u00e9s et d&#8217;infusions"}]},{"@type":"WebSite","@id":"https:\/\/www.alveus.eu\/fr#website","url":"https:\/\/www.alveus.eu\/fr","name":"Alveus","description":"","publisher":{"@id":"https:\/\/www.alveus.eu\/fr#organization"},"potentialAction":[{"@type":"SearchAction","target":{"@type":"EntryPoint","urlTemplate":"https:\/\/www.alveus.eu\/fr?s={search_term_string}"},"query-input":{"@type":"PropertyValueSpecification","valueRequired":true,"valueName":"search_term_string"}}],"inLanguage":"fr-FR"},{"@type":"Organization","@id":"https:\/\/www.alveus.eu\/fr#organization","name":"Alveus","alternateName":"Alveus Premium Teas","url":"https:\/\/www.alveus.eu\/fr","logo":{"@type":"ImageObject","inLanguage":"fr-FR","@id":"https:\/\/www.alveus.eu\/fr#\/schema\/logo\/image\/","url":"https:\/\/www.alveus.eu\/wp-content\/uploads\/2023\/07\/alveus-logo-primary.png","contentUrl":"https:\/\/www.alveus.eu\/wp-content\/uploads\/2023\/07\/alveus-logo-primary.png","width":248,"height":248,"caption":"Alveus"},"image":{"@id":"https:\/\/www.alveus.eu\/fr#\/schema\/logo\/image\/"},"sameAs":["https:\/\/www.facebook.com\/alveusinternational\/","https:\/\/www.instagram.com\/alveustea\/","https:\/\/de.linkedin.com\/company\/alveustea"]},{"@type":"Person","@id":"https:\/\/www.alveus.eu\/fr#\/schema\/person\/6864b22051c6c128b3c72edaeac35855","name":"Alveus Blog Team","image":{"@type":"ImageObject","inLanguage":"fr-FR","@id":"https:\/\/secure.gravatar.com\/avatar\/f951c832a9809c8d01d2ce4fa8bb10716ac4997c3cf93244fa19413f7d28b08e?s=96&d=mm&r=g","url":"https:\/\/secure.gravatar.com\/avatar\/f951c832a9809c8d01d2ce4fa8bb10716ac4997c3cf93244fa19413f7d28b08e?s=96&d=mm&r=g","contentUrl":"https:\/\/secure.gravatar.com\/avatar\/f951c832a9809c8d01d2ce4fa8bb10716ac4997c3cf93244fa19413f7d28b08e?s=96&d=mm&r=g","caption":"Alveus Blog Team"},"description":"Editorial team formed by tea professionals from different countries. We are driven by our passion for tea and the dissemination of its culture.","sameAs":["https:\/\/www.alveus.eu\/"]}]}},"_links":{"self":[{"href":"https:\/\/www.alveus.eu\/fr\/wp-json\/wp\/v2\/posts\/60042","targetHints":{"allow":["GET"]}}],"collection":[{"href":"https:\/\/www.alveus.eu\/fr\/wp-json\/wp\/v2\/posts"}],"about":[{"href":"https:\/\/www.alveus.eu\/fr\/wp-json\/wp\/v2\/types\/post"}],"author":[{"embeddable":true,"href":"https:\/\/www.alveus.eu\/fr\/wp-json\/wp\/v2\/users\/11"}],"replies":[{"embeddable":true,"href":"https:\/\/www.alveus.eu\/fr\/wp-json\/wp\/v2\/comments?post=60042"}],"version-history":[{"count":4,"href":"https:\/\/www.alveus.eu\/fr\/wp-json\/wp\/v2\/posts\/60042\/revisions"}],"predecessor-version":[{"id":60063,"href":"https:\/\/www.alveus.eu\/fr\/wp-json\/wp\/v2\/posts\/60042\/revisions\/60063"}],"wp:featuredmedia":[{"embeddable":true,"href":"https:\/\/www.alveus.eu\/fr\/wp-json\/wp\/v2\/media\/60020"}],"wp:attachment":[{"href":"https:\/\/www.alveus.eu\/fr\/wp-json\/wp\/v2\/media?parent=60042"}],"wp:term":[{"taxonomy":"category","embeddable":true,"href":"https:\/\/www.alveus.eu\/fr\/wp-json\/wp\/v2\/categories?post=60042"},{"taxonomy":"post_tag","embeddable":true,"href":"https:\/\/www.alveus.eu\/fr\/wp-json\/wp\/v2\/tags?post=60042"}],"curies":[{"name":"wp","href":"https:\/\/api.w.org\/{rel}","templated":true}]}}