{"id":46289,"date":"2024-10-17T17:13:47","date_gmt":"2024-10-17T16:13:47","guid":{"rendered":"https:\/\/www.alveus.eu\/?p=46289"},"modified":"2025-06-13T08:58:31","modified_gmt":"2025-06-13T07:58:31","slug":"te-coreano-tipi","status":"publish","type":"post","link":"https:\/\/www.alveus.eu\/it\/blog\/te-coreano-tipi\/","title":{"rendered":"T\u00e8 Coreano: Tipi, evoluzione e ci\u00f2 che lo rende speciale"},"content":{"rendered":"\t\t<div data-elementor-type=\"wp-post\" data-elementor-id=\"46289\" class=\"elementor elementor-46289 elementor-46200\" data-elementor-post-type=\"post\">\n\t\t\t\t<div class=\"elementor-element elementor-element-41a2d465 e-con-full e-flex e-con e-parent\" data-id=\"41a2d465\" data-element_type=\"container\" data-e-type=\"container\">\n\t\t\t\t<div class=\"elementor-element elementor-element-19e7ee55 elementor-widget elementor-widget-text-editor\" data-id=\"19e7ee55\" data-element_type=\"widget\" data-e-type=\"widget\" data-widget_type=\"text-editor.default\">\n\t\t\t\t<div class=\"elementor-widget-container\">\n\t\t\t\t\t\t\t\t\t<p><span style=\"font-weight: 400;\">Il t\u00e8 coreano, bench\u00e9 meno conosciuto a livello globale rispetto a quelli giapponesi e cinesi, ha conquistato un posto speciale nel settore grazie alla sua evoluzione e al crescente riconoscimento sul mercato internazionale.\u00a0<\/span><\/p><p><span style=\"font-weight: 400;\">La Corea del Sud ha conosciuto una rinascita della sua cultura del t\u00e8, influenzata dal buddismo e dalla filosofia confuciana, affermandosi come <\/span><b>produttore di t\u00e8 di alta qualit\u00e0 con un carattere distintivo.<\/b><\/p><p><span style=\"font-weight: 400;\">In questo articolo ripercorreremo la storia del t\u00e8 coreano, esplorando il suo profondo legame con la cerimonia del t\u00e8 e le regioni chiave in cui vengono coltivati alcuni dei migliori t\u00e8 del Paese.<\/span><\/p><p><span style=\"font-weight: 400;\">Se lavori nel settore del t\u00e8, questa immersione nella cultura del t\u00e8 della Corea del Sud ti offrir\u00e0 una nuova prospettiva per arricchire la tua offerta ed esplorare un mercato che sta guadagnando sempre pi\u00f9 visibilit\u00e0 sulla scena internazionale.<\/span><\/p>\t\t\t\t\t\t\t\t<\/div>\n\t\t\t\t<\/div>\n\t\t\t\t<div class=\"elementor-element elementor-element-2e5d0e86 elementor-toc--minimized-on-tablet elementor-widget elementor-widget-table-of-contents\" data-id=\"2e5d0e86\" data-element_type=\"widget\" data-e-type=\"widget\" data-settings=\"{&quot;headings_by_tags&quot;:[&quot;h2&quot;],&quot;exclude_headings_by_selector&quot;:&quot;.elementor-grid .elementor-heading-title&quot;,&quot;no_headings_message&quot;:&quot;No headings were found on this page.&quot;,&quot;marker_view&quot;:&quot;numbers&quot;,&quot;minimize_box&quot;:&quot;yes&quot;,&quot;minimized_on&quot;:&quot;tablet&quot;,&quot;hierarchical_view&quot;:&quot;yes&quot;,&quot;min_height&quot;:{&quot;unit&quot;:&quot;px&quot;,&quot;size&quot;:&quot;&quot;,&quot;sizes&quot;:[]},&quot;min_height_tablet&quot;:{&quot;unit&quot;:&quot;px&quot;,&quot;size&quot;:&quot;&quot;,&quot;sizes&quot;:[]},&quot;min_height_mobile&quot;:{&quot;unit&quot;:&quot;px&quot;,&quot;size&quot;:&quot;&quot;,&quot;sizes&quot;:[]}}\" data-widget_type=\"table-of-contents.default\">\n\t\t\t\t<div class=\"elementor-widget-container\">\n\t\t\t\t\t\t\t\t\t<div class=\"elementor-toc__header\">\n\t\t\t\t\t\t<div class=\"elementor-toc__header-title\">\n\t\t\t\tSommario\t\t\t<\/div>\n\t\t\t\t\t\t\t\t\t\t<div class=\"elementor-toc__toggle-button elementor-toc__toggle-button--expand\" role=\"button\" tabindex=\"0\" aria-controls=\"elementor-toc__2e5d0e86\" aria-expanded=\"true\" aria-label=\"Apri l&#039;indice dei contenuti\"><i aria-hidden=\"true\" class=\"alveus alveus-arrow\"><\/i><\/div>\n\t\t\t\t<div class=\"elementor-toc__toggle-button elementor-toc__toggle-button--collapse\" role=\"button\" tabindex=\"0\" aria-controls=\"elementor-toc__2e5d0e86\" aria-expanded=\"true\" aria-label=\"Chiudi l&#039;indice dei contenuti\"><i aria-hidden=\"true\" class=\"alveus alveus-close\"><\/i><\/div>\n\t\t\t\t\t<\/div>\n\t\t\t\t<div id=\"elementor-toc__2e5d0e86\" class=\"elementor-toc__body\">\n\t\t\t<div class=\"elementor-toc__spinner-container\">\n\t\t\t\t<i class=\"elementor-toc__spinner eicon-animation-spin eicon-loading\" aria-hidden=\"true\"><\/i>\t\t\t<\/div>\n\t\t<\/div>\n\t\t\t\t\t\t<\/div>\n\t\t\t\t<\/div>\n\t\t\t\t<div class=\"elementor-element elementor-element-2bc12f47 elementor-widget elementor-widget-heading\" data-id=\"2bc12f47\" data-element_type=\"widget\" data-e-type=\"widget\" data-widget_type=\"heading.default\">\n\t\t\t\t<div class=\"elementor-widget-container\">\n\t\t\t\t\t<h2 class=\"elementor-heading-title elementor-size-default\">Storia del t\u00e8 in Corea del Sud\n<\/h2>\t\t\t\t<\/div>\n\t\t\t\t<\/div>\n\t\t\t\t<div class=\"elementor-element elementor-element-49a89da1 elementor-widget elementor-widget-text-editor\" data-id=\"49a89da1\" data-element_type=\"widget\" data-e-type=\"widget\" data-widget_type=\"text-editor.default\">\n\t\t\t\t<div class=\"elementor-widget-container\">\n\t\t\t\t\t\t\t\t\t<p><span style=\"font-weight: 400;\">La storia del t\u00e8 in Corea \u00e8 profondamente<\/span><b> legata al buddismo<\/b><span style=\"font-weight: 400;\"> e risale alla dinastia Silla (668-935 d.C.), quando si iniziarono a consumare le prime variet\u00e0 di t\u00e8, come il t\u00e8 nero e il pu-erh. Tuttavia, fu nell&#8217;828 che i monaci buddisti portarono dalla Cina i semi della pianta Camellia sinensis, permettendo <\/span><b>l&#8217;inizio della cultura del t\u00e8 in Corea.<\/b><span style=\"font-weight: 400;\">\u00a0<\/span><\/p><p><span style=\"font-weight: 400;\">Durante la dinastia Goryeo (918-1392), con l&#8217;ascesa del buddismo, il t\u00e8 divenne una <\/span><b>bevanda comune tra la corte e l&#8217;aristocrazia<\/b><span style=\"font-weight: 400;\">, dove il consumo di t\u00e8 aveva un ruolo importante nelle cerimonie e nei rituali. Tuttavia, con l&#8217;avvento della dinastia Joseon (1392-1910) e l&#8217;ascesa del confucianesimo, la cultura del t\u00e8 and\u00f2 in declino.\u00a0<\/span><\/p><p><span style=\"font-weight: 400;\">A partire dagli anni &#8217;80, la Corea del Sud ha iniziato a rivitalizzare la propria tradizione del t\u00e8. Questa rinascita ha coinciso con una ripresa di interesse per le antiche usanze e la coltivazione del t\u00e8 \u00e8 diventata pi\u00f9 industriale.\u00a0<\/span><\/p><p><span style=\"font-weight: 400;\">Nonostante questo slancio, nel 2007 il settore ha affrontato una grave crisi dovuta all&#8217;uso improprio di pesticidi, che ha indebolito la reputazione dei t\u00e8 coreani. Tuttavia, questa situazione ha segnato anche un punto di svolta: le pratiche agricole sono state riviste e il Paese ha adottato un <\/span><b>approccio pi\u00f9 sostenibile alla produzione biologica<\/b><span style=\"font-weight: 400;\">, soprattutto sull&#8217;isola di Jeju, dove le pendici vulcaniche forniscono terreni ricchi di sostanze nutritive ideali per la coltivazione del t\u00e8.<\/span><\/p><p><span style=\"font-weight: 400;\">Oggi il t\u00e8 coreano \u00e8 in piena rinascita e sta ottenendo un riconoscimento internazionale, con t\u00e8 di qualit\u00e0 che reggono il confronto con quelli giapponesi, ma a prezzi pi\u00f9 competitivi.\u00a0<\/span><\/p>\t\t\t\t\t\t\t\t<\/div>\n\t\t\t\t<\/div>\n\t\t\t\t<div class=\"elementor-element elementor-element-1e7436ba elementor-widget elementor-widget-heading\" data-id=\"1e7436ba\" data-element_type=\"widget\" data-e-type=\"widget\" data-widget_type=\"heading.default\">\n\t\t\t\t<div class=\"elementor-widget-container\">\n\t\t\t\t\t<h3 class=\"elementor-heading-title elementor-size-default\">La cerimonia del t\u00e8 Coreano\n<\/h3>\t\t\t\t<\/div>\n\t\t\t\t<\/div>\n\t\t\t\t<div class=\"elementor-element elementor-element-ad7ae59 elementor-widget elementor-widget-image\" data-id=\"ad7ae59\" data-element_type=\"widget\" data-e-type=\"widget\" data-widget_type=\"image.default\">\n\t\t\t\t<div class=\"elementor-widget-container\">\n\t\t\t\t\t\t\t\t\t\t\t\t\t\t\t<img fetchpriority=\"high\" decoding=\"async\" width=\"900\" height=\"600\" src=\"https:\/\/www.alveus.eu\/wp-content\/uploads\/047-b.jpg\" class=\"attachment-large size-large wp-image-46591\" alt=\"cerimonia del t\u00e8 coreana\" srcset=\"https:\/\/www.alveus.eu\/wp-content\/uploads\/047-b.jpg 900w, https:\/\/www.alveus.eu\/wp-content\/uploads\/047-b-300x200.jpg 300w, https:\/\/www.alveus.eu\/wp-content\/uploads\/047-b-768x512.jpg 768w\" sizes=\"(max-width: 900px) 100vw, 900px\" \/>\t\t\t\t\t\t\t\t\t\t\t\t\t\t\t<\/div>\n\t\t\t\t<\/div>\n\t\t\t\t<div class=\"elementor-element elementor-element-6b297c96 elementor-widget elementor-widget-text-editor\" data-id=\"6b297c96\" data-element_type=\"widget\" data-e-type=\"widget\" data-widget_type=\"text-editor.default\">\n\t\t\t\t<div class=\"elementor-widget-container\">\n\t\t\t\t\t\t\t\t\t<p><span style=\"font-weight: 400;\">La <\/span><b>cerimonia del t\u00e8 coreana<\/b><span style=\"font-weight: 400;\">, nota come <\/span><b>Darye<\/b><span style=\"font-weight: 400;\">, \u00e8 una tradizione radicata nella cultura coreana, praticata da oltre mille anni. Originariamente influenzata dai rituali buddisti e confuciani, la Darye si caratterizza per la sua semplicit\u00e0 e naturalezza, cercando di creare un&#8217;atmosfera rilassata e armoniosa per chi vi partecipa.\u00a0<\/span><\/p><p><span style=\"font-weight: 400;\">Al di l\u00e0 di essere una mera attivit\u00e0 sociale o un rituale formale, la cerimonia del t\u00e8 coreana <\/span><b>promuove la calma e il rispetto tra i presenti,<\/b><span style=\"font-weight: 400;\"> concentrandosi sull&#8217;atto di gustare il t\u00e8 in un ambiente tranquillo.\u00a0<\/span><\/p><p><span style=\"font-weight: 400;\">Pur seguendo una struttura, lo fa senza la rigidit\u00e0 di altre cerimonie, consentendo ai partecipanti di apprezzare il momento senza la pressione di un&#8217;etichetta complessa. Oggi \u00e8 stato rivitalizzato come un modo per rilassarsi dal ritmo veloce della vita moderna, mantenendo viva una delle tradizioni pi\u00f9 care alla Corea.<\/span><\/p>\t\t\t\t\t\t\t\t<\/div>\n\t\t\t\t<\/div>\n\t\t\t\t<div class=\"elementor-element elementor-element-7647e3a elementor-widget elementor-widget-heading\" data-id=\"7647e3a\" data-element_type=\"widget\" data-e-type=\"widget\" data-widget_type=\"heading.default\">\n\t\t\t\t<div class=\"elementor-widget-container\">\n\t\t\t\t\t<h2 class=\"elementor-heading-title elementor-size-default\">Principali zone di coltivazione del t\u00e8 in Corea del Sud\n<\/h2>\t\t\t\t<\/div>\n\t\t\t\t<\/div>\n\t\t\t\t<div class=\"elementor-element elementor-element-8ce3f62 elementor-widget elementor-widget-image\" data-id=\"8ce3f62\" data-element_type=\"widget\" data-e-type=\"widget\" data-widget_type=\"image.default\">\n\t\t\t\t<div class=\"elementor-widget-container\">\n\t\t\t\t\t\t\t\t\t\t\t\t\t\t\t<img decoding=\"async\" width=\"1000\" height=\"738\" src=\"https:\/\/www.alveus.eu\/wp-content\/uploads\/047-c.png\" class=\"attachment-large size-large wp-image-46220\" alt=\"Tea-growing regions in South Korea\" srcset=\"https:\/\/www.alveus.eu\/wp-content\/uploads\/047-c.png 1000w, https:\/\/www.alveus.eu\/wp-content\/uploads\/047-c-300x221.png 300w, https:\/\/www.alveus.eu\/wp-content\/uploads\/047-c-768x567.png 768w\" sizes=\"(max-width: 1000px) 100vw, 1000px\" \/>\t\t\t\t\t\t\t\t\t\t\t\t\t\t\t<\/div>\n\t\t\t\t<\/div>\n\t\t\t\t<div class=\"elementor-element elementor-element-62e4673a elementor-widget elementor-widget-text-editor\" data-id=\"62e4673a\" data-element_type=\"widget\" data-e-type=\"widget\" data-widget_type=\"text-editor.default\">\n\t\t\t\t<div class=\"elementor-widget-container\">\n\t\t\t\t\t\t\t\t\t<p><span style=\"font-weight: 400;\">Il t\u00e8 in Corea del Sud viene coltivato principalmente in diverse province o contee, ognuna delle quali apporta caratteristiche uniche ai prodotti che ne derivano.<\/span><\/p>\t\t\t\t\t\t\t\t<\/div>\n\t\t\t\t<\/div>\n\t\t\t\t<div class=\"elementor-element elementor-element-78fdd36 elementor-widget elementor-widget-heading\" data-id=\"78fdd36\" data-element_type=\"widget\" data-e-type=\"widget\" data-widget_type=\"heading.default\">\n\t\t\t\t<div class=\"elementor-widget-container\">\n\t\t\t\t\t<h3 class=\"elementor-heading-title elementor-size-default\">Jeju<\/h3>\t\t\t\t<\/div>\n\t\t\t\t<\/div>\n\t\t\t\t<div class=\"elementor-element elementor-element-f215850 elementor-widget elementor-widget-text-editor\" data-id=\"f215850\" data-element_type=\"widget\" data-e-type=\"widget\" data-widget_type=\"text-editor.default\">\n\t\t\t\t<div class=\"elementor-widget-container\">\n\t\t\t\t\t\t\t\t\t<p><span style=\"font-weight: 400;\">L&#8217;isola di Jeju, con il suo <\/span><b>terreno vulcanico ricco di minerali<\/b><span style=\"font-weight: 400;\"> e l&#8217;eccellente drenaggio, \u00e8 famosa per la produzione di alcuni dei t\u00e8 pi\u00f9 pregiati della Corea.\u00a0<\/span><\/p><p><span style=\"font-weight: 400;\">Il terreno di Jeju offre un ambiente ideale per la coltivazione del t\u00e8, che conferisce sapori e aromi unici. I t\u00e8 di Jeju sono rinomati per la loro qualit\u00e0 e si trovano spesso nei negozi di t\u00e8 specializzati a livello internazionale.<\/span><\/p>\t\t\t\t\t\t\t\t<\/div>\n\t\t\t\t<\/div>\n\t\t\t\t<div class=\"elementor-element elementor-element-1009958 elementor-widget elementor-widget-image\" data-id=\"1009958\" data-element_type=\"widget\" data-e-type=\"widget\" data-widget_type=\"image.default\">\n\t\t\t\t<div class=\"elementor-widget-container\">\n\t\t\t\t\t\t\t\t\t\t\t\t\t\t\t<img decoding=\"async\" width=\"900\" height=\"600\" src=\"https:\/\/www.alveus.eu\/wp-content\/uploads\/047-e.png.webp\" class=\"attachment-large size-large wp-image-50068\" alt=\"T\u00e8 verde Alveus Woojeon\" srcset=\"https:\/\/www.alveus.eu\/wp-content\/uploads\/047-e.png.webp 900w, https:\/\/www.alveus.eu\/wp-content\/uploads\/047-e.png-300x200.webp 300w, https:\/\/www.alveus.eu\/wp-content\/uploads\/047-e.png-768x512.webp 768w\" sizes=\"(max-width: 900px) 100vw, 900px\" \/>\t\t\t\t\t\t\t\t\t\t\t\t\t\t\t<\/div>\n\t\t\t\t<\/div>\n\t\t\t\t<div class=\"elementor-element elementor-element-4689598 elementor-widget elementor-widget-heading\" data-id=\"4689598\" data-element_type=\"widget\" data-e-type=\"widget\" data-widget_type=\"heading.default\">\n\t\t\t\t<div class=\"elementor-widget-container\">\n\t\t\t\t\t<h3 class=\"elementor-heading-title elementor-size-default\">Boseong<\/h3>\t\t\t\t<\/div>\n\t\t\t\t<\/div>\n\t\t\t\t<div class=\"elementor-element elementor-element-d86e4b6 elementor-widget elementor-widget-text-editor\" data-id=\"d86e4b6\" data-element_type=\"widget\" data-e-type=\"widget\" data-widget_type=\"text-editor.default\">\n\t\t\t\t<div class=\"elementor-widget-container\">\n\t\t\t\t\t\t\t\t\t<p><span style=\"font-weight: 400;\">Situata nella provincia di Jeollanam-do, Boseong \u00e8 nota per la <\/span><b>produzione di t\u00e8 verde<\/b><span style=\"font-weight: 400;\"> ed \u00e8 uno dei centri storici della coltivazione del t\u00e8 in Corea. Le piantagioni di questa regione beneficiano di un<\/span><b> clima mite e piovoso<\/b><span style=\"font-weight: 400;\">, che permette di ottenere foglie di t\u00e8 di alta qualit\u00e0.<\/span><\/p>\t\t\t\t\t\t\t\t<\/div>\n\t\t\t\t<\/div>\n\t\t\t\t<div class=\"elementor-element elementor-element-bd8cb4b elementor-widget elementor-widget-heading\" data-id=\"bd8cb4b\" data-element_type=\"widget\" data-e-type=\"widget\" data-widget_type=\"heading.default\">\n\t\t\t\t<div class=\"elementor-widget-container\">\n\t\t\t\t\t<h3 class=\"elementor-heading-title elementor-size-default\">Hadong<\/h3>\t\t\t\t<\/div>\n\t\t\t\t<\/div>\n\t\t\t\t<div class=\"elementor-element elementor-element-25c6fad elementor-widget elementor-widget-text-editor\" data-id=\"25c6fad\" data-element_type=\"widget\" data-e-type=\"widget\" data-widget_type=\"text-editor.default\">\n\t\t\t\t<div class=\"elementor-widget-container\">\n\t\t\t\t\t\t\t\t\t<p><span style=\"font-weight: 400;\">Nella provincia di Gyeongsangnam-do, Hadong \u00e8 un&#8217;altra importante regione di coltivazione del t\u00e8. La combinazione di<\/span><b> terreni fertili e condizioni climatiche favorevoli<\/b><span style=\"font-weight: 400;\"> contribuisce alla produzione di t\u00e8 ricchi e dal sapore complesso.\u00a0<\/span><\/p><p><span style=\"font-weight: 400;\">Hadong \u00e8 anche nota per i suoi metodi tradizionali di coltivazione e lavorazione, che aggiungono ulteriore valore ai suoi prodotti.<\/span><\/p>\t\t\t\t\t\t\t\t<\/div>\n\t\t\t\t<\/div>\n\t\t\t\t<div class=\"elementor-element elementor-element-74f479b elementor-widget elementor-widget-heading\" data-id=\"74f479b\" data-element_type=\"widget\" data-e-type=\"widget\" data-widget_type=\"heading.default\">\n\t\t\t\t<div class=\"elementor-widget-container\">\n\t\t\t\t\t<h2 class=\"elementor-heading-title elementor-size-default\">I tipi di t\u00e8 coreani pi\u00f9 diffusi\n<\/h2>\t\t\t\t<\/div>\n\t\t\t\t<\/div>\n\t\t\t\t<div class=\"elementor-element elementor-element-3e470cd elementor-widget elementor-widget-text-editor\" data-id=\"3e470cd\" data-element_type=\"widget\" data-e-type=\"widget\" data-widget_type=\"text-editor.default\">\n\t\t\t\t<div class=\"elementor-widget-container\">\n\t\t\t\t\t\t\t\t\t<p><span style=\"font-weight: 400;\">I t\u00e8 coreani si distinguono per i metodi di lavorazione e i profili aromatici. Ecco alcune delle variet\u00e0 pi\u00f9 popolari sul mercato coreano e internazionale.<\/span><\/p>\t\t\t\t\t\t\t\t<\/div>\n\t\t\t\t<\/div>\n\t\t\t\t<div class=\"elementor-element elementor-element-41cfbd0 elementor-widget elementor-widget-heading\" data-id=\"41cfbd0\" data-element_type=\"widget\" data-e-type=\"widget\" data-widget_type=\"heading.default\">\n\t\t\t\t<div class=\"elementor-widget-container\">\n\t\t\t\t\t<h3 class=\"elementor-heading-title elementor-size-default\">Woojeon<\/h3>\t\t\t\t<\/div>\n\t\t\t\t<\/div>\n\t\t\t\t<div class=\"elementor-element elementor-element-4e1b6c7 elementor-widget elementor-widget-text-editor\" data-id=\"4e1b6c7\" data-element_type=\"widget\" data-e-type=\"widget\" data-widget_type=\"text-editor.default\">\n\t\t\t\t<div class=\"elementor-widget-container\">\n\t\t\t\t\t\t\t\t\t<p><span style=\"font-weight: 400;\">Il <\/span><b>Woojeon<\/b><span style=\"font-weight: 400;\"> \u00e8 un <\/span><b>t\u00e8 verde pregiato<\/b><span style=\"font-weight: 400;\">, <\/span><b>prodotto durante il primo raccolto<\/b><span style=\"font-weight: 400;\"> di primavera. Noto \u00a0 per il suo sapore delicato e per le foglie finemente arrotolate, il Woojeon \u00e8 caratterizzato da un colore verde intenso e da un profilo aromatico delicato con note di nocciola.\u00a0<\/span><\/p><p><span style=\"font-weight: 400;\">Il processo di produzione combina tecniche di cottura a vapore in stile giapponese con la tostatura in stile cinese, dando vita a un&#8217;esperienza di degustazione unica.<\/span><\/p>\t\t\t\t\t\t\t\t<\/div>\n\t\t\t\t<\/div>\n\t\t\t\t<div class=\"elementor-element elementor-element-c403032 elementor-widget elementor-widget-image\" data-id=\"c403032\" data-element_type=\"widget\" data-e-type=\"widget\" data-widget_type=\"image.default\">\n\t\t\t\t<div class=\"elementor-widget-container\">\n\t\t\t\t\t\t\t\t\t\t\t\t\t\t\t<img decoding=\"async\" width=\"900\" height=\"600\" src=\"https:\/\/www.alveus.eu\/wp-content\/uploads\/047-e.png.webp\" class=\"attachment-large size-large wp-image-50068\" alt=\"T\u00e8 verde Alveus Woojeon\" srcset=\"https:\/\/www.alveus.eu\/wp-content\/uploads\/047-e.png.webp 900w, https:\/\/www.alveus.eu\/wp-content\/uploads\/047-e.png-300x200.webp 300w, https:\/\/www.alveus.eu\/wp-content\/uploads\/047-e.png-768x512.webp 768w\" sizes=\"(max-width: 900px) 100vw, 900px\" \/>\t\t\t\t\t\t\t\t\t\t\t\t\t\t\t<\/div>\n\t\t\t\t<\/div>\n\t\t\t\t<div class=\"elementor-element elementor-element-bd5752e elementor-widget elementor-widget-heading\" data-id=\"bd5752e\" data-element_type=\"widget\" data-e-type=\"widget\" data-widget_type=\"heading.default\">\n\t\t\t\t<div class=\"elementor-widget-container\">\n\t\t\t\t\t<h3 class=\"elementor-heading-title elementor-size-default\">Sejak<\/h3>\t\t\t\t<\/div>\n\t\t\t\t<\/div>\n\t\t\t\t<div class=\"elementor-element elementor-element-f35b3f6 elementor-widget elementor-widget-text-editor\" data-id=\"f35b3f6\" data-element_type=\"widget\" data-e-type=\"widget\" data-widget_type=\"text-editor.default\">\n\t\t\t\t<div class=\"elementor-widget-container\">\n\t\t\t\t\t\t\t\t\t<p><span style=\"font-weight: 400;\">Il <\/span><b>Sejak<\/b><span style=\"font-weight: 400;\"> \u00e8 un<\/span><b> t\u00e8 verde di primo raccolto <\/b><span style=\"font-weight: 400;\">che viene prodotto alla fine della stagione primaverile. Anche se di qualit\u00e0 leggermente inferiore rispetto al Woojeon, il Sejak \u00e8 caratterizzato e apprezzato per il suo gusto fresco e il suo prezzo pi\u00f9 basso.<\/span><\/p>\t\t\t\t\t\t\t\t<\/div>\n\t\t\t\t<\/div>\n\t\t\t\t<div class=\"elementor-element elementor-element-963c616 elementor-widget elementor-widget-heading\" data-id=\"963c616\" data-element_type=\"widget\" data-e-type=\"widget\" data-widget_type=\"heading.default\">\n\t\t\t\t<div class=\"elementor-widget-container\">\n\t\t\t\t\t<h3 class=\"elementor-heading-title elementor-size-default\">Joonjak<\/h3>\t\t\t\t<\/div>\n\t\t\t\t<\/div>\n\t\t\t\t<div class=\"elementor-element elementor-element-f224d73 elementor-widget elementor-widget-text-editor\" data-id=\"f224d73\" data-element_type=\"widget\" data-e-type=\"widget\" data-widget_type=\"text-editor.default\">\n\t\t\t\t<div class=\"elementor-widget-container\">\n\t\t\t\t\t\t\t\t\t<p><span style=\"font-weight: 400;\">Il <\/span><b>Joonjak<\/b><span style=\"font-weight: 400;\"> \u00e8 un<\/span><b> t\u00e8 verde di secondo raccolto <\/b><span style=\"font-weight: 400;\">prodotto in tarda primavera. Le sue foglie sono di colore verde oliva e il t\u00e8 che ne deriva ha pi\u00f9 corpo e colore rispetto al Woojeon, anche se \u00e8 un po&#8217; meno morbido e dolce.<\/span><\/p>\t\t\t\t\t\t\t\t<\/div>\n\t\t\t\t<\/div>\n\t\t\t\t<div class=\"elementor-element elementor-element-1ca176d elementor-widget elementor-widget-heading\" data-id=\"1ca176d\" data-element_type=\"widget\" data-e-type=\"widget\" data-widget_type=\"heading.default\">\n\t\t\t\t<div class=\"elementor-widget-container\">\n\t\t\t\t\t<h3 class=\"elementor-heading-title elementor-size-default\">Daejak<\/h3>\t\t\t\t<\/div>\n\t\t\t\t<\/div>\n\t\t\t\t<div class=\"elementor-element elementor-element-3bd8f45 elementor-widget elementor-widget-text-editor\" data-id=\"3bd8f45\" data-element_type=\"widget\" data-e-type=\"widget\" data-widget_type=\"text-editor.default\">\n\t\t\t\t<div class=\"elementor-widget-container\">\n\t\t\t\t\t\t\t\t\t<p><span style=\"font-weight: 400;\">Il<\/span><b> Daejak<\/b><span style=\"font-weight: 400;\"> \u00e8 un t\u00e8 verde raccolto in autunno, prodotto a settembre. Con un colore pi\u00f9 bruno e un sapore pi\u00f9 robusto, il Daejak \u00e8 ideale per chi preferisce i t\u00e8 pi\u00f9 forti ed \u00e8 anche un&#8217;ottima base per infusi aromatizzati.<\/span><\/p>\t\t\t\t\t\t\t\t<\/div>\n\t\t\t\t<\/div>\n\t\t\t\t<div class=\"elementor-element elementor-element-96b648f elementor-widget elementor-widget-heading\" data-id=\"96b648f\" data-element_type=\"widget\" data-e-type=\"widget\" data-widget_type=\"heading.default\">\n\t\t\t\t<div class=\"elementor-widget-container\">\n\t\t\t\t\t<h3 class=\"elementor-heading-title elementor-size-default\">Jeoncha<\/h3>\t\t\t\t<\/div>\n\t\t\t\t<\/div>\n\t\t\t\t<div class=\"elementor-element elementor-element-d72b10b elementor-widget elementor-widget-text-editor\" data-id=\"d72b10b\" data-element_type=\"widget\" data-e-type=\"widget\" data-widget_type=\"text-editor.default\">\n\t\t\t\t<div class=\"elementor-widget-container\">\n\t\t\t\t\t\t\t\t\t<p><span style=\"font-weight: 400;\">Il <\/span><b>Jeoncha<\/b><span style=\"font-weight: 400;\"> \u00e8 l&#8217;<\/span><b>equivalente coreano del Sencha giapponese<\/b><span style=\"font-weight: 400;\">. Viene prodotto durante il primo e il secondo raccolto e, sebbene sia simile a quello giapponese, i t\u00e8 Jeoncha tendono ad avere un profilo aromatico pi\u00f9 delicato.<\/span><\/p>\t\t\t\t\t\t\t\t<\/div>\n\t\t\t\t<\/div>\n\t\t\t\t<div class=\"elementor-element elementor-element-d1d2153 elementor-widget elementor-widget-heading\" data-id=\"d1d2153\" data-element_type=\"widget\" data-e-type=\"widget\" data-widget_type=\"heading.default\">\n\t\t\t\t<div class=\"elementor-widget-container\">\n\t\t\t\t\t<h3 class=\"elementor-heading-title elementor-size-default\">Garucha<\/h3>\t\t\t\t<\/div>\n\t\t\t\t<\/div>\n\t\t\t\t<div class=\"elementor-element elementor-element-371673a elementor-widget elementor-widget-text-editor\" data-id=\"371673a\" data-element_type=\"widget\" data-e-type=\"widget\" data-widget_type=\"text-editor.default\">\n\t\t\t\t<div class=\"elementor-widget-container\">\n\t\t\t\t\t\t\t\t\t<p><span style=\"font-weight: 400;\">Il garucha \u00e8 un<\/span><b> t\u00e8 verde coreano finemente macinato<\/b><span style=\"font-weight: 400;\">, simile al matcha giapponese.\u00a0<\/span><\/p><p><span style=\"font-weight: 400;\">Sebbene sia difficile distinguere un Garucha da un matcha giapponese di alta qualit\u00e0, i migliori Garucha sono molto apprezzati per la loro intensit\u00e0 e profondit\u00e0 di sapore.<\/span><\/p>\t\t\t\t\t\t\t\t<\/div>\n\t\t\t\t<\/div>\n\t\t\t\t<div class=\"elementor-element elementor-element-ae8356d elementor-widget elementor-widget-heading\" data-id=\"ae8356d\" data-element_type=\"widget\" data-e-type=\"widget\" data-widget_type=\"heading.default\">\n\t\t\t\t<div class=\"elementor-widget-container\">\n\t\t\t\t\t<h3 class=\"elementor-heading-title elementor-size-default\">Tisane popolari in Corea\n<\/h3>\t\t\t\t<\/div>\n\t\t\t\t<\/div>\n\t\t\t\t<div class=\"elementor-element elementor-element-f3a5d7a elementor-widget elementor-widget-text-editor\" data-id=\"f3a5d7a\" data-element_type=\"widget\" data-e-type=\"widget\" data-widget_type=\"text-editor.default\">\n\t\t\t\t<div class=\"elementor-widget-container\">\n\t\t\t\t\t\t\t\t\t<p><span style=\"font-weight: 400;\">Oltre ai t\u00e8 tradizionali, la Corea offre anche tisane tradizionali, note come tisane, popolari per i loro sapori e benefici unici.\u00a0<\/span><\/p><p><span style=\"font-weight: 400;\">Queste bevande, a base di frutta, radici ed erbe, sono apprezzate in tutto il Paese e sono una parte importante della cultura coreana del benessere. Ecco alcune delle pi\u00f9 popolari:<\/span><\/p><ul><li style=\"font-weight: 400;\" aria-level=\"1\"><b>Omija-cha. <\/b><span style=\"font-weight: 400;\">Questo t\u00e8 si ottiene dalle<\/span><b> bacche di omija o di magnolia<\/b><span style=\"font-weight: 400;\"> (Schisandra chinensis). Il nome \u201comija\u201d significa \u201ccinque sapori\u201d, poich\u00e9 questa tisana offre una miscela unica di dolce, amaro, acido, salato e piccante. \u00c8 molto apprezzata sia per il suo gusto che per le sue presunte propriet\u00e0 medicinali.<\/span><\/li><\/ul>\t\t\t\t\t\t\t\t<\/div>\n\t\t\t\t<\/div>\n\t\t\t\t<div class=\"elementor-element elementor-element-7a0cd47 elementor-widget elementor-widget-image\" data-id=\"7a0cd47\" data-element_type=\"widget\" data-e-type=\"widget\" data-widget_type=\"image.default\">\n\t\t\t\t<div class=\"elementor-widget-container\">\n\t\t\t\t\t\t\t\t\t\t\t\t\t\t\t<img loading=\"lazy\" decoding=\"async\" width=\"900\" height=\"600\" src=\"https:\/\/www.alveus.eu\/wp-content\/uploads\/047-g.png.webp\" class=\"attachment-large size-large wp-image-50247\" alt=\"Tisana coreana Omija-cha\" srcset=\"https:\/\/www.alveus.eu\/wp-content\/uploads\/047-g.png.webp 900w, https:\/\/www.alveus.eu\/wp-content\/uploads\/047-g.png-300x200.webp 300w, https:\/\/www.alveus.eu\/wp-content\/uploads\/047-g.png-768x512.webp 768w\" sizes=\"(max-width: 900px) 100vw, 900px\" \/>\t\t\t\t\t\t\t\t\t\t\t\t\t\t\t<\/div>\n\t\t\t\t<\/div>\n\t\t\t\t<div class=\"elementor-element elementor-element-30dbf3e elementor-widget elementor-widget-text-editor\" data-id=\"30dbf3e\" data-element_type=\"widget\" data-e-type=\"widget\" data-widget_type=\"text-editor.default\">\n\t\t\t\t<div class=\"elementor-widget-container\">\n\t\t\t\t\t\t\t\t\t<ul><li style=\"font-weight: 400;\" aria-level=\"1\"><b>Insam-cha.<\/b><span style=\"font-weight: 400;\"> Il<\/span><b> t\u00e8 coreano al ginseng, o insam-cha<\/b><span style=\"font-weight: 400;\">, \u00e8 una delle tisane pi\u00f9 tradizionali e apprezzate in Corea. Prodotto con la radice di ginseng (Panax ginseng), questo t\u00e8 \u00e8 noto per le sue propriet\u00e0 rivitalizzanti.<\/span><\/li><li style=\"font-weight: 400;\" aria-level=\"1\"><b>Saenggang-cha.<\/b><span style=\"font-weight: 400;\"> Questa<\/span><b> tisana coreana allo zenzero<\/b><span style=\"font-weight: 400;\"> \u00e8 popolare soprattutto nei mesi pi\u00f9 freddi. Il Saenggang-cha \u00e8 preparato con zenzero fresco ed \u00e8 spesso addolcito con miele o zucchero.\u00a0<\/span><\/li><li style=\"font-weight: 400;\" aria-level=\"1\"><b>Yuja-cha.<\/b><span style=\"font-weight: 400;\"> Questa tisana \u00e8 preparata con lo <\/span><b>yuja<\/b><span style=\"font-weight: 400;\">, un agrume coreano simile allo yuzu giapponese. Lo yuja-cha \u00e8 una bevanda dolce e leggermente aspra che viene servita calda, soprattutto in inverno.\u00a0<\/span><\/li><\/ul>\t\t\t\t\t\t\t\t<\/div>\n\t\t\t\t<\/div>\n\t\t\t\t<div class=\"elementor-element elementor-element-3cb73d9 elementor-widget elementor-widget-heading\" data-id=\"3cb73d9\" data-element_type=\"widget\" data-e-type=\"widget\" data-widget_type=\"heading.default\">\n\t\t\t\t<div class=\"elementor-widget-container\">\n\t\t\t\t\t<h3 class=\"elementor-heading-title elementor-size-default\">Conclusione<\/h3>\t\t\t\t<\/div>\n\t\t\t\t<\/div>\n\t\t\t\t<div class=\"elementor-element elementor-element-114ade3 elementor-widget elementor-widget-text-editor\" data-id=\"114ade3\" data-element_type=\"widget\" data-e-type=\"widget\" data-widget_type=\"text-editor.default\">\n\t\t\t\t<div class=\"elementor-widget-container\">\n\t\t\t\t\t\t\t\t\t<p><span style=\"font-weight: 400;\">Il t\u00e8 coreano, con il suo patrimonio culturale e la sua attenzione alla qualit\u00e0, si \u00e8 affermato come punto di riferimento sulla scena internazionale del t\u00e8.\u00a0<\/span><\/p><p><span style=\"font-weight: 400;\">Regioni chiave come Jeju, con i suoi terreni vulcanici ricchi di sostanze nutritive, hanno permesso alla Corea del Sud di sviluppare<\/span><b> t\u00e8 di altissima qualit\u00e0<\/b><span style=\"font-weight: 400;\">, differenziandosi per i loro profili unici e i metodi di coltivazione incentrati sulla sostenibilit\u00e0, in particolare nella produzione di t\u00e8 biologici.<\/span><\/p><p><span style=\"font-weight: 400;\">Per gli esperti di t\u00e8, il t\u00e8 coreano rappresenta un&#8217;opportunit\u00e0 eccezionale per diversificare la propria offerta con prodotti che si distinguono non solo per il gusto, ma anche per l&#8217;impegno verso pratiche agricole sostenibili.\u00a0<\/span><\/p><p><span style=\"font-weight: 400;\">La combinazione di <\/span><b>terreni vulcanici, climi ideali <\/b><span style=\"font-weight: 400;\">e un<\/span><b> crescente impegno nelle tecniche di produzione biologica<\/b><span style=\"font-weight: 400;\"> ha dato vita a t\u00e8 che competono con i migliori al mondo e che sono sempre pi\u00f9 riconosciuti nei mercati internazionali per la loro autenticit\u00e0 ed eccellenza.<\/span><\/p><p><span style=\"font-weight: 400;\">Incorporare il t\u00e8 coreano in una selezione professionale non solo apporta variet\u00e0, ma mette in contatto i consumatori con una tradizione ricca di storia e qualit\u00e0. In un mercato sempre pi\u00f9 esigente, il t\u00e8 coreano si distingue per la sua capacit\u00e0 di offrire esperienze di degustazione ineguagliabili, combinando l&#8217;innovazione con un profondo patrimonio culturale.\u00a0<\/span><\/p><p><span style=\"font-weight: 400;\">Sfoglia la nostra esclusiva selezione di t\u00e8 coreani e proponi la tradizione e l&#8217;eccellenza della Corea del Sud nella tua offerta:<\/span><\/p><ul><li style=\"font-weight: 400;\" aria-level=\"1\"><a href=\"https:\/\/b2b.alveus.eu\/it\/dark-oolong-1st-grade-bio-ref-89015.html\" target=\"_blank\" rel=\"noopener\">Dark Oolong 1st Grade BIO<\/a><\/li><li style=\"font-weight: 400;\" aria-level=\"1\"><a href=\"https:\/\/b2b.alveus.eu\/it\/woojeon-green-bio-ref-89017.html\" target=\"_blank\" rel=\"noopener\">Woojeon Green BIO<\/a><\/li><li style=\"font-weight: 400;\" aria-level=\"1\"><a href=\"https:\/\/b2b.alveus.eu\/it\/south-korea-green-op-bio-ref-83020.html\" target=\"_blank\" rel=\"noopener\">South Korea Green OP BIO<\/a><\/li><\/ul>\t\t\t\t\t\t\t\t<\/div>\n\t\t\t\t<\/div>\n\t\t\t\t<\/div>\n\t\t\t\t<\/div>\n\t\t","protected":false},"excerpt":{"rendered":"<p>Esplora l&#8217;evoluzione del t\u00e8 coreano, la sua storia millenaria e ci\u00f2 che lo rende unico nel mercato globale. Dalle sue origini all&#8217;attenzione per la produzione biologica, questo post rivela perch\u00e9 il t\u00e8 sudcoreano si distingue per la sua qualit\u00e0 e autenticit\u00e0.<\/p>\n","protected":false},"author":11,"featured_media":49946,"comment_status":"open","ping_status":"open","sticky":false,"template":"","format":"standard","meta":{"_acf_changed":false,"footnotes":""},"categories":[111],"tags":[],"class_list":["post-46289","post","type-post","status-publish","format-standard","has-post-thumbnail","hentry","category-accademia-del-te"],"acf":[],"yoast_head":"<!-- This site is optimized with the Yoast SEO Premium plugin v27.3 (Yoast SEO v27.3) - https:\/\/yoast.com\/product\/yoast-seo-premium-wordpress\/ -->\n<title>L&#039;unicit\u00e0 dei t\u00e8 coreani | Alveus<\/title>\n<meta name=\"description\" content=\"Scopri l&#039;affascinante mondo del t\u00e8 coreano: la tradizione, la qualit\u00e0 biologica e il suo crescente protagonismo nel mercato globale.\" \/>\n<meta name=\"robots\" content=\"index, follow, max-snippet:-1, max-image-preview:large, max-video-preview:-1\" \/>\n<link rel=\"canonical\" href=\"https:\/\/www.alveus.eu\/it\/blog\/te-coreano-tipi\/\" \/>\n<meta property=\"og:locale\" content=\"it_IT\" \/>\n<meta property=\"og:type\" content=\"article\" \/>\n<meta property=\"og:title\" content=\"T\u00e8 Coreano: Tipi, evoluzione e ci\u00f2 che lo rende speciale\" \/>\n<meta property=\"og:description\" content=\"Scopri l&#039;affascinante mondo del t\u00e8 coreano: la tradizione, la qualit\u00e0 biologica e il suo crescente protagonismo nel mercato globale.\" \/>\n<meta property=\"og:url\" content=\"https:\/\/www.alveus.eu\/it\/blog\/te-coreano-tipi\/\" \/>\n<meta property=\"og:site_name\" content=\"Alveus\" \/>\n<meta property=\"article:publisher\" content=\"https:\/\/www.facebook.com\/alveusinternational\/\" \/>\n<meta property=\"article:published_time\" content=\"2024-10-17T16:13:47+00:00\" \/>\n<meta property=\"article:modified_time\" content=\"2025-06-13T07:58:31+00:00\" \/>\n<meta property=\"og:image\" content=\"https:\/\/www.alveus.eu\/wp-content\/uploads\/047-a-copy.jpg\" \/>\n\t<meta property=\"og:image:width\" content=\"900\" \/>\n\t<meta property=\"og:image:height\" content=\"600\" \/>\n\t<meta property=\"og:image:type\" content=\"image\/jpeg\" \/>\n<meta name=\"author\" content=\"Alveus Blog Team\" \/>\n<meta name=\"twitter:card\" content=\"summary_large_image\" \/>\n<meta name=\"twitter:label1\" content=\"Scritto da\" \/>\n\t<meta name=\"twitter:data1\" content=\"Alveus Blog Team\" \/>\n\t<meta name=\"twitter:label2\" content=\"Tempo di lettura stimato\" \/>\n\t<meta name=\"twitter:data2\" content=\"10 minuti\" \/>\n<script type=\"application\/ld+json\" class=\"yoast-schema-graph\">{\"@context\":\"https:\\\/\\\/schema.org\",\"@graph\":[{\"@type\":\"Article\",\"@id\":\"https:\\\/\\\/www.alveus.eu\\\/it\\\/blog\\\/te-coreano-tipi\\\/#article\",\"isPartOf\":{\"@id\":\"https:\\\/\\\/www.alveus.eu\\\/it\\\/blog\\\/te-coreano-tipi\\\/\"},\"author\":{\"name\":\"Alveus Blog Team\",\"@id\":\"https:\\\/\\\/www.alveus.eu\\\/it#\\\/schema\\\/person\\\/6864b22051c6c128b3c72edaeac35855\"},\"headline\":\"T\u00e8 Coreano: Tipi, evoluzione e ci\u00f2 che lo rende speciale\",\"datePublished\":\"2024-10-17T16:13:47+00:00\",\"dateModified\":\"2025-06-13T07:58:31+00:00\",\"mainEntityOfPage\":{\"@id\":\"https:\\\/\\\/www.alveus.eu\\\/it\\\/blog\\\/te-coreano-tipi\\\/\"},\"wordCount\":1491,\"commentCount\":0,\"publisher\":{\"@id\":\"https:\\\/\\\/www.alveus.eu\\\/it#organization\"},\"image\":{\"@id\":\"https:\\\/\\\/www.alveus.eu\\\/it\\\/blog\\\/te-coreano-tipi\\\/#primaryimage\"},\"thumbnailUrl\":\"https:\\\/\\\/www.alveus.eu\\\/wp-content\\\/uploads\\\/047-a-copy.jpg\",\"articleSection\":[\"Accademia del T\u00e8\"],\"inLanguage\":\"it-IT\",\"potentialAction\":[{\"@type\":\"CommentAction\",\"name\":\"Comment\",\"target\":[\"https:\\\/\\\/www.alveus.eu\\\/it\\\/blog\\\/te-coreano-tipi\\\/#respond\"]}]},{\"@type\":\"WebPage\",\"@id\":\"https:\\\/\\\/www.alveus.eu\\\/it\\\/blog\\\/te-coreano-tipi\\\/\",\"url\":\"https:\\\/\\\/www.alveus.eu\\\/it\\\/blog\\\/te-coreano-tipi\\\/\",\"name\":\"L'unicit\u00e0 dei t\u00e8 coreani | Alveus\",\"isPartOf\":{\"@id\":\"https:\\\/\\\/www.alveus.eu\\\/it#website\"},\"primaryImageOfPage\":{\"@id\":\"https:\\\/\\\/www.alveus.eu\\\/it\\\/blog\\\/te-coreano-tipi\\\/#primaryimage\"},\"image\":{\"@id\":\"https:\\\/\\\/www.alveus.eu\\\/it\\\/blog\\\/te-coreano-tipi\\\/#primaryimage\"},\"thumbnailUrl\":\"https:\\\/\\\/www.alveus.eu\\\/wp-content\\\/uploads\\\/047-a-copy.jpg\",\"datePublished\":\"2024-10-17T16:13:47+00:00\",\"dateModified\":\"2025-06-13T07:58:31+00:00\",\"description\":\"Scopri l'affascinante mondo del t\u00e8 coreano: la tradizione, la qualit\u00e0 biologica e il suo crescente protagonismo nel mercato globale.\",\"breadcrumb\":{\"@id\":\"https:\\\/\\\/www.alveus.eu\\\/it\\\/blog\\\/te-coreano-tipi\\\/#breadcrumb\"},\"inLanguage\":\"it-IT\",\"potentialAction\":[{\"@type\":\"ReadAction\",\"target\":[\"https:\\\/\\\/www.alveus.eu\\\/it\\\/blog\\\/te-coreano-tipi\\\/\"]}]},{\"@type\":\"ImageObject\",\"inLanguage\":\"it-IT\",\"@id\":\"https:\\\/\\\/www.alveus.eu\\\/it\\\/blog\\\/te-coreano-tipi\\\/#primaryimage\",\"url\":\"https:\\\/\\\/www.alveus.eu\\\/wp-content\\\/uploads\\\/047-a-copy.jpg\",\"contentUrl\":\"https:\\\/\\\/www.alveus.eu\\\/wp-content\\\/uploads\\\/047-a-copy.jpg\",\"width\":900,\"height\":600,\"caption\":\"Campo di t\u00e8 a Jeju, Corea\"},{\"@type\":\"BreadcrumbList\",\"@id\":\"https:\\\/\\\/www.alveus.eu\\\/it\\\/blog\\\/te-coreano-tipi\\\/#breadcrumb\",\"itemListElement\":[{\"@type\":\"ListItem\",\"position\":1,\"name\":\"Home\",\"item\":\"https:\\\/\\\/www.alveus.eu\\\/it\"},{\"@type\":\"ListItem\",\"position\":2,\"name\":\"Accademia del T\u00e8\",\"item\":\"https:\\\/\\\/www.alveus.eu\\\/it\\\/blog\\\/category\\\/accademia-del-te\\\/\"},{\"@type\":\"ListItem\",\"position\":3,\"name\":\"T\u00e8 Coreano: Tipi, evoluzione e ci\u00f2 che lo rende speciale\"}]},{\"@type\":\"WebSite\",\"@id\":\"https:\\\/\\\/www.alveus.eu\\\/it#website\",\"url\":\"https:\\\/\\\/www.alveus.eu\\\/it\",\"name\":\"Alveus\",\"description\":\"\",\"publisher\":{\"@id\":\"https:\\\/\\\/www.alveus.eu\\\/it#organization\"},\"potentialAction\":[{\"@type\":\"SearchAction\",\"target\":{\"@type\":\"EntryPoint\",\"urlTemplate\":\"https:\\\/\\\/www.alveus.eu\\\/it?s={search_term_string}\"},\"query-input\":{\"@type\":\"PropertyValueSpecification\",\"valueRequired\":true,\"valueName\":\"search_term_string\"}}],\"inLanguage\":\"it-IT\"},{\"@type\":\"Organization\",\"@id\":\"https:\\\/\\\/www.alveus.eu\\\/it#organization\",\"name\":\"Alveus\",\"alternateName\":\"Alveus Premium Teas\",\"url\":\"https:\\\/\\\/www.alveus.eu\\\/it\",\"logo\":{\"@type\":\"ImageObject\",\"inLanguage\":\"it-IT\",\"@id\":\"https:\\\/\\\/www.alveus.eu\\\/it#\\\/schema\\\/logo\\\/image\\\/\",\"url\":\"https:\\\/\\\/www.alveus.eu\\\/wp-content\\\/uploads\\\/2023\\\/07\\\/alveus-logo-primary.png\",\"contentUrl\":\"https:\\\/\\\/www.alveus.eu\\\/wp-content\\\/uploads\\\/2023\\\/07\\\/alveus-logo-primary.png\",\"width\":248,\"height\":248,\"caption\":\"Alveus\"},\"image\":{\"@id\":\"https:\\\/\\\/www.alveus.eu\\\/it#\\\/schema\\\/logo\\\/image\\\/\"},\"sameAs\":[\"https:\\\/\\\/www.facebook.com\\\/alveusinternational\\\/\",\"https:\\\/\\\/www.instagram.com\\\/alveustea\\\/\",\"https:\\\/\\\/de.linkedin.com\\\/company\\\/alveustea\"]},{\"@type\":\"Person\",\"@id\":\"https:\\\/\\\/www.alveus.eu\\\/it#\\\/schema\\\/person\\\/6864b22051c6c128b3c72edaeac35855\",\"name\":\"Alveus Blog Team\",\"image\":{\"@type\":\"ImageObject\",\"inLanguage\":\"it-IT\",\"@id\":\"https:\\\/\\\/secure.gravatar.com\\\/avatar\\\/f951c832a9809c8d01d2ce4fa8bb10716ac4997c3cf93244fa19413f7d28b08e?s=96&d=mm&r=g\",\"url\":\"https:\\\/\\\/secure.gravatar.com\\\/avatar\\\/f951c832a9809c8d01d2ce4fa8bb10716ac4997c3cf93244fa19413f7d28b08e?s=96&d=mm&r=g\",\"contentUrl\":\"https:\\\/\\\/secure.gravatar.com\\\/avatar\\\/f951c832a9809c8d01d2ce4fa8bb10716ac4997c3cf93244fa19413f7d28b08e?s=96&d=mm&r=g\",\"caption\":\"Alveus Blog Team\"},\"description\":\"Editorial team formed by tea professionals from different countries. We are driven by our passion for tea and the dissemination of its culture.\",\"sameAs\":[\"https:\\\/\\\/www.alveus.eu\\\/\"]}]}<\/script>\n<!-- \/ Yoast SEO Premium plugin. -->","yoast_head_json":{"title":"L'unicit\u00e0 dei t\u00e8 coreani | Alveus","description":"Scopri l'affascinante mondo del t\u00e8 coreano: la tradizione, la qualit\u00e0 biologica e il suo crescente protagonismo nel mercato globale.","robots":{"index":"index","follow":"follow","max-snippet":"max-snippet:-1","max-image-preview":"max-image-preview:large","max-video-preview":"max-video-preview:-1"},"canonical":"https:\/\/www.alveus.eu\/it\/blog\/te-coreano-tipi\/","og_locale":"it_IT","og_type":"article","og_title":"T\u00e8 Coreano: Tipi, evoluzione e ci\u00f2 che lo rende speciale","og_description":"Scopri l'affascinante mondo del t\u00e8 coreano: la tradizione, la qualit\u00e0 biologica e il suo crescente protagonismo nel mercato globale.","og_url":"https:\/\/www.alveus.eu\/it\/blog\/te-coreano-tipi\/","og_site_name":"Alveus","article_publisher":"https:\/\/www.facebook.com\/alveusinternational\/","article_published_time":"2024-10-17T16:13:47+00:00","article_modified_time":"2025-06-13T07:58:31+00:00","og_image":[{"width":900,"height":600,"url":"https:\/\/www.alveus.eu\/wp-content\/uploads\/047-a-copy.jpg","type":"image\/jpeg"}],"author":"Alveus Blog Team","twitter_card":"summary_large_image","twitter_misc":{"Scritto da":"Alveus Blog Team","Tempo di lettura stimato":"10 minuti"},"schema":{"@context":"https:\/\/schema.org","@graph":[{"@type":"Article","@id":"https:\/\/www.alveus.eu\/it\/blog\/te-coreano-tipi\/#article","isPartOf":{"@id":"https:\/\/www.alveus.eu\/it\/blog\/te-coreano-tipi\/"},"author":{"name":"Alveus Blog Team","@id":"https:\/\/www.alveus.eu\/it#\/schema\/person\/6864b22051c6c128b3c72edaeac35855"},"headline":"T\u00e8 Coreano: Tipi, evoluzione e ci\u00f2 che lo rende speciale","datePublished":"2024-10-17T16:13:47+00:00","dateModified":"2025-06-13T07:58:31+00:00","mainEntityOfPage":{"@id":"https:\/\/www.alveus.eu\/it\/blog\/te-coreano-tipi\/"},"wordCount":1491,"commentCount":0,"publisher":{"@id":"https:\/\/www.alveus.eu\/it#organization"},"image":{"@id":"https:\/\/www.alveus.eu\/it\/blog\/te-coreano-tipi\/#primaryimage"},"thumbnailUrl":"https:\/\/www.alveus.eu\/wp-content\/uploads\/047-a-copy.jpg","articleSection":["Accademia del T\u00e8"],"inLanguage":"it-IT","potentialAction":[{"@type":"CommentAction","name":"Comment","target":["https:\/\/www.alveus.eu\/it\/blog\/te-coreano-tipi\/#respond"]}]},{"@type":"WebPage","@id":"https:\/\/www.alveus.eu\/it\/blog\/te-coreano-tipi\/","url":"https:\/\/www.alveus.eu\/it\/blog\/te-coreano-tipi\/","name":"L'unicit\u00e0 dei t\u00e8 coreani | Alveus","isPartOf":{"@id":"https:\/\/www.alveus.eu\/it#website"},"primaryImageOfPage":{"@id":"https:\/\/www.alveus.eu\/it\/blog\/te-coreano-tipi\/#primaryimage"},"image":{"@id":"https:\/\/www.alveus.eu\/it\/blog\/te-coreano-tipi\/#primaryimage"},"thumbnailUrl":"https:\/\/www.alveus.eu\/wp-content\/uploads\/047-a-copy.jpg","datePublished":"2024-10-17T16:13:47+00:00","dateModified":"2025-06-13T07:58:31+00:00","description":"Scopri l'affascinante mondo del t\u00e8 coreano: la tradizione, la qualit\u00e0 biologica e il suo crescente protagonismo nel mercato globale.","breadcrumb":{"@id":"https:\/\/www.alveus.eu\/it\/blog\/te-coreano-tipi\/#breadcrumb"},"inLanguage":"it-IT","potentialAction":[{"@type":"ReadAction","target":["https:\/\/www.alveus.eu\/it\/blog\/te-coreano-tipi\/"]}]},{"@type":"ImageObject","inLanguage":"it-IT","@id":"https:\/\/www.alveus.eu\/it\/blog\/te-coreano-tipi\/#primaryimage","url":"https:\/\/www.alveus.eu\/wp-content\/uploads\/047-a-copy.jpg","contentUrl":"https:\/\/www.alveus.eu\/wp-content\/uploads\/047-a-copy.jpg","width":900,"height":600,"caption":"Campo di t\u00e8 a Jeju, Corea"},{"@type":"BreadcrumbList","@id":"https:\/\/www.alveus.eu\/it\/blog\/te-coreano-tipi\/#breadcrumb","itemListElement":[{"@type":"ListItem","position":1,"name":"Home","item":"https:\/\/www.alveus.eu\/it"},{"@type":"ListItem","position":2,"name":"Accademia del T\u00e8","item":"https:\/\/www.alveus.eu\/it\/blog\/category\/accademia-del-te\/"},{"@type":"ListItem","position":3,"name":"T\u00e8 Coreano: Tipi, evoluzione e ci\u00f2 che lo rende speciale"}]},{"@type":"WebSite","@id":"https:\/\/www.alveus.eu\/it#website","url":"https:\/\/www.alveus.eu\/it","name":"Alveus","description":"","publisher":{"@id":"https:\/\/www.alveus.eu\/it#organization"},"potentialAction":[{"@type":"SearchAction","target":{"@type":"EntryPoint","urlTemplate":"https:\/\/www.alveus.eu\/it?s={search_term_string}"},"query-input":{"@type":"PropertyValueSpecification","valueRequired":true,"valueName":"search_term_string"}}],"inLanguage":"it-IT"},{"@type":"Organization","@id":"https:\/\/www.alveus.eu\/it#organization","name":"Alveus","alternateName":"Alveus Premium Teas","url":"https:\/\/www.alveus.eu\/it","logo":{"@type":"ImageObject","inLanguage":"it-IT","@id":"https:\/\/www.alveus.eu\/it#\/schema\/logo\/image\/","url":"https:\/\/www.alveus.eu\/wp-content\/uploads\/2023\/07\/alveus-logo-primary.png","contentUrl":"https:\/\/www.alveus.eu\/wp-content\/uploads\/2023\/07\/alveus-logo-primary.png","width":248,"height":248,"caption":"Alveus"},"image":{"@id":"https:\/\/www.alveus.eu\/it#\/schema\/logo\/image\/"},"sameAs":["https:\/\/www.facebook.com\/alveusinternational\/","https:\/\/www.instagram.com\/alveustea\/","https:\/\/de.linkedin.com\/company\/alveustea"]},{"@type":"Person","@id":"https:\/\/www.alveus.eu\/it#\/schema\/person\/6864b22051c6c128b3c72edaeac35855","name":"Alveus Blog Team","image":{"@type":"ImageObject","inLanguage":"it-IT","@id":"https:\/\/secure.gravatar.com\/avatar\/f951c832a9809c8d01d2ce4fa8bb10716ac4997c3cf93244fa19413f7d28b08e?s=96&d=mm&r=g","url":"https:\/\/secure.gravatar.com\/avatar\/f951c832a9809c8d01d2ce4fa8bb10716ac4997c3cf93244fa19413f7d28b08e?s=96&d=mm&r=g","contentUrl":"https:\/\/secure.gravatar.com\/avatar\/f951c832a9809c8d01d2ce4fa8bb10716ac4997c3cf93244fa19413f7d28b08e?s=96&d=mm&r=g","caption":"Alveus Blog Team"},"description":"Editorial team formed by tea professionals from different countries. We are driven by our passion for tea and the dissemination of its culture.","sameAs":["https:\/\/www.alveus.eu\/"]}]}},"_links":{"self":[{"href":"https:\/\/www.alveus.eu\/it\/wp-json\/wp\/v2\/posts\/46289","targetHints":{"allow":["GET"]}}],"collection":[{"href":"https:\/\/www.alveus.eu\/it\/wp-json\/wp\/v2\/posts"}],"about":[{"href":"https:\/\/www.alveus.eu\/it\/wp-json\/wp\/v2\/types\/post"}],"author":[{"embeddable":true,"href":"https:\/\/www.alveus.eu\/it\/wp-json\/wp\/v2\/users\/11"}],"replies":[{"embeddable":true,"href":"https:\/\/www.alveus.eu\/it\/wp-json\/wp\/v2\/comments?post=46289"}],"version-history":[{"count":4,"href":"https:\/\/www.alveus.eu\/it\/wp-json\/wp\/v2\/posts\/46289\/revisions"}],"predecessor-version":[{"id":50260,"href":"https:\/\/www.alveus.eu\/it\/wp-json\/wp\/v2\/posts\/46289\/revisions\/50260"}],"wp:featuredmedia":[{"embeddable":true,"href":"https:\/\/www.alveus.eu\/it\/wp-json\/wp\/v2\/media\/49946"}],"wp:attachment":[{"href":"https:\/\/www.alveus.eu\/it\/wp-json\/wp\/v2\/media?parent=46289"}],"wp:term":[{"taxonomy":"category","embeddable":true,"href":"https:\/\/www.alveus.eu\/it\/wp-json\/wp\/v2\/categories?post=46289"},{"taxonomy":"post_tag","embeddable":true,"href":"https:\/\/www.alveus.eu\/it\/wp-json\/wp\/v2\/tags?post=46289"}],"curies":[{"name":"wp","href":"https:\/\/api.w.org\/{rel}","templated":true}]}}