{"id":50669,"date":"2025-03-27T11:49:29","date_gmt":"2025-03-27T10:49:29","guid":{"rendered":"https:\/\/www.alveus.eu\/?p=50669"},"modified":"2025-06-18T07:49:17","modified_gmt":"2025-06-18T06:49:17","slug":"intervista-daniel-trenk","status":"publish","type":"post","link":"https:\/\/www.alveus.eu\/it\/blog\/intervista-daniel-trenk\/","title":{"rendered":"La visione dietro Alveus: un&#8217;intervista con il suo CEO Daniel Trenk"},"content":{"rendered":"\t\t<div data-elementor-type=\"wp-post\" data-elementor-id=\"50669\" class=\"elementor elementor-50669 elementor-50631\" data-elementor-post-type=\"post\">\n\t\t\t\t<div class=\"elementor-element elementor-element-41a2d465 e-con-full e-flex e-con e-parent\" data-id=\"41a2d465\" data-element_type=\"container\" data-e-type=\"container\">\n\t\t\t\t<div class=\"elementor-element elementor-element-19e7ee55 elementor-widget elementor-widget-text-editor\" data-id=\"19e7ee55\" data-element_type=\"widget\" data-e-type=\"widget\" data-widget_type=\"text-editor.default\">\n\t\t\t\t<div class=\"elementor-widget-container\">\n\t\t\t\t\t\t\t\t\t<p>Nel mondo del t\u00e8, dove la tradizione e l&#8217;innovazione si incontrano in costante evoluzione, Alveus si \u00e8 posizionata come leader nel settore, non solo per la sua eccezionale qualit\u00e0, ma anche per il suo impegno verso la sostenibilit\u00e0, la personalizzazione e l&#8217;innovazione.<\/p><p>Dai suoi umili inizi, la compagnia \u00e8 riuscita a rivoluzionare il mercato europeo del t\u00e8, diventando sinonimo di eccellenza e passione per l&#8217;arte del t\u00e8.<\/p><p>Oggi, abbiamo il privilegio di conversare con Daniel Trenk, il fondatore e anima di Alveus. Attraverso questa intervista, conosceremo la sua visione sul futuro del t\u00e8, le sfide che ha affrontato nel costruire il marchio e come Alveus \u00e8 riuscita a mantenersi all&#8217;avanguardia in un settore cos\u00ec competitivo.<\/p><p>Accompagnaci in questo percorso attraverso la storia di Alveus, dove conoscerai di prima mano le motivazioni e i principi che hanno spinto la compagnia a diventare il fornitore leader di t\u00e8 premium e bio in Europa.<\/p>\t\t\t\t\t\t\t\t<\/div>\n\t\t\t\t<\/div>\n\t\t\t\t<div class=\"elementor-element elementor-element-9464e5a elementor-widget elementor-widget-image\" data-id=\"9464e5a\" data-element_type=\"widget\" data-e-type=\"widget\" data-widget_type=\"image.default\">\n\t\t\t\t<div class=\"elementor-widget-container\">\n\t\t\t\t\t\t\t\t\t\t\t\t\t\t\t<img fetchpriority=\"high\" decoding=\"async\" width=\"900\" height=\"600\" src=\"https:\/\/www.alveus.eu\/wp-content\/uploads\/069-b.jpg\" class=\"attachment-large size-large wp-image-50646\" alt=\"Daniel Trenk\" srcset=\"https:\/\/www.alveus.eu\/wp-content\/uploads\/069-b.jpg 900w, https:\/\/www.alveus.eu\/wp-content\/uploads\/069-b-300x200.jpg 300w, https:\/\/www.alveus.eu\/wp-content\/uploads\/069-b-768x512.jpg 768w\" sizes=\"(max-width: 900px) 100vw, 900px\" \/>\t\t\t\t\t\t\t\t\t\t\t\t\t\t\t<\/div>\n\t\t\t\t<\/div>\n\t\t\t\t<div class=\"elementor-element elementor-element-49a89da1 elementor-widget elementor-widget-text-editor\" data-id=\"49a89da1\" data-element_type=\"widget\" data-e-type=\"widget\" data-widget_type=\"text-editor.default\">\n\t\t\t\t<div class=\"elementor-widget-container\">\n\t\t\t\t\t\t\t\t\t<p><strong>Cosa ti ha ispirato a fondare Alveus e come \u00e8 nata l&#8217;idea di rivoluzionare l&#8217;industria del t\u00e8?<\/strong><\/p><p><em>Ho sempre apprezzato bere t\u00e8 e passare ore esplorando negozi di t\u00e8, affascinato dai molteplici aromi e dalla grande variet\u00e0 di prodotti provenienti da quasi tutte le parti del mondo.<\/em><\/p><p><em>Specialmente, nelle fasi pi\u00f9 stressanti dei miei studi, mi sono reso conto di quanto possa essere benefica una tazza di t\u00e8 e del potere che si trova nel godimento di ciascuno dei suoi ingredienti&#8230;<\/em><\/p><p><em>Cos\u00ec ho iniziato a investigare pi\u00f9 a fondo questo prodotto e, come studente di amministrazione di affari internazionali, ad analizzare in maggior dettaglio il mercato europeo del t\u00e8.<\/em><\/p><p><em>In qualche modo, sentivo che si poteva fare di pi\u00f9 con questo meraviglioso prodotto: pi\u00f9 variet\u00e0 e creativit\u00e0 nelle miscele, l&#8217;uso di ingredienti bio e di maggiore qualit\u00e0, e una forma pi\u00f9 moderna e audace di commercializzare questo prodotto salutare e sempre pi\u00f9 popolare.<\/em><\/p><p><em>In definitiva, pensavo che un imprenditore giovane e creativo con voglia di esplorare nuove vie, avrebbe fatto molto bene al tradizionale commercio del t\u00e8&#8230; E cos\u00ec \u00e8 nata l&#8217;idea di Alveus.<\/em><\/p>\t\t\t\t\t\t\t\t<\/div>\n\t\t\t\t<\/div>\n\t\t\t\t<div class=\"elementor-element elementor-element-2ed2e77 elementor-widget elementor-widget-text-editor\" data-id=\"2ed2e77\" data-element_type=\"widget\" data-e-type=\"widget\" data-widget_type=\"text-editor.default\">\n\t\t\t\t<div class=\"elementor-widget-container\">\n\t\t\t\t\t\t\t\t\t<p><strong>Nel cammino verso il successo, quali sono state le sfide pi\u00f9 grandi che hai affrontato e come le hai superate?<\/strong><\/p><p><em>Come una giovane azienda con risorse finanziarie limitate e un team piccolo, i nostri primi clienti erano inizialmente piuttosto scettici nel fidarsi di una compagnia sconosciuta.<\/em><\/p><p><em>All&#8217;inizio \u00e8 stato necessario molto sforzo, persuasione ed entusiasmo. Tuttavia, abbiamo realmente ascoltato i nostri clienti e non abbiamo esitato a sviluppare t\u00e8 insieme a loro, anche per piccoli ordini. Abbiamo imparato molto dai nostri clienti, che hanno apprezzato la nostra flessibilit\u00e0.<\/em><\/p><p><em>Inoltre, il nostro approccio ai prodotti bio fin dall&#8217;inizio ci ha aiutato enormemente, dato che questo aspetto \u00e8 diventato sempre pi\u00f9 importante per i nostri clienti e non era una priorit\u00e0 per altri grossisti.<\/em><\/p><p><em>Un&#8217;altra sfida, ovviamente, \u00e8 stata l&#8217;approvvigionamento. Prima bisogna costruire una rete di fornitori, il che non \u00e8 semplice quando all&#8217;inizio si comprano solo piccole quantit\u00e0. Anche qui \u00e8 stato necessario un grande sforzo di persuasione.<\/em><\/p>\t\t\t\t\t\t\t\t<\/div>\n\t\t\t\t<\/div>\n\t\t\t\t<div class=\"elementor-element elementor-element-0ad08bb elementor-widget elementor-widget-image\" data-id=\"0ad08bb\" data-element_type=\"widget\" data-e-type=\"widget\" data-widget_type=\"image.default\">\n\t\t\t\t<div class=\"elementor-widget-container\">\n\t\t\t\t\t\t\t\t\t\t\t\t\t\t\t<img decoding=\"async\" width=\"900\" height=\"600\" src=\"https:\/\/www.alveus.eu\/wp-content\/uploads\/069-c.jpg\" class=\"attachment-large size-large wp-image-50641\" alt=\"Daniel Trenk\" srcset=\"https:\/\/www.alveus.eu\/wp-content\/uploads\/069-c.jpg 900w, https:\/\/www.alveus.eu\/wp-content\/uploads\/069-c-300x200.jpg 300w, https:\/\/www.alveus.eu\/wp-content\/uploads\/069-c-768x512.jpg 768w\" sizes=\"(max-width: 900px) 100vw, 900px\" \/>\t\t\t\t\t\t\t\t\t\t\t\t\t\t\t<\/div>\n\t\t\t\t<\/div>\n\t\t\t\t<div class=\"elementor-element elementor-element-3d39017 elementor-widget elementor-widget-text-editor\" data-id=\"3d39017\" data-element_type=\"widget\" data-e-type=\"widget\" data-widget_type=\"text-editor.default\">\n\t\t\t\t<div class=\"elementor-widget-container\">\n\t\t\t\t\t\t\t\t\t<p><b>Il mercato del t\u00e8 \u00e8 cambiato molto negli ultimi anni, come hai visto questa trasformazione e come Alveus si \u00e8 adattata a queste tendenze?<\/b><\/p><p><em><span style=\"font-weight: 400;\">Il principale cambiamento negli ultimi anni \u00e8 stato il costante aumento dell&#8217;importanza del bio e della salute. Il t\u00e8, specialmente il t\u00e8 bio, \u00e8 diventato un vero prodotto di stile di vita, e i consumatori di tutta Europa sono sempre pi\u00f9 disposti a pagare un prezzo giusto per una qualit\u00e0 premium. Ovviamente, questo ci ha favorito.<\/span><\/em><\/p><p><em><span style=\"font-weight: 400;\">Inoltre, i consumatori si aspettano sempre pi\u00f9 variet\u00e0 e innovazione quando visitano un negozio specializzato. Vogliono essere sorpresi con prodotti nuovi e di nicchia e, se possibile, conoscere una storia dietro di essi. Perci\u00f2, abbiamo dedicato sempre pi\u00f9 energia a lanciare sul mercato un&#8217;incredibile quantit\u00e0 di t\u00e8 nuovi e di tendenza, sempre con qualit\u00e0 premium.<\/span><\/em><\/p>\t\t\t\t\t\t\t\t<\/div>\n\t\t\t\t<\/div>\n\t\t\t\t<div class=\"elementor-element elementor-element-5967272 elementor-widget elementor-widget-text-editor\" data-id=\"5967272\" data-element_type=\"widget\" data-e-type=\"widget\" data-widget_type=\"text-editor.default\">\n\t\t\t\t<div class=\"elementor-widget-container\">\n\t\t\t\t\t\t\t\t\t<p><b>Alveus \u00e8 stata pioniera nel mercato del t\u00e8 bio. Perch\u00e9 credi che abbia guadagnato tanta popolarit\u00e0 e che ruolo gioca la sostenibilit\u00e0 nella visione di Alveus?<\/b><\/p><p><em><span style=\"font-weight: 400;\">Oltre al grande boom dei prodotti bio in Europa negli ultimi 20 anni, il settore del t\u00e8 presenta una situazione ancora pi\u00f9 specializzata. Gli amanti del t\u00e8 sono un tipo di consumatore particolare che valorizza ancora di pi\u00f9 la salute e la sostenibilit\u00e0. Spesso visitano un negozio di t\u00e8 con l&#8217;intenzione di comprare qualcosa di salutare e fare qualcosa di positivo per il loro benessere. In questo contesto, optare per prodotti bio ed evitare pesticidi \u00e8 praticamente un obbligo per gli agricoltori.<\/span><\/em><\/p><p><em><span style=\"font-weight: 400;\">Inoltre, a questa base di clienti importa anche conoscere le condizioni in cui vengono fabbricati i prodotti.<\/span><\/em><\/p><p><em><span style=\"font-weight: 400;\">Il t\u00e8 \u00e8 un prodotto molto redditizio: con 100 g di t\u00e8 si possono preparare un&#8217;incredibile quantit\u00e0 di tazze.<\/span><\/em><\/p><p><em><span style=\"font-weight: 400;\">Sempre pi\u00f9, i consumatori desiderano godere di questo prodotto con totale tranquillit\u00e0 e una coscienza pulita, anche se ci\u00f2 implica un prezzo leggermente pi\u00f9 alto. Perci\u00f2, ci stiamo sforzando di integrare sempre pi\u00f9 aspetti sostenibili nella visione della nostra azienda.<\/span><\/em><\/p>\t\t\t\t\t\t\t\t<\/div>\n\t\t\t\t<\/div>\n\t\t\t\t<div class=\"elementor-element elementor-element-0c66252 elementor-widget elementor-widget-text-editor\" data-id=\"0c66252\" data-element_type=\"widget\" data-e-type=\"widget\" data-widget_type=\"text-editor.default\">\n\t\t\t\t<div class=\"elementor-widget-container\">\n\t\t\t\t\t\t\t\t\t<p><strong>Il team di Alveus \u00e8 fondamentale per il suo successo. Come crei una cultura aziendale che promuova l&#8217;innovazione e la passione per il t\u00e8?<\/strong><\/p><p><em>Per lanciare numerose innovazioni nel t\u00e8 sul mercato ogni anno, \u00e8 fondamentale che molte persone di diversi dipartimenti e nazionalit\u00e0 lavorino insieme. Lo sviluppo di nuovi t\u00e8 richiede un flusso di comunicazione efficiente e strutture ben organizzate all&#8217;interno di un team ampio.<\/em><\/p><p><em>In primo luogo, dobbiamo raccogliere e consolidare in modo ottimale il feedback dei clienti. Inoltre, la creazione di nuovi t\u00e8 dipende in gran parte dalla disponibilit\u00e0 di materie prime e dal rispetto dei requisiti legali. La qualit\u00e0 deve essere garantita a lungo termine, e la logistica deve essere ben organizzata.<\/em><\/p><p><em>Tuttavia, nella sua essenza, tutto ruota attorno alle idee e alla creativit\u00e0. Per ottenerlo, \u00e8 necessario promuovere il talento e mantenere strutture organizzative flessibili. Alla fine, il successo \u00e8 il miglior indicatore, e le migliori idee spesso emergono da persone che sono nuove nell&#8217;industria, ma che sentono un&#8217;autentica passione per sviluppare nuove ricette, e che spesso amano cucinare o infornare nel loro tempo libero&#8230;<\/em><\/p>\t\t\t\t\t\t\t\t<\/div>\n\t\t\t\t<\/div>\n\t\t\t\t<div class=\"elementor-element elementor-element-cfbe814 elementor-widget elementor-widget-image\" data-id=\"cfbe814\" data-element_type=\"widget\" data-e-type=\"widget\" data-widget_type=\"image.default\">\n\t\t\t\t<div class=\"elementor-widget-container\">\n\t\t\t\t\t\t\t\t\t\t\t\t\t\t\t<img decoding=\"async\" width=\"900\" height=\"600\" src=\"https:\/\/www.alveus.eu\/wp-content\/uploads\/069-d.jpg\" class=\"attachment-large size-large wp-image-50636\" alt=\"Daniel Trenk\" srcset=\"https:\/\/www.alveus.eu\/wp-content\/uploads\/069-d.jpg 900w, https:\/\/www.alveus.eu\/wp-content\/uploads\/069-d-300x200.jpg 300w, https:\/\/www.alveus.eu\/wp-content\/uploads\/069-d-768x512.jpg 768w\" sizes=\"(max-width: 900px) 100vw, 900px\" \/>\t\t\t\t\t\t\t\t\t\t\t\t\t\t\t<\/div>\n\t\t\t\t<\/div>\n\t\t\t\t<div class=\"elementor-element elementor-element-2e504d9 elementor-widget elementor-widget-text-editor\" data-id=\"2e504d9\" data-element_type=\"widget\" data-e-type=\"widget\" data-widget_type=\"text-editor.default\">\n\t\t\t\t<div class=\"elementor-widget-container\">\n\t\t\t\t\t\t\t\t\t<p><strong>Attualmente Alveus offre pi\u00f9 di 1500 variet\u00e0 di t\u00e8. Qual \u00e8 il segreto per mantenere un&#8217;offerta cos\u00ec estesa e, allo stesso tempo, assicurarsi che ogni t\u00e8 sia di qualit\u00e0 premium?<\/strong><\/p><p><em>Il fatto di avere 1.500 t\u00e8 gi\u00e0 prodotti e disponibili per la consegna immediata pu\u00f2 sembrare una follia per alcuni, ma \u00e8 stato un processo di sviluppo nel tempo e ha dimostrato di essere un grande successo. Con un tasso di esportazione superiore all&#8217;85% e spedizioni in pi\u00f9 di 70 paesi in tutto il mondo, avere una grande variet\u00e0 \u00e8, senza dubbio, un vantaggio.<\/em><\/p><p><em>Ogni paese o mercato del t\u00e8 ha le proprie necessit\u00e0 e tradizioni, e noi ci sforziamo di soddisfarne la maggior parte. In questo modo, i clienti di tutto il mondo hanno l&#8217;opportunit\u00e0 di provare t\u00e8 che originariamente sono stati creati per altri paesi e che, frequentemente, hanno successo anche nei propri mercati.<\/em><\/p><p><em>La sfida di produrre per cos\u00ec tanti paesi ci motiva e ci ispira, e siamo orgogliosi di continuare a sviluppare t\u00e8 che poi trionfano in diverse parti del mondo. In ultima analisi, \u00e8 anche un vantaggio che Alveus sia cresciuta fino a raggiungere una dimensione che le permette di miscelare una grande variet\u00e0 di t\u00e8 in quantit\u00e0 ottimali e di inviarli sempre freschi.<\/em><\/p>\t\t\t\t\t\t\t\t<\/div>\n\t\t\t\t<\/div>\n\t\t\t\t<div class=\"elementor-element elementor-element-62e4673a elementor-widget elementor-widget-text-editor\" data-id=\"62e4673a\" data-element_type=\"widget\" data-e-type=\"widget\" data-widget_type=\"text-editor.default\">\n\t\t\t\t<div class=\"elementor-widget-container\">\n\t\t\t\t\t\t\t\t\t<p><strong>Quali tendenze nel mercato del t\u00e8 credi che domineranno nei prossimi anni?<\/strong><\/p><p><em>Prevedere le tendenze \u00e8 sempre complicato. Tuttavia, nel mondo del t\u00e8, i cambiamenti di solito avvengono in modo pi\u00f9 graduale, e credo che molte delle tendenze attuali continueranno a evolvere. I t\u00e8 dovrebbero essere ancora pi\u00f9 salutari e, inoltre, dovrebbero essere spiegati chiaramente quali sono i loro benefici specifici.<\/em><\/p><p><em>I consumatori cercano sempre pi\u00f9 prodotti di nicchia con una buona storia e trasparenza. Vogliono sapere esattamente chi ha prodotto un t\u00e8, in quali condizioni e qual \u00e8 stata la sua motivazione. \u00c8 un t\u00e8 innovativo e all&#8217;avanguardia? Proviene da un paese esotico? Posso sostenere una causa o fare qualcosa di positivo acquistando questo t\u00e8? Esiste un modo per ottenere informazioni trasparenti sulla sua origine? Posso fidarmi del mio fornitore di t\u00e8 e fare domande in qualsiasi momento?<\/em><\/p>\t\t\t\t\t\t\t\t<\/div>\n\t\t\t\t<\/div>\n\t\t<div class=\"elementor-element elementor-element-5047ebf e-flex e-con-boxed e-con e-child\" data-id=\"5047ebf\" data-element_type=\"container\" data-e-type=\"container\" data-settings=\"{&quot;background_background&quot;:&quot;classic&quot;}\">\n\t\t\t\t\t<div class=\"e-con-inner\">\n\t\t\t\t<div class=\"elementor-element elementor-element-3f8f8cc elementor-widget__width-initial elementor-widget-mobile__width-inherit elementor-view-default elementor-widget elementor-widget-icon\" data-id=\"3f8f8cc\" data-element_type=\"widget\" data-e-type=\"widget\" data-widget_type=\"icon.default\">\n\t\t\t\t<div class=\"elementor-widget-container\">\n\t\t\t\t\t\t\t<div class=\"elementor-icon-wrapper\">\n\t\t\t<div class=\"elementor-icon\">\n\t\t\t<svg xmlns=\"http:\/\/www.w3.org\/2000\/svg\" id=\"Layer_2\" data-name=\"Layer 2\" viewBox=\"0 0 192 192\"><defs><style> .cls-1 { fill: none; } .cls-2 { fill: #1d1d1b; } <\/style><\/defs><g id=\"medida\"><g><rect class=\"cls-1\" width=\"192\" height=\"192\"><\/rect><g><path class=\"cls-2\" d=\"M50.98,81.76h-15.81c-1.93,0-3.5,1.57-3.5,3.5s1.57,3.5,3.5,3.5h15.81c1.93,0,3.5-1.57,3.5-3.5s-1.57-3.5-3.5-3.5Z\"><\/path><path class=\"cls-2\" d=\"M64.9,53.79c1.37-1.37,1.37-3.58,0-4.95l-10.12-10.12c-1.37-1.37-3.58-1.37-4.95,0-1.37,1.37-1.37,3.58,0,4.95l10.12,10.12c.68,.68,1.58,1.03,2.47,1.03s1.79-.34,2.47-1.03Z\"><\/path><path class=\"cls-2\" d=\"M145.27,38.72c-1.37-1.37-3.58-1.37-4.95,0l-10.12,10.12c-1.37,1.37-1.37,3.58,0,4.95,.68,.68,1.58,1.03,2.47,1.03s1.79-.34,2.47-1.03l10.12-10.12c1.37-1.37,1.37-3.58,0-4.95Z\"><\/path><path class=\"cls-2\" d=\"M97.75,42c1.93,0,3.5-1.57,3.5-3.5v-14.15c0-1.93-1.57-3.5-3.5-3.5s-3.5,1.57-3.5,3.5v14.15c0,1.93,1.57,3.5,3.5,3.5Z\"><\/path><path class=\"cls-2\" d=\"M156.83,81.76h-14.03c-1.93,0-3.5,1.57-3.5,3.5s1.57,3.5,3.5,3.5h14.03c1.93,0,3.5-1.57,3.5-3.5s-1.57-3.5-3.5-3.5Z\"><\/path><path class=\"cls-2\" d=\"M97.75,48.42c-19.84,0-35.98,16.14-35.98,35.98,0,5.06,.99,9.78,3.03,14.44,.96,2.2,2.35,4.65,3.82,7.25,2.14,3.78,4.57,8.07,5.66,11.69,5.01,16.67,2.59,32.29,2.56,32.45l-.05,.56c0,11.22,9.13,20.36,20.36,20.36s20.36-9.13,20.36-20.36l-.04-.56c-.01-.09-.83-5.44-.21-13.48,.08-.29,.13-.58,.13-.89,0-.1-.02-.19-.03-.29,.48-5.16,1.55-11.3,3.76-17.81,1.37-4.04,4.12-8.95,6.55-13.28,1.09-1.95,2.12-3.79,2.96-5.44,2.75-5.36,3.12-10.41,3.12-14.64,0-19.84-16.14-35.98-35.98-35.98Zm12.3,90.94c-.16,4.07,0,7.32,.19,9.41h-26.18c.21-2.1,.44-5.36,.39-9.41h25.6Zm-12.91,24.79c-5.6,0-10.4-3.48-12.38-8.38h24.76c-1.98,4.9-6.78,8.38-12.38,8.38Zm27.24-68.3c-.79,1.54-1.79,3.32-2.84,5.21-2.57,4.6-5.49,9.8-7.07,14.45-2.06,6.07-3.23,11.82-3.85,16.86h-9.68c.34-.54,.54-1.17,.54-1.86v-19.97c5.79-1.55,10.07-6.82,10.07-13.1,0-1.93-1.57-3.5-3.5-3.5s-3.5,1.57-3.5,3.5c0,3.62-2.95,6.57-6.57,6.57s-6.57-2.95-6.57-6.57c0-1.93-1.57-3.5-3.5-3.5s-3.5,1.57-3.5,3.5c0,6.27,4.28,11.55,10.07,13.1v19.97c0,.68,.2,1.32,.54,1.86h-10.93c-.44-5.05-1.37-10.74-3.14-16.6-1.31-4.37-3.95-9.02-6.27-13.12-1.38-2.44-2.68-4.74-3.5-6.6-1.64-3.76-2.44-7.56-2.44-11.64,0-15.98,13-28.98,28.98-28.98s28.98,13,28.98,28.98c0,4.87-.68,8.19-2.35,11.45Z\"><\/path><\/g><\/g><\/g><\/svg>\t\t\t<\/div>\n\t\t<\/div>\n\t\t\t\t\t\t<\/div>\n\t\t\t\t<\/div>\n\t\t\t\t<div class=\"elementor-element elementor-element-ec4e110 elementor-widget__width-inherit elementor-widget elementor-widget-heading\" data-id=\"ec4e110\" data-element_type=\"widget\" data-e-type=\"widget\" data-widget_type=\"heading.default\">\n\t\t\t\t<div class=\"elementor-widget-container\">\n\t\t\t\t\t<span class=\"elementor-heading-title elementor-size-default\">La qualit\u00e0 continuer\u00e0 a essere il fattore chiave per differenziarsi da un mercato di massa, mediocre e a basso margine. Saranno investiti sempre pi\u00f9 fondi in prodotti di autentica qualit\u00e0.<\/span>\t\t\t\t<\/div>\n\t\t\t\t<\/div>\n\t\t\t\t\t<\/div>\n\t\t\t\t<\/div>\n\t\t\t\t<div class=\"elementor-element elementor-element-3b1f382 elementor-widget elementor-widget-text-editor\" data-id=\"3b1f382\" data-element_type=\"widget\" data-e-type=\"widget\" data-widget_type=\"text-editor.default\">\n\t\t\t\t<div class=\"elementor-widget-container\">\n\t\t\t\t\t\t\t\t\t<p><strong>Per gli imprenditori del settore del t\u00e8 che stanno leggendo questo, quale consiglio daresti per continuare a crescere e a differenziarsi nel mercato?<\/strong><\/p><p><em>Anche questa \u00e8 una domanda difficile, ma cercher\u00f2 di rispondere.<\/em><\/p><p><em>Credo che la cosa pi\u00f9 importante sia essere ben posizionati per poter rispondere con chiarezza alla domanda del perch\u00e9 sei diverso e qual \u00e8 la tua proposta di valore unica nel tuo mercato e nella tua regione. Solo in questo modo si pu\u00f2 generare interesse, costruire un marchio e stabilire prezzi ragionevoli.<\/em><\/p><p><em>Come in molti altri settori, il mercato del t\u00e8 ha gi\u00e0 buoni fornitori. Tuttavia, siamo convinti che&#8230;<\/em><\/p>\t\t\t\t\t\t\t\t<\/div>\n\t\t\t\t<\/div>\n\t\t<div class=\"elementor-element elementor-element-0e8887f e-flex e-con-boxed e-con e-child\" data-id=\"0e8887f\" data-element_type=\"container\" data-e-type=\"container\" data-settings=\"{&quot;background_background&quot;:&quot;classic&quot;}\">\n\t\t\t\t\t<div class=\"e-con-inner\">\n\t\t\t\t<div class=\"elementor-element elementor-element-e2dc7e5 elementor-widget__width-initial elementor-widget-mobile__width-inherit elementor-view-default elementor-widget elementor-widget-icon\" data-id=\"e2dc7e5\" data-element_type=\"widget\" data-e-type=\"widget\" data-widget_type=\"icon.default\">\n\t\t\t\t<div class=\"elementor-widget-container\">\n\t\t\t\t\t\t\t<div class=\"elementor-icon-wrapper\">\n\t\t\t<div class=\"elementor-icon\">\n\t\t\t<svg xmlns=\"http:\/\/www.w3.org\/2000\/svg\" id=\"Layer_2\" data-name=\"Layer 2\" viewBox=\"0 0 192 192\"><defs><style> .cls-1 { fill: none; } .cls-2 { fill: #1d1d1b; } <\/style><\/defs><g id=\"medida\"><g><rect class=\"cls-1\" width=\"192\" height=\"192\"><\/rect><g><path class=\"cls-2\" d=\"M50.98,81.76h-15.81c-1.93,0-3.5,1.57-3.5,3.5s1.57,3.5,3.5,3.5h15.81c1.93,0,3.5-1.57,3.5-3.5s-1.57-3.5-3.5-3.5Z\"><\/path><path class=\"cls-2\" d=\"M64.9,53.79c1.37-1.37,1.37-3.58,0-4.95l-10.12-10.12c-1.37-1.37-3.58-1.37-4.95,0-1.37,1.37-1.37,3.58,0,4.95l10.12,10.12c.68,.68,1.58,1.03,2.47,1.03s1.79-.34,2.47-1.03Z\"><\/path><path class=\"cls-2\" d=\"M145.27,38.72c-1.37-1.37-3.58-1.37-4.95,0l-10.12,10.12c-1.37,1.37-1.37,3.58,0,4.95,.68,.68,1.58,1.03,2.47,1.03s1.79-.34,2.47-1.03l10.12-10.12c1.37-1.37,1.37-3.58,0-4.95Z\"><\/path><path class=\"cls-2\" d=\"M97.75,42c1.93,0,3.5-1.57,3.5-3.5v-14.15c0-1.93-1.57-3.5-3.5-3.5s-3.5,1.57-3.5,3.5v14.15c0,1.93,1.57,3.5,3.5,3.5Z\"><\/path><path class=\"cls-2\" d=\"M156.83,81.76h-14.03c-1.93,0-3.5,1.57-3.5,3.5s1.57,3.5,3.5,3.5h14.03c1.93,0,3.5-1.57,3.5-3.5s-1.57-3.5-3.5-3.5Z\"><\/path><path class=\"cls-2\" d=\"M97.75,48.42c-19.84,0-35.98,16.14-35.98,35.98,0,5.06,.99,9.78,3.03,14.44,.96,2.2,2.35,4.65,3.82,7.25,2.14,3.78,4.57,8.07,5.66,11.69,5.01,16.67,2.59,32.29,2.56,32.45l-.05,.56c0,11.22,9.13,20.36,20.36,20.36s20.36-9.13,20.36-20.36l-.04-.56c-.01-.09-.83-5.44-.21-13.48,.08-.29,.13-.58,.13-.89,0-.1-.02-.19-.03-.29,.48-5.16,1.55-11.3,3.76-17.81,1.37-4.04,4.12-8.95,6.55-13.28,1.09-1.95,2.12-3.79,2.96-5.44,2.75-5.36,3.12-10.41,3.12-14.64,0-19.84-16.14-35.98-35.98-35.98Zm12.3,90.94c-.16,4.07,0,7.32,.19,9.41h-26.18c.21-2.1,.44-5.36,.39-9.41h25.6Zm-12.91,24.79c-5.6,0-10.4-3.48-12.38-8.38h24.76c-1.98,4.9-6.78,8.38-12.38,8.38Zm27.24-68.3c-.79,1.54-1.79,3.32-2.84,5.21-2.57,4.6-5.49,9.8-7.07,14.45-2.06,6.07-3.23,11.82-3.85,16.86h-9.68c.34-.54,.54-1.17,.54-1.86v-19.97c5.79-1.55,10.07-6.82,10.07-13.1,0-1.93-1.57-3.5-3.5-3.5s-3.5,1.57-3.5,3.5c0,3.62-2.95,6.57-6.57,6.57s-6.57-2.95-6.57-6.57c0-1.93-1.57-3.5-3.5-3.5s-3.5,1.57-3.5,3.5c0,6.27,4.28,11.55,10.07,13.1v19.97c0,.68,.2,1.32,.54,1.86h-10.93c-.44-5.05-1.37-10.74-3.14-16.6-1.31-4.37-3.95-9.02-6.27-13.12-1.38-2.44-2.68-4.74-3.5-6.6-1.64-3.76-2.44-7.56-2.44-11.64,0-15.98,13-28.98,28.98-28.98s28.98,13,28.98,28.98c0,4.87-.68,8.19-2.35,11.45Z\"><\/path><\/g><\/g><\/g><\/svg>\t\t\t<\/div>\n\t\t<\/div>\n\t\t\t\t\t\t<\/div>\n\t\t\t\t<\/div>\n\t\t\t\t<div class=\"elementor-element elementor-element-9b6800e elementor-widget__width-inherit elementor-widget elementor-widget-heading\" data-id=\"9b6800e\" data-element_type=\"widget\" data-e-type=\"widget\" data-widget_type=\"heading.default\">\n\t\t\t\t<div class=\"elementor-widget-container\">\n\t\t\t\t\t<span class=\"elementor-heading-title elementor-size-default\">...un'offerta di prodotti ben selezionata, un marketing solido e una qualit\u00e0 assolutamente premium troveranno sempre nuove nicchie, rendendo il successo quasi inevitabile.<\/span>\t\t\t\t<\/div>\n\t\t\t\t<\/div>\n\t\t\t\t\t<\/div>\n\t\t\t\t<\/div>\n\t\t\t\t<div class=\"elementor-element elementor-element-49737d2 elementor-widget elementor-widget-text-editor\" data-id=\"49737d2\" data-element_type=\"widget\" data-e-type=\"widget\" data-widget_type=\"text-editor.default\">\n\t\t\t\t<div class=\"elementor-widget-container\">\n\t\t\t\t\t\t\t\t\t<p><em><span style=\"font-weight: 400;\">Inoltre, l&#8217;esperienza nell&#8217;ambito digitale \u00e8, senza dubbio, un grande vantaggio. Oggi, esistono innumerevoli modi per commercializzare un buon prodotto con una storia attraente e una strategia di marketing ben strutturata attraverso canali digitali.<\/span><\/em><\/p>\t\t\t\t\t\t\t\t<\/div>\n\t\t\t\t<\/div>\n\t\t\t\t<\/div>\n\t\t\t\t<\/div>\n\t\t","protected":false},"excerpt":{"rendered":"<p>Scopri la visione che muove Alveus con questa intervista al CEO della compagnia Daniel Trenk. <\/p>\n","protected":false},"author":11,"featured_media":50651,"comment_status":"open","ping_status":"open","sticky":false,"template":"","format":"standard","meta":{"_acf_changed":false,"footnotes":""},"categories":[110],"tags":[],"class_list":["post-50669","post","type-post","status-publish","format-standard","has-post-thumbnail","hentry","category-professionisti-del-te"],"acf":[],"yoast_head":"<!-- This site is optimized with the Yoast SEO Premium plugin v27.4 (Yoast SEO v27.4) - https:\/\/yoast.com\/product\/yoast-seo-premium-wordpress\/ -->\n<title>La visione di Alveus con il CEO Daniel Trenk |Alveus<\/title>\n<meta name=\"description\" content=\"Scopri la visione che guida Alveus in un\u2019intervista esclusiva al CEO Daniel Trenk, tra valori, obiettivi e futuro del marchio.\" \/>\n<meta name=\"robots\" content=\"index, follow, max-snippet:-1, max-image-preview:large, max-video-preview:-1\" \/>\n<link rel=\"canonical\" href=\"https:\/\/www.alveus.eu\/it\/blog\/intervista-daniel-trenk\/\" \/>\n<meta property=\"og:locale\" content=\"it_IT\" \/>\n<meta property=\"og:type\" content=\"article\" \/>\n<meta property=\"og:title\" content=\"La visione dietro Alveus: un&#039;intervista con il suo CEO Daniel Trenk\" \/>\n<meta property=\"og:description\" content=\"Scopri la visione che guida Alveus in un\u2019intervista esclusiva al CEO Daniel Trenk, tra valori, obiettivi e futuro del marchio.\" \/>\n<meta property=\"og:url\" content=\"https:\/\/www.alveus.eu\/it\/blog\/intervista-daniel-trenk\/\" \/>\n<meta property=\"og:site_name\" content=\"Alveus\" \/>\n<meta property=\"article:publisher\" content=\"https:\/\/www.facebook.com\/alveusinternational\/\" \/>\n<meta property=\"article:published_time\" content=\"2025-03-27T10:49:29+00:00\" \/>\n<meta property=\"article:modified_time\" content=\"2025-06-18T06:49:17+00:00\" \/>\n<meta property=\"og:image\" content=\"https:\/\/www.alveus.eu\/wp-content\/uploads\/069-a.jpg\" \/>\n\t<meta property=\"og:image:width\" content=\"900\" \/>\n\t<meta property=\"og:image:height\" content=\"600\" \/>\n\t<meta property=\"og:image:type\" content=\"image\/jpeg\" \/>\n<meta name=\"author\" content=\"Alveus Blog Team\" \/>\n<meta name=\"twitter:card\" content=\"summary_large_image\" \/>\n<meta name=\"twitter:label1\" content=\"Scritto da\" \/>\n\t<meta name=\"twitter:data1\" content=\"Alveus Blog Team\" \/>\n\t<meta name=\"twitter:label2\" content=\"Tempo di lettura stimato\" \/>\n\t<meta name=\"twitter:data2\" content=\"8 minuti\" \/>\n<script type=\"application\/ld+json\" class=\"yoast-schema-graph\">{\"@context\":\"https:\\\/\\\/schema.org\",\"@graph\":[{\"@type\":\"Article\",\"@id\":\"https:\\\/\\\/www.alveus.eu\\\/it\\\/blog\\\/intervista-daniel-trenk\\\/#article\",\"isPartOf\":{\"@id\":\"https:\\\/\\\/www.alveus.eu\\\/it\\\/blog\\\/intervista-daniel-trenk\\\/\"},\"author\":{\"name\":\"Alveus Blog Team\",\"@id\":\"https:\\\/\\\/www.alveus.eu\\\/it#\\\/schema\\\/person\\\/6864b22051c6c128b3c72edaeac35855\"},\"headline\":\"La visione dietro Alveus: un&#8217;intervista con il suo CEO Daniel Trenk\",\"datePublished\":\"2025-03-27T10:49:29+00:00\",\"dateModified\":\"2025-06-18T06:49:17+00:00\",\"mainEntityOfPage\":{\"@id\":\"https:\\\/\\\/www.alveus.eu\\\/it\\\/blog\\\/intervista-daniel-trenk\\\/\"},\"wordCount\":1531,\"commentCount\":0,\"publisher\":{\"@id\":\"https:\\\/\\\/www.alveus.eu\\\/it#organization\"},\"image\":{\"@id\":\"https:\\\/\\\/www.alveus.eu\\\/it\\\/blog\\\/intervista-daniel-trenk\\\/#primaryimage\"},\"thumbnailUrl\":\"https:\\\/\\\/www.alveus.eu\\\/wp-content\\\/uploads\\\/069-a.jpg\",\"articleSection\":[\"Professionisti del T\u00e9\"],\"inLanguage\":\"it-IT\",\"potentialAction\":[{\"@type\":\"CommentAction\",\"name\":\"Comment\",\"target\":[\"https:\\\/\\\/www.alveus.eu\\\/it\\\/blog\\\/intervista-daniel-trenk\\\/#respond\"]}]},{\"@type\":\"WebPage\",\"@id\":\"https:\\\/\\\/www.alveus.eu\\\/it\\\/blog\\\/intervista-daniel-trenk\\\/\",\"url\":\"https:\\\/\\\/www.alveus.eu\\\/it\\\/blog\\\/intervista-daniel-trenk\\\/\",\"name\":\"La visione di Alveus con il CEO Daniel Trenk |Alveus\",\"isPartOf\":{\"@id\":\"https:\\\/\\\/www.alveus.eu\\\/it#website\"},\"primaryImageOfPage\":{\"@id\":\"https:\\\/\\\/www.alveus.eu\\\/it\\\/blog\\\/intervista-daniel-trenk\\\/#primaryimage\"},\"image\":{\"@id\":\"https:\\\/\\\/www.alveus.eu\\\/it\\\/blog\\\/intervista-daniel-trenk\\\/#primaryimage\"},\"thumbnailUrl\":\"https:\\\/\\\/www.alveus.eu\\\/wp-content\\\/uploads\\\/069-a.jpg\",\"datePublished\":\"2025-03-27T10:49:29+00:00\",\"dateModified\":\"2025-06-18T06:49:17+00:00\",\"description\":\"Scopri la visione che guida Alveus in un\u2019intervista esclusiva al CEO Daniel Trenk, tra valori, obiettivi e futuro del marchio.\",\"breadcrumb\":{\"@id\":\"https:\\\/\\\/www.alveus.eu\\\/it\\\/blog\\\/intervista-daniel-trenk\\\/#breadcrumb\"},\"inLanguage\":\"it-IT\",\"potentialAction\":[{\"@type\":\"ReadAction\",\"target\":[\"https:\\\/\\\/www.alveus.eu\\\/it\\\/blog\\\/intervista-daniel-trenk\\\/\"]}]},{\"@type\":\"ImageObject\",\"inLanguage\":\"it-IT\",\"@id\":\"https:\\\/\\\/www.alveus.eu\\\/it\\\/blog\\\/intervista-daniel-trenk\\\/#primaryimage\",\"url\":\"https:\\\/\\\/www.alveus.eu\\\/wp-content\\\/uploads\\\/069-a.jpg\",\"contentUrl\":\"https:\\\/\\\/www.alveus.eu\\\/wp-content\\\/uploads\\\/069-a.jpg\",\"width\":900,\"height\":600,\"caption\":\"Daniel Trenk\"},{\"@type\":\"BreadcrumbList\",\"@id\":\"https:\\\/\\\/www.alveus.eu\\\/it\\\/blog\\\/intervista-daniel-trenk\\\/#breadcrumb\",\"itemListElement\":[{\"@type\":\"ListItem\",\"position\":1,\"name\":\"Home\",\"item\":\"https:\\\/\\\/www.alveus.eu\\\/it\"},{\"@type\":\"ListItem\",\"position\":2,\"name\":\"Professionisti del T\u00e9\",\"item\":\"https:\\\/\\\/www.alveus.eu\\\/it\\\/blog\\\/category\\\/professionisti-del-te\\\/\"},{\"@type\":\"ListItem\",\"position\":3,\"name\":\"La visione dietro Alveus: un&#8217;intervista con il suo CEO Daniel Trenk\"}]},{\"@type\":\"WebSite\",\"@id\":\"https:\\\/\\\/www.alveus.eu\\\/it#website\",\"url\":\"https:\\\/\\\/www.alveus.eu\\\/it\",\"name\":\"Alveus\",\"description\":\"\",\"publisher\":{\"@id\":\"https:\\\/\\\/www.alveus.eu\\\/it#organization\"},\"potentialAction\":[{\"@type\":\"SearchAction\",\"target\":{\"@type\":\"EntryPoint\",\"urlTemplate\":\"https:\\\/\\\/www.alveus.eu\\\/it?s={search_term_string}\"},\"query-input\":{\"@type\":\"PropertyValueSpecification\",\"valueRequired\":true,\"valueName\":\"search_term_string\"}}],\"inLanguage\":\"it-IT\"},{\"@type\":\"Organization\",\"@id\":\"https:\\\/\\\/www.alveus.eu\\\/it#organization\",\"name\":\"Alveus\",\"alternateName\":\"Alveus Premium Teas\",\"url\":\"https:\\\/\\\/www.alveus.eu\\\/it\",\"logo\":{\"@type\":\"ImageObject\",\"inLanguage\":\"it-IT\",\"@id\":\"https:\\\/\\\/www.alveus.eu\\\/it#\\\/schema\\\/logo\\\/image\\\/\",\"url\":\"https:\\\/\\\/www.alveus.eu\\\/wp-content\\\/uploads\\\/2023\\\/07\\\/alveus-logo-primary.png\",\"contentUrl\":\"https:\\\/\\\/www.alveus.eu\\\/wp-content\\\/uploads\\\/2023\\\/07\\\/alveus-logo-primary.png\",\"width\":248,\"height\":248,\"caption\":\"Alveus\"},\"image\":{\"@id\":\"https:\\\/\\\/www.alveus.eu\\\/it#\\\/schema\\\/logo\\\/image\\\/\"},\"sameAs\":[\"https:\\\/\\\/www.facebook.com\\\/alveusinternational\\\/\",\"https:\\\/\\\/www.instagram.com\\\/alveustea\\\/\",\"https:\\\/\\\/de.linkedin.com\\\/company\\\/alveustea\"]},{\"@type\":\"Person\",\"@id\":\"https:\\\/\\\/www.alveus.eu\\\/it#\\\/schema\\\/person\\\/6864b22051c6c128b3c72edaeac35855\",\"name\":\"Alveus Blog Team\",\"image\":{\"@type\":\"ImageObject\",\"inLanguage\":\"it-IT\",\"@id\":\"https:\\\/\\\/secure.gravatar.com\\\/avatar\\\/f951c832a9809c8d01d2ce4fa8bb10716ac4997c3cf93244fa19413f7d28b08e?s=96&d=mm&r=g\",\"url\":\"https:\\\/\\\/secure.gravatar.com\\\/avatar\\\/f951c832a9809c8d01d2ce4fa8bb10716ac4997c3cf93244fa19413f7d28b08e?s=96&d=mm&r=g\",\"contentUrl\":\"https:\\\/\\\/secure.gravatar.com\\\/avatar\\\/f951c832a9809c8d01d2ce4fa8bb10716ac4997c3cf93244fa19413f7d28b08e?s=96&d=mm&r=g\",\"caption\":\"Alveus Blog Team\"},\"description\":\"Editorial team formed by tea professionals from different countries. We are driven by our passion for tea and the dissemination of its culture.\",\"sameAs\":[\"https:\\\/\\\/www.alveus.eu\\\/\"]}]}<\/script>\n<!-- \/ Yoast SEO Premium plugin. -->","yoast_head_json":{"title":"La visione di Alveus con il CEO Daniel Trenk |Alveus","description":"Scopri la visione che guida Alveus in un\u2019intervista esclusiva al CEO Daniel Trenk, tra valori, obiettivi e futuro del marchio.","robots":{"index":"index","follow":"follow","max-snippet":"max-snippet:-1","max-image-preview":"max-image-preview:large","max-video-preview":"max-video-preview:-1"},"canonical":"https:\/\/www.alveus.eu\/it\/blog\/intervista-daniel-trenk\/","og_locale":"it_IT","og_type":"article","og_title":"La visione dietro Alveus: un'intervista con il suo CEO Daniel Trenk","og_description":"Scopri la visione che guida Alveus in un\u2019intervista esclusiva al CEO Daniel Trenk, tra valori, obiettivi e futuro del marchio.","og_url":"https:\/\/www.alveus.eu\/it\/blog\/intervista-daniel-trenk\/","og_site_name":"Alveus","article_publisher":"https:\/\/www.facebook.com\/alveusinternational\/","article_published_time":"2025-03-27T10:49:29+00:00","article_modified_time":"2025-06-18T06:49:17+00:00","og_image":[{"width":900,"height":600,"url":"https:\/\/www.alveus.eu\/wp-content\/uploads\/069-a.jpg","type":"image\/jpeg"}],"author":"Alveus Blog Team","twitter_card":"summary_large_image","twitter_misc":{"Scritto da":"Alveus Blog Team","Tempo di lettura stimato":"8 minuti"},"schema":{"@context":"https:\/\/schema.org","@graph":[{"@type":"Article","@id":"https:\/\/www.alveus.eu\/it\/blog\/intervista-daniel-trenk\/#article","isPartOf":{"@id":"https:\/\/www.alveus.eu\/it\/blog\/intervista-daniel-trenk\/"},"author":{"name":"Alveus Blog Team","@id":"https:\/\/www.alveus.eu\/it#\/schema\/person\/6864b22051c6c128b3c72edaeac35855"},"headline":"La visione dietro Alveus: un&#8217;intervista con il suo CEO Daniel Trenk","datePublished":"2025-03-27T10:49:29+00:00","dateModified":"2025-06-18T06:49:17+00:00","mainEntityOfPage":{"@id":"https:\/\/www.alveus.eu\/it\/blog\/intervista-daniel-trenk\/"},"wordCount":1531,"commentCount":0,"publisher":{"@id":"https:\/\/www.alveus.eu\/it#organization"},"image":{"@id":"https:\/\/www.alveus.eu\/it\/blog\/intervista-daniel-trenk\/#primaryimage"},"thumbnailUrl":"https:\/\/www.alveus.eu\/wp-content\/uploads\/069-a.jpg","articleSection":["Professionisti del T\u00e9"],"inLanguage":"it-IT","potentialAction":[{"@type":"CommentAction","name":"Comment","target":["https:\/\/www.alveus.eu\/it\/blog\/intervista-daniel-trenk\/#respond"]}]},{"@type":"WebPage","@id":"https:\/\/www.alveus.eu\/it\/blog\/intervista-daniel-trenk\/","url":"https:\/\/www.alveus.eu\/it\/blog\/intervista-daniel-trenk\/","name":"La visione di Alveus con il CEO Daniel Trenk |Alveus","isPartOf":{"@id":"https:\/\/www.alveus.eu\/it#website"},"primaryImageOfPage":{"@id":"https:\/\/www.alveus.eu\/it\/blog\/intervista-daniel-trenk\/#primaryimage"},"image":{"@id":"https:\/\/www.alveus.eu\/it\/blog\/intervista-daniel-trenk\/#primaryimage"},"thumbnailUrl":"https:\/\/www.alveus.eu\/wp-content\/uploads\/069-a.jpg","datePublished":"2025-03-27T10:49:29+00:00","dateModified":"2025-06-18T06:49:17+00:00","description":"Scopri la visione che guida Alveus in un\u2019intervista esclusiva al CEO Daniel Trenk, tra valori, obiettivi e futuro del marchio.","breadcrumb":{"@id":"https:\/\/www.alveus.eu\/it\/blog\/intervista-daniel-trenk\/#breadcrumb"},"inLanguage":"it-IT","potentialAction":[{"@type":"ReadAction","target":["https:\/\/www.alveus.eu\/it\/blog\/intervista-daniel-trenk\/"]}]},{"@type":"ImageObject","inLanguage":"it-IT","@id":"https:\/\/www.alveus.eu\/it\/blog\/intervista-daniel-trenk\/#primaryimage","url":"https:\/\/www.alveus.eu\/wp-content\/uploads\/069-a.jpg","contentUrl":"https:\/\/www.alveus.eu\/wp-content\/uploads\/069-a.jpg","width":900,"height":600,"caption":"Daniel Trenk"},{"@type":"BreadcrumbList","@id":"https:\/\/www.alveus.eu\/it\/blog\/intervista-daniel-trenk\/#breadcrumb","itemListElement":[{"@type":"ListItem","position":1,"name":"Home","item":"https:\/\/www.alveus.eu\/it"},{"@type":"ListItem","position":2,"name":"Professionisti del T\u00e9","item":"https:\/\/www.alveus.eu\/it\/blog\/category\/professionisti-del-te\/"},{"@type":"ListItem","position":3,"name":"La visione dietro Alveus: un&#8217;intervista con il suo CEO Daniel Trenk"}]},{"@type":"WebSite","@id":"https:\/\/www.alveus.eu\/it#website","url":"https:\/\/www.alveus.eu\/it","name":"Alveus","description":"","publisher":{"@id":"https:\/\/www.alveus.eu\/it#organization"},"potentialAction":[{"@type":"SearchAction","target":{"@type":"EntryPoint","urlTemplate":"https:\/\/www.alveus.eu\/it?s={search_term_string}"},"query-input":{"@type":"PropertyValueSpecification","valueRequired":true,"valueName":"search_term_string"}}],"inLanguage":"it-IT"},{"@type":"Organization","@id":"https:\/\/www.alveus.eu\/it#organization","name":"Alveus","alternateName":"Alveus Premium Teas","url":"https:\/\/www.alveus.eu\/it","logo":{"@type":"ImageObject","inLanguage":"it-IT","@id":"https:\/\/www.alveus.eu\/it#\/schema\/logo\/image\/","url":"https:\/\/www.alveus.eu\/wp-content\/uploads\/2023\/07\/alveus-logo-primary.png","contentUrl":"https:\/\/www.alveus.eu\/wp-content\/uploads\/2023\/07\/alveus-logo-primary.png","width":248,"height":248,"caption":"Alveus"},"image":{"@id":"https:\/\/www.alveus.eu\/it#\/schema\/logo\/image\/"},"sameAs":["https:\/\/www.facebook.com\/alveusinternational\/","https:\/\/www.instagram.com\/alveustea\/","https:\/\/de.linkedin.com\/company\/alveustea"]},{"@type":"Person","@id":"https:\/\/www.alveus.eu\/it#\/schema\/person\/6864b22051c6c128b3c72edaeac35855","name":"Alveus Blog Team","image":{"@type":"ImageObject","inLanguage":"it-IT","@id":"https:\/\/secure.gravatar.com\/avatar\/f951c832a9809c8d01d2ce4fa8bb10716ac4997c3cf93244fa19413f7d28b08e?s=96&d=mm&r=g","url":"https:\/\/secure.gravatar.com\/avatar\/f951c832a9809c8d01d2ce4fa8bb10716ac4997c3cf93244fa19413f7d28b08e?s=96&d=mm&r=g","contentUrl":"https:\/\/secure.gravatar.com\/avatar\/f951c832a9809c8d01d2ce4fa8bb10716ac4997c3cf93244fa19413f7d28b08e?s=96&d=mm&r=g","caption":"Alveus Blog Team"},"description":"Editorial team formed by tea professionals from different countries. We are driven by our passion for tea and the dissemination of its culture.","sameAs":["https:\/\/www.alveus.eu\/"]}]}},"_links":{"self":[{"href":"https:\/\/www.alveus.eu\/it\/wp-json\/wp\/v2\/posts\/50669","targetHints":{"allow":["GET"]}}],"collection":[{"href":"https:\/\/www.alveus.eu\/it\/wp-json\/wp\/v2\/posts"}],"about":[{"href":"https:\/\/www.alveus.eu\/it\/wp-json\/wp\/v2\/types\/post"}],"author":[{"embeddable":true,"href":"https:\/\/www.alveus.eu\/it\/wp-json\/wp\/v2\/users\/11"}],"replies":[{"embeddable":true,"href":"https:\/\/www.alveus.eu\/it\/wp-json\/wp\/v2\/comments?post=50669"}],"version-history":[{"count":4,"href":"https:\/\/www.alveus.eu\/it\/wp-json\/wp\/v2\/posts\/50669\/revisions"}],"predecessor-version":[{"id":50689,"href":"https:\/\/www.alveus.eu\/it\/wp-json\/wp\/v2\/posts\/50669\/revisions\/50689"}],"wp:featuredmedia":[{"embeddable":true,"href":"https:\/\/www.alveus.eu\/it\/wp-json\/wp\/v2\/media\/50651"}],"wp:attachment":[{"href":"https:\/\/www.alveus.eu\/it\/wp-json\/wp\/v2\/media?parent=50669"}],"wp:term":[{"taxonomy":"category","embeddable":true,"href":"https:\/\/www.alveus.eu\/it\/wp-json\/wp\/v2\/categories?post=50669"},{"taxonomy":"post_tag","embeddable":true,"href":"https:\/\/www.alveus.eu\/it\/wp-json\/wp\/v2\/tags?post=50669"}],"curies":[{"name":"wp","href":"https:\/\/api.w.org\/{rel}","templated":true}]}}