{"id":54963,"date":"2025-08-26T15:45:35","date_gmt":"2025-08-26T14:45:35","guid":{"rendered":"https:\/\/www.alveus.eu\/?p=54963"},"modified":"2025-08-26T15:47:12","modified_gmt":"2025-08-26T14:47:12","slug":"curcuma","status":"publish","type":"post","link":"https:\/\/www.alveus.eu\/it\/blog\/curcuma\/","title":{"rendered":"La curcuma, la radice che trasforma in oro miscele e piatti"},"content":{"rendered":"\t\t<div data-elementor-type=\"wp-post\" data-elementor-id=\"54963\" class=\"elementor elementor-54963 elementor-54844\" data-elementor-post-type=\"post\">\n\t\t\t\t<div class=\"elementor-element elementor-element-ec48546 e-con-full e-flex e-con e-parent\" data-id=\"ec48546\" data-element_type=\"container\" data-e-type=\"container\">\n\t\t\t\t<div class=\"elementor-element elementor-element-5629397 elementor-widget elementor-widget-text-editor\" data-id=\"5629397\" data-element_type=\"widget\" data-e-type=\"widget\" data-widget_type=\"text-editor.default\">\n\t\t\t\t<div class=\"elementor-widget-container\">\n\t\t\t\t\t\t\t\t\t<p><span style=\"font-weight: 400;\">Sicuramente avrai sentito parlare della curcuma innumerevoli volte, e molti dei tuoi clienti verranno nel tuo negozio a chiederla. Questa radice \u00e8 di tendenza come ingrediente per una vita sana, cos\u00ec come per il suo sapore caratteristico e delizioso.\u00a0<\/span><\/p><p><span style=\"font-weight: 400;\">Non l&#8217;hai ancora nel tuo catalogo? Dopo aver letto questo post non esiterai a incorporarla nel tuo business, sia come spezia che come ingrediente in una deliziosa miscela di t\u00e8 o tisana.<\/span><\/p>\t\t\t\t\t\t\t\t<\/div>\n\t\t\t\t<\/div>\n\t\t\t\t<div class=\"elementor-element elementor-element-81850a7 elementor-toc--minimized-on-tablet elementor-widget elementor-widget-table-of-contents\" data-id=\"81850a7\" data-element_type=\"widget\" data-e-type=\"widget\" data-settings=\"{&quot;headings_by_tags&quot;:[&quot;h2&quot;],&quot;exclude_headings_by_selector&quot;:&quot;.elementor-grid .elementor-heading-title&quot;,&quot;no_headings_message&quot;:&quot;No headings were found on this page.&quot;,&quot;marker_view&quot;:&quot;numbers&quot;,&quot;minimize_box&quot;:&quot;yes&quot;,&quot;minimized_on&quot;:&quot;tablet&quot;,&quot;hierarchical_view&quot;:&quot;yes&quot;,&quot;min_height&quot;:{&quot;unit&quot;:&quot;px&quot;,&quot;size&quot;:&quot;&quot;,&quot;sizes&quot;:[]},&quot;min_height_tablet&quot;:{&quot;unit&quot;:&quot;px&quot;,&quot;size&quot;:&quot;&quot;,&quot;sizes&quot;:[]},&quot;min_height_mobile&quot;:{&quot;unit&quot;:&quot;px&quot;,&quot;size&quot;:&quot;&quot;,&quot;sizes&quot;:[]}}\" data-widget_type=\"table-of-contents.default\">\n\t\t\t\t<div class=\"elementor-widget-container\">\n\t\t\t\t\t\t\t\t\t<div class=\"elementor-toc__header\">\n\t\t\t\t\t\t<div class=\"elementor-toc__header-title\">\n\t\t\t\tSommario\t\t\t<\/div>\n\t\t\t\t\t\t\t\t\t\t<div class=\"elementor-toc__toggle-button elementor-toc__toggle-button--expand\" role=\"button\" tabindex=\"0\" aria-controls=\"elementor-toc__81850a7\" aria-expanded=\"true\" aria-label=\"Apri l&#039;indice dei contenuti\"><i aria-hidden=\"true\" class=\"alveus alveus-arrow\"><\/i><\/div>\n\t\t\t\t<div class=\"elementor-toc__toggle-button elementor-toc__toggle-button--collapse\" role=\"button\" tabindex=\"0\" aria-controls=\"elementor-toc__81850a7\" aria-expanded=\"true\" aria-label=\"Chiudi l&#039;indice dei contenuti\"><i aria-hidden=\"true\" class=\"alveus alveus-close\"><\/i><\/div>\n\t\t\t\t\t<\/div>\n\t\t\t\t<div id=\"elementor-toc__81850a7\" class=\"elementor-toc__body\">\n\t\t\t<div class=\"elementor-toc__spinner-container\">\n\t\t\t\t<i class=\"elementor-toc__spinner eicon-animation-spin eicon-loading\" aria-hidden=\"true\"><\/i>\t\t\t<\/div>\n\t\t<\/div>\n\t\t\t\t\t\t<\/div>\n\t\t\t\t<\/div>\n\t\t\t\t<div class=\"elementor-element elementor-element-aeb460f elementor-widget elementor-widget-heading\" data-id=\"aeb460f\" data-element_type=\"widget\" data-e-type=\"widget\" data-widget_type=\"heading.default\">\n\t\t\t\t<div class=\"elementor-widget-container\">\n\t\t\t\t\t<h2 class=\"elementor-heading-title elementor-size-default\">Cos'\u00e8 la curcuma?\n<\/h2>\t\t\t\t<\/div>\n\t\t\t\t<\/div>\n\t\t\t\t<div class=\"elementor-element elementor-element-deddede elementor-widget elementor-widget-text-editor\" data-id=\"deddede\" data-element_type=\"widget\" data-e-type=\"widget\" data-widget_type=\"text-editor.default\">\n\t\t\t\t<div class=\"elementor-widget-container\">\n\t\t\t\t\t\t\t\t\t<p><span style=\"font-weight: 400;\">La curcuma (<\/span><i><span style=\"font-weight: 400;\">Curcuma longa<\/span><\/i><span style=\"font-weight: 400;\">), conosciuta anche come curcuma domestica, \u00e8 una pianta erbacea perenne della famiglia dello zenzero (Zingiberaceae), originaria del subcontinente indiano e del sud-est asiatico.<\/span><\/p><p><span style=\"font-weight: 400;\">Il suo rizoma, di un sorprendente colore giallo-arancio, <\/span><b>\u00e8 stato utilizzato per secoli come colorante naturale, spezia culinaria e nei sistemi di medicina tradizionale come l&#8217;ayurveda<\/b><span style=\"font-weight: 400;\">, il sistema medico tradizionale cinese, l&#8217;unani e pratiche rituali delle culture austronesiane e del sud-est asiatico.<\/span><\/p>\t\t\t\t\t\t\t\t<\/div>\n\t\t\t\t<\/div>\n\t\t\t\t<div class=\"elementor-element elementor-element-d71a9ea elementor-widget elementor-widget-heading\" data-id=\"d71a9ea\" data-element_type=\"widget\" data-e-type=\"widget\" data-widget_type=\"heading.default\">\n\t\t\t\t<div class=\"elementor-widget-container\">\n\t\t\t\t\t<h2 class=\"elementor-heading-title elementor-size-default\">Storia dell'uso della curcuma\n<\/h2>\t\t\t\t<\/div>\n\t\t\t\t<\/div>\n\t\t\t\t<div class=\"elementor-element elementor-element-e5f71a4 elementor-widget elementor-widget-text-editor\" data-id=\"e5f71a4\" data-element_type=\"widget\" data-e-type=\"widget\" data-widget_type=\"text-editor.default\">\n\t\t\t\t<div class=\"elementor-widget-container\">\n\t\t\t\t\t\t\t\t\t<p><span style=\"font-weight: 400;\">La curcuma \u00e8 <\/span><b>uno degli ingredienti pi\u00f9 antichi impiegati dall&#8217;essere umano<\/b><span style=\"font-weight: 400;\">. Resti archeologici hanno confermato il suo uso gi\u00e0 nella civilt\u00e0 della valle dell&#8217;Indo (2600-2200 a.C.) cos\u00ec come la sua presenza in tombe egizie del secondo millennio a.C.<\/span><\/p><p><span style=\"font-weight: 400;\">In India, la curcuma non solo <\/span><b>fu incorporata come alimento<\/b><span style=\"font-weight: 400;\">, ma anche <\/span><b>come parte della cultura religiosa<\/b><span style=\"font-weight: 400;\">: i monaci buddisti e i sacerdoti ind\u00f9 la usavano per tingere le loro tuniche.<\/span><\/p><p><span style=\"font-weight: 400;\">Nelle Filippine, in Indonesia e in altre regioni austronesiane <\/span><b>fu utilizzata come colorante per il corpo<\/b><span style=\"font-weight: 400;\">, nei riti animisti e come elemento medicinale e alimentare.<\/span><\/p><p><span style=\"font-weight: 400;\">Dal sud-est asiatico, la curcuma viaggi\u00f2 con i popoli austronesiani fino al Pacifico, estendendosi anche al Madagascar e alla Micronesia, dove era cos\u00ec apprezzata da <\/span><b>essere scambiata come parte delle reti commerciali marittime<\/b><span style=\"font-weight: 400;\">.<\/span><\/p>\t\t\t\t\t\t\t\t<\/div>\n\t\t\t\t<\/div>\n\t\t\t\t<div class=\"elementor-element elementor-element-3e50bca elementor-widget elementor-widget-heading\" data-id=\"3e50bca\" data-element_type=\"widget\" data-e-type=\"widget\" data-widget_type=\"heading.default\">\n\t\t\t\t<div class=\"elementor-widget-container\">\n\t\t\t\t\t<h2 class=\"elementor-heading-title elementor-size-default\">Coltivazione della curcuma e caratteristiche botaniche\n<\/h2>\t\t\t\t<\/div>\n\t\t\t\t<\/div>\n\t\t<div class=\"elementor-element elementor-element-41e3ce9 e-flex e-con-boxed e-con e-child\" data-id=\"41e3ce9\" data-element_type=\"container\" data-e-type=\"container\" data-settings=\"{&quot;background_background&quot;:&quot;classic&quot;}\">\n\t\t\t\t\t<div class=\"e-con-inner\">\n\t\t\t\t<div class=\"elementor-element elementor-element-05d6455 elementor-widget__width-initial elementor-widget-mobile__width-inherit elementor-view-default elementor-widget elementor-widget-icon\" data-id=\"05d6455\" data-element_type=\"widget\" data-e-type=\"widget\" data-widget_type=\"icon.default\">\n\t\t\t\t<div class=\"elementor-widget-container\">\n\t\t\t\t\t\t\t<div class=\"elementor-icon-wrapper\">\n\t\t\t<div class=\"elementor-icon\">\n\t\t\t<svg xmlns=\"http:\/\/www.w3.org\/2000\/svg\" id=\"Layer_2\" data-name=\"Layer 2\" viewBox=\"0 0 192 192\"><defs><style> .cls-1 { fill: none; } .cls-2 { fill: #1d1d1b; } <\/style><\/defs><g id=\"medida\"><g><rect class=\"cls-1\" width=\"192\" height=\"192\"><\/rect><g><path class=\"cls-2\" d=\"M50.98,81.76h-15.81c-1.93,0-3.5,1.57-3.5,3.5s1.57,3.5,3.5,3.5h15.81c1.93,0,3.5-1.57,3.5-3.5s-1.57-3.5-3.5-3.5Z\"><\/path><path class=\"cls-2\" d=\"M64.9,53.79c1.37-1.37,1.37-3.58,0-4.95l-10.12-10.12c-1.37-1.37-3.58-1.37-4.95,0-1.37,1.37-1.37,3.58,0,4.95l10.12,10.12c.68,.68,1.58,1.03,2.47,1.03s1.79-.34,2.47-1.03Z\"><\/path><path class=\"cls-2\" d=\"M145.27,38.72c-1.37-1.37-3.58-1.37-4.95,0l-10.12,10.12c-1.37,1.37-1.37,3.58,0,4.95,.68,.68,1.58,1.03,2.47,1.03s1.79-.34,2.47-1.03l10.12-10.12c1.37-1.37,1.37-3.58,0-4.95Z\"><\/path><path class=\"cls-2\" d=\"M97.75,42c1.93,0,3.5-1.57,3.5-3.5v-14.15c0-1.93-1.57-3.5-3.5-3.5s-3.5,1.57-3.5,3.5v14.15c0,1.93,1.57,3.5,3.5,3.5Z\"><\/path><path class=\"cls-2\" d=\"M156.83,81.76h-14.03c-1.93,0-3.5,1.57-3.5,3.5s1.57,3.5,3.5,3.5h14.03c1.93,0,3.5-1.57,3.5-3.5s-1.57-3.5-3.5-3.5Z\"><\/path><path class=\"cls-2\" d=\"M97.75,48.42c-19.84,0-35.98,16.14-35.98,35.98,0,5.06,.99,9.78,3.03,14.44,.96,2.2,2.35,4.65,3.82,7.25,2.14,3.78,4.57,8.07,5.66,11.69,5.01,16.67,2.59,32.29,2.56,32.45l-.05,.56c0,11.22,9.13,20.36,20.36,20.36s20.36-9.13,20.36-20.36l-.04-.56c-.01-.09-.83-5.44-.21-13.48,.08-.29,.13-.58,.13-.89,0-.1-.02-.19-.03-.29,.48-5.16,1.55-11.3,3.76-17.81,1.37-4.04,4.12-8.95,6.55-13.28,1.09-1.95,2.12-3.79,2.96-5.44,2.75-5.36,3.12-10.41,3.12-14.64,0-19.84-16.14-35.98-35.98-35.98Zm12.3,90.94c-.16,4.07,0,7.32,.19,9.41h-26.18c.21-2.1,.44-5.36,.39-9.41h25.6Zm-12.91,24.79c-5.6,0-10.4-3.48-12.38-8.38h24.76c-1.98,4.9-6.78,8.38-12.38,8.38Zm27.24-68.3c-.79,1.54-1.79,3.32-2.84,5.21-2.57,4.6-5.49,9.8-7.07,14.45-2.06,6.07-3.23,11.82-3.85,16.86h-9.68c.34-.54,.54-1.17,.54-1.86v-19.97c5.79-1.55,10.07-6.82,10.07-13.1,0-1.93-1.57-3.5-3.5-3.5s-3.5,1.57-3.5,3.5c0,3.62-2.95,6.57-6.57,6.57s-6.57-2.95-6.57-6.57c0-1.93-1.57-3.5-3.5-3.5s-3.5,1.57-3.5,3.5c0,6.27,4.28,11.55,10.07,13.1v19.97c0,.68,.2,1.32,.54,1.86h-10.93c-.44-5.05-1.37-10.74-3.14-16.6-1.31-4.37-3.95-9.02-6.27-13.12-1.38-2.44-2.68-4.74-3.5-6.6-1.64-3.76-2.44-7.56-2.44-11.64,0-15.98,13-28.98,28.98-28.98s28.98,13,28.98,28.98c0,4.87-.68,8.19-2.35,11.45Z\"><\/path><\/g><\/g><\/g><\/svg>\t\t\t<\/div>\n\t\t<\/div>\n\t\t\t\t\t\t<\/div>\n\t\t\t\t<\/div>\n\t\t\t\t<div class=\"elementor-element elementor-element-eb27c75 elementor-widget__width-inherit elementor-widget elementor-widget-heading\" data-id=\"eb27c75\" data-element_type=\"widget\" data-e-type=\"widget\" data-widget_type=\"heading.default\">\n\t\t\t\t<div class=\"elementor-widget-container\">\n\t\t\t\t\t<span class=\"elementor-heading-title elementor-size-default\">La curcuma \u00e8 coltivata per i suoi rizomi, che vengono raccolti annualmente, bolliti, essiccati e macinati fino a ottenere una polvere stabile e aromatica.<\/span>\t\t\t\t<\/div>\n\t\t\t\t<\/div>\n\t\t\t\t\t<\/div>\n\t\t\t\t<\/div>\n\t\t\t\t<div class=\"elementor-element elementor-element-f7faf32 elementor-widget elementor-widget-text-editor\" data-id=\"f7faf32\" data-element_type=\"widget\" data-e-type=\"widget\" data-widget_type=\"text-editor.default\">\n\t\t\t\t<div class=\"elementor-widget-container\">\n\t\t\t\t\t\t\t\t\t<p><b>Necessita di climi tropicali, terreni ben drenati e temperature tra 20 e 30 \u00b0C<\/b><span style=\"font-weight: 400;\">. Le foglie, di grandi dimensioni, raggiungono fino a un metro di altezza, e i suoi fiori sono di un giallo brillante, raggruppati in spighe che sorgono direttamente dal falso stelo.<\/span><\/p><p><span style=\"font-weight: 400;\">Nelle regioni tropicali dell&#8217;Asia, come l&#8217;India e la Thailandia, vengono coltivate molteplici specie del genere Curcuma, sebbene <\/span><b>la <\/b><b><i>Curcuma longa<\/i><\/b><b> sia la pi\u00f9 ampiamente impiegata come &#8220;curcuma&#8221; in gastronomia ed erboristeria<\/b><span style=\"font-weight: 400;\">.<\/span><\/p>\t\t\t\t\t\t\t\t<\/div>\n\t\t\t\t<\/div>\n\t\t\t\t<div class=\"elementor-element elementor-element-1844fed elementor-widget elementor-widget-heading\" data-id=\"1844fed\" data-element_type=\"widget\" data-e-type=\"widget\" data-widget_type=\"heading.default\">\n\t\t\t\t<div class=\"elementor-widget-container\">\n\t\t\t\t\t<h2 class=\"elementor-heading-title elementor-size-default\">Usi culinari tradizionali della curcuma\n<\/h2>\t\t\t\t<\/div>\n\t\t\t\t<\/div>\n\t\t\t\t<div class=\"elementor-element elementor-element-67f52a1 elementor-widget elementor-widget-image\" data-id=\"67f52a1\" data-element_type=\"widget\" data-e-type=\"widget\" data-widget_type=\"image.default\">\n\t\t\t\t<div class=\"elementor-widget-container\">\n\t\t\t\t\t\t\t\t\t\t\t\t\t\t\t<img fetchpriority=\"high\" decoding=\"async\" width=\"900\" height=\"600\" src=\"https:\/\/www.alveus.eu\/wp-content\/uploads\/089_b.jpg\" class=\"attachment-large size-large wp-image-54861\" alt=\"curcuma indiana\" srcset=\"https:\/\/www.alveus.eu\/wp-content\/uploads\/089_b.jpg 900w, https:\/\/www.alveus.eu\/wp-content\/uploads\/089_b-300x200.jpg 300w, https:\/\/www.alveus.eu\/wp-content\/uploads\/089_b-768x512.jpg 768w\" sizes=\"(max-width: 900px) 100vw, 900px\" \/>\t\t\t\t\t\t\t\t\t\t\t\t\t\t\t<\/div>\n\t\t\t\t<\/div>\n\t\t\t\t<div class=\"elementor-element elementor-element-981c80e elementor-widget elementor-widget-text-editor\" data-id=\"981c80e\" data-element_type=\"widget\" data-e-type=\"widget\" data-widget_type=\"text-editor.default\">\n\t\t\t\t<div class=\"elementor-widget-container\">\n\t\t\t\t\t\t\t\t\t<p><span style=\"font-weight: 400;\">La polvere di curcuma, con il suo sapore caldo e leggermente amaro, \u00e8 un ingrediente essenziale in molte cucine asiatiche, specialmente in miscele come il curry.<\/span><\/p><p><b>\u00c8 impiegata sia in piatti salati che in preparazioni dolci<\/b><span style=\"font-weight: 400;\"> \u2014come la torta libanese sfouf\u2014 ed \u00e8 un componente comune di bevande funzionali come il &#8220;latte d&#8217;oro&#8221; (turmeric latte).<\/span><\/p><p><span style=\"font-weight: 400;\">In India, la foglia fresca \u00e8 utilizzata per preparare dolci tradizionali, e in paesi come il Vietnam, la Thailandia, l&#8217;Iran e il Sudafrica, apporta colore e aroma a zuppe, risi e stufati.<\/span><\/p><p><span style=\"font-weight: 400;\">In molte regioni \u00e8 stata utilizzata anche come colorante naturale in tessuti e alimenti, essendo un sostituto economico dello zafferano.<\/span><\/p>\t\t\t\t\t\t\t\t<\/div>\n\t\t\t\t<\/div>\n\t\t\t\t<div class=\"elementor-element elementor-element-d51f38a elementor-widget elementor-widget-heading\" data-id=\"d51f38a\" data-element_type=\"widget\" data-e-type=\"widget\" data-widget_type=\"heading.default\">\n\t\t\t\t<div class=\"elementor-widget-container\">\n\t\t\t\t\t<h2 class=\"elementor-heading-title elementor-size-default\">Uso tradizionale come pianta medicinale\n<\/h2>\t\t\t\t<\/div>\n\t\t\t\t<\/div>\n\t\t\t\t<div class=\"elementor-element elementor-element-dfecaea elementor-widget elementor-widget-image\" data-id=\"dfecaea\" data-element_type=\"widget\" data-e-type=\"widget\" data-widget_type=\"image.default\">\n\t\t\t\t<div class=\"elementor-widget-container\">\n\t\t\t\t\t\t\t\t\t\t\t\t\t\t\t<img decoding=\"async\" width=\"900\" height=\"600\" src=\"https:\/\/www.alveus.eu\/wp-content\/uploads\/089_c.jpg\" class=\"attachment-large size-large wp-image-54936\" alt=\"rituale haldi india\" srcset=\"https:\/\/www.alveus.eu\/wp-content\/uploads\/089_c.jpg 900w, https:\/\/www.alveus.eu\/wp-content\/uploads\/089_c-300x200.jpg 300w, https:\/\/www.alveus.eu\/wp-content\/uploads\/089_c-768x512.jpg 768w\" sizes=\"(max-width: 900px) 100vw, 900px\" \/>\t\t\t\t\t\t\t\t\t\t\t\t\t\t\t<\/div>\n\t\t\t\t<\/div>\n\t\t\t\t<div class=\"elementor-element elementor-element-beb779e elementor-widget elementor-widget-text-editor\" data-id=\"beb779e\" data-element_type=\"widget\" data-e-type=\"widget\" data-widget_type=\"text-editor.default\">\n\t\t\t\t<div class=\"elementor-widget-container\">\n\t\t\t\t\t\t\t\t\t<p><span style=\"font-weight: 400;\">Nella medicina ayurvedica e cinese, la curcuma \u00e8 stata apprezzata per secoli. \u00c8 stata tradizionalmente utilizzata come supporto digestivo, nei trattamenti per il fegato, per alleviare la pelle irritata e <\/span><b>come parte di rituali di purificazione pre-matrimoniali, come l&#8217;haldi in India.<\/b><\/p><p><span style=\"font-weight: 400;\">In molte culture, specialmente nel sud-est asiatico, veniva applicata topicamente sulla pelle, ingerita in decotti e mescolata con pepe nero per far parte della dieta quotidiana.<\/span><\/p><p><span style=\"font-weight: 400;\">In paesi come il Giappone e la Cina \u00e8 stata utilizzata anche per supportare processi infiammatori<\/span> <span style=\"font-weight: 400;\">e migliorare la circolazione.<\/span><\/p>\t\t\t\t\t\t\t\t<\/div>\n\t\t\t\t<\/div>\n\t\t\t\t<div class=\"elementor-element elementor-element-35ad9e2 elementor-widget elementor-widget-heading\" data-id=\"35ad9e2\" data-element_type=\"widget\" data-e-type=\"widget\" data-widget_type=\"heading.default\">\n\t\t\t\t<div class=\"elementor-widget-container\">\n\t\t\t\t\t<h2 class=\"elementor-heading-title elementor-size-default\">La curcuma nelle miscele di t\u00e8 e tisane\n<\/h2>\t\t\t\t<\/div>\n\t\t\t\t<\/div>\n\t\t\t\t<div class=\"elementor-element elementor-element-2d7f726 elementor-widget elementor-widget-text-editor\" data-id=\"2d7f726\" data-element_type=\"widget\" data-e-type=\"widget\" data-widget_type=\"text-editor.default\">\n\t\t\t\t<div class=\"elementor-widget-container\">\n\t\t\t\t\t\t\t\t\t<p><span style=\"font-weight: 400;\">La curcuma apporta alle tisane e ai t\u00e8 molto pi\u00f9 del suo caratteristico colore dorato.<\/span><\/p><p><span style=\"font-weight: 400;\">La sua incorporazione nelle miscele \u00e8 in forte crescita, sia per il suo diverso profilo sensoriale che per <\/span><b>il suo valore percepito tra i consumatori che cercano infusi confortanti, naturali e senza caffeina.<\/b><\/p>\t\t\t\t\t\t\t\t<\/div>\n\t\t\t\t<\/div>\n\t\t\t\t<div class=\"elementor-element elementor-element-a4a8179 elementor-widget elementor-widget-heading\" data-id=\"a4a8179\" data-element_type=\"widget\" data-e-type=\"widget\" data-widget_type=\"heading.default\">\n\t\t\t\t<div class=\"elementor-widget-container\">\n\t\t\t\t\t<h3 class=\"elementor-heading-title elementor-size-default\">Cosa apporta la curcuma ai blend di t\u00e8?\n<\/h3>\t\t\t\t<\/div>\n\t\t\t\t<\/div>\n\t\t\t\t<div class=\"elementor-element elementor-element-e207a58 elementor-widget elementor-widget-image\" data-id=\"e207a58\" data-element_type=\"widget\" data-e-type=\"widget\" data-widget_type=\"image.default\">\n\t\t\t\t<div class=\"elementor-widget-container\">\n\t\t\t\t\t\t\t\t\t\t\t\t\t\t\t<img decoding=\"async\" width=\"900\" height=\"600\" src=\"https:\/\/www.alveus.eu\/wp-content\/uploads\/089_d.jpg\" class=\"attachment-large size-large wp-image-54941\" alt=\"tisana carota curcuma\" srcset=\"https:\/\/www.alveus.eu\/wp-content\/uploads\/089_d.jpg 900w, https:\/\/www.alveus.eu\/wp-content\/uploads\/089_d-300x200.jpg 300w, https:\/\/www.alveus.eu\/wp-content\/uploads\/089_d-768x512.jpg 768w\" sizes=\"(max-width: 900px) 100vw, 900px\" \/>\t\t\t\t\t\t\t\t\t\t\t\t\t\t\t<\/div>\n\t\t\t\t<\/div>\n\t\t\t\t<div class=\"elementor-element elementor-element-5815d4b elementor-widget elementor-widget-text-editor\" data-id=\"5815d4b\" data-element_type=\"widget\" data-e-type=\"widget\" data-widget_type=\"text-editor.default\">\n\t\t\t\t<div class=\"elementor-widget-container\">\n\t\t\t\t\t\t\t\t\t<p><b>Profilo aromatico e sapore caldo<\/b><\/p><p><span style=\"font-weight: 400;\">La curcuma ha un sapore terroso, leggermente amaro e piccante, con note che ricordano la senape e lo zenzero. Questa base calda funge da ponte tra ingredienti speziati, agrumati e dolci. La sua versatilit\u00e0 permette di integrarla sia in tisane rilassanti che in miscele stimolanti o depurative.<\/span><\/p><p><b>Colore e appeal visivo<\/b><\/p><p><span style=\"font-weight: 400;\">Apporta un&#8217;intensa tonalit\u00e0 giallo-arancione al liquore dell&#8217;infuso, generando un vistoso aspetto dorato.<\/span><\/p><p><span style=\"font-weight: 400;\">Questo elemento visivo \u00e8 particolarmente apprezzato nei blend venduti sfusi o nelle linee premium, poich\u00e9 suscita curiosit\u00e0 e trasmette un&#8217;immagine di infuso salutare.<\/span><\/p><p><b>Valori \u201ctradizionali ed emozionali\u201d<\/b><\/p><p><span style=\"font-weight: 400;\">Anche se non pu\u00f2 essere pubblicizzata come un prodotto con benefici medici, la curcuma \u00e8 associata nella mente del consumatore all&#8217;uso tradizionale per rafforzare il benessere, in particolare quello digestivo e per sentirsi vitali.<\/span><\/p><p><span style=\"font-weight: 400;\">Questa associazione la rende un ingrediente ideale per lo storytelling e il marketing del prodotto.<\/span><\/p><p><b>Sinergia con altre piante e spezie<\/b><\/p><p><span style=\"font-weight: 400;\">Funziona particolarmente bene combinata con:<\/span><\/p><ul><li style=\"font-weight: 400;\" aria-level=\"1\"><span style=\"font-weight: 400;\">Zenzero e cannella, in miscele in stile ayurvedico.<\/span><\/li><li style=\"font-weight: 400;\" aria-level=\"1\"><span style=\"font-weight: 400;\">Liquirizia, rooibos o scorza d&#8217;arancia, per note dolci e rotonde.<\/span><\/li><li style=\"font-weight: 400;\" aria-level=\"1\"><span style=\"font-weight: 400;\">Pepe nero, che esalta sia il sapore che la biodisponibilit\u00e0 dei suoi composti.<\/span><\/li><li style=\"font-weight: 400;\" aria-level=\"1\"><span style=\"font-weight: 400;\">Citronella, camomilla o finocchio, per miscele digestive o rilassanti.<\/span><\/li><\/ul>\t\t\t\t\t\t\t\t<\/div>\n\t\t\t\t<\/div>\n\t\t\t\t<div class=\"elementor-element elementor-element-3fee3d9 elementor-widget elementor-widget-shortcode\" data-id=\"3fee3d9\" data-element_type=\"widget\" data-e-type=\"widget\" data-widget_type=\"shortcode.default\">\n\t\t\t\t<div class=\"elementor-widget-container\">\n\t\t\t\t\t\t\t<div class=\"elementor-shortcode\">\t\t<div data-elementor-type=\"section\" data-elementor-id=\"51141\" class=\"elementor elementor-51141 elementor-51052 elementor-51052\" data-elementor-post-type=\"elementor_library\">\n\t\t\t<div class=\"elementor-element elementor-element-3039963 e-con-full e-flex e-con e-parent\" data-id=\"3039963\" data-element_type=\"container\" data-e-type=\"container\" data-settings=\"{&quot;background_background&quot;:&quot;classic&quot;}\">\n\t\t<div class=\"elementor-element elementor-element-4351092 e-con-full e-flex e-con e-child\" data-id=\"4351092\" data-element_type=\"container\" data-e-type=\"container\">\n\t\t\t\t<div class=\"elementor-element elementor-element-2090423 elementor-widget elementor-widget-heading\" data-id=\"2090423\" data-element_type=\"widget\" data-e-type=\"widget\" data-widget_type=\"heading.default\">\n\t\t\t\t<div class=\"elementor-widget-container\">\n\t\t\t\t\t<p class=\"elementor-heading-title elementor-size-default\">Ricevi 10 campioni gratuiti<\/p>\t\t\t\t<\/div>\n\t\t\t\t<\/div>\n\t\t\t\t<div class=\"elementor-element elementor-element-1b4106c elementor-widget elementor-widget-heading\" data-id=\"1b4106c\" data-element_type=\"widget\" data-e-type=\"widget\" data-widget_type=\"heading.default\">\n\t\t\t\t<div class=\"elementor-widget-container\">\n\t\t\t\t\t<p class=\"elementor-heading-title elementor-size-default\">Esclusivamente per i professionisti del t\u00e8<\/p>\t\t\t\t<\/div>\n\t\t\t\t<\/div>\n\t\t\t\t<div class=\"elementor-element elementor-element-c6cc423 elementor-align-left elementor-widget elementor-widget-button\" data-id=\"c6cc423\" data-element_type=\"widget\" data-e-type=\"widget\" data-widget_type=\"button.default\">\n\t\t\t\t<div class=\"elementor-widget-container\">\n\t\t\t\t\t\t\t\t\t<div class=\"elementor-button-wrapper\">\n\t\t\t\t\t<a class=\"elementor-button elementor-button-link elementor-size-sm\" href=\"#request-catalogue\">\n\t\t\t\t\t\t<span class=\"elementor-button-content-wrapper\">\n\t\t\t\t\t\t\t\t\t<span class=\"elementor-button-text\">RICHIEDERE CATALOGO<\/span>\n\t\t\t\t\t<\/span>\n\t\t\t\t\t<\/a>\n\t\t\t\t<\/div>\n\t\t\t\t\t\t\t\t<\/div>\n\t\t\t\t<\/div>\n\t\t\t\t<\/div>\n\t\t<div class=\"elementor-element elementor-element-92c569c e-con-full e-flex e-con e-child\" data-id=\"92c569c\" data-element_type=\"container\" data-e-type=\"container\">\n\t\t\t\t<div class=\"elementor-element elementor-element-82c5156 elementor-widget elementor-widget-image\" data-id=\"82c5156\" data-element_type=\"widget\" data-e-type=\"widget\" data-widget_type=\"image.default\">\n\t\t\t\t<div class=\"elementor-widget-container\">\n\t\t\t\t\t\t\t\t\t\t\t\t\t\t\t<img loading=\"lazy\" decoding=\"async\" width=\"863\" height=\"343\" src=\"https:\/\/www.alveus.eu\/wp-content\/uploads\/cta-catalogues.png\" class=\"attachment-large size-large wp-image-51123\" alt=\"\" srcset=\"https:\/\/www.alveus.eu\/wp-content\/uploads\/cta-catalogues.png 863w, https:\/\/www.alveus.eu\/wp-content\/uploads\/cta-catalogues-300x119.png 300w, https:\/\/www.alveus.eu\/wp-content\/uploads\/cta-catalogues-768x305.png 768w\" sizes=\"(max-width: 863px) 100vw, 863px\" \/>\t\t\t\t\t\t\t\t\t\t\t\t\t\t\t<\/div>\n\t\t\t\t<\/div>\n\t\t\t\t<\/div>\n\t\t\t\t<\/div>\n\t\t\t\t<\/div>\n\t\t<\/div>\n\t\t\t\t\t\t<\/div>\n\t\t\t\t<\/div>\n\t\t\t\t<div class=\"elementor-element elementor-element-7f2f5e1 elementor-widget elementor-widget-heading\" data-id=\"7f2f5e1\" data-element_type=\"widget\" data-e-type=\"widget\" data-widget_type=\"heading.default\">\n\t\t\t\t<div class=\"elementor-widget-container\">\n\t\t\t\t\t<h3 class=\"elementor-heading-title elementor-size-default\">Raccomandazioni per l'uso professionale nel tea blending\n<\/h3>\t\t\t\t<\/div>\n\t\t\t\t<\/div>\n\t\t\t\t<div class=\"elementor-element elementor-element-ffb7adb elementor-widget elementor-widget-text-editor\" data-id=\"ffb7adb\" data-element_type=\"widget\" data-e-type=\"widget\" data-widget_type=\"text-editor.default\">\n\t\t\t\t<div class=\"elementor-widget-container\">\n\t\t\t\t\t\t\t\t\t<p><span style=\"font-weight: 400;\">Se vuoi creare una miscela con curcuma, questi consigli potrebbero aiutarti:<\/span><\/p><ul><li style=\"font-weight: 400;\" aria-level=\"1\"><b>Dosaggio<\/b><span style=\"font-weight: 400;\">: tra il 5 e il 15% del peso totale della miscela, a seconda del risultato aromatico desiderato.<\/span><\/li><li style=\"font-weight: 400;\" aria-level=\"1\"><b>Formato ideale<\/b><span style=\"font-weight: 400;\">: polvere grossolana o triturata (non macinata fine) o pezzetti di radice, per facilitare la miscela visiva e, soprattutto, evitare che intorbidisca troppo l&#8217;infuso.<\/span><\/li><li style=\"font-weight: 400;\" aria-level=\"1\"><b>Stagionalit\u00e0<\/b><span style=\"font-weight: 400;\">: funziona molto bene nelle linee autunnali e invernali, anche se pu\u00f2 essere integrata in combinazioni agrumate per primavera\/estate.<\/span><\/li><\/ul>\t\t\t\t\t\t\t\t<\/div>\n\t\t\t\t<\/div>\n\t\t\t\t<div class=\"elementor-element elementor-element-98e5ce3 elementor-widget elementor-widget-heading\" data-id=\"98e5ce3\" data-element_type=\"widget\" data-e-type=\"widget\" data-widget_type=\"heading.default\">\n\t\t\t\t<div class=\"elementor-widget-container\">\n\t\t\t\t\t<h2 class=\"elementor-heading-title elementor-size-default\">Composizione fitochimica della curcuma\n<\/h2>\t\t\t\t<\/div>\n\t\t\t\t<\/div>\n\t\t\t\t<div class=\"elementor-element elementor-element-c1d9117 elementor-widget elementor-widget-text-editor\" data-id=\"c1d9117\" data-element_type=\"widget\" data-e-type=\"widget\" data-widget_type=\"text-editor.default\">\n\t\t\t\t<div class=\"elementor-widget-container\">\n\t\t\t\t\t\t\t\t\t<p><span style=\"font-weight: 400;\">Il composto pi\u00f9 studiato della curcuma \u00e8 la curcumina, un polifenolo responsabile del suo caratteristico colore giallo intenso.\u00a0<\/span><\/p>\t\t\t\t\t\t\t\t<\/div>\n\t\t\t\t<\/div>\n\t\t<div class=\"elementor-element elementor-element-1ed2a60 e-flex e-con-boxed e-con e-child\" data-id=\"1ed2a60\" data-element_type=\"container\" data-e-type=\"container\" data-settings=\"{&quot;background_background&quot;:&quot;classic&quot;}\">\n\t\t\t\t\t<div class=\"e-con-inner\">\n\t\t\t\t<div class=\"elementor-element elementor-element-bd8fa86 elementor-widget__width-initial elementor-widget-mobile__width-inherit elementor-view-default elementor-widget elementor-widget-icon\" data-id=\"bd8fa86\" data-element_type=\"widget\" data-e-type=\"widget\" data-widget_type=\"icon.default\">\n\t\t\t\t<div class=\"elementor-widget-container\">\n\t\t\t\t\t\t\t<div class=\"elementor-icon-wrapper\">\n\t\t\t<div class=\"elementor-icon\">\n\t\t\t<svg xmlns=\"http:\/\/www.w3.org\/2000\/svg\" id=\"Layer_2\" data-name=\"Layer 2\" viewBox=\"0 0 192 192\"><defs><style> .cls-1 { fill: none; } .cls-2 { fill: #1d1d1b; } <\/style><\/defs><g id=\"medida\"><g><rect class=\"cls-1\" width=\"192\" height=\"192\"><\/rect><g><path class=\"cls-2\" d=\"M50.98,81.76h-15.81c-1.93,0-3.5,1.57-3.5,3.5s1.57,3.5,3.5,3.5h15.81c1.93,0,3.5-1.57,3.5-3.5s-1.57-3.5-3.5-3.5Z\"><\/path><path class=\"cls-2\" d=\"M64.9,53.79c1.37-1.37,1.37-3.58,0-4.95l-10.12-10.12c-1.37-1.37-3.58-1.37-4.95,0-1.37,1.37-1.37,3.58,0,4.95l10.12,10.12c.68,.68,1.58,1.03,2.47,1.03s1.79-.34,2.47-1.03Z\"><\/path><path class=\"cls-2\" d=\"M145.27,38.72c-1.37-1.37-3.58-1.37-4.95,0l-10.12,10.12c-1.37,1.37-1.37,3.58,0,4.95,.68,.68,1.58,1.03,2.47,1.03s1.79-.34,2.47-1.03l10.12-10.12c1.37-1.37,1.37-3.58,0-4.95Z\"><\/path><path class=\"cls-2\" d=\"M97.75,42c1.93,0,3.5-1.57,3.5-3.5v-14.15c0-1.93-1.57-3.5-3.5-3.5s-3.5,1.57-3.5,3.5v14.15c0,1.93,1.57,3.5,3.5,3.5Z\"><\/path><path class=\"cls-2\" d=\"M156.83,81.76h-14.03c-1.93,0-3.5,1.57-3.5,3.5s1.57,3.5,3.5,3.5h14.03c1.93,0,3.5-1.57,3.5-3.5s-1.57-3.5-3.5-3.5Z\"><\/path><path class=\"cls-2\" d=\"M97.75,48.42c-19.84,0-35.98,16.14-35.98,35.98,0,5.06,.99,9.78,3.03,14.44,.96,2.2,2.35,4.65,3.82,7.25,2.14,3.78,4.57,8.07,5.66,11.69,5.01,16.67,2.59,32.29,2.56,32.45l-.05,.56c0,11.22,9.13,20.36,20.36,20.36s20.36-9.13,20.36-20.36l-.04-.56c-.01-.09-.83-5.44-.21-13.48,.08-.29,.13-.58,.13-.89,0-.1-.02-.19-.03-.29,.48-5.16,1.55-11.3,3.76-17.81,1.37-4.04,4.12-8.95,6.55-13.28,1.09-1.95,2.12-3.79,2.96-5.44,2.75-5.36,3.12-10.41,3.12-14.64,0-19.84-16.14-35.98-35.98-35.98Zm12.3,90.94c-.16,4.07,0,7.32,.19,9.41h-26.18c.21-2.1,.44-5.36,.39-9.41h25.6Zm-12.91,24.79c-5.6,0-10.4-3.48-12.38-8.38h24.76c-1.98,4.9-6.78,8.38-12.38,8.38Zm27.24-68.3c-.79,1.54-1.79,3.32-2.84,5.21-2.57,4.6-5.49,9.8-7.07,14.45-2.06,6.07-3.23,11.82-3.85,16.86h-9.68c.34-.54,.54-1.17,.54-1.86v-19.97c5.79-1.55,10.07-6.82,10.07-13.1,0-1.93-1.57-3.5-3.5-3.5s-3.5,1.57-3.5,3.5c0,3.62-2.95,6.57-6.57,6.57s-6.57-2.95-6.57-6.57c0-1.93-1.57-3.5-3.5-3.5s-3.5,1.57-3.5,3.5c0,6.27,4.28,11.55,10.07,13.1v19.97c0,.68,.2,1.32,.54,1.86h-10.93c-.44-5.05-1.37-10.74-3.14-16.6-1.31-4.37-3.95-9.02-6.27-13.12-1.38-2.44-2.68-4.74-3.5-6.6-1.64-3.76-2.44-7.56-2.44-11.64,0-15.98,13-28.98,28.98-28.98s28.98,13,28.98,28.98c0,4.87-.68,8.19-2.35,11.45Z\"><\/path><\/g><\/g><\/g><\/svg>\t\t\t<\/div>\n\t\t<\/div>\n\t\t\t\t\t\t<\/div>\n\t\t\t\t<\/div>\n\t\t\t\t<div class=\"elementor-element elementor-element-c32ab0c elementor-widget__width-inherit elementor-widget elementor-widget-heading\" data-id=\"c32ab0c\" data-element_type=\"widget\" data-e-type=\"widget\" data-widget_type=\"heading.default\">\n\t\t\t\t<div class=\"elementor-widget-container\">\n\t\t\t\t\t<span class=\"elementor-heading-title elementor-size-default\">La polvere secca di curcuma contiene tra l'1 e il 6% di curcuminoidi e fino al 5-10% di oli essenziali, tra cui spiccano il turmerone, lo zingiberene e l'atlantone.<\/span>\t\t\t\t<\/div>\n\t\t\t\t<\/div>\n\t\t\t\t\t<\/div>\n\t\t\t\t<\/div>\n\t\t\t\t<div class=\"elementor-element elementor-element-d15b106 elementor-widget elementor-widget-text-editor\" data-id=\"d15b106\" data-element_type=\"widget\" data-e-type=\"widget\" data-widget_type=\"text-editor.default\">\n\t\t\t\t<div class=\"elementor-widget-container\">\n\t\t\t\t\t\t\t\t\t<p><span style=\"font-weight: 400;\">Altri componenti importanti sono:<\/span><\/p><ul><li style=\"font-weight: 400;\" aria-level=\"1\"><span style=\"font-weight: 400;\">Composti amari<\/span><\/li><li style=\"font-weight: 400;\" aria-level=\"1\"><span style=\"font-weight: 400;\">Resine<\/span><\/li><li style=\"font-weight: 400;\" aria-level=\"1\"><span style=\"font-weight: 400;\">Fibra alimentare<\/span><\/li><li style=\"font-weight: 400;\" aria-level=\"1\"><span style=\"font-weight: 400;\">Vitamine e minerali in piccole quantit\u00e0<\/span><\/li><\/ul>\t\t\t\t\t\t\t\t<\/div>\n\t\t\t\t<\/div>\n\t\t\t\t<div class=\"elementor-element elementor-element-9aa6471 elementor-widget elementor-widget-heading\" data-id=\"9aa6471\" data-element_type=\"widget\" data-e-type=\"widget\" data-widget_type=\"heading.default\">\n\t\t\t\t<div class=\"elementor-widget-container\">\n\t\t\t\t\t<h2 class=\"elementor-heading-title elementor-size-default\">Ricerche e aree di interesse scientifico della curcuma\n<\/h2>\t\t\t\t<\/div>\n\t\t\t\t<\/div>\n\t\t\t\t<div class=\"elementor-element elementor-element-12d8b64 elementor-widget elementor-widget-text-editor\" data-id=\"12d8b64\" data-element_type=\"widget\" data-e-type=\"widget\" data-widget_type=\"text-editor.default\">\n\t\t\t\t<div class=\"elementor-widget-container\">\n\t\t\t\t\t\t\t\t\t<p><span style=\"font-weight: 400;\">Sebbene non esistano evidenze cliniche conclusive che supportino benefici terapeutici diretti della curcumina negli esseri umani, il suo uso \u00e8 stato studiato in diverse aree. Alcune linee di ricerca, ancora in fase esplorativa, hanno concentrato la loro attenzione su:<\/span><\/p><ul><li style=\"font-weight: 400;\" aria-level=\"1\"><span style=\"font-weight: 400;\">Meccanismi infiammatori.<\/span><\/li><li style=\"font-weight: 400;\" aria-level=\"1\"><span style=\"font-weight: 400;\">Metabolismo epatico e biliare.<\/span><\/li><li style=\"font-weight: 400;\" aria-level=\"1\"><span style=\"font-weight: 400;\">Salute digestiva (flatulenza, digestione lenta).<\/span><\/li><li style=\"font-weight: 400;\" aria-level=\"1\"><span style=\"font-weight: 400;\">Mantenimento di livelli sani di colesterolo.<\/span><\/li><\/ul><p><span style=\"font-weight: 400;\">Si ricerca anche sul suo uso complementare in casi di dolore articolare, affezioni cutanee e nelle routine di recupero sportivo.<\/span><\/p>\t\t\t\t\t\t\t\t<\/div>\n\t\t\t\t<\/div>\n\t\t<div class=\"elementor-element elementor-element-19a2a44 e-flex e-con-boxed e-con e-child\" data-id=\"19a2a44\" data-element_type=\"container\" data-e-type=\"container\" data-settings=\"{&quot;background_background&quot;:&quot;classic&quot;}\">\n\t\t\t\t\t<div class=\"e-con-inner\">\n\t\t\t\t<div class=\"elementor-element elementor-element-07e51f7 elementor-widget__width-initial elementor-widget-mobile__width-inherit elementor-view-default elementor-widget elementor-widget-icon\" data-id=\"07e51f7\" data-element_type=\"widget\" data-e-type=\"widget\" data-widget_type=\"icon.default\">\n\t\t\t\t<div class=\"elementor-widget-container\">\n\t\t\t\t\t\t\t<div class=\"elementor-icon-wrapper\">\n\t\t\t<div class=\"elementor-icon\">\n\t\t\t<svg xmlns=\"http:\/\/www.w3.org\/2000\/svg\" id=\"Layer_2\" data-name=\"Layer 2\" viewBox=\"0 0 192 192\"><defs><style> .cls-1 { fill: none; } .cls-2 { fill: #1d1d1b; } <\/style><\/defs><g id=\"medida\"><g><rect class=\"cls-1\" width=\"192\" height=\"192\"><\/rect><g><path class=\"cls-2\" d=\"M50.98,81.76h-15.81c-1.93,0-3.5,1.57-3.5,3.5s1.57,3.5,3.5,3.5h15.81c1.93,0,3.5-1.57,3.5-3.5s-1.57-3.5-3.5-3.5Z\"><\/path><path class=\"cls-2\" d=\"M64.9,53.79c1.37-1.37,1.37-3.58,0-4.95l-10.12-10.12c-1.37-1.37-3.58-1.37-4.95,0-1.37,1.37-1.37,3.58,0,4.95l10.12,10.12c.68,.68,1.58,1.03,2.47,1.03s1.79-.34,2.47-1.03Z\"><\/path><path class=\"cls-2\" d=\"M145.27,38.72c-1.37-1.37-3.58-1.37-4.95,0l-10.12,10.12c-1.37,1.37-1.37,3.58,0,4.95,.68,.68,1.58,1.03,2.47,1.03s1.79-.34,2.47-1.03l10.12-10.12c1.37-1.37,1.37-3.58,0-4.95Z\"><\/path><path class=\"cls-2\" d=\"M97.75,42c1.93,0,3.5-1.57,3.5-3.5v-14.15c0-1.93-1.57-3.5-3.5-3.5s-3.5,1.57-3.5,3.5v14.15c0,1.93,1.57,3.5,3.5,3.5Z\"><\/path><path class=\"cls-2\" d=\"M156.83,81.76h-14.03c-1.93,0-3.5,1.57-3.5,3.5s1.57,3.5,3.5,3.5h14.03c1.93,0,3.5-1.57,3.5-3.5s-1.57-3.5-3.5-3.5Z\"><\/path><path class=\"cls-2\" d=\"M97.75,48.42c-19.84,0-35.98,16.14-35.98,35.98,0,5.06,.99,9.78,3.03,14.44,.96,2.2,2.35,4.65,3.82,7.25,2.14,3.78,4.57,8.07,5.66,11.69,5.01,16.67,2.59,32.29,2.56,32.45l-.05,.56c0,11.22,9.13,20.36,20.36,20.36s20.36-9.13,20.36-20.36l-.04-.56c-.01-.09-.83-5.44-.21-13.48,.08-.29,.13-.58,.13-.89,0-.1-.02-.19-.03-.29,.48-5.16,1.55-11.3,3.76-17.81,1.37-4.04,4.12-8.95,6.55-13.28,1.09-1.95,2.12-3.79,2.96-5.44,2.75-5.36,3.12-10.41,3.12-14.64,0-19.84-16.14-35.98-35.98-35.98Zm12.3,90.94c-.16,4.07,0,7.32,.19,9.41h-26.18c.21-2.1,.44-5.36,.39-9.41h25.6Zm-12.91,24.79c-5.6,0-10.4-3.48-12.38-8.38h24.76c-1.98,4.9-6.78,8.38-12.38,8.38Zm27.24-68.3c-.79,1.54-1.79,3.32-2.84,5.21-2.57,4.6-5.49,9.8-7.07,14.45-2.06,6.07-3.23,11.82-3.85,16.86h-9.68c.34-.54,.54-1.17,.54-1.86v-19.97c5.79-1.55,10.07-6.82,10.07-13.1,0-1.93-1.57-3.5-3.5-3.5s-3.5,1.57-3.5,3.5c0,3.62-2.95,6.57-6.57,6.57s-6.57-2.95-6.57-6.57c0-1.93-1.57-3.5-3.5-3.5s-3.5,1.57-3.5,3.5c0,6.27,4.28,11.55,10.07,13.1v19.97c0,.68,.2,1.32,.54,1.86h-10.93c-.44-5.05-1.37-10.74-3.14-16.6-1.31-4.37-3.95-9.02-6.27-13.12-1.38-2.44-2.68-4.74-3.5-6.6-1.64-3.76-2.44-7.56-2.44-11.64,0-15.98,13-28.98,28.98-28.98s28.98,13,28.98,28.98c0,4.87-.68,8.19-2.35,11.45Z\"><\/path><\/g><\/g><\/g><\/svg>\t\t\t<\/div>\n\t\t<\/div>\n\t\t\t\t\t\t<\/div>\n\t\t\t\t<\/div>\n\t\t\t\t<div class=\"elementor-element elementor-element-0987802 elementor-widget__width-inherit elementor-widget elementor-widget-heading\" data-id=\"0987802\" data-element_type=\"widget\" data-e-type=\"widget\" data-widget_type=\"heading.default\">\n\t\t\t\t<div class=\"elementor-widget-container\">\n\t\t\t\t\t<span class=\"elementor-heading-title elementor-size-default\">Le agenzie sanitarie europee hanno autorizzato gli infusi di curcuma per l'uso in caso di lievi disturbi digestivi, ma non esistono approvazioni basate su solide evidenze cliniche per altri usi.\n<\/span>\t\t\t\t<\/div>\n\t\t\t\t<\/div>\n\t\t\t\t\t<\/div>\n\t\t\t\t<\/div>\n\t\t\t\t<div class=\"elementor-element elementor-element-26f7440 elementor-widget elementor-widget-heading\" data-id=\"26f7440\" data-element_type=\"widget\" data-e-type=\"widget\" data-widget_type=\"heading.default\">\n\t\t\t\t<div class=\"elementor-widget-container\">\n\t\t\t\t\t<h2 class=\"elementor-heading-title elementor-size-default\">Hai un'attivit\u00e0 di vendita di t\u00e8 e\/o spezie?\n<\/h2>\t\t\t\t<\/div>\n\t\t\t\t<\/div>\n\t\t\t\t<div class=\"elementor-element elementor-element-fb255d6 elementor-widget elementor-widget-image\" data-id=\"fb255d6\" data-element_type=\"widget\" data-e-type=\"widget\" data-widget_type=\"image.default\">\n\t\t\t\t<div class=\"elementor-widget-container\">\n\t\t\t\t\t\t\t\t\t\t\t\t\t\t\t<img loading=\"lazy\" decoding=\"async\" width=\"900\" height=\"600\" src=\"https:\/\/www.alveus.eu\/wp-content\/uploads\/089_e.jpg\" class=\"attachment-large size-large wp-image-54946\" alt=\"pollo al curry\" srcset=\"https:\/\/www.alveus.eu\/wp-content\/uploads\/089_e.jpg 900w, https:\/\/www.alveus.eu\/wp-content\/uploads\/089_e-300x200.jpg 300w, https:\/\/www.alveus.eu\/wp-content\/uploads\/089_e-768x512.jpg 768w\" sizes=\"(max-width: 900px) 100vw, 900px\" \/>\t\t\t\t\t\t\t\t\t\t\t\t\t\t\t<\/div>\n\t\t\t\t<\/div>\n\t\t\t\t<div class=\"elementor-element elementor-element-bcc188f elementor-widget elementor-widget-text-editor\" data-id=\"bcc188f\" data-element_type=\"widget\" data-e-type=\"widget\" data-widget_type=\"text-editor.default\">\n\t\t\t\t<div class=\"elementor-widget-container\">\n\t\t\t\t\t\t\t\t\t<p><span style=\"font-weight: 400;\">La curcuma \u00e8 un ingrediente interessante per &#8220;dare lustro&#8221; all&#8217;offerta della tua attivit\u00e0 di vendita di t\u00e8 e infusi e\/o spezie.<\/span><\/p><p><span style=\"font-weight: 400;\">Come hai visto in questo post, possiede un profilo sensoriale molto diverso ed \u00e8 popolare per il suo uso tradizionale come complemento al benessere. Per questo sar\u00e0 di facile vendita, un prodotto che diciamo &#8220;si vende da solo&#8221;.<\/span><\/p><p><span style=\"font-weight: 400;\">Puoi incorporarla nella tua attivit\u00e0 come:<\/span><\/p><ul><li style=\"font-weight: 400;\" aria-level=\"1\"><b>Ingrediente singolo<\/b><span style=\"font-weight: 400;\">, per condire piatti, infusi o preparare il famoso latte dorato.<\/span><\/li><li style=\"font-weight: 400;\" aria-level=\"1\"><b>Come ingrediente<\/b><span style=\"font-weight: 400;\"> in una tisana o infuso ayurvedico.<\/span><\/li><li style=\"font-weight: 400;\" aria-level=\"1\"><span style=\"font-weight: 400;\">Come <\/span><a href=\"https:\/\/b2b.alveus.eu\/it\/spezie.html?nxt_ingredients_filter=955\"><b>miscela di spezie con curcuma<\/b><\/a><span style=\"font-weight: 400;\">: curry, sale alla curcuma, Ras el Hanout\u2026<\/span><\/li><\/ul><p><span style=\"font-weight: 400;\">Approfitta dei molteplici benefici offerti dalla curcuma e inonda la tua attivit\u00e0 di colore dorato!<\/span><\/p>\t\t\t\t\t\t\t\t<\/div>\n\t\t\t\t<\/div>\n\t\t\t\t<\/div>\n\t\t\t\t<\/div>\n\t\t","protected":false},"excerpt":{"rendered":"<p>Presente in culture millenarie e sempre pi\u00f9 popolare, questo ingrediente si distingue per il suo profilo sensoriale e la sua versatilit\u00e0.<\/p>\n","protected":false},"author":11,"featured_media":54866,"comment_status":"open","ping_status":"open","sticky":false,"template":"","format":"standard","meta":{"_acf_changed":false,"footnotes":""},"categories":[182],"tags":[],"class_list":["post-54963","post","type-post","status-publish","format-standard","has-post-thumbnail","hentry","category-erbe-e-spezie"],"acf":[],"yoast_head":"<!-- This site is optimized with the Yoast SEO Premium plugin v27.3 (Yoast SEO v27.3) - https:\/\/yoast.com\/product\/yoast-seo-premium-wordpress\/ -->\n<title>La curcuma, la radice che trasforma in oro miscele e piatti. | Alveus<\/title>\n<meta name=\"description\" content=\"Scopri il valore della curcuma nelle miscele di t\u00e8 e infusi: storia, sapore, uso tradizionale e opportunit\u00e0 per le aziende di t\u00e8 e infusi.\" \/>\n<meta name=\"robots\" content=\"index, follow, max-snippet:-1, max-image-preview:large, max-video-preview:-1\" \/>\n<link rel=\"canonical\" href=\"https:\/\/www.alveus.eu\/it\/blog\/curcuma\/\" \/>\n<meta property=\"og:locale\" content=\"it_IT\" \/>\n<meta property=\"og:type\" content=\"article\" \/>\n<meta property=\"og:title\" content=\"La curcuma, la radice che trasforma in oro miscele e piatti\" \/>\n<meta property=\"og:description\" content=\"Scopri il valore della curcuma nelle miscele di t\u00e8 e infusi: storia, sapore, uso tradizionale e opportunit\u00e0 per le aziende di t\u00e8 e infusi.\" \/>\n<meta property=\"og:url\" content=\"https:\/\/www.alveus.eu\/it\/blog\/curcuma\/\" \/>\n<meta property=\"og:site_name\" content=\"Alveus\" \/>\n<meta property=\"article:publisher\" content=\"https:\/\/www.facebook.com\/alveusinternational\/\" \/>\n<meta property=\"article:published_time\" content=\"2025-08-26T14:45:35+00:00\" \/>\n<meta property=\"article:modified_time\" content=\"2025-08-26T14:47:12+00:00\" \/>\n<meta property=\"og:image\" content=\"https:\/\/www.alveus.eu\/wp-content\/uploads\/089_a.jpg\" \/>\n\t<meta property=\"og:image:width\" content=\"900\" \/>\n\t<meta property=\"og:image:height\" content=\"600\" \/>\n\t<meta property=\"og:image:type\" content=\"image\/jpeg\" \/>\n<meta name=\"author\" content=\"Alveus Blog Team\" \/>\n<meta name=\"twitter:card\" content=\"summary_large_image\" \/>\n<meta name=\"twitter:label1\" content=\"Scritto da\" \/>\n\t<meta name=\"twitter:data1\" content=\"Alveus Blog Team\" \/>\n\t<meta name=\"twitter:label2\" content=\"Tempo di lettura stimato\" \/>\n\t<meta name=\"twitter:data2\" content=\"8 minuti\" \/>\n<script type=\"application\/ld+json\" class=\"yoast-schema-graph\">{\"@context\":\"https:\\\/\\\/schema.org\",\"@graph\":[{\"@type\":\"Article\",\"@id\":\"https:\\\/\\\/www.alveus.eu\\\/it\\\/blog\\\/curcuma\\\/#article\",\"isPartOf\":{\"@id\":\"https:\\\/\\\/www.alveus.eu\\\/it\\\/blog\\\/curcuma\\\/\"},\"author\":{\"name\":\"Alveus Blog Team\",\"@id\":\"https:\\\/\\\/www.alveus.eu\\\/it#\\\/schema\\\/person\\\/6864b22051c6c128b3c72edaeac35855\"},\"headline\":\"La curcuma, la radice che trasforma in oro miscele e piatti\",\"datePublished\":\"2025-08-26T14:45:35+00:00\",\"dateModified\":\"2025-08-26T14:47:12+00:00\",\"mainEntityOfPage\":{\"@id\":\"https:\\\/\\\/www.alveus.eu\\\/it\\\/blog\\\/curcuma\\\/\"},\"wordCount\":1239,\"commentCount\":0,\"publisher\":{\"@id\":\"https:\\\/\\\/www.alveus.eu\\\/it#organization\"},\"image\":{\"@id\":\"https:\\\/\\\/www.alveus.eu\\\/it\\\/blog\\\/curcuma\\\/#primaryimage\"},\"thumbnailUrl\":\"https:\\\/\\\/www.alveus.eu\\\/wp-content\\\/uploads\\\/089_a.jpg\",\"articleSection\":[\"Erbe e Spezie\"],\"inLanguage\":\"it-IT\",\"potentialAction\":[{\"@type\":\"CommentAction\",\"name\":\"Comment\",\"target\":[\"https:\\\/\\\/www.alveus.eu\\\/it\\\/blog\\\/curcuma\\\/#respond\"]}]},{\"@type\":\"WebPage\",\"@id\":\"https:\\\/\\\/www.alveus.eu\\\/it\\\/blog\\\/curcuma\\\/\",\"url\":\"https:\\\/\\\/www.alveus.eu\\\/it\\\/blog\\\/curcuma\\\/\",\"name\":\"La curcuma, la radice che trasforma in oro miscele e piatti. | Alveus\",\"isPartOf\":{\"@id\":\"https:\\\/\\\/www.alveus.eu\\\/it#website\"},\"primaryImageOfPage\":{\"@id\":\"https:\\\/\\\/www.alveus.eu\\\/it\\\/blog\\\/curcuma\\\/#primaryimage\"},\"image\":{\"@id\":\"https:\\\/\\\/www.alveus.eu\\\/it\\\/blog\\\/curcuma\\\/#primaryimage\"},\"thumbnailUrl\":\"https:\\\/\\\/www.alveus.eu\\\/wp-content\\\/uploads\\\/089_a.jpg\",\"datePublished\":\"2025-08-26T14:45:35+00:00\",\"dateModified\":\"2025-08-26T14:47:12+00:00\",\"description\":\"Scopri il valore della curcuma nelle miscele di t\u00e8 e infusi: storia, sapore, uso tradizionale e opportunit\u00e0 per le aziende di t\u00e8 e infusi.\",\"breadcrumb\":{\"@id\":\"https:\\\/\\\/www.alveus.eu\\\/it\\\/blog\\\/curcuma\\\/#breadcrumb\"},\"inLanguage\":\"it-IT\",\"potentialAction\":[{\"@type\":\"ReadAction\",\"target\":[\"https:\\\/\\\/www.alveus.eu\\\/it\\\/blog\\\/curcuma\\\/\"]}]},{\"@type\":\"ImageObject\",\"inLanguage\":\"it-IT\",\"@id\":\"https:\\\/\\\/www.alveus.eu\\\/it\\\/blog\\\/curcuma\\\/#primaryimage\",\"url\":\"https:\\\/\\\/www.alveus.eu\\\/wp-content\\\/uploads\\\/089_a.jpg\",\"contentUrl\":\"https:\\\/\\\/www.alveus.eu\\\/wp-content\\\/uploads\\\/089_a.jpg\",\"width\":900,\"height\":600,\"caption\":\"Radice di curcuma\"},{\"@type\":\"BreadcrumbList\",\"@id\":\"https:\\\/\\\/www.alveus.eu\\\/it\\\/blog\\\/curcuma\\\/#breadcrumb\",\"itemListElement\":[{\"@type\":\"ListItem\",\"position\":1,\"name\":\"Home\",\"item\":\"https:\\\/\\\/www.alveus.eu\\\/it\"},{\"@type\":\"ListItem\",\"position\":2,\"name\":\"Erbe e Spezie\",\"item\":\"https:\\\/\\\/www.alveus.eu\\\/it\\\/blog\\\/category\\\/erbe-e-spezie\\\/\"},{\"@type\":\"ListItem\",\"position\":3,\"name\":\"La curcuma, la radice che trasforma in oro miscele e piatti\"}]},{\"@type\":\"WebSite\",\"@id\":\"https:\\\/\\\/www.alveus.eu\\\/it#website\",\"url\":\"https:\\\/\\\/www.alveus.eu\\\/it\",\"name\":\"Alveus\",\"description\":\"\",\"publisher\":{\"@id\":\"https:\\\/\\\/www.alveus.eu\\\/it#organization\"},\"potentialAction\":[{\"@type\":\"SearchAction\",\"target\":{\"@type\":\"EntryPoint\",\"urlTemplate\":\"https:\\\/\\\/www.alveus.eu\\\/it?s={search_term_string}\"},\"query-input\":{\"@type\":\"PropertyValueSpecification\",\"valueRequired\":true,\"valueName\":\"search_term_string\"}}],\"inLanguage\":\"it-IT\"},{\"@type\":\"Organization\",\"@id\":\"https:\\\/\\\/www.alveus.eu\\\/it#organization\",\"name\":\"Alveus\",\"alternateName\":\"Alveus Premium Teas\",\"url\":\"https:\\\/\\\/www.alveus.eu\\\/it\",\"logo\":{\"@type\":\"ImageObject\",\"inLanguage\":\"it-IT\",\"@id\":\"https:\\\/\\\/www.alveus.eu\\\/it#\\\/schema\\\/logo\\\/image\\\/\",\"url\":\"https:\\\/\\\/www.alveus.eu\\\/wp-content\\\/uploads\\\/2023\\\/07\\\/alveus-logo-primary.png\",\"contentUrl\":\"https:\\\/\\\/www.alveus.eu\\\/wp-content\\\/uploads\\\/2023\\\/07\\\/alveus-logo-primary.png\",\"width\":248,\"height\":248,\"caption\":\"Alveus\"},\"image\":{\"@id\":\"https:\\\/\\\/www.alveus.eu\\\/it#\\\/schema\\\/logo\\\/image\\\/\"},\"sameAs\":[\"https:\\\/\\\/www.facebook.com\\\/alveusinternational\\\/\",\"https:\\\/\\\/www.instagram.com\\\/alveustea\\\/\",\"https:\\\/\\\/de.linkedin.com\\\/company\\\/alveustea\"]},{\"@type\":\"Person\",\"@id\":\"https:\\\/\\\/www.alveus.eu\\\/it#\\\/schema\\\/person\\\/6864b22051c6c128b3c72edaeac35855\",\"name\":\"Alveus Blog Team\",\"image\":{\"@type\":\"ImageObject\",\"inLanguage\":\"it-IT\",\"@id\":\"https:\\\/\\\/secure.gravatar.com\\\/avatar\\\/f951c832a9809c8d01d2ce4fa8bb10716ac4997c3cf93244fa19413f7d28b08e?s=96&d=mm&r=g\",\"url\":\"https:\\\/\\\/secure.gravatar.com\\\/avatar\\\/f951c832a9809c8d01d2ce4fa8bb10716ac4997c3cf93244fa19413f7d28b08e?s=96&d=mm&r=g\",\"contentUrl\":\"https:\\\/\\\/secure.gravatar.com\\\/avatar\\\/f951c832a9809c8d01d2ce4fa8bb10716ac4997c3cf93244fa19413f7d28b08e?s=96&d=mm&r=g\",\"caption\":\"Alveus Blog Team\"},\"description\":\"Editorial team formed by tea professionals from different countries. We are driven by our passion for tea and the dissemination of its culture.\",\"sameAs\":[\"https:\\\/\\\/www.alveus.eu\\\/\"]}]}<\/script>\n<!-- \/ Yoast SEO Premium plugin. -->","yoast_head_json":{"title":"La curcuma, la radice che trasforma in oro miscele e piatti. | Alveus","description":"Scopri il valore della curcuma nelle miscele di t\u00e8 e infusi: storia, sapore, uso tradizionale e opportunit\u00e0 per le aziende di t\u00e8 e infusi.","robots":{"index":"index","follow":"follow","max-snippet":"max-snippet:-1","max-image-preview":"max-image-preview:large","max-video-preview":"max-video-preview:-1"},"canonical":"https:\/\/www.alveus.eu\/it\/blog\/curcuma\/","og_locale":"it_IT","og_type":"article","og_title":"La curcuma, la radice che trasforma in oro miscele e piatti","og_description":"Scopri il valore della curcuma nelle miscele di t\u00e8 e infusi: storia, sapore, uso tradizionale e opportunit\u00e0 per le aziende di t\u00e8 e infusi.","og_url":"https:\/\/www.alveus.eu\/it\/blog\/curcuma\/","og_site_name":"Alveus","article_publisher":"https:\/\/www.facebook.com\/alveusinternational\/","article_published_time":"2025-08-26T14:45:35+00:00","article_modified_time":"2025-08-26T14:47:12+00:00","og_image":[{"width":900,"height":600,"url":"https:\/\/www.alveus.eu\/wp-content\/uploads\/089_a.jpg","type":"image\/jpeg"}],"author":"Alveus Blog Team","twitter_card":"summary_large_image","twitter_misc":{"Scritto da":"Alveus Blog Team","Tempo di lettura stimato":"8 minuti"},"schema":{"@context":"https:\/\/schema.org","@graph":[{"@type":"Article","@id":"https:\/\/www.alveus.eu\/it\/blog\/curcuma\/#article","isPartOf":{"@id":"https:\/\/www.alveus.eu\/it\/blog\/curcuma\/"},"author":{"name":"Alveus Blog Team","@id":"https:\/\/www.alveus.eu\/it#\/schema\/person\/6864b22051c6c128b3c72edaeac35855"},"headline":"La curcuma, la radice che trasforma in oro miscele e piatti","datePublished":"2025-08-26T14:45:35+00:00","dateModified":"2025-08-26T14:47:12+00:00","mainEntityOfPage":{"@id":"https:\/\/www.alveus.eu\/it\/blog\/curcuma\/"},"wordCount":1239,"commentCount":0,"publisher":{"@id":"https:\/\/www.alveus.eu\/it#organization"},"image":{"@id":"https:\/\/www.alveus.eu\/it\/blog\/curcuma\/#primaryimage"},"thumbnailUrl":"https:\/\/www.alveus.eu\/wp-content\/uploads\/089_a.jpg","articleSection":["Erbe e Spezie"],"inLanguage":"it-IT","potentialAction":[{"@type":"CommentAction","name":"Comment","target":["https:\/\/www.alveus.eu\/it\/blog\/curcuma\/#respond"]}]},{"@type":"WebPage","@id":"https:\/\/www.alveus.eu\/it\/blog\/curcuma\/","url":"https:\/\/www.alveus.eu\/it\/blog\/curcuma\/","name":"La curcuma, la radice che trasforma in oro miscele e piatti. | Alveus","isPartOf":{"@id":"https:\/\/www.alveus.eu\/it#website"},"primaryImageOfPage":{"@id":"https:\/\/www.alveus.eu\/it\/blog\/curcuma\/#primaryimage"},"image":{"@id":"https:\/\/www.alveus.eu\/it\/blog\/curcuma\/#primaryimage"},"thumbnailUrl":"https:\/\/www.alveus.eu\/wp-content\/uploads\/089_a.jpg","datePublished":"2025-08-26T14:45:35+00:00","dateModified":"2025-08-26T14:47:12+00:00","description":"Scopri il valore della curcuma nelle miscele di t\u00e8 e infusi: storia, sapore, uso tradizionale e opportunit\u00e0 per le aziende di t\u00e8 e infusi.","breadcrumb":{"@id":"https:\/\/www.alveus.eu\/it\/blog\/curcuma\/#breadcrumb"},"inLanguage":"it-IT","potentialAction":[{"@type":"ReadAction","target":["https:\/\/www.alveus.eu\/it\/blog\/curcuma\/"]}]},{"@type":"ImageObject","inLanguage":"it-IT","@id":"https:\/\/www.alveus.eu\/it\/blog\/curcuma\/#primaryimage","url":"https:\/\/www.alveus.eu\/wp-content\/uploads\/089_a.jpg","contentUrl":"https:\/\/www.alveus.eu\/wp-content\/uploads\/089_a.jpg","width":900,"height":600,"caption":"Radice di curcuma"},{"@type":"BreadcrumbList","@id":"https:\/\/www.alveus.eu\/it\/blog\/curcuma\/#breadcrumb","itemListElement":[{"@type":"ListItem","position":1,"name":"Home","item":"https:\/\/www.alveus.eu\/it"},{"@type":"ListItem","position":2,"name":"Erbe e Spezie","item":"https:\/\/www.alveus.eu\/it\/blog\/category\/erbe-e-spezie\/"},{"@type":"ListItem","position":3,"name":"La curcuma, la radice che trasforma in oro miscele e piatti"}]},{"@type":"WebSite","@id":"https:\/\/www.alveus.eu\/it#website","url":"https:\/\/www.alveus.eu\/it","name":"Alveus","description":"","publisher":{"@id":"https:\/\/www.alveus.eu\/it#organization"},"potentialAction":[{"@type":"SearchAction","target":{"@type":"EntryPoint","urlTemplate":"https:\/\/www.alveus.eu\/it?s={search_term_string}"},"query-input":{"@type":"PropertyValueSpecification","valueRequired":true,"valueName":"search_term_string"}}],"inLanguage":"it-IT"},{"@type":"Organization","@id":"https:\/\/www.alveus.eu\/it#organization","name":"Alveus","alternateName":"Alveus Premium Teas","url":"https:\/\/www.alveus.eu\/it","logo":{"@type":"ImageObject","inLanguage":"it-IT","@id":"https:\/\/www.alveus.eu\/it#\/schema\/logo\/image\/","url":"https:\/\/www.alveus.eu\/wp-content\/uploads\/2023\/07\/alveus-logo-primary.png","contentUrl":"https:\/\/www.alveus.eu\/wp-content\/uploads\/2023\/07\/alveus-logo-primary.png","width":248,"height":248,"caption":"Alveus"},"image":{"@id":"https:\/\/www.alveus.eu\/it#\/schema\/logo\/image\/"},"sameAs":["https:\/\/www.facebook.com\/alveusinternational\/","https:\/\/www.instagram.com\/alveustea\/","https:\/\/de.linkedin.com\/company\/alveustea"]},{"@type":"Person","@id":"https:\/\/www.alveus.eu\/it#\/schema\/person\/6864b22051c6c128b3c72edaeac35855","name":"Alveus Blog Team","image":{"@type":"ImageObject","inLanguage":"it-IT","@id":"https:\/\/secure.gravatar.com\/avatar\/f951c832a9809c8d01d2ce4fa8bb10716ac4997c3cf93244fa19413f7d28b08e?s=96&d=mm&r=g","url":"https:\/\/secure.gravatar.com\/avatar\/f951c832a9809c8d01d2ce4fa8bb10716ac4997c3cf93244fa19413f7d28b08e?s=96&d=mm&r=g","contentUrl":"https:\/\/secure.gravatar.com\/avatar\/f951c832a9809c8d01d2ce4fa8bb10716ac4997c3cf93244fa19413f7d28b08e?s=96&d=mm&r=g","caption":"Alveus Blog Team"},"description":"Editorial team formed by tea professionals from different countries. We are driven by our passion for tea and the dissemination of its culture.","sameAs":["https:\/\/www.alveus.eu\/"]}]}},"_links":{"self":[{"href":"https:\/\/www.alveus.eu\/it\/wp-json\/wp\/v2\/posts\/54963","targetHints":{"allow":["GET"]}}],"collection":[{"href":"https:\/\/www.alveus.eu\/it\/wp-json\/wp\/v2\/posts"}],"about":[{"href":"https:\/\/www.alveus.eu\/it\/wp-json\/wp\/v2\/types\/post"}],"author":[{"embeddable":true,"href":"https:\/\/www.alveus.eu\/it\/wp-json\/wp\/v2\/users\/11"}],"replies":[{"embeddable":true,"href":"https:\/\/www.alveus.eu\/it\/wp-json\/wp\/v2\/comments?post=54963"}],"version-history":[{"count":4,"href":"https:\/\/www.alveus.eu\/it\/wp-json\/wp\/v2\/posts\/54963\/revisions"}],"predecessor-version":[{"id":54968,"href":"https:\/\/www.alveus.eu\/it\/wp-json\/wp\/v2\/posts\/54963\/revisions\/54968"}],"wp:featuredmedia":[{"embeddable":true,"href":"https:\/\/www.alveus.eu\/it\/wp-json\/wp\/v2\/media\/54866"}],"wp:attachment":[{"href":"https:\/\/www.alveus.eu\/it\/wp-json\/wp\/v2\/media?parent=54963"}],"wp:term":[{"taxonomy":"category","embeddable":true,"href":"https:\/\/www.alveus.eu\/it\/wp-json\/wp\/v2\/categories?post=54963"},{"taxonomy":"post_tag","embeddable":true,"href":"https:\/\/www.alveus.eu\/it\/wp-json\/wp\/v2\/tags?post=54963"}],"curies":[{"name":"wp","href":"https:\/\/api.w.org\/{rel}","templated":true}]}}