{"id":61792,"date":"2026-09-02T08:44:59","date_gmt":"2026-09-02T06:44:59","guid":{"rendered":"https:\/\/www.alveus.eu\/?p=61792"},"modified":"2026-09-02T08:44:40","modified_gmt":"2026-09-02T06:44:40","slug":"che-e-il-te-nero","status":"publish","type":"post","link":"https:\/\/www.alveus.eu\/it\/blog\/che-e-il-te-nero\/","title":{"rendered":"Il t\u00e8 nero in 22 domande frequenti"},"content":{"rendered":"\t\t<div data-elementor-type=\"wp-post\" data-elementor-id=\"61792\" class=\"elementor elementor-61792 elementor-61670\" data-elementor-post-type=\"post\">\n\t\t\t\t<div class=\"elementor-element elementor-element-ec48546 e-con-full e-flex e-con e-parent\" data-id=\"ec48546\" data-element_type=\"container\" data-e-type=\"container\">\n\t\t\t\t<div class=\"elementor-element elementor-element-5629397 elementor-widget elementor-widget-text-editor\" data-id=\"5629397\" data-element_type=\"widget\" data-e-type=\"widget\" data-widget_type=\"text-editor.default\">\n\t\t\t\t<div class=\"elementor-widget-container\">\n\t\t\t\t\t\t\t\t\t<p><span style=\"font-weight: 400;\">Il t\u00e8 nero \u00e8 la categoria di t\u00e8 pi\u00f9 consumata in gran parte dell\u2019Occidente, ma dietro a questo nome si nasconde un\u2019enorme variet\u00e0. Un Assam intenso e maltato, un Darjeeling floreale, un Keemun setoso o un Ceylon agrumato possono sembrare bevande completamente diverse, sebbene provengano tutte dalla stessa pianta.<\/span><\/p><p><span style=\"font-weight: 400;\">La loro origine, la variet\u00e0, la raccolta, la lavorazione e il metodo di preparazione determinano il colore, l\u2019aroma, il corpo e l\u2019astringenza di ogni tazza. Ecco le risposte alle domande pi\u00f9 frequenti sul t\u00e8 nero.<\/span><\/p>\t\t\t\t\t\t\t\t<\/div>\n\t\t\t\t<\/div>\n\t\t\t\t<div class=\"elementor-element elementor-element-81850a7 elementor-toc--minimized-on-tablet elementor-widget elementor-widget-table-of-contents\" data-id=\"81850a7\" data-element_type=\"widget\" data-e-type=\"widget\" data-settings=\"{&quot;headings_by_tags&quot;:[&quot;h2&quot;],&quot;exclude_headings_by_selector&quot;:&quot;.elementor-grid .elementor-heading-title&quot;,&quot;no_headings_message&quot;:&quot;No headings were found on this page.&quot;,&quot;marker_view&quot;:&quot;numbers&quot;,&quot;minimize_box&quot;:&quot;yes&quot;,&quot;minimized_on&quot;:&quot;tablet&quot;,&quot;hierarchical_view&quot;:&quot;yes&quot;,&quot;min_height&quot;:{&quot;unit&quot;:&quot;px&quot;,&quot;size&quot;:&quot;&quot;,&quot;sizes&quot;:[]},&quot;min_height_tablet&quot;:{&quot;unit&quot;:&quot;px&quot;,&quot;size&quot;:&quot;&quot;,&quot;sizes&quot;:[]},&quot;min_height_mobile&quot;:{&quot;unit&quot;:&quot;px&quot;,&quot;size&quot;:&quot;&quot;,&quot;sizes&quot;:[]}}\" data-widget_type=\"table-of-contents.default\">\n\t\t\t\t<div class=\"elementor-widget-container\">\n\t\t\t\t\t\t\t\t\t<div class=\"elementor-toc__header\">\n\t\t\t\t\t\t<div class=\"elementor-toc__header-title\">\n\t\t\t\tSommario\t\t\t<\/div>\n\t\t\t\t\t\t\t\t\t\t<div class=\"elementor-toc__toggle-button elementor-toc__toggle-button--expand\" role=\"button\" tabindex=\"0\" aria-controls=\"elementor-toc__81850a7\" aria-expanded=\"true\" aria-label=\"Apri l&#039;indice dei contenuti\"><i aria-hidden=\"true\" class=\"alveus alveus-arrow\"><\/i><\/div>\n\t\t\t\t<div class=\"elementor-toc__toggle-button elementor-toc__toggle-button--collapse\" role=\"button\" tabindex=\"0\" aria-controls=\"elementor-toc__81850a7\" aria-expanded=\"true\" aria-label=\"Chiudi l&#039;indice dei contenuti\"><i aria-hidden=\"true\" class=\"alveus alveus-close\"><\/i><\/div>\n\t\t\t\t\t<\/div>\n\t\t\t\t<div id=\"elementor-toc__81850a7\" class=\"elementor-toc__body\">\n\t\t\t<div class=\"elementor-toc__spinner-container\">\n\t\t\t\t<i class=\"elementor-toc__spinner eicon-animation-spin eicon-loading\" aria-hidden=\"true\"><\/i>\t\t\t<\/div>\n\t\t<\/div>\n\t\t\t\t\t\t<\/div>\n\t\t\t\t<\/div>\n\t\t\t\t<div class=\"elementor-element elementor-element-aeb460f elementor-widget elementor-widget-heading\" data-id=\"aeb460f\" data-element_type=\"widget\" data-e-type=\"widget\" data-widget_type=\"heading.default\">\n\t\t\t\t<div class=\"elementor-widget-container\">\n\t\t\t\t\t<h2 class=\"elementor-heading-title elementor-size-default\">Che cos\u2019\u00e8 il t\u00e8 nero?<\/h2>\t\t\t\t<\/div>\n\t\t\t\t<\/div>\n\t\t\t\t<div class=\"elementor-element elementor-element-deddede elementor-widget elementor-widget-text-editor\" data-id=\"deddede\" data-element_type=\"widget\" data-e-type=\"widget\" data-widget_type=\"text-editor.default\">\n\t\t\t\t<div class=\"elementor-widget-container\">\n\t\t\t\t\t\t\t\t\t<p><span style=\"font-weight: 400;\">Il t\u00e8 nero \u00e8 un tipo di t\u00e8 ottenuto dalle foglie di <\/span><a href=\"https:\/\/www.alveus.eu\/it\/blog\/varieta-pianta-te\/\"><b>Camellia sinensis<\/b><\/a><span style=\"font-weight: 400;\"> che sono state appassite, arrotolate o tagliate, ossidate e infine essiccate.<\/span><\/p><p><span style=\"font-weight: 400;\">Proviene dalla stessa specie vegetale del t\u00e8 verde, del t\u00e8 bianco, del t\u00e8 giallo, dell\u2019oolong e dei t\u00e8 scuri. Ci\u00f2 che distingue queste categorie non \u00e8 la pianta, ma il trattamento a cui vengono sottoposte le foglie dopo la raccolta.<\/span><\/p><p><span style=\"font-weight: 400;\">In Cina \u00e8 conosciuto come <\/span><i><span style=\"font-weight: 400;\">hong cha<\/span><\/i><span style=\"font-weight: 400;\">, che significa \u201ct\u00e8 rosso\u201d, in riferimento al colore ramato o rossastro dell\u2019infuso. In Occidente \u00e8 stato adottato il nome di t\u00e8 nero per l\u2019aspetto scuro delle foglie essiccate.<\/span><\/p>\t\t\t\t\t\t\t\t<\/div>\n\t\t\t\t<\/div>\n\t\t\t\t<div class=\"elementor-element elementor-element-d71a9ea elementor-widget elementor-widget-heading\" data-id=\"d71a9ea\" data-element_type=\"widget\" data-e-type=\"widget\" data-widget_type=\"heading.default\">\n\t\t\t\t<div class=\"elementor-widget-container\">\n\t\t\t\t\t<h2 class=\"elementor-heading-title elementor-size-default\">Che sapore ha il t\u00e8 nero?<\/h2>\t\t\t\t<\/div>\n\t\t\t\t<\/div>\n\t\t\t\t\t<img fetchpriority=\"high\" decoding=\"async\" class=\"e-image-base \" data-interaction-id=\"7afe892\" data-e-type=\"widget\" data-id=\"7afe892\" id=\"61682\" src=\"https:\/\/www.alveus.eu\/wp-content\/uploads\/134_b.jpg\" width=\"900\" height=\"600\" srcset=\"https:\/\/www.alveus.eu\/wp-content\/uploads\/134_b.jpg 900w, https:\/\/www.alveus.eu\/wp-content\/uploads\/134_b-300x200.jpg 300w, https:\/\/www.alveus.eu\/wp-content\/uploads\/134_b-768x512.jpg 768w\" alt=\"degustazione di t\u00e8 nero\"\/>\t\t\t\t<div class=\"elementor-element elementor-element-4f8e3e0 elementor-widget elementor-widget-text-editor\" data-id=\"4f8e3e0\" data-element_type=\"widget\" data-e-type=\"widget\" data-widget_type=\"text-editor.default\">\n\t\t\t\t<div class=\"elementor-widget-container\">\n\t\t\t\t\t\t\t\t\t<p><span style=\"font-weight: 400;\">Il t\u00e8 nero pu\u00f2 presentare una delle gamme aromatiche pi\u00f9 ampie nel mondo del t\u00e8. A seconda dell\u2019origine e della lavorazione, pu\u00f2 ricordare:<\/span><\/p><ul><li style=\"font-weight: 400;\" aria-level=\"1\"><span style=\"font-weight: 400;\">Malto, cereali, pane tostato o biscotti.<\/span><\/li><li style=\"font-weight: 400;\" aria-level=\"1\"><span style=\"font-weight: 400;\">Miele, caramello, melassa o zucchero di canna.<\/span><\/li><li style=\"font-weight: 400;\" aria-level=\"1\"><span style=\"font-weight: 400;\">Cacao, cioccolato fondente o caff\u00e8 delicato.<\/span><\/li><li style=\"font-weight: 400;\" aria-level=\"1\"><span style=\"font-weight: 400;\">Uva moscato, prugna, albicocca, uvetta o frutti rossi.<\/span><\/li><li style=\"font-weight: 400;\" aria-level=\"1\"><span style=\"font-weight: 400;\">Rosa, orchidea e altri fiori.<\/span><\/li><li style=\"font-weight: 400;\" aria-level=\"1\"><span style=\"font-weight: 400;\">Legno, tabacco, cuoio o foresta umida.<\/span><\/li><li style=\"font-weight: 400;\" aria-level=\"1\"><span style=\"font-weight: 400;\">Cannella, pepe, chiodi di garofano o zenzero.<\/span><\/li><li style=\"font-weight: 400;\" aria-level=\"1\"><span style=\"font-weight: 400;\">Agrumi, mentolo o resina.<\/span><\/li><li style=\"font-weight: 400;\" aria-level=\"1\"><span style=\"font-weight: 400;\">Fumo, carbone o legno bruciato.<\/span><\/li><\/ul><p><span style=\"font-weight: 400;\">Un buon t\u00e8 nero non deve necessariamente essere forte. Pu\u00f2 essere leggero e floreale, dolce e setoso, maltato e denso oppure intensamente affumicato.<\/span><\/p>\t\t\t\t\t\t\t\t<\/div>\n\t\t\t\t<\/div>\n\t\t\t\t<div class=\"elementor-element elementor-element-9d0f631 elementor-widget elementor-widget-heading\" data-id=\"9d0f631\" data-element_type=\"widget\" data-e-type=\"widget\" data-widget_type=\"heading.default\">\n\t\t\t\t<div class=\"elementor-widget-container\">\n\t\t\t\t\t<h2 class=\"elementor-heading-title elementor-size-default\">Come si prepara il t\u00e8 nero?<\/h2>\t\t\t\t<\/div>\n\t\t\t\t<\/div>\n\t\t\t\t<div class=\"elementor-element elementor-element-f3f0388 elementor-widget elementor-widget-text-editor\" data-id=\"f3f0388\" data-element_type=\"widget\" data-e-type=\"widget\" data-widget_type=\"text-editor.default\">\n\t\t\t\t<div class=\"elementor-widget-container\">\n\t\t\t\t\t\t\t\t\t<p><span style=\"font-weight: 400;\">La preparazione del t\u00e8 nero dipende dal tipo di foglia, ma come regola generale si utilizzano da 2 a 3 grammi per tazza (250 ml) con acqua a una temperatura compresa tra 90 e 100 \u00b0C e un tempo di infusione da 2 a 4 minuti.\u00a0<\/span><\/p><p><span style=\"font-weight: 400;\">I t\u00e8 pi\u00f9 delicati, come il Darjeeling, richiedono una temperatura e un tempo di infusione inferiori, mentre quelli pi\u00f9 intensi o pensati per essere consumati con il latte tollerano acqua pi\u00f9 calda e un tempo di infusione pi\u00f9 lungo. \u00c8 importante utilizzare acqua fresca e di qualit\u00e0, poich\u00e9 influisce direttamente sul sapore.\u00a0<\/span><\/p><p><span style=\"font-weight: 400;\">I t\u00e8 a foglia intera possono essere infusi pi\u00f9 volte, mentre quelli a taglio fine o di tipo CTC di solito danno il meglio di s\u00e9 in una sola preparazione. <\/span><\/p>\t\t\t\t\t\t\t\t<\/div>\n\t\t\t\t<\/div>\n\t\t\t\t<div class=\"elementor-element elementor-element-6f0d310 elementor-widget elementor-widget-shortcode\" data-id=\"6f0d310\" data-element_type=\"widget\" data-e-type=\"widget\" data-widget_type=\"shortcode.default\">\n\t\t\t\t<div class=\"elementor-widget-container\">\n\t\t\t\t\t\t\t<div class=\"elementor-shortcode\">\t\t<div data-elementor-type=\"section\" data-elementor-id=\"51141\" class=\"elementor elementor-51141 elementor-51052 elementor-51052\" data-elementor-post-type=\"elementor_library\">\n\t\t\t<div class=\"elementor-element elementor-element-3039963 e-con-full e-flex e-con e-parent\" data-id=\"3039963\" data-element_type=\"container\" data-e-type=\"container\" data-settings=\"{&quot;background_background&quot;:&quot;classic&quot;}\">\n\t\t<div class=\"elementor-element elementor-element-4351092 e-con-full e-flex e-con e-child\" data-id=\"4351092\" data-element_type=\"container\" data-e-type=\"container\">\n\t\t\t\t<div class=\"elementor-element elementor-element-2090423 elementor-widget elementor-widget-heading\" data-id=\"2090423\" data-element_type=\"widget\" data-e-type=\"widget\" data-widget_type=\"heading.default\">\n\t\t\t\t<div class=\"elementor-widget-container\">\n\t\t\t\t\t<p class=\"elementor-heading-title elementor-size-default\">Ricevi 10 campioni gratuiti<\/p>\t\t\t\t<\/div>\n\t\t\t\t<\/div>\n\t\t\t\t<div class=\"elementor-element elementor-element-1b4106c elementor-widget elementor-widget-heading\" data-id=\"1b4106c\" data-element_type=\"widget\" data-e-type=\"widget\" data-widget_type=\"heading.default\">\n\t\t\t\t<div class=\"elementor-widget-container\">\n\t\t\t\t\t<p class=\"elementor-heading-title elementor-size-default\">Esclusivamente per i professionisti del t\u00e8<\/p>\t\t\t\t<\/div>\n\t\t\t\t<\/div>\n\t\t\t\t<div class=\"elementor-element elementor-element-c6cc423 elementor-align-left elementor-widget elementor-widget-button\" data-id=\"c6cc423\" data-element_type=\"widget\" data-e-type=\"widget\" data-widget_type=\"button.default\">\n\t\t\t\t<div class=\"elementor-widget-container\">\n\t\t\t\t\t\t\t\t\t<div class=\"elementor-button-wrapper\">\n\t\t\t\t\t<a class=\"elementor-button elementor-button-link elementor-size-sm\" href=\"#request-catalogue\">\n\t\t\t\t\t\t<span class=\"elementor-button-content-wrapper\">\n\t\t\t\t\t\t\t\t\t<span class=\"elementor-button-text\">RICHIEDERE CATALOGO<\/span>\n\t\t\t\t\t<\/span>\n\t\t\t\t\t<\/a>\n\t\t\t\t<\/div>\n\t\t\t\t\t\t\t\t<\/div>\n\t\t\t\t<\/div>\n\t\t\t\t<\/div>\n\t\t<div class=\"elementor-element elementor-element-92c569c e-con-full e-flex e-con e-child\" data-id=\"92c569c\" data-element_type=\"container\" data-e-type=\"container\">\n\t\t\t\t<div class=\"elementor-element elementor-element-82c5156 elementor-widget elementor-widget-image\" data-id=\"82c5156\" data-element_type=\"widget\" data-e-type=\"widget\" data-widget_type=\"image.default\">\n\t\t\t\t<div class=\"elementor-widget-container\">\n\t\t\t\t\t\t\t\t\t\t\t\t\t\t\t<img decoding=\"async\" width=\"863\" height=\"343\" src=\"https:\/\/www.alveus.eu\/wp-content\/uploads\/cta-catalogues.png\" class=\"attachment-large size-large wp-image-51123\" alt=\"\" srcset=\"https:\/\/www.alveus.eu\/wp-content\/uploads\/cta-catalogues.png 863w, https:\/\/www.alveus.eu\/wp-content\/uploads\/cta-catalogues-300x119.png 300w, https:\/\/www.alveus.eu\/wp-content\/uploads\/cta-catalogues-768x305.png 768w\" sizes=\"(max-width: 863px) 100vw, 863px\" \/>\t\t\t\t\t\t\t\t\t\t\t\t\t\t\t<\/div>\n\t\t\t\t<\/div>\n\t\t\t\t<\/div>\n\t\t\t\t<\/div>\n\t\t\t\t<\/div>\n\t\t<\/div>\n\t\t\t\t\t\t<\/div>\n\t\t\t\t<\/div>\n\t\t\t\t<div class=\"elementor-element elementor-element-192e05d elementor-widget elementor-widget-heading\" data-id=\"192e05d\" data-element_type=\"widget\" data-e-type=\"widget\" data-widget_type=\"heading.default\">\n\t\t\t\t<div class=\"elementor-widget-container\">\n\t\t\t\t\t<h2 class=\"elementor-heading-title elementor-size-default\">Come viene prodotto il t\u00e8 nero?<\/h2>\t\t\t\t<\/div>\n\t\t\t\t<\/div>\n\t\t\t\t<div class=\"elementor-element elementor-element-ebc38c9 elementor-widget elementor-widget-text-editor\" data-id=\"ebc38c9\" data-element_type=\"widget\" data-e-type=\"widget\" data-widget_type=\"text-editor.default\">\n\t\t\t\t<div class=\"elementor-widget-container\">\n\t\t\t\t\t\t\t\t\t<p><span style=\"font-weight: 400;\">Sebbene esistano numerose varianti regionali, la sua lavorazione comprende solitamente cinque fasi principali<\/span><\/p><p><b>Raccolta. <\/b><span style=\"font-weight: 400;\">Si raccolgono germogli e foglie giovani, manualmente o meccanicamente.<\/span><\/p><p><b>Appassimento. <\/b><span style=\"font-weight: 400;\">Le foglie perdono parte della loro umidit\u00e0 e diventano flessibili. In alcuni t\u00e8 neri questo processo pu\u00f2 protrarsi da 12 a 20 ore.<\/span><\/p><p><b>Arrotolamento o taglio. <\/b><span style=\"font-weight: 400;\">Le foglie vengono arrotolate, pressate o frammentate per rompere parte delle loro cellule. In questo modo, gli enzimi e i polifenoli entrano in contatto con l\u2019ossigeno.<\/span><\/p><p><b>Ossidazione. <\/b><span style=\"font-weight: 400;\">Le foglie vengono mantenute in condizioni controllate di temperatura, umidit\u00e0 e ventilazione. Durante questa fase cambiano colore e si sviluppano gran parte degli aromi, dei sapori e dei pigmenti caratteristici del t\u00e8 nero.<\/span><\/p><p><b>Essiccazione e classificazione. <\/b><span style=\"font-weight: 400;\">L\u2019applicazione di calore arresta l\u2019ossidazione e riduce l\u2019umidit\u00e0 per stabilizzare il prodotto. Successivamente, il t\u00e8 viene classificato in base alle dimensioni e all\u2019aspetto delle sue particelle.<\/span><\/p><p><span style=\"font-weight: 400;\">In questo post ti raccontiamo tutto nei dettagli sulla <\/span><a href=\"https:\/\/www.alveus.eu\/it\/blog\/te-nero-processo-elaborazione\/\"><span style=\"font-weight: 400;\">produzione del t\u00e8 nero<\/span><\/a><span style=\"font-weight: 400;\">. <\/span><\/p>\t\t\t\t\t\t\t\t<\/div>\n\t\t\t\t<\/div>\n\t\t\t\t<div class=\"elementor-element elementor-element-5078d9f elementor-widget elementor-widget-heading\" data-id=\"5078d9f\" data-element_type=\"widget\" data-e-type=\"widget\" data-widget_type=\"heading.default\">\n\t\t\t\t<div class=\"elementor-widget-container\">\n\t\t\t\t\t<h2 class=\"elementor-heading-title elementor-size-default\">Perch\u00e9 il t\u00e8 nero ha un colore cos\u00ec scuro?<\/h2>\t\t\t\t<\/div>\n\t\t\t\t<\/div>\n\t\t\t\t<div class=\"elementor-element elementor-element-33eec3d elementor-widget elementor-widget-text-editor\" data-id=\"33eec3d\" data-element_type=\"widget\" data-e-type=\"widget\" data-widget_type=\"text-editor.default\">\n\t\t\t\t<div class=\"elementor-widget-container\">\n\t\t\t\t\t\t\t\t\t<p><span style=\"font-weight: 400;\">Il colore scuro del t\u00e8 nero si forma principalmente durante l\u2019ossidazione.<\/span><\/p><p><span style=\"font-weight: 400;\">Quando le cellule delle foglie si rompono, l\u2019enzima polifenolo ossidasi favorisce la trasformazione delle catechine in nuovi composti. Tra questi spiccano le <\/span><b>teaflavine<\/b><span style=\"font-weight: 400;\">, legate alle tonalit\u00e0 dorate, alla vivacit\u00e0 e a parte dell\u2019astringenza, e le <\/span><b>tearubigine<\/b><span style=\"font-weight: 400;\">, che conferiscono colori ramati, rossastri e marroni, oltre a corpo e rotondit\u00e0.<\/span><\/p><p><span style=\"font-weight: 400;\">Di conseguenza, durante la lavorazione la foglia passa dal verde iniziale a tonalit\u00e0 ramate, assumendo infine un aspetto marrone scuro o nero. L\u2019infuso, tuttavia, non \u00e8 solitamente nero, ma ambra, rossastro, mogano o ramato.<\/span><\/p>\t\t\t\t\t\t\t\t<\/div>\n\t\t\t\t<\/div>\n\t\t\t\t<div class=\"elementor-element elementor-element-5521773 elementor-widget elementor-widget-heading\" data-id=\"5521773\" data-element_type=\"widget\" data-e-type=\"widget\" data-widget_type=\"heading.default\">\n\t\t\t\t<div class=\"elementor-widget-container\">\n\t\t\t\t\t<h2 class=\"elementor-heading-title elementor-size-default\">Quali sono le principali variet\u00e0 di t\u00e8 nero?<\/h2>\t\t\t\t<\/div>\n\t\t\t\t<\/div>\n\t\t\t\t<div class=\"elementor-element elementor-element-db3f02d elementor-widget elementor-widget-text-editor\" data-id=\"db3f02d\" data-element_type=\"widget\" data-e-type=\"widget\" data-widget_type=\"text-editor.default\">\n\t\t\t\t<div class=\"elementor-widget-container\">\n\t\t\t\t\t\t\t\t\t<p><span style=\"font-weight: 400;\">Il t\u00e8 nero pu\u00f2 essere classificato in base all\u2019origine, allo stile di lavorazione, alla piantagione, al raccolto o al profilo sensoriale. Tra le famiglie pi\u00f9 note figurano le seguenti:<\/span><\/p><p><b>T\u00e8 neri cinesi. <\/b><span style=\"font-weight: 400;\">Comprendono il Qimen o Keemun, il Dian Hong dello Yunnan, lo Zheng Shan Xiao Zhong (noto al di fuori della Cina come Lapsang Souchong), il Jin Jun Mei e altri stili provenienti dal Fujian, dall\u2019Anhui e dallo Yunnan.<\/span><\/p><p><b>T\u00e8 neri dell\u2019India. <\/b><span style=\"font-weight: 400;\">Spiccano l\u2019Assam, il Darjeeling, il Nilgiri, il Dooars e il Kangra. Ogni regione produce profili molto diversi. Quelli dell\u2019India meridionale sono ideali per la creazione di miscele.<\/span><\/p><p><b>T\u00e8 dello Sri Lanka o Ceylon. <\/b><span style=\"font-weight: 400;\">Vengono spesso classificati in base alla regione e all\u2019altitudine, come Nuwara Eliya, Dimbula, Uva, Kandy, Ruhuna o Sabaragamuwa.<\/span><\/p><p><b>T\u00e8 neri africani. <\/b><span style=\"font-weight: 400;\">Il Kenya \u00e8 l\u2019origine pi\u00f9 nota, sebbene vengano prodotti anche in Ruanda, Malawi, Uganda, Tanzania, Burundi, Mozambico e altri paesi.<\/span><\/p><p><b>T\u00e8 del Nepal. <\/b><span style=\"font-weight: 400;\">Alcuni ricordano determinati Darjeeling, ma possiedono un\u2019identit\u00e0 propria e una produzione sempre pi\u00f9 specializzata.<\/span><\/p><p><b>Miscele e t\u00e8 aromatizzati. <\/b><span style=\"font-weight: 400;\">L\u2019English Breakfast, l\u2019Irish Breakfast, l\u2019Earl Grey e il chai sono miscele o variet\u00e0 commerciali solitamente preparate con una o pi\u00f9 basi di t\u00e8 nero.<\/span><\/p>\t\t\t\t\t\t\t\t<\/div>\n\t\t\t\t<\/div>\n\t\t\t\t<div class=\"elementor-element elementor-element-2c26167 elementor-widget elementor-widget-heading\" data-id=\"2c26167\" data-element_type=\"widget\" data-e-type=\"widget\" data-widget_type=\"heading.default\">\n\t\t\t\t<div class=\"elementor-widget-container\">\n\t\t\t\t\t<h2 class=\"elementor-heading-title elementor-size-default\">Quali sono i principali paesi produttori di t\u00e8 nero?<\/h2>\t\t\t\t<\/div>\n\t\t\t\t<\/div>\n\t\t\t\t\t<img decoding=\"async\" class=\"e-image-base \" data-interaction-id=\"8a65084\" data-e-type=\"widget\" data-id=\"8a65084\" id=\"61687\" src=\"https:\/\/www.alveus.eu\/wp-content\/uploads\/134_c.jpg\" width=\"2083\" height=\"1538\" srcset=\"https:\/\/www.alveus.eu\/wp-content\/uploads\/134_c.jpg 2083w, https:\/\/www.alveus.eu\/wp-content\/uploads\/134_c-300x222.jpg 300w, https:\/\/www.alveus.eu\/wp-content\/uploads\/134_c-1024x756.jpg 1024w, https:\/\/www.alveus.eu\/wp-content\/uploads\/134_c-768x567.jpg 768w, https:\/\/www.alveus.eu\/wp-content\/uploads\/134_c-1536x1134.jpg 1536w, https:\/\/www.alveus.eu\/wp-content\/uploads\/134_c-2048x1512.jpg 2048w\" alt=\"Principali paesi produttori di t\u00e8 nero\"\/>\t\t\t\t<div class=\"elementor-element elementor-element-dc5bf1c elementor-widget elementor-widget-text-editor\" data-id=\"dc5bf1c\" data-element_type=\"widget\" data-e-type=\"widget\" data-widget_type=\"text-editor.default\">\n\t\t\t\t<div class=\"elementor-widget-container\">\n\t\t\t\t\t\t\t\t\t<p><span style=\"font-weight: 400;\">Cina, India e Kenya sono attualmente in testa alla produzione mondiale totale di t\u00e8. Seguono Turchia, Sri Lanka, Vietnam e Indonesia, sebbene ogni paese dedichi percentuali diverse del proprio raccolto al t\u00e8 nero, al t\u00e8 verde o ad altre categorie. <\/span><a href=\"https:\/\/www.linkedin.com\/posts\/international-tea-committee_tea-teaindustry-internationalteacommittee-activity-7390451316541788160-XG8F?utm_source=share&amp;utm_medium=member_desktop&amp;rcm=ACoAABumaW8BdxMqW4Wwb3sVos3gCEusXlI9EsE\" target=\"_blank\" rel=\"noopener\"><span style=\"font-weight: 400;\">I dati dell\u2019International Tea Committee<\/span><\/a><span style=\"font-weight: 400;\"> indicavano nel 2024 una produzione di circa 3.740 milioni di chili di t\u00e8 per la Cina, 1.304 milioni per l\u2019India e circa 598 milioni per il Kenya.<\/span><\/p><p><span style=\"font-weight: 400;\">Quando si parla specificamente di t\u00e8 nero per il commercio internazionale, <\/span><b>India, Kenya e Sri Lanka <\/b><span style=\"font-weight: 400;\">rivestono un\u2019importanza particolare. Il Kenya \u00e8 uno dei principali esportatori di t\u00e8 nero, mentre gran parte della produzione turca viene consumata all\u2019interno del Paese stesso. La Cina, pur essendo il maggiore produttore mondiale di t\u00e8, destina una parte considerevole della propria produzione ai t\u00e8 verdi e ad altre categorie.<\/span><\/p><p><span style=\"font-weight: 400;\">Hanno rilevanza anche il Bangladesh, l\u2019Indonesia, il Vietnam, l\u2019Uganda, il Malawi, il Ruanda e l\u2019Argentina.<\/span><\/p>\t\t\t\t\t\t\t\t<\/div>\n\t\t\t\t<\/div>\n\t\t\t\t<div class=\"elementor-element elementor-element-be14319 elementor-widget elementor-widget-heading\" data-id=\"be14319\" data-element_type=\"widget\" data-e-type=\"widget\" data-widget_type=\"heading.default\">\n\t\t\t\t<div class=\"elementor-widget-container\">\n\t\t\t\t\t<h2 class=\"elementor-heading-title elementor-size-default\">Cosa significano OP, BOP, FOP, FTGFOP e SFTGFOP nel t\u00e8 nero?<\/h2>\t\t\t\t<\/div>\n\t\t\t\t<\/div>\n\t\t\t\t<div class=\"elementor-element elementor-element-6f9c2b8 elementor-widget elementor-widget-text-editor\" data-id=\"6f9c2b8\" data-element_type=\"widget\" data-e-type=\"widget\" data-widget_type=\"text-editor.default\">\n\t\t\t\t<div class=\"elementor-widget-container\">\n\t\t\t\t\t\t\t\t\t<p><span style=\"font-weight: 400;\">Queste sigle si riferiscono a sistemi di classificazione utilizzati principalmente in India, Sri Lanka, Nepal e in alcuni paesi africani. Descrivono soprattutto l\u2019aspetto, la dimensione delle particelle e la presenza di germogli.<\/span><\/p>\t\t\t\t\t\t\t\t<\/div>\n\t\t\t\t<\/div>\n\t\t\t\t<div class=\"elementor-element elementor-element-b89b5cb elementor-widget elementor-widget-heading\" data-id=\"b89b5cb\" data-element_type=\"widget\" data-e-type=\"widget\" data-widget_type=\"heading.default\">\n\t\t\t\t<div class=\"elementor-widget-container\">\n\t\t\t\t\t<h2 class=\"elementor-heading-title elementor-size-default\">Le classificazioni del t\u00e8 nero ne indicano la qualit\u00e0?<\/h2>\t\t\t\t<\/div>\n\t\t\t\t<\/div>\n\t\t\t\t<div class=\"elementor-element elementor-element-df90066 elementor-widget elementor-widget-text-editor\" data-id=\"df90066\" data-element_type=\"widget\" data-e-type=\"widget\" data-widget_type=\"text-editor.default\">\n\t\t\t\t<div class=\"elementor-widget-container\">\n\t\t\t\t\t\t\t\t\t<p><span style=\"font-weight: 400;\">Non in modo assoluto. Le classificazioni indicano principalmente <\/span><b>le dimensioni, l\u2019aspetto e la composizione fisica della foglia<\/b><span style=\"font-weight: 400;\">, non la qualit\u00e0 sensoriale complessiva.<\/span><\/p><p><span style=\"font-weight: 400;\">Una foglia FTGFOP pu\u00f2 essere visivamente bella e contenere numerosi germogli, ma ci\u00f2 non garantisce che il suo aroma, la sua freschezza, il suo equilibrio o la sua persistenza siano eccezionali. Allo stesso modo, un BOP o un CTC ben lavorato pu\u00f2 offrire una tazza magnifica per l\u2019uso a cui \u00e8 destinato.<\/span><\/p>\t\t\t\t\t\t\t\t<\/div>\n\t\t\t\t<\/div>\n\t\t\t\t<div class=\"elementor-element elementor-element-0099dbf elementor-widget elementor-widget-heading\" data-id=\"0099dbf\" data-element_type=\"widget\" data-e-type=\"widget\" data-widget_type=\"heading.default\">\n\t\t\t\t<div class=\"elementor-widget-container\">\n\t\t\t\t\t<h2 class=\"elementor-heading-title elementor-size-default\">Perch\u00e9 alcuni t\u00e8 neri sono astringenti o amari e come vanno preparati?<\/h2>\t\t\t\t<\/div>\n\t\t\t\t<\/div>\n\t\t\t\t<div class=\"elementor-element elementor-element-b7cfae3 elementor-widget elementor-widget-text-editor\" data-id=\"b7cfae3\" data-element_type=\"widget\" data-e-type=\"widget\" data-widget_type=\"text-editor.default\">\n\t\t\t\t<div class=\"elementor-widget-container\">\n\t\t\t\t\t\t\t\t\t<p><b>L&#8217;astringenza <\/b><span style=\"font-weight: 400;\">e <\/span><b>l&#8217;amaro <\/b><span style=\"font-weight: 400;\">non sono esattamente la stessa cosa.<\/span><\/p><p><span style=\"font-weight: 400;\">L&#8217;amaro \u00e8 un sapore. Nel t\u00e8 \u00e8 legato, tra gli altri composti, alla caffeina e a determinati polifenoli.<\/span><\/p><p><span style=\"font-weight: 400;\">L&#8217;astringenza provoca una sensazione di secchezza, tensione o ruvidit\u00e0 in bocca. Si verifica quando alcuni polifenoli interagiscono con le proteine della saliva.<\/span><\/p><p><span style=\"font-weight: 400;\">Una certa astringenza pu\u00f2 conferire vivacit\u00e0, struttura e una sensazione rinfrescante. Diventa un problema quando domina completamente la tazza.<\/span><\/p><p><span style=\"font-weight: 400;\">Le cause pi\u00f9 comuni di un infuso eccessivamente amaro o astringente sono:<\/span><\/p><ul><li style=\"font-weight: 400;\" aria-level=\"1\"><span style=\"font-weight: 400;\">Utilizzare una quantit\u00e0 eccessiva di t\u00e8.<\/span><\/li><li style=\"font-weight: 400;\" aria-level=\"1\"><span style=\"font-weight: 400;\">Lasciare in infusione troppo a lungo.<\/span><\/li><li style=\"font-weight: 400;\" aria-level=\"1\"><span style=\"font-weight: 400;\">L&#8217;uso di acqua troppo calda per un t\u00e8 delicato.<\/span><\/li><li style=\"font-weight: 400;\" aria-level=\"1\"><span style=\"font-weight: 400;\">Lasciare le foglie nella tazza oltre il tempo indicato.<\/span><\/li><li style=\"font-weight: 400;\" aria-level=\"1\"><span style=\"font-weight: 400;\">Preparare un t\u00e8 sfaldato come se fosse a foglia intera.<\/span><\/li><li style=\"font-weight: 400;\" aria-level=\"1\"><span style=\"font-weight: 400;\">Far bollire direttamente le foglie per troppo tempo.<\/span><\/li><\/ul>\t\t\t\t\t\t\t\t<\/div>\n\t\t\t\t<\/div>\n\t\t\t\t<div class=\"elementor-element elementor-element-8bef800 elementor-widget elementor-widget-heading\" data-id=\"8bef800\" data-element_type=\"widget\" data-e-type=\"widget\" data-widget_type=\"heading.default\">\n\t\t\t\t<div class=\"elementor-widget-container\">\n\t\t\t\t\t<h2 class=\"elementor-heading-title elementor-size-default\">Si pu\u00f2 bere il t\u00e8 nero con latte, zucchero o limone?<\/h2>\t\t\t\t<\/div>\n\t\t\t\t<\/div>\n\t\t\t\t<div class=\"elementor-element elementor-element-7dc279d elementor-widget elementor-widget-image\" data-id=\"7dc279d\" data-element_type=\"widget\" data-e-type=\"widget\" data-widget_type=\"image.default\">\n\t\t\t\t<div class=\"elementor-widget-container\">\n\t\t\t\t\t\t\t\t\t\t\t\t\t\t\t<img loading=\"lazy\" decoding=\"async\" width=\"900\" height=\"600\" src=\"https:\/\/www.alveus.eu\/wp-content\/uploads\/134_d.jpg\" class=\"attachment-large size-large wp-image-61692\" alt=\"t\u00e8 nero con latte\" srcset=\"https:\/\/www.alveus.eu\/wp-content\/uploads\/134_d.jpg 900w, https:\/\/www.alveus.eu\/wp-content\/uploads\/134_d-300x200.jpg 300w, https:\/\/www.alveus.eu\/wp-content\/uploads\/134_d-768x512.jpg 768w\" sizes=\"(max-width: 900px) 100vw, 900px\" \/>\t\t\t\t\t\t\t\t\t\t\t\t\t\t\t<\/div>\n\t\t\t\t<\/div>\n\t\t\t\t<div class=\"elementor-element elementor-element-7a113d9 elementor-widget elementor-widget-text-editor\" data-id=\"7a113d9\" data-element_type=\"widget\" data-e-type=\"widget\" data-widget_type=\"text-editor.default\">\n\t\t\t\t<div class=\"elementor-widget-container\">\n\t\t\t\t\t\t\t\t\t<p><span style=\"font-weight: 400;\">S\u00ec, anche se non tutti i t\u00e8 neri reagiscono allo stesso modo.<\/span><\/p><p><span style=\"font-weight: 400;\">Il <\/span><b>latte <\/b><span style=\"font-weight: 400;\">si abbina particolarmente bene con l\u2019Assam, il Kenya CTC, alcuni Ceylon, l\u2019Irish Breakfast, l\u2019English Breakfast e il masala chai. Questi t\u00e8 hanno corpo e struttura sufficienti affinch\u00e9 il latte non ne nasconda completamente il sapore.<\/span><\/p><p><span style=\"font-weight: 400;\">I delicati Darjeeling, i raffinati Qimen, il Dian Hong e altri t\u00e8 complessi si apprezzano solitamente di pi\u00f9 da soli, anche se la scelta finale dipende sempre dal gusto personale.<\/span><\/p><p><span style=\"font-weight: 400;\">Lo <\/span><b>zucchero <\/b><span style=\"font-weight: 400;\">o altri dolcificanti attenuano l\u2019astringenza e possono bilanciare miscele molto intense, ma nascondono anche alcune sfumature. \u00c8 consigliabile aggiungerne una piccola quantit\u00e0 prima di decidere se il t\u00e8 ne ha bisogno di pi\u00f9. Tuttavia, consigliamo di gustare i t\u00e8 senza aggiungere zucchero.<\/span><\/p><p><span style=\"font-weight: 400;\">Il <\/span><b>limone <\/b><span style=\"font-weight: 400;\">si abbina bene al Ceylon, ad alcuni t\u00e8 cinesi e alle miscele per il t\u00e8 freddo. Non va combinato con il latte, perch\u00e9 l\u2019acidit\u00e0 pu\u00f2 far coagulare le proteine del latte.<\/span><\/p>\t\t\t\t\t\t\t\t<\/div>\n\t\t\t\t<\/div>\n\t\t\t\t<div class=\"elementor-element elementor-element-237cb6d elementor-widget elementor-widget-heading\" data-id=\"237cb6d\" data-element_type=\"widget\" data-e-type=\"widget\" data-widget_type=\"heading.default\">\n\t\t\t\t<div class=\"elementor-widget-container\">\n\t\t\t\t\t<h2 class=\"elementor-heading-title elementor-size-default\">Quanta caffeina contiene il t\u00e8 nero?<\/h2>\t\t\t\t<\/div>\n\t\t\t\t<\/div>\n\t\t\t\t<div class=\"elementor-element elementor-element-57b45c3 elementor-widget elementor-widget-text-editor\" data-id=\"57b45c3\" data-element_type=\"widget\" data-e-type=\"widget\" data-widget_type=\"text-editor.default\">\n\t\t\t\t<div class=\"elementor-widget-container\">\n\t\t\t\t\t\t\t\t\t<p><span style=\"font-weight: 400;\">Una tazza di t\u00e8 nero contiene solitamente tra <\/span><b>i 30 e i 60 milligrammi di caffeina<\/b><span style=\"font-weight: 400;\">, anche se la variazione pu\u00f2 essere considerevole. <\/span><b>Si tratta<\/b><span style=\"font-weight: 400;\"> comunque <\/span><b>solo di una stima approssimativa<\/b><span style=\"font-weight: 400;\">, poich\u00e9 dipende da diversi fattori quali la variet\u00e0, la percentuale di foglie giovani e, soprattutto, il metodo di preparazione.<\/span><\/p>\t\t\t\t\t\t\t\t<\/div>\n\t\t\t\t<\/div>\n\t\t\t\t<div class=\"elementor-element elementor-element-fcbe6a2 elementor-widget elementor-widget-heading\" data-id=\"fcbe6a2\" data-element_type=\"widget\" data-e-type=\"widget\" data-widget_type=\"heading.default\">\n\t\t\t\t<div class=\"elementor-widget-container\">\n\t\t\t\t\t<h2 class=\"elementor-heading-title elementor-size-default\">Quali sono le propriet\u00e0 e i benefici del t\u00e8 nero?<\/h2>\t\t\t\t<\/div>\n\t\t\t\t<\/div>\n\t\t\t\t<div class=\"elementor-element elementor-element-f7307d9 elementor-widget elementor-widget-text-editor\" data-id=\"f7307d9\" data-element_type=\"widget\" data-e-type=\"widget\" data-widget_type=\"text-editor.default\">\n\t\t\t\t<div class=\"elementor-widget-container\">\n\t\t\t\t\t\t\t\t\t<p><span style=\"font-weight: 400;\">Il t\u00e8 nero apporta caffeina, L-teanina e polifenoli, tra cui spiccano le teaflavine e le tearubigine.<\/span><\/p><p><span style=\"font-weight: 400;\">Tra i suoi effetti pi\u00f9 studiati si annoverano i seguenti:<\/span><\/p><ul><li style=\"font-weight: 400;\" aria-level=\"1\"><b>Attenzione e stato di allerta. <\/b><span style=\"font-weight: 400;\">Studi controllati hanno osservato miglioramenti in determinati test di attenzione e nella percezione dello stato di allerta dopo l\u2019assunzione di t\u00e8 nero. Questi effetti sono legati principalmente alla caffeina e alla sua interazione con altri componenti del t\u00e8.<\/span><\/li><li style=\"font-weight: 400;\" aria-level=\"1\"><b>Funzione vascolare. <\/b><span style=\"font-weight: 400;\">Alcuni studi hanno riscontrato lievi miglioramenti nei marcatori vascolari e modeste riduzioni della pressione arteriosa con il consumo abituale. A questo proposito, l\u2019Autorit\u00e0 europea per la sicurezza alimentare (EFSA) ha valutato la relazione tra la caffeina e la funzione cardiovascolare nell\u2019ambito della sua analisi sulla sicurezza del consumo nella popolazione europea.<\/span><\/li><li style=\"font-weight: 400;\" aria-level=\"1\"><b>Salute cardiovascolare. <\/b><span style=\"font-weight: 400;\">Le revisioni di studi osservazionali rilevano associazioni tra il consumo moderato di t\u00e8 e un minor rischio di determinati problemi cardiovascolari e di mortalit\u00e0. Tuttavia, un\u2019associazione non dimostra che il t\u00e8 sia la causa diretta dell\u2019effetto. L\u2019EFSA e altri organismi europei di sanit\u00e0 pubblica sottolineano che questi risultati devono essere interpretati nel contesto della dieta e dello stile di vita nel loro complesso.<\/span><\/li><\/ul><p><span style=\"font-weight: 400;\">Il t\u00e8 nero va considerato come una bevanda che pu\u00f2 far parte di un\u2019alimentazione sana, preferibilmente senza zucchero. Non \u00e8 un medicinale n\u00e9 sostituisce il trattamento dell\u2019ipertensione, del colesterolo, del diabete o di altre malattie.<\/span><\/p>\t\t\t\t\t\t\t\t<\/div>\n\t\t\t\t<\/div>\n\t\t\t\t<div class=\"elementor-element elementor-element-90d6657 elementor-widget elementor-widget-heading\" data-id=\"90d6657\" data-element_type=\"widget\" data-e-type=\"widget\" data-widget_type=\"heading.default\">\n\t\t\t\t<div class=\"elementor-widget-container\">\n\t\t\t\t\t<h2 class=\"elementor-heading-title elementor-size-default\">Quando non si dovrebbe bere il t\u00e8 nero?<\/h2>\t\t\t\t<\/div>\n\t\t\t\t<\/div>\n\t\t\t\t<div class=\"elementor-element elementor-element-2a865f5 elementor-widget elementor-widget-text-editor\" data-id=\"2a865f5\" data-element_type=\"widget\" data-e-type=\"widget\" data-widget_type=\"text-editor.default\">\n\t\t\t\t<div class=\"elementor-widget-container\">\n\t\t\t\t\t\t\t\t\t<p><span style=\"font-weight: 400;\">Non esiste un divieto generale per la popolazione sana, ma \u00e8 opportuno evitarlo o limitarne il consumo in determinate situazioni:\u00a0<\/span><\/p><ul><li style=\"font-weight: 400;\" aria-level=\"1\"><span style=\"font-weight: 400;\">poco prima di andare a dormire, poich\u00e9 la caffeina pu\u00f2 influire sul sonno;\u00a0<\/span><\/li><li style=\"font-weight: 400;\" aria-level=\"1\"><span style=\"font-weight: 400;\">in abbinamento a pasti ricchi di ferro se sussiste il rischio di anemia, poich\u00e9 pu\u00f2 ridurne l\u2019assorbimento;\u00a0<\/span><\/li><li style=\"font-weight: 400;\" aria-level=\"1\"><span style=\"font-weight: 400;\">quando provoca sintomi quali nervosismo, palpitazioni o disturbi digestivi in soggetti sensibili;\u00a0<\/span><\/li><li style=\"font-weight: 400;\" aria-level=\"1\"><span style=\"font-weight: 400;\">oppure se un operatore sanitario raccomanda di limitare l\u2019assunzione di caffeina a causa di una gravidanza, di una malattia o dell\u2019assunzione di farmaci.<\/span><\/li><\/ul>\t\t\t\t\t\t\t\t<\/div>\n\t\t\t\t<\/div>\n\t\t\t\t<div class=\"elementor-element elementor-element-4e6ae2c elementor-widget elementor-widget-heading\" data-id=\"4e6ae2c\" data-element_type=\"widget\" data-e-type=\"widget\" data-widget_type=\"heading.default\">\n\t\t\t\t<div class=\"elementor-widget-container\">\n\t\t\t\t\t<h2 class=\"elementor-heading-title elementor-size-default\">Il t\u00e8 nero fa bene ai trigliceridi?<\/h2>\t\t\t\t<\/div>\n\t\t\t\t<\/div>\n\t\t\t\t<div class=\"elementor-element elementor-element-d470be0 elementor-widget elementor-widget-text-editor\" data-id=\"d470be0\" data-element_type=\"widget\" data-e-type=\"widget\" data-widget_type=\"text-editor.default\">\n\t\t\t\t<div class=\"elementor-widget-container\">\n\t\t\t\t\t\t\t\t\t<p><span style=\"font-weight: 400;\">Non esistono prove concrete che il t\u00e8 nero riduca in modo significativo i trigliceridi.<\/span><\/p><p><span style=\"font-weight: 400;\">Una revisione sistematica di studi clinici condotti su soggetti affetti da ipercolesterolemia non ha riscontrato differenze significative tra il t\u00e8 nero e il placebo in termini di trigliceridi, colesterolo totale, LDL o HDL. La differenza media osservata nei trigliceridi era praticamente nulla. (<\/span><a href=\"https:\/\/pubmed.ncbi.nlm.nih.gov\/31235165\/\" target=\"_blank\" rel=\"noopener\"><span style=\"font-weight: 400;\">Vedi qui lo studio<\/span><\/a><span style=\"font-weight: 400;\">)<\/span><\/p><p><span style=\"font-weight: 400;\">Anche un\u2019altra revisione di studi sul t\u00e8 verde e nero non ha confermato una riduzione consistente dei lipidi nel sangue a breve termine.<\/span><\/p><p><span style=\"font-weight: 400;\">Bere t\u00e8 nero senza zucchero pu\u00f2 essere una buona alternativa alle bibite gassate o alle bevande zuccherate, il che pu\u00f2 effettivamente rivelarsi vantaggioso nell\u2019ambito di una dieta equilibrata. Tuttavia, non dovrebbe essere commercializzato come un prodotto in grado di ridurre da solo i trigliceridi.<\/span><\/p>\t\t\t\t\t\t\t\t<\/div>\n\t\t\t\t<\/div>\n\t\t\t\t<div class=\"elementor-element elementor-element-9e48874 elementor-widget elementor-widget-heading\" data-id=\"9e48874\" data-element_type=\"widget\" data-e-type=\"widget\" data-widget_type=\"heading.default\">\n\t\t\t\t<div class=\"elementor-widget-container\">\n\t\t\t\t\t<h2 class=\"elementor-heading-title elementor-size-default\">Il t\u00e8 nero aumenta il cortisolo?<\/h2>\t\t\t\t<\/div>\n\t\t\t\t<\/div>\n\t\t\t\t<div class=\"elementor-element elementor-element-473fca1 elementor-widget elementor-widget-text-editor\" data-id=\"473fca1\" data-element_type=\"widget\" data-e-type=\"widget\" data-widget_type=\"text-editor.default\">\n\t\t\t\t<div class=\"elementor-widget-container\">\n\t\t\t\t\t\t\t\t\t<p><span style=\"font-weight: 400;\">La risposta non \u00e8 un semplice s\u00ec o no.<\/span><\/p><p><span style=\"font-weight: 400;\">La caffeina isolata pu\u00f2 aumentare temporaneamente la secrezione di cortisolo, soprattutto nelle persone poco abituate o quando se ne consumano dosi elevate. La tolleranza riduce in parte questa risposta, anche se potrebbe non eliminarla del tutto.<\/span><\/p><p><span style=\"font-weight: 400;\">Tuttavia, il t\u00e8 nero contiene anche L-teanina e polifenoli. In uno studio randomizzato, in doppio cieco e controllato, sei settimane di consumo di t\u00e8 nero non hanno aumentato la risposta soggettiva allo stress e hanno prodotto livelli di cortisolo post-compito inferiori a quelli del placebo, oltre a una maggiore sensazione di rilassamento durante il recupero. Lo studio \u00e8 consultabile qui:<\/span><a href=\"https:\/\/pubmed.ncbi.nlm.nih.gov\/17013636\/\" target=\"_blank\" rel=\"noopener\"><span style=\"font-weight: 400;\"> https:\/\/pubmed.ncbi.nlm.nih.gov\/17013636\/<\/span><\/a><\/p><p><span style=\"font-weight: 400;\">Pertanto, non si pu\u00f2 affermare che il t\u00e8 nero aumenti il cortisolo in modo cronico. La risposta dipende dalla dose di caffeina, dall\u2019assuefazione, dall\u2019ora del giorno, dallo stress, dal sonno e dalla sensibilit\u00e0 individuale.<\/span><\/p>\t\t\t\t\t\t\t\t<\/div>\n\t\t\t\t<\/div>\n\t\t\t\t<div class=\"elementor-element elementor-element-26dd4ea elementor-widget elementor-widget-heading\" data-id=\"26dd4ea\" data-element_type=\"widget\" data-e-type=\"widget\" data-widget_type=\"heading.default\">\n\t\t\t\t<div class=\"elementor-widget-container\">\n\t\t\t\t\t<h2 class=\"elementor-heading-title elementor-size-default\">Il t\u00e8 oolong \u00e8 un t\u00e8 nero?<\/h2>\t\t\t\t<\/div>\n\t\t\t\t<\/div>\n\t\t\t\t<div class=\"elementor-element elementor-element-c836eb6 elementor-widget elementor-widget-text-editor\" data-id=\"c836eb6\" data-element_type=\"widget\" data-e-type=\"widget\" data-widget_type=\"text-editor.default\">\n\t\t\t\t<div class=\"elementor-widget-container\">\n\t\t\t\t\t\t\t\t\t<p><span style=\"font-weight: 400;\">No. Il t\u00e8 oolong e il t\u00e8 nero sono due categorie diverse di t\u00e8.<\/span><\/p><p><span style=\"font-weight: 400;\">Entrambi provengono dalla <\/span><b>Camellia sinensis <\/b><span style=\"font-weight: 400;\">e subiscono un processo di ossidazione, ma questa viene gestita in modo diverso.<\/span><\/p><p><b>L\u2019oolong <\/b><span style=\"font-weight: 400;\">\u00e8 un t\u00e8 semiossidato o parzialmente ossidato. Il <\/span><b>t\u00e8 nero <\/b><span style=\"font-weight: 400;\">viene lasciato ossidare in modo molto pi\u00f9 esteso prima dell\u2019essiccazione.<\/span><\/p><p><span style=\"font-weight: 400;\">Non esiste una percentuale universale che distingua le due categorie. La classificazione dipende dall\u2019insieme del processo, non solo da un dato relativo all\u2019ossidazione. Un oolong scuro pu\u00f2 assomigliare visivamente a un t\u00e8 nero, ma manterr\u00e0 una lavorazione, una struttura aromatica e un\u2019identit\u00e0 completamente diverse.<\/span><\/p>\t\t\t\t\t\t\t\t<\/div>\n\t\t\t\t<\/div>\n\t\t\t\t<div class=\"elementor-element elementor-element-3061b99 elementor-widget elementor-widget-heading\" data-id=\"3061b99\" data-element_type=\"widget\" data-e-type=\"widget\" data-widget_type=\"heading.default\">\n\t\t\t\t<div class=\"elementor-widget-container\">\n\t\t\t\t\t<h2 class=\"elementor-heading-title elementor-size-default\">Qual \u00e8 la differenza tra il t\u00e8 nero e l\u2019Earl Grey?<\/h2>\t\t\t\t<\/div>\n\t\t\t\t<\/div>\n\t\t\t\t<div class=\"elementor-element elementor-element-fa605a5 elementor-widget elementor-widget-text-editor\" data-id=\"fa605a5\" data-element_type=\"widget\" data-e-type=\"widget\" data-widget_type=\"text-editor.default\">\n\t\t\t\t<div class=\"elementor-widget-container\">\n\t\t\t\t\t\t\t\t\t<p><span style=\"font-weight: 400;\">Il t\u00e8 nero \u00e8 una <\/span><b>categoria di t\u00e8<\/b><span style=\"font-weight: 400;\">. <\/span><a href=\"https:\/\/b2b.alveus.eu\/it\/earl-grey-bio-ref-84063.html\" target=\"_blank\" rel=\"noopener\"><span style=\"font-weight: 400;\">L\u2019Earl Grey<\/span><\/a><span style=\"font-weight: 400;\"> \u00e8 un <\/span><b>t\u00e8 nero aromatizzato al bergamotto<\/b><span style=\"font-weight: 400;\">, nella sua versione classica. <\/span><\/p>\t\t\t\t\t\t\t\t<\/div>\n\t\t\t\t<\/div>\n\t\t\t\t<div class=\"elementor-element elementor-element-7d3f055 elementor-widget elementor-widget-heading\" data-id=\"7d3f055\" data-element_type=\"widget\" data-e-type=\"widget\" data-widget_type=\"heading.default\">\n\t\t\t\t<div class=\"elementor-widget-container\">\n\t\t\t\t\t<h2 class=\"elementor-heading-title elementor-size-default\">Il Darjeeling \u00e8 un t\u00e8 nero o un t\u00e8 verde?<\/h2>\t\t\t\t<\/div>\n\t\t\t\t<\/div>\n\t\t\t\t\t<img loading=\"lazy\" decoding=\"async\" class=\"e-image-base \" data-interaction-id=\"48e5ee6\" data-e-type=\"widget\" data-id=\"48e5ee6\" id=\"61697\" src=\"https:\/\/www.alveus.eu\/wp-content\/uploads\/134_e.jpg\" width=\"900\" height=\"600\" srcset=\"https:\/\/www.alveus.eu\/wp-content\/uploads\/134_e.jpg 900w, https:\/\/www.alveus.eu\/wp-content\/uploads\/134_e-300x200.jpg 300w, https:\/\/www.alveus.eu\/wp-content\/uploads\/134_e-768x512.jpg 768w\" alt=\"t\u00e8 nero Darjeeling\"\/>\t\t\t\t<div class=\"elementor-element elementor-element-c32b580 elementor-widget elementor-widget-text-editor\" data-id=\"c32b580\" data-element_type=\"widget\" data-e-type=\"widget\" data-widget_type=\"text-editor.default\">\n\t\t\t\t<div class=\"elementor-widget-container\">\n\t\t\t\t\t\t\t\t\t<p style=\"text-align: center;\"><a href=\"https:\/\/b2b.alveus.eu\/it\/darjeeling-ftgfop1-singell-dj3-2026-airfreight-bio-ref-80088.html\" target=\"_blank\" rel=\"noopener\"><span style=\"font-weight: 400;\">Darjeeling FTGFOP1 Singell DJ3\/2026 Airfreight BIO<\/span><\/a><span style=\"font-weight: 400;\">, codice 80088 di Alveus<br \/><br \/><\/span><\/p><p><span style=\"font-weight: 400;\">Darjeeling \u00e8 <\/span><b>un&#8217;origine geografica<\/b><span style=\"font-weight: 400;\">, non una categoria di lavorazione.<\/span><\/p><p><span style=\"font-weight: 400;\">La maggior parte del Darjeeling tradizionale viene commercializzata come t\u00e8 nero. Tuttavia, nella regione si producono anche t\u00e8 verdi, bianchi e oolong.<\/span><\/p><p><span style=\"font-weight: 400;\">La confusione sorge soprattutto con i <\/span><i><span style=\"font-weight: 400;\">first flush<\/span><\/i><span style=\"font-weight: 400;\">. Alcuni subiscono un\u2019ossidazione relativamente breve e conservano numerose sfumature verdi, aromi floreali e un infuso chiaro. Da un punto di vista strettamente tecnico, alcuni lotti si avvicinano a un oolong leggero. Ciononostante, l\u2019industria e la tradizione commerciale tendono a classificarli come t\u00e8 neri di Darjeeling.<\/span><\/p><p><span style=\"font-weight: 400;\">Pertanto, la categoria non va determinata guardando esclusivamente al colore delle foglie. \u00c8 necessario conoscere il metodo di lavorazione dichiarato dal produttore.<\/span><\/p>\t\t\t\t\t\t\t\t<\/div>\n\t\t\t\t<\/div>\n\t\t\t\t<div class=\"elementor-element elementor-element-e97a00f elementor-widget elementor-widget-heading\" data-id=\"e97a00f\" data-element_type=\"widget\" data-e-type=\"widget\" data-widget_type=\"heading.default\">\n\t\t\t\t<div class=\"elementor-widget-container\">\n\t\t\t\t\t<h2 class=\"elementor-heading-title elementor-size-default\">Qual \u00e8 il t\u00e8 nero pi\u00f9 adatto per preparare il t\u00e8 freddo?<\/h2>\t\t\t\t<\/div>\n\t\t\t\t<\/div>\n\t\t\t\t<div class=\"elementor-element elementor-element-67e4d5c elementor-widget elementor-widget-text-editor\" data-id=\"67e4d5c\" data-element_type=\"widget\" data-e-type=\"widget\" data-widget_type=\"text-editor.default\">\n\t\t\t\t<div class=\"elementor-widget-container\">\n\t\t\t\t\t\t\t\t\t<p><span style=\"font-weight: 400;\">Per un t\u00e8 freddo classico, pulito e rinfrescante, i t\u00e8 di <\/span><a href=\"https:\/\/b2b.alveus.eu\/it\/ceylon-op-venture-bio-ref-82750.html\" target=\"_blank\" rel=\"noopener\"><b>Ceylon<\/b><\/a><span style=\"font-weight: 400;\"> e <\/span><b>Nilgiri <\/b><span style=\"font-weight: 400;\">si rivelano solitamente particolarmente indicati. Presentano vivacit\u00e0, note agrumate o floreali e una struttura sufficiente senza risultare eccessivamente pesanti.<\/span><\/p><p><span style=\"font-weight: 400;\">La scelta pu\u00f2 essere adattata allo stile desiderato:<\/span><\/p><ul><li style=\"font-weight: 400;\" aria-level=\"1\"><b>Ceylon o Nilgiri: <\/b><span style=\"font-weight: 400;\">t\u00e8 freddo pulito, brillante e rinfrescante.<\/span><\/li><li style=\"font-weight: 400;\" aria-level=\"1\"><b>Assam o Kenya: <\/b><span style=\"font-weight: 400;\">bevanda intensa, adatta ad essere accompagnata da zucchero, limone o latte.<\/span><\/li><li style=\"font-weight: 400;\" aria-level=\"1\"><b>Earl Grey: <\/b><span style=\"font-weight: 400;\">profilo agrumato e aromatico.<\/span><\/li><li style=\"font-weight: 400;\" aria-level=\"1\"><b>Darjeeling o Qimen: <\/b><span style=\"font-weight: 400;\">t\u00e8 freddo pi\u00f9 delicato e gastronomico.<\/span><\/li><\/ul><p><span style=\"font-weight: 400;\">Per prepararlo a caldo si possono utilizzare circa 8\u201310 grammi per litro, lasciando in infusione per 3 minuti prima di raffreddarlo rapidamente con ghiaccio.<\/span><\/p><p><span style=\"font-weight: 400;\">Per un&#8217;estrazione a freddo, si possono utilizzare circa 8\u201312 grammi per litro e lasciare il recipiente in frigorifero per 6\u201310 ore. L&#8217;infusione a freddo tende a produrre meno amarezza e una consistenza pi\u00f9 morbida.<\/span><\/p>\t\t\t\t\t\t\t\t<\/div>\n\t\t\t\t<\/div>\n\t\t\t\t<div class=\"elementor-element elementor-element-2588ed2 elementor-widget elementor-widget-heading\" data-id=\"2588ed2\" data-element_type=\"widget\" data-e-type=\"widget\" data-widget_type=\"heading.default\">\n\t\t\t\t<div class=\"elementor-widget-container\">\n\t\t\t\t\t<h2 class=\"elementor-heading-title elementor-size-default\">Il t\u00e8 chai \u00e8 sempre t\u00e8 nero?<\/h2>\t\t\t\t<\/div>\n\t\t\t\t<\/div>\n\t\t\t\t<div class=\"elementor-element elementor-element-766dc03 elementor-widget elementor-widget-text-editor\" data-id=\"766dc03\" data-element_type=\"widget\" data-e-type=\"widget\" data-widget_type=\"text-editor.default\">\n\t\t\t\t<div class=\"elementor-widget-container\">\n\t\t\t\t\t\t\t\t\t<p><span style=\"font-weight: 400;\">No. La parola <\/span><i><span style=\"font-weight: 400;\">\u00abchai\u00bb <\/span><\/i><span style=\"font-weight: 400;\">significa semplicemente \u00abt\u00e8\u00bb in hindi e in altre lingue della regione. Quello che in Occidente viene solitamente chiamato \u00abchai\u00bb \u00e8, pi\u00f9 precisamente, <\/span><b>\u00abmasala chai<\/b><span style=\"font-weight: 400;\">\u00bb, ovvero t\u00e8 con una miscela di spezie. Tuttavia, non esiste una ricetta unica. Pu\u00f2 essere preparato con altri tipi di t\u00e8 e persino commercializzato come miscela di spezie senza Camellia sinensis. <\/span><\/p>\t\t\t\t\t\t\t\t<\/div>\n\t\t\t\t<\/div>\n\t\t\t\t<div class=\"elementor-element elementor-element-7716419 elementor-widget elementor-widget-heading\" data-id=\"7716419\" data-element_type=\"widget\" data-e-type=\"widget\" data-widget_type=\"heading.default\">\n\t\t\t\t<div class=\"elementor-widget-container\">\n\t\t\t\t\t<h2 class=\"elementor-heading-title elementor-size-default\">Si pu\u00f2 bere il t\u00e8 nero durante la gravidanza?<\/h2>\t\t\t\t<\/div>\n\t\t\t\t<\/div>\n\t\t<div class=\"elementor-element elementor-element-5297c94 e-flex e-con-boxed e-con e-child\" data-id=\"5297c94\" data-element_type=\"container\" data-e-type=\"container\" data-settings=\"{&quot;background_background&quot;:&quot;classic&quot;}\">\n\t\t\t\t\t<div class=\"e-con-inner\">\n\t\t\t\t<div class=\"elementor-element elementor-element-636eaaf elementor-widget__width-initial elementor-widget-mobile__width-inherit elementor-view-default elementor-widget elementor-widget-icon\" data-id=\"636eaaf\" data-element_type=\"widget\" data-e-type=\"widget\" data-widget_type=\"icon.default\">\n\t\t\t\t<div class=\"elementor-widget-container\">\n\t\t\t\t\t\t\t<div class=\"elementor-icon-wrapper\">\n\t\t\t<div class=\"elementor-icon\">\n\t\t\t<svg xmlns=\"http:\/\/www.w3.org\/2000\/svg\" id=\"Layer_2\" data-name=\"Layer 2\" viewBox=\"0 0 192 192\"><defs><style> .cls-1 { fill: none; } .cls-2 { fill: #1d1d1b; } <\/style><\/defs><g id=\"medida\"><g><rect class=\"cls-1\" width=\"192\" height=\"192\"><\/rect><g><path class=\"cls-2\" d=\"M50.98,81.76h-15.81c-1.93,0-3.5,1.57-3.5,3.5s1.57,3.5,3.5,3.5h15.81c1.93,0,3.5-1.57,3.5-3.5s-1.57-3.5-3.5-3.5Z\"><\/path><path class=\"cls-2\" d=\"M64.9,53.79c1.37-1.37,1.37-3.58,0-4.95l-10.12-10.12c-1.37-1.37-3.58-1.37-4.95,0-1.37,1.37-1.37,3.58,0,4.95l10.12,10.12c.68,.68,1.58,1.03,2.47,1.03s1.79-.34,2.47-1.03Z\"><\/path><path class=\"cls-2\" d=\"M145.27,38.72c-1.37-1.37-3.58-1.37-4.95,0l-10.12,10.12c-1.37,1.37-1.37,3.58,0,4.95,.68,.68,1.58,1.03,2.47,1.03s1.79-.34,2.47-1.03l10.12-10.12c1.37-1.37,1.37-3.58,0-4.95Z\"><\/path><path class=\"cls-2\" d=\"M97.75,42c1.93,0,3.5-1.57,3.5-3.5v-14.15c0-1.93-1.57-3.5-3.5-3.5s-3.5,1.57-3.5,3.5v14.15c0,1.93,1.57,3.5,3.5,3.5Z\"><\/path><path class=\"cls-2\" d=\"M156.83,81.76h-14.03c-1.93,0-3.5,1.57-3.5,3.5s1.57,3.5,3.5,3.5h14.03c1.93,0,3.5-1.57,3.5-3.5s-1.57-3.5-3.5-3.5Z\"><\/path><path class=\"cls-2\" d=\"M97.75,48.42c-19.84,0-35.98,16.14-35.98,35.98,0,5.06,.99,9.78,3.03,14.44,.96,2.2,2.35,4.65,3.82,7.25,2.14,3.78,4.57,8.07,5.66,11.69,5.01,16.67,2.59,32.29,2.56,32.45l-.05,.56c0,11.22,9.13,20.36,20.36,20.36s20.36-9.13,20.36-20.36l-.04-.56c-.01-.09-.83-5.44-.21-13.48,.08-.29,.13-.58,.13-.89,0-.1-.02-.19-.03-.29,.48-5.16,1.55-11.3,3.76-17.81,1.37-4.04,4.12-8.95,6.55-13.28,1.09-1.95,2.12-3.79,2.96-5.44,2.75-5.36,3.12-10.41,3.12-14.64,0-19.84-16.14-35.98-35.98-35.98Zm12.3,90.94c-.16,4.07,0,7.32,.19,9.41h-26.18c.21-2.1,.44-5.36,.39-9.41h25.6Zm-12.91,24.79c-5.6,0-10.4-3.48-12.38-8.38h24.76c-1.98,4.9-6.78,8.38-12.38,8.38Zm27.24-68.3c-.79,1.54-1.79,3.32-2.84,5.21-2.57,4.6-5.49,9.8-7.07,14.45-2.06,6.07-3.23,11.82-3.85,16.86h-9.68c.34-.54,.54-1.17,.54-1.86v-19.97c5.79-1.55,10.07-6.82,10.07-13.1,0-1.93-1.57-3.5-3.5-3.5s-3.5,1.57-3.5,3.5c0,3.62-2.95,6.57-6.57,6.57s-6.57-2.95-6.57-6.57c0-1.93-1.57-3.5-3.5-3.5s-3.5,1.57-3.5,3.5c0,6.27,4.28,11.55,10.07,13.1v19.97c0,.68,.2,1.32,.54,1.86h-10.93c-.44-5.05-1.37-10.74-3.14-16.6-1.31-4.37-3.95-9.02-6.27-13.12-1.38-2.44-2.68-4.74-3.5-6.6-1.64-3.76-2.44-7.56-2.44-11.64,0-15.98,13-28.98,28.98-28.98s28.98,13,28.98,28.98c0,4.87-.68,8.19-2.35,11.45Z\"><\/path><\/g><\/g><\/g><\/svg>\t\t\t<\/div>\n\t\t<\/div>\n\t\t\t\t\t\t<\/div>\n\t\t\t\t<\/div>\n\t\t\t\t<div class=\"elementor-element elementor-element-6a8a8a5 elementor-widget__width-inherit elementor-widget elementor-widget-heading\" data-id=\"6a8a8a5\" data-element_type=\"widget\" data-e-type=\"widget\" data-widget_type=\"heading.default\">\n\t\t\t\t<div class=\"elementor-widget-container\">\n\t\t\t\t\t<span class=\"elementor-heading-title elementor-size-default\">Importante: durante la gravidanza \u00e8 necessario consultare sempre un medico o un operatore sanitario prima di consumare t\u00e8 nero o qualsiasi altro tipo di t\u00e8 o tisana, specialmente in presenza di patologie, anemia o dubbi sull\u2019assunzione di caffeina.<\/span>\t\t\t\t<\/div>\n\t\t\t\t<\/div>\n\t\t\t\t\t<\/div>\n\t\t\t\t<\/div>\n\t\t\t\t<div class=\"elementor-element elementor-element-12a9b39 elementor-widget elementor-widget-text-editor\" data-id=\"12a9b39\" data-element_type=\"widget\" data-e-type=\"widget\" data-widget_type=\"text-editor.default\">\n\t\t\t\t<div class=\"elementor-widget-container\">\n\t\t\t\t\t\t\t\t\t<p><span style=\"font-weight: 400;\">S\u00ec, ma \u00e8 necessario controllare l\u2019assunzione totale di caffeina nell\u2019arco della giornata. L\u2019EFSA indica che fino a<\/span><b> 200 mg al giorno di caffeina proveniente da tutte le fonti <\/b><span style=\"font-weight: 400;\">non rappresenta un rischio per il feto durante la gravidanza (EFSA, 2015:<\/span><a href=\"https:\/\/www.efsa.europa.eu\/en\/efsajournal\/pub\/4102\" target=\"_blank\" rel=\"noopener\"><span style=\"font-weight: 400;\"> https:\/\/www.efsa.europa.eu\/en\/efsajournal\/pub\/4102<\/span><\/a><span style=\"font-weight: 400;\">). Anche l\u2019American College of Obstetricians and Gynecologists raccomanda di non superare questa quantit\u00e0.<\/span><\/p><p><span style=\"font-weight: 400;\">La caffeina \u00e8 presente non solo nel t\u00e8 nero, ma anche nel caff\u00e8, nel cioccolato, nelle bevande a base di cola, nelle bevande energetiche e in alcuni farmaci, pertanto \u00e8 necessario sommare il consumo totale giornaliero. Una tazza di t\u00e8 nero pu\u00f2 apportare circa 30-60 mg di caffeina, a seconda del tipo e della preparazione.<\/span><\/p>\t\t\t\t\t\t\t\t<\/div>\n\t\t\t\t<\/div>\n\t\t\t\t<\/div>\n\t\t\t\t<\/div>\n\t\t","protected":false},"excerpt":{"rendered":"<p>Una selezione di domande frequenti che unisce conoscenze tecniche, consigli per il consumo e risposte basate sulle prove scientifiche disponibili.<\/p>\n","protected":false},"author":11,"featured_media":61677,"comment_status":"open","ping_status":"open","sticky":false,"template":"","format":"standard","meta":{"_acf_changed":false,"footnotes":""},"categories":[182],"tags":[],"class_list":["post-61792","post","type-post","status-publish","format-standard","has-post-thumbnail","hentry","category-erbe-e-spezie"],"acf":[],"yoast_head":"<!-- This site is optimized with the Yoast SEO Premium plugin v28.3 (Yoast SEO v28.4) - https:\/\/yoast.com\/product\/yoast-seo-premium-wordpress\/ -->\n<title>22 domande frequenti sul t\u00e8 nero e le relative risposte | Alveus<\/title>\n<meta name=\"description\" content=\"Rispondiamo alle 22 domande pi\u00f9 frequenti sul t\u00e8 nero: cos\u2019\u00e8, produzione, preparazione, benefici e molto altro ancora.\" \/>\n<meta name=\"robots\" content=\"index, follow, max-snippet:-1, max-image-preview:large, max-video-preview:-1\" \/>\n<link rel=\"canonical\" href=\"https:\/\/www.alveus.eu\/it\/blog\/che-e-il-te-nero\/\" \/>\n<meta property=\"og:locale\" content=\"it_IT\" \/>\n<meta property=\"og:type\" content=\"article\" \/>\n<meta property=\"og:title\" content=\"Il t\u00e8 nero in 22 domande frequenti\" \/>\n<meta property=\"og:description\" content=\"Rispondiamo alle 22 domande pi\u00f9 frequenti sul t\u00e8 nero: cos\u2019\u00e8, produzione, preparazione, benefici e molto altro ancora.\" \/>\n<meta property=\"og:url\" content=\"https:\/\/www.alveus.eu\/it\/blog\/che-e-il-te-nero\/\" \/>\n<meta property=\"og:site_name\" content=\"Alveus\" \/>\n<meta property=\"article:publisher\" content=\"https:\/\/www.facebook.com\/alveusinternational\/\" \/>\n<meta property=\"article:published_time\" content=\"2026-09-02T06:44:59+00:00\" \/>\n<meta property=\"og:image\" content=\"https:\/\/www.alveus.eu\/wp-content\/uploads\/134_a.jpg\" \/>\n\t<meta property=\"og:image:width\" content=\"900\" \/>\n\t<meta property=\"og:image:height\" content=\"600\" \/>\n\t<meta property=\"og:image:type\" content=\"image\/jpeg\" \/>\n<meta name=\"author\" content=\"Alveus Blog Team\" \/>\n<meta name=\"twitter:card\" content=\"summary_large_image\" \/>\n<meta name=\"twitter:label1\" content=\"Scritto da\" \/>\n\t<meta name=\"twitter:data1\" content=\"Alveus Blog Team\" \/>\n\t<meta name=\"twitter:label2\" content=\"Tempo di lettura stimato\" \/>\n\t<meta name=\"twitter:data2\" content=\"14 minuti\" \/>\n<script type=\"application\/ld+json\" class=\"yoast-schema-graph\">{\"@context\":\"https:\\\/\\\/schema.org\",\"@graph\":[{\"@type\":\"Article\",\"@id\":\"https:\\\/\\\/www.alveus.eu\\\/it\\\/blog\\\/che-e-il-te-nero\\\/#article\",\"isPartOf\":{\"@id\":\"https:\\\/\\\/www.alveus.eu\\\/it\\\/blog\\\/che-e-il-te-nero\\\/\"},\"author\":{\"name\":\"Alveus Blog Team\",\"@id\":\"https:\\\/\\\/www.alveus.eu\\\/it#\\\/schema\\\/person\\\/6864b22051c6c128b3c72edaeac35855\"},\"headline\":\"Il t\u00e8 nero in 22 domande frequenti\",\"datePublished\":\"2026-09-02T06:44:59+00:00\",\"mainEntityOfPage\":{\"@id\":\"https:\\\/\\\/www.alveus.eu\\\/it\\\/blog\\\/che-e-il-te-nero\\\/\"},\"wordCount\":2825,\"commentCount\":0,\"publisher\":{\"@id\":\"https:\\\/\\\/www.alveus.eu\\\/it#organization\"},\"image\":{\"@id\":\"https:\\\/\\\/www.alveus.eu\\\/it\\\/blog\\\/che-e-il-te-nero\\\/#primaryimage\"},\"thumbnailUrl\":\"https:\\\/\\\/www.alveus.eu\\\/wp-content\\\/uploads\\\/134_a.jpg\",\"articleSection\":[\"Erbe e Spezie\"],\"inLanguage\":\"it-IT\",\"potentialAction\":[{\"@type\":\"CommentAction\",\"name\":\"Comment\",\"target\":[\"https:\\\/\\\/www.alveus.eu\\\/it\\\/blog\\\/che-e-il-te-nero\\\/#respond\"]}]},{\"@type\":\"WebPage\",\"@id\":\"https:\\\/\\\/www.alveus.eu\\\/it\\\/blog\\\/che-e-il-te-nero\\\/\",\"url\":\"https:\\\/\\\/www.alveus.eu\\\/it\\\/blog\\\/che-e-il-te-nero\\\/\",\"name\":\"22 domande frequenti sul t\u00e8 nero e le relative risposte | Alveus\",\"isPartOf\":{\"@id\":\"https:\\\/\\\/www.alveus.eu\\\/it#website\"},\"primaryImageOfPage\":{\"@id\":\"https:\\\/\\\/www.alveus.eu\\\/it\\\/blog\\\/che-e-il-te-nero\\\/#primaryimage\"},\"image\":{\"@id\":\"https:\\\/\\\/www.alveus.eu\\\/it\\\/blog\\\/che-e-il-te-nero\\\/#primaryimage\"},\"thumbnailUrl\":\"https:\\\/\\\/www.alveus.eu\\\/wp-content\\\/uploads\\\/134_a.jpg\",\"datePublished\":\"2026-09-02T06:44:59+00:00\",\"description\":\"Rispondiamo alle 22 domande pi\u00f9 frequenti sul t\u00e8 nero: cos\u2019\u00e8, produzione, preparazione, benefici e molto altro ancora.\",\"breadcrumb\":{\"@id\":\"https:\\\/\\\/www.alveus.eu\\\/it\\\/blog\\\/che-e-il-te-nero\\\/#breadcrumb\"},\"inLanguage\":\"it-IT\",\"potentialAction\":[{\"@type\":\"ReadAction\",\"target\":[\"https:\\\/\\\/www.alveus.eu\\\/it\\\/blog\\\/che-e-il-te-nero\\\/\"]}]},{\"@type\":\"ImageObject\",\"inLanguage\":\"it-IT\",\"@id\":\"https:\\\/\\\/www.alveus.eu\\\/it\\\/blog\\\/che-e-il-te-nero\\\/#primaryimage\",\"url\":\"https:\\\/\\\/www.alveus.eu\\\/wp-content\\\/uploads\\\/134_a.jpg\",\"contentUrl\":\"https:\\\/\\\/www.alveus.eu\\\/wp-content\\\/uploads\\\/134_a.jpg\",\"width\":900,\"height\":600,\"caption\":\"T\u00e8 nero in foglie e in infusione\"},{\"@type\":\"BreadcrumbList\",\"@id\":\"https:\\\/\\\/www.alveus.eu\\\/it\\\/blog\\\/che-e-il-te-nero\\\/#breadcrumb\",\"itemListElement\":[{\"@type\":\"ListItem\",\"position\":1,\"name\":\"Home\",\"item\":\"https:\\\/\\\/www.alveus.eu\\\/it\"},{\"@type\":\"ListItem\",\"position\":2,\"name\":\"Erbe e Spezie\",\"item\":\"https:\\\/\\\/www.alveus.eu\\\/it\\\/blog\\\/category\\\/erbe-e-spezie\\\/\"},{\"@type\":\"ListItem\",\"position\":3,\"name\":\"Il t\u00e8 nero in 22 domande frequenti\"}]},{\"@type\":\"WebSite\",\"@id\":\"https:\\\/\\\/www.alveus.eu\\\/it#website\",\"url\":\"https:\\\/\\\/www.alveus.eu\\\/it\",\"name\":\"Alveus\",\"description\":\"\",\"publisher\":{\"@id\":\"https:\\\/\\\/www.alveus.eu\\\/it#organization\"},\"potentialAction\":[{\"@type\":\"SearchAction\",\"target\":{\"@type\":\"EntryPoint\",\"urlTemplate\":\"https:\\\/\\\/www.alveus.eu\\\/it?s={search_term_string}\"},\"query-input\":{\"@type\":\"PropertyValueSpecification\",\"valueRequired\":true,\"valueName\":\"search_term_string\"}}],\"inLanguage\":\"it-IT\"},{\"@type\":\"Organization\",\"@id\":\"https:\\\/\\\/www.alveus.eu\\\/it#organization\",\"name\":\"Alveus\",\"alternateName\":\"Alveus Premium Teas\",\"url\":\"https:\\\/\\\/www.alveus.eu\\\/it\",\"logo\":{\"@type\":\"ImageObject\",\"inLanguage\":\"it-IT\",\"@id\":\"https:\\\/\\\/www.alveus.eu\\\/it#\\\/schema\\\/logo\\\/image\\\/\",\"url\":\"https:\\\/\\\/www.alveus.eu\\\/wp-content\\\/uploads\\\/2023\\\/07\\\/alveus-logo-primary.png\",\"contentUrl\":\"https:\\\/\\\/www.alveus.eu\\\/wp-content\\\/uploads\\\/2023\\\/07\\\/alveus-logo-primary.png\",\"width\":248,\"height\":248,\"caption\":\"Alveus\"},\"image\":{\"@id\":\"https:\\\/\\\/www.alveus.eu\\\/it#\\\/schema\\\/logo\\\/image\\\/\"},\"sameAs\":[\"https:\\\/\\\/www.facebook.com\\\/alveusinternational\\\/\",\"https:\\\/\\\/www.instagram.com\\\/alveustea\\\/\",\"https:\\\/\\\/de.linkedin.com\\\/company\\\/alveustea\"]},{\"@type\":\"Person\",\"@id\":\"https:\\\/\\\/www.alveus.eu\\\/it#\\\/schema\\\/person\\\/6864b22051c6c128b3c72edaeac35855\",\"name\":\"Alveus Blog Team\",\"image\":{\"@type\":\"ImageObject\",\"inLanguage\":\"it-IT\",\"@id\":\"https:\\\/\\\/secure.gravatar.com\\\/avatar\\\/f951c832a9809c8d01d2ce4fa8bb10716ac4997c3cf93244fa19413f7d28b08e?s=96&d=mm&r=g\",\"url\":\"https:\\\/\\\/secure.gravatar.com\\\/avatar\\\/f951c832a9809c8d01d2ce4fa8bb10716ac4997c3cf93244fa19413f7d28b08e?s=96&d=mm&r=g\",\"contentUrl\":\"https:\\\/\\\/secure.gravatar.com\\\/avatar\\\/f951c832a9809c8d01d2ce4fa8bb10716ac4997c3cf93244fa19413f7d28b08e?s=96&d=mm&r=g\",\"caption\":\"Alveus Blog Team\"},\"description\":\"Editorial team formed by tea professionals from different countries. We are driven by our passion for tea and the dissemination of its culture.\",\"sameAs\":[\"https:\\\/\\\/www.alveus.eu\\\/\"]}]}<\/script>\n<!-- \/ Yoast SEO Premium plugin. -->","yoast_head_json":{"title":"22 domande frequenti sul t\u00e8 nero e le relative risposte | Alveus","description":"Rispondiamo alle 22 domande pi\u00f9 frequenti sul t\u00e8 nero: cos\u2019\u00e8, produzione, preparazione, benefici e molto altro ancora.","robots":{"index":"index","follow":"follow","max-snippet":"max-snippet:-1","max-image-preview":"max-image-preview:large","max-video-preview":"max-video-preview:-1"},"canonical":"https:\/\/www.alveus.eu\/it\/blog\/che-e-il-te-nero\/","og_locale":"it_IT","og_type":"article","og_title":"Il t\u00e8 nero in 22 domande frequenti","og_description":"Rispondiamo alle 22 domande pi\u00f9 frequenti sul t\u00e8 nero: cos\u2019\u00e8, produzione, preparazione, benefici e molto altro ancora.","og_url":"https:\/\/www.alveus.eu\/it\/blog\/che-e-il-te-nero\/","og_site_name":"Alveus","article_publisher":"https:\/\/www.facebook.com\/alveusinternational\/","article_published_time":"2026-09-02T06:44:59+00:00","og_image":[{"width":900,"height":600,"url":"https:\/\/www.alveus.eu\/wp-content\/uploads\/134_a.jpg","type":"image\/jpeg"}],"author":"Alveus Blog Team","twitter_card":"summary_large_image","twitter_misc":{"Scritto da":"Alveus Blog Team","Tempo di lettura stimato":"14 minuti"},"schema":{"@context":"https:\/\/schema.org","@graph":[{"@type":"Article","@id":"https:\/\/www.alveus.eu\/it\/blog\/che-e-il-te-nero\/#article","isPartOf":{"@id":"https:\/\/www.alveus.eu\/it\/blog\/che-e-il-te-nero\/"},"author":{"name":"Alveus Blog Team","@id":"https:\/\/www.alveus.eu\/it#\/schema\/person\/6864b22051c6c128b3c72edaeac35855"},"headline":"Il t\u00e8 nero in 22 domande frequenti","datePublished":"2026-09-02T06:44:59+00:00","mainEntityOfPage":{"@id":"https:\/\/www.alveus.eu\/it\/blog\/che-e-il-te-nero\/"},"wordCount":2825,"commentCount":0,"publisher":{"@id":"https:\/\/www.alveus.eu\/it#organization"},"image":{"@id":"https:\/\/www.alveus.eu\/it\/blog\/che-e-il-te-nero\/#primaryimage"},"thumbnailUrl":"https:\/\/www.alveus.eu\/wp-content\/uploads\/134_a.jpg","articleSection":["Erbe e Spezie"],"inLanguage":"it-IT","potentialAction":[{"@type":"CommentAction","name":"Comment","target":["https:\/\/www.alveus.eu\/it\/blog\/che-e-il-te-nero\/#respond"]}]},{"@type":"WebPage","@id":"https:\/\/www.alveus.eu\/it\/blog\/che-e-il-te-nero\/","url":"https:\/\/www.alveus.eu\/it\/blog\/che-e-il-te-nero\/","name":"22 domande frequenti sul t\u00e8 nero e le relative risposte | Alveus","isPartOf":{"@id":"https:\/\/www.alveus.eu\/it#website"},"primaryImageOfPage":{"@id":"https:\/\/www.alveus.eu\/it\/blog\/che-e-il-te-nero\/#primaryimage"},"image":{"@id":"https:\/\/www.alveus.eu\/it\/blog\/che-e-il-te-nero\/#primaryimage"},"thumbnailUrl":"https:\/\/www.alveus.eu\/wp-content\/uploads\/134_a.jpg","datePublished":"2026-09-02T06:44:59+00:00","description":"Rispondiamo alle 22 domande pi\u00f9 frequenti sul t\u00e8 nero: cos\u2019\u00e8, produzione, preparazione, benefici e molto altro ancora.","breadcrumb":{"@id":"https:\/\/www.alveus.eu\/it\/blog\/che-e-il-te-nero\/#breadcrumb"},"inLanguage":"it-IT","potentialAction":[{"@type":"ReadAction","target":["https:\/\/www.alveus.eu\/it\/blog\/che-e-il-te-nero\/"]}]},{"@type":"ImageObject","inLanguage":"it-IT","@id":"https:\/\/www.alveus.eu\/it\/blog\/che-e-il-te-nero\/#primaryimage","url":"https:\/\/www.alveus.eu\/wp-content\/uploads\/134_a.jpg","contentUrl":"https:\/\/www.alveus.eu\/wp-content\/uploads\/134_a.jpg","width":900,"height":600,"caption":"T\u00e8 nero in foglie e in infusione"},{"@type":"BreadcrumbList","@id":"https:\/\/www.alveus.eu\/it\/blog\/che-e-il-te-nero\/#breadcrumb","itemListElement":[{"@type":"ListItem","position":1,"name":"Home","item":"https:\/\/www.alveus.eu\/it"},{"@type":"ListItem","position":2,"name":"Erbe e Spezie","item":"https:\/\/www.alveus.eu\/it\/blog\/category\/erbe-e-spezie\/"},{"@type":"ListItem","position":3,"name":"Il t\u00e8 nero in 22 domande frequenti"}]},{"@type":"WebSite","@id":"https:\/\/www.alveus.eu\/it#website","url":"https:\/\/www.alveus.eu\/it","name":"Alveus","description":"","publisher":{"@id":"https:\/\/www.alveus.eu\/it#organization"},"potentialAction":[{"@type":"SearchAction","target":{"@type":"EntryPoint","urlTemplate":"https:\/\/www.alveus.eu\/it?s={search_term_string}"},"query-input":{"@type":"PropertyValueSpecification","valueRequired":true,"valueName":"search_term_string"}}],"inLanguage":"it-IT"},{"@type":"Organization","@id":"https:\/\/www.alveus.eu\/it#organization","name":"Alveus","alternateName":"Alveus Premium Teas","url":"https:\/\/www.alveus.eu\/it","logo":{"@type":"ImageObject","inLanguage":"it-IT","@id":"https:\/\/www.alveus.eu\/it#\/schema\/logo\/image\/","url":"https:\/\/www.alveus.eu\/wp-content\/uploads\/2023\/07\/alveus-logo-primary.png","contentUrl":"https:\/\/www.alveus.eu\/wp-content\/uploads\/2023\/07\/alveus-logo-primary.png","width":248,"height":248,"caption":"Alveus"},"image":{"@id":"https:\/\/www.alveus.eu\/it#\/schema\/logo\/image\/"},"sameAs":["https:\/\/www.facebook.com\/alveusinternational\/","https:\/\/www.instagram.com\/alveustea\/","https:\/\/de.linkedin.com\/company\/alveustea"]},{"@type":"Person","@id":"https:\/\/www.alveus.eu\/it#\/schema\/person\/6864b22051c6c128b3c72edaeac35855","name":"Alveus Blog Team","image":{"@type":"ImageObject","inLanguage":"it-IT","@id":"https:\/\/secure.gravatar.com\/avatar\/f951c832a9809c8d01d2ce4fa8bb10716ac4997c3cf93244fa19413f7d28b08e?s=96&d=mm&r=g","url":"https:\/\/secure.gravatar.com\/avatar\/f951c832a9809c8d01d2ce4fa8bb10716ac4997c3cf93244fa19413f7d28b08e?s=96&d=mm&r=g","contentUrl":"https:\/\/secure.gravatar.com\/avatar\/f951c832a9809c8d01d2ce4fa8bb10716ac4997c3cf93244fa19413f7d28b08e?s=96&d=mm&r=g","caption":"Alveus Blog Team"},"description":"Editorial team formed by tea professionals from different countries. We are driven by our passion for tea and the dissemination of its culture.","sameAs":["https:\/\/www.alveus.eu\/"]}]}},"_links":{"self":[{"href":"https:\/\/www.alveus.eu\/it\/wp-json\/wp\/v2\/posts\/61792","targetHints":{"allow":["GET"]}}],"collection":[{"href":"https:\/\/www.alveus.eu\/it\/wp-json\/wp\/v2\/posts"}],"about":[{"href":"https:\/\/www.alveus.eu\/it\/wp-json\/wp\/v2\/types\/post"}],"author":[{"embeddable":true,"href":"https:\/\/www.alveus.eu\/it\/wp-json\/wp\/v2\/users\/11"}],"replies":[{"embeddable":true,"href":"https:\/\/www.alveus.eu\/it\/wp-json\/wp\/v2\/comments?post=61792"}],"version-history":[{"count":4,"href":"https:\/\/www.alveus.eu\/it\/wp-json\/wp\/v2\/posts\/61792\/revisions"}],"predecessor-version":[{"id":61992,"href":"https:\/\/www.alveus.eu\/it\/wp-json\/wp\/v2\/posts\/61792\/revisions\/61992"}],"wp:featuredmedia":[{"embeddable":true,"href":"https:\/\/www.alveus.eu\/it\/wp-json\/wp\/v2\/media\/61677"}],"wp:attachment":[{"href":"https:\/\/www.alveus.eu\/it\/wp-json\/wp\/v2\/media?parent=61792"}],"wp:term":[{"taxonomy":"category","embeddable":true,"href":"https:\/\/www.alveus.eu\/it\/wp-json\/wp\/v2\/categories?post=61792"},{"taxonomy":"post_tag","embeddable":true,"href":"https:\/\/www.alveus.eu\/it\/wp-json\/wp\/v2\/tags?post=61792"}],"curies":[{"name":"wp","href":"https:\/\/api.w.org\/{rel}","templated":true}]}}